{"id":112478,"date":"2025-10-08T16:25:00","date_gmt":"2025-10-08T19:25:00","guid":{"rendered":"https:\/\/www.em.com.br\/emfoco\/?p=112478"},"modified":"2025-10-07T14:37:14","modified_gmt":"2025-10-07T17:37:14","slug":"essas-plantas-brasileiras-tem-poder-medicinal-e-estao-voltando-com-tudo","status":"publish","type":"post","link":"https:\/\/www.em.com.br\/emfoco\/2025\/10\/08\/essas-plantas-brasileiras-tem-poder-medicinal-e-estao-voltando-com-tudo\/","title":{"rendered":"Essas plantas brasileiras t\u00eam poder medicinal e est\u00e3o voltando com tudo"},"content":{"rendered":"\n<p>Transformar o quintal em um <strong>jardim que cura<\/strong> \u00e9 poss\u00edvel ao cultivar esp\u00e9cies nativas com propriedades medicinais. Al\u00e9m de promover bem-estar, essas plantas fortalecem a economia local e preservam a biodiversidade.<\/p>\n\n\n\n<ul class=\"wp-block-list\">\n<li>Plantas nativas oferecem benef\u00edcios medicinais reconhecidos<\/li>\n\n\n\n<li>O cultivo fortalece a economia e valoriza tradi\u00e7\u00f5es<\/li>\n\n\n\n<li>A biodiversidade ganha com jardins mais sustent\u00e1veis<\/li>\n<\/ul>\n\n\n\n<h2 class=\"wp-block-heading\">Por que escolher plantas nativas para um jardim medicinal?<\/h2>\n\n\n\n<p>Plantas nativas se adaptam melhor ao solo e ao clima da regi\u00e3o, exigindo menos recursos como \u00e1gua e adubos. Isso torna o <a href=\"https:\/\/casacor.abril.com.br\/pt-BR\/noticias\/paisagismo\/paisagismo-sustentavel-cria-jardins-mais-conscientes\" target=\"_blank\" rel=\"noreferrer noopener\">jardim mais sustent\u00e1vel<\/a> e reduz custos de manuten\u00e7\u00e3o.<\/p>\n\n\n\n<p><strong>Escolher esp\u00e9cies nativas garante equil\u00edbrio ecol\u00f3gico<\/strong>, j\u00e1 que essas plantas convivem em harmonia com insetos polinizadores e outros elementos locais, fortalecendo a biodiversidade.<\/p>\n\n\n\n<figure class=\"wp-block-image size-large\"><img loading=\"lazy\" decoding=\"async\" width=\"1024\" height=\"576\" src=\"https:\/\/www.em.com.br\/emfoco\/wp-content\/uploads\/2025\/10\/Plantas-medicinais_1759858345179-1024x576.jpg\" alt=\"Essas plantas brasileiras t\u00eam poder medicinal e est\u00e3o voltando com tudo\" class=\"wp-image-112490\" srcset=\"https:\/\/www.em.com.br\/emfoco\/wp-content\/uploads\/2025\/10\/Plantas-medicinais_1759858345179-1024x576.jpg 1024w, https:\/\/www.em.com.br\/emfoco\/wp-content\/uploads\/2025\/10\/Plantas-medicinais_1759858345179-300x169.jpg 300w, https:\/\/www.em.com.br\/emfoco\/wp-content\/uploads\/2025\/10\/Plantas-medicinais_1759858345179-768x432.jpg 768w, https:\/\/www.em.com.br\/emfoco\/wp-content\/uploads\/2025\/10\/Plantas-medicinais_1759858345179-750x422.jpg 750w, https:\/\/www.em.com.br\/emfoco\/wp-content\/uploads\/2025\/10\/Plantas-medicinais_1759858345179-1140x641.jpg 1140w, https:\/\/www.em.com.br\/emfoco\/wp-content\/uploads\/2025\/10\/Plantas-medicinais_1759858345179.jpg 1280w\" sizes=\"auto, (max-width: 1024px) 100vw, 1024px\" \/><figcaption class=\"wp-element-caption\">Reduz custos e torna o jardim mais sustent\u00e1vel e equilibrado &#8211; Cr\u00e9ditos: depositphotos.com \/ Botamochy<\/figcaption><\/figure>\n\n\n\n<h2 class=\"wp-block-heading\">Quais esp\u00e9cies nativas medicinais podem ser usadas no jardim?<\/h2>\n\n\n\n<p>V\u00e1rias plantas brasileiras t\u00eam usos reconhecidos na medicina popular e cient\u00edfica. Al\u00e9m de acess\u00edveis, elas podem ser cultivadas de forma simples no jardim dom\u00e9stico.<\/p>\n\n\n\n<ul class=\"wp-block-list\">\n<li>Arnica brasileira: aplicada em contus\u00f5es e dores musculares<\/li>\n\n\n\n<li>Guaco: tradicional no al\u00edvio de tosses e problemas respirat\u00f3rios<\/li>\n\n\n\n<li>Boldo-do-chile: usado para desconfortos digestivos<\/li>\n\n\n\n<li>Erva-baleeira: conhecida por a\u00e7\u00e3o anti-inflamat\u00f3ria<\/li>\n<\/ul>\n\n\n\n<h2 class=\"wp-block-heading\">Como adaptar essas plantas nativas ao jardim de casa?<\/h2>\n\n\n\n<p>O cultivo exige apenas observar o ambiente certo para cada esp\u00e9cie. Algumas preferem sol pleno, enquanto outras crescem melhor em \u00e1reas sombreadas, pr\u00f3ximas a \u00e1rvores ou muros.<\/p>\n\n\n\n<p><strong>O segredo \u00e9 reproduzir o habitat natural da planta<\/strong>, garantindo que ela tenha as mesmas condi\u00e7\u00f5es que encontraria em seu ecossistema de origem, o que facilita o crescimento saud\u00e1vel.<\/p>\n\n\n\n<figure class=\"wp-block-image size-large\"><img loading=\"lazy\" decoding=\"async\" width=\"1024\" height=\"576\" src=\"https:\/\/www.em.com.br\/emfoco\/wp-content\/uploads\/2025\/10\/jardinagem-em-casa_1759858391589-1024x576.jpg\" alt=\"Essas plantas brasileiras t\u00eam poder medicinal e est\u00e3o voltando com tudo\" class=\"wp-image-112491\" srcset=\"https:\/\/www.em.com.br\/emfoco\/wp-content\/uploads\/2025\/10\/jardinagem-em-casa_1759858391589-1024x576.jpg 1024w, https:\/\/www.em.com.br\/emfoco\/wp-content\/uploads\/2025\/10\/jardinagem-em-casa_1759858391589-300x169.jpg 300w, https:\/\/www.em.com.br\/emfoco\/wp-content\/uploads\/2025\/10\/jardinagem-em-casa_1759858391589-768x432.jpg 768w, https:\/\/www.em.com.br\/emfoco\/wp-content\/uploads\/2025\/10\/jardinagem-em-casa_1759858391589-750x422.jpg 750w, https:\/\/www.em.com.br\/emfoco\/wp-content\/uploads\/2025\/10\/jardinagem-em-casa_1759858391589-1140x641.jpg 1140w, https:\/\/www.em.com.br\/emfoco\/wp-content\/uploads\/2025\/10\/jardinagem-em-casa_1759858391589.jpg 1280w\" sizes=\"auto, (max-width: 1024px) 100vw, 1024px\" \/><figcaption class=\"wp-element-caption\">Fortalece a biodiversidade e o equil\u00edbrio do ecossistema local &#8211; Cr\u00e9ditos: depositphotos.com \/ IgorVetushko<\/figcaption><\/figure>\n\n\n\n<p><em>Leia mais: <a href=\"https:\/\/www.em.com.br\/emfoco\/2025\/10\/03\/as-tres-flores-para-plantar-em-outubro-que-sao-ideais-para-iniciantes\/\" target=\"_blank\" rel=\"noreferrer noopener\">As tr\u00eas flores para plantar em outubro que s\u00e3o ideais para iniciantes<\/a><\/em><\/p>\n\n\n\n<h2 class=\"wp-block-heading\">Qual a rela\u00e7\u00e3o entre cultivo de nativas e preserva\u00e7\u00e3o ambiental?<\/h2>\n\n\n\n<p>Ao cultivar esp\u00e9cies regionais, o morador contribui para a conserva\u00e7\u00e3o gen\u00e9tica de plantas que podem estar amea\u00e7adas pela urbaniza\u00e7\u00e3o e uso inadequado do solo.<\/p>\n\n\n\n<p><strong>O jardim medicinal se torna um espa\u00e7o de resist\u00eancia ecol\u00f3gica<\/strong>, ajudando a manter a diversidade da flora local e reduzindo a depend\u00eancia de esp\u00e9cies ex\u00f3ticas que muitas vezes prejudicam o equil\u00edbrio ambiental.<\/p>\n\n\n\n<h2 class=\"wp-block-heading\">Quais pr\u00e1ticas simples aumentam os benef\u00edcios do jardim que cura?<\/h2>\n\n\n\n<p>Pequenas a\u00e7\u00f5es no manejo do jardim ampliam os efeitos positivos das plantas nativas. S\u00e3o passos acess\u00edveis que unem sa\u00fade, sustentabilidade e valoriza\u00e7\u00e3o cultural.<\/p>\n\n\n\n<ul class=\"wp-block-list\">\n<li>Organize canteiros tem\u00e1ticos para facilitar o uso medicinal<\/li>\n\n\n\n<li>Compartilhe mudas com vizinhos para fortalecer a economia local<\/li>\n\n\n\n<li>Mantenha o solo rico em mat\u00e9ria org\u00e2nica para estimular o crescimento<\/li>\n<\/ul>\n","protected":false},"excerpt":{"rendered":"<p>Transformar o quintal em um jardim que cura \u00e9 poss\u00edvel ao cultivar esp\u00e9cies nativas com propriedades medicinais. Al\u00e9m de promover bem-estar, essas plantas fortalecem a economia local e preservam a biodiversidade. Por que escolher plantas nativas para um jardim medicinal? Plantas nativas se adaptam melhor ao solo e ao clima da regi\u00e3o, exigindo menos recursos [&hellip;]<\/p>\n","protected":false},"author":13,"featured_media":112489,"comment_status":"open","ping_status":"open","sticky":false,"template":"","format":"standard","meta":{"jnews-multi-image_gallery":[],"jnews_single_post":{"format":"standard"},"jnews_primary_category":[],"jnews_social_meta":[],"jnews_override_counter":[],"footnotes":""},"categories":[8819],"tags":[3358,5508,13466],"class_list":["post-112478","post","type-post","status-publish","format-standard","has-post-thumbnail","hentry","category-curiosidades","tag-jardinagem","tag-plantas-medicinais","tag-plantas-nativas"],"yoast_head":"<!-- This site is optimized with the Yoast SEO plugin v23.8 - https:\/\/yoast.com\/wordpress\/plugins\/seo\/ -->\n<title>Essas plantas brasileiras t\u00eam poder medicinal e est\u00e3o voltando com tudo - Estado de Minas - Em foco<\/title>\n<meta name=\"description\" content=\"Transforme seu quintal com plantas nativas que curam e ainda ajudam o meio ambiente. Simples, sustent\u00e1vel e cheio de vida.\" \/>\n<meta name=\"robots\" content=\"index, follow, max-snippet:-1, max-image-preview:large, max-video-preview:-1\" \/>\n<link rel=\"canonical\" href=\"https:\/\/www.em.com.br\/emfoco\/2025\/10\/08\/essas-plantas-brasileiras-tem-poder-medicinal-e-estao-voltando-com-tudo\/\" \/>\n<meta property=\"og:locale\" content=\"pt_BR\" \/>\n<meta property=\"og:type\" content=\"article\" \/>\n<meta property=\"og:title\" content=\"Essas plantas brasileiras t\u00eam poder medicinal e est\u00e3o voltando com tudo - Estado de Minas - Em foco\" \/>\n<meta property=\"og:description\" content=\"Transforme seu quintal com plantas nativas que curam e ainda ajudam o meio ambiente. Simples, sustent\u00e1vel e cheio de vida.\" \/>\n<meta property=\"og:url\" content=\"https:\/\/www.em.com.br\/emfoco\/2025\/10\/08\/essas-plantas-brasileiras-tem-poder-medicinal-e-estao-voltando-com-tudo\/\" \/>\n<meta property=\"og:site_name\" content=\"Estado de Minas - Em foco\" \/>\n<meta property=\"article:published_time\" content=\"2025-10-08T19:25:00+00:00\" \/>\n<meta property=\"article:modified_time\" content=\"2025-10-07T17:37:14+00:00\" \/>\n<meta property=\"og:image\" content=\"https:\/\/www.em.com.br\/emfoco\/wp-content\/uploads\/2025\/10\/Plantas-medicinais_1759857986347.jpg\" \/>\n\t<meta property=\"og:image:width\" content=\"1280\" \/>\n\t<meta property=\"og:image:height\" content=\"720\" \/>\n\t<meta property=\"og:image:type\" content=\"image\/jpeg\" \/>\n<meta name=\"author\" content=\"Gabriel Martins\" \/>\n<meta name=\"twitter:card\" content=\"summary_large_image\" \/>\n<meta name=\"twitter:label1\" content=\"Escrito por\" \/>\n\t<meta name=\"twitter:data1\" content=\"Gabriel Martins\" \/>\n\t<meta name=\"twitter:label2\" content=\"Est. tempo de leitura\" \/>\n\t<meta name=\"twitter:data2\" content=\"3 minutos\" \/>\n<!-- \/ Yoast SEO plugin. -->","yoast_head_json":{"title":"Essas plantas brasileiras t\u00eam poder medicinal e est\u00e3o voltando com tudo - Estado de Minas - Em foco","description":"Transforme seu quintal com plantas nativas que curam e ainda ajudam o meio ambiente. Simples, sustent\u00e1vel e cheio de vida.","robots":{"index":"index","follow":"follow","max-snippet":"max-snippet:-1","max-image-preview":"max-image-preview:large","max-video-preview":"max-video-preview:-1"},"canonical":"https:\/\/www.em.com.br\/emfoco\/2025\/10\/08\/essas-plantas-brasileiras-tem-poder-medicinal-e-estao-voltando-com-tudo\/","og_locale":"pt_BR","og_type":"article","og_title":"Essas plantas brasileiras t\u00eam poder medicinal e est\u00e3o voltando com tudo - Estado de Minas - Em foco","og_description":"Transforme seu quintal com plantas nativas que curam e ainda ajudam o meio ambiente. Simples, sustent\u00e1vel e cheio de vida.","og_url":"https:\/\/www.em.com.br\/emfoco\/2025\/10\/08\/essas-plantas-brasileiras-tem-poder-medicinal-e-estao-voltando-com-tudo\/","og_site_name":"Estado de Minas - Em foco","article_published_time":"2025-10-08T19:25:00+00:00","article_modified_time":"2025-10-07T17:37:14+00:00","og_image":[{"width":1280,"height":720,"url":"https:\/\/www.em.com.br\/emfoco\/wp-content\/uploads\/2025\/10\/Plantas-medicinais_1759857986347.jpg","type":"image\/jpeg"}],"author":"Gabriel Martins","twitter_card":"summary_large_image","twitter_misc":{"Escrito por":"Gabriel Martins","Est. tempo de leitura":"3 minutos"},"schema":{"@context":"https:\/\/schema.org","@graph":[{"@type":"WebPage","@id":"https:\/\/www.em.com.br\/emfoco\/2025\/10\/08\/essas-plantas-brasileiras-tem-poder-medicinal-e-estao-voltando-com-tudo\/","url":"https:\/\/www.em.com.br\/emfoco\/2025\/10\/08\/essas-plantas-brasileiras-tem-poder-medicinal-e-estao-voltando-com-tudo\/","name":"Essas plantas brasileiras t\u00eam poder medicinal e est\u00e3o voltando com tudo - Estado de Minas - Em foco","isPartOf":{"@id":"https:\/\/www.em.com.br\/emfoco\/#website"},"primaryImageOfPage":{"@id":"https:\/\/www.em.com.br\/emfoco\/2025\/10\/08\/essas-plantas-brasileiras-tem-poder-medicinal-e-estao-voltando-com-tudo\/#primaryimage"},"image":{"@id":"https:\/\/www.em.com.br\/emfoco\/2025\/10\/08\/essas-plantas-brasileiras-tem-poder-medicinal-e-estao-voltando-com-tudo\/#primaryimage"},"thumbnailUrl":"https:\/\/www.em.com.br\/emfoco\/wp-content\/uploads\/2025\/10\/Plantas-medicinais_1759857986347.jpg","datePublished":"2025-10-08T19:25:00+00:00","dateModified":"2025-10-07T17:37:14+00:00","author":{"@id":"https:\/\/www.em.com.br\/emfoco\/#\/schema\/person\/1c9ddeab18b98abeffef834667bcf08a"},"description":"Transforme seu quintal com plantas nativas que curam e ainda ajudam o meio ambiente. Simples, sustent\u00e1vel e cheio de vida.","breadcrumb":{"@id":"https:\/\/www.em.com.br\/emfoco\/2025\/10\/08\/essas-plantas-brasileiras-tem-poder-medicinal-e-estao-voltando-com-tudo\/#breadcrumb"},"inLanguage":"pt-BR","potentialAction":[{"@type":"ReadAction","target":["https:\/\/www.em.com.br\/emfoco\/2025\/10\/08\/essas-plantas-brasileiras-tem-poder-medicinal-e-estao-voltando-com-tudo\/"]}]},{"@type":"ImageObject","inLanguage":"pt-BR","@id":"https:\/\/www.em.com.br\/emfoco\/2025\/10\/08\/essas-plantas-brasileiras-tem-poder-medicinal-e-estao-voltando-com-tudo\/#primaryimage","url":"https:\/\/www.em.com.br\/emfoco\/wp-content\/uploads\/2025\/10\/Plantas-medicinais_1759857986347.jpg","contentUrl":"https:\/\/www.em.com.br\/emfoco\/wp-content\/uploads\/2025\/10\/Plantas-medicinais_1759857986347.jpg","width":1280,"height":720,"caption":"Promove bem-estar e sa\u00fade com um toque de natureza em casa - Cr\u00e9ditos: depositphotos.com \/ rikohlan"},{"@type":"BreadcrumbList","@id":"https:\/\/www.em.com.br\/emfoco\/2025\/10\/08\/essas-plantas-brasileiras-tem-poder-medicinal-e-estao-voltando-com-tudo\/#breadcrumb","itemListElement":[{"@type":"ListItem","position":1,"name":"In\u00edcio","item":"https:\/\/www.em.com.br\/emfoco\/"},{"@type":"ListItem","position":2,"name":"Essas plantas brasileiras t\u00eam poder medicinal e est\u00e3o voltando com tudo"}]},{"@type":"WebSite","@id":"https:\/\/www.em.com.br\/emfoco\/#website","url":"https:\/\/www.em.com.br\/emfoco\/","name":"Estado de Minas - Em foco","description":"Acompanhe as \u00faltimas not\u00edcias e fique bem informado sobre tudo o que acontece em Minas Gerais, Brasil e no mundo.","potentialAction":[{"@type":"SearchAction","target":{"@type":"EntryPoint","urlTemplate":"https:\/\/www.em.com.br\/emfoco\/?s={search_term_string}"},"query-input":{"@type":"PropertyValueSpecification","valueRequired":true,"valueName":"search_term_string"}}],"inLanguage":"pt-BR"},{"@type":"Person","@id":"https:\/\/www.em.com.br\/emfoco\/#\/schema\/person\/1c9ddeab18b98abeffef834667bcf08a","name":"Gabriel Martins","image":{"@type":"ImageObject","inLanguage":"pt-BR","@id":"https:\/\/www.em.com.br\/emfoco\/#\/schema\/person\/image\/","url":"https:\/\/secure.gravatar.com\/avatar\/f0f1e2efdfd88f1ad2cb08c5c2731e50?s=96&d=mm&r=g","contentUrl":"https:\/\/secure.gravatar.com\/avatar\/f0f1e2efdfd88f1ad2cb08c5c2731e50?s=96&d=mm&r=g","caption":"Gabriel Martins"},"sameAs":["https:\/\/www.em.com.br\/emfoco\/"],"url":"https:\/\/www.em.com.br\/emfoco\/author\/gabrielmartinsmyth\/"}]}},"_links":{"self":[{"href":"https:\/\/www.em.com.br\/emfoco\/wp-json\/wp\/v2\/posts\/112478","targetHints":{"allow":["GET"]}}],"collection":[{"href":"https:\/\/www.em.com.br\/emfoco\/wp-json\/wp\/v2\/posts"}],"about":[{"href":"https:\/\/www.em.com.br\/emfoco\/wp-json\/wp\/v2\/types\/post"}],"author":[{"embeddable":true,"href":"https:\/\/www.em.com.br\/emfoco\/wp-json\/wp\/v2\/users\/13"}],"replies":[{"embeddable":true,"href":"https:\/\/www.em.com.br\/emfoco\/wp-json\/wp\/v2\/comments?post=112478"}],"version-history":[{"count":1,"href":"https:\/\/www.em.com.br\/emfoco\/wp-json\/wp\/v2\/posts\/112478\/revisions"}],"predecessor-version":[{"id":112492,"href":"https:\/\/www.em.com.br\/emfoco\/wp-json\/wp\/v2\/posts\/112478\/revisions\/112492"}],"wp:featuredmedia":[{"embeddable":true,"href":"https:\/\/www.em.com.br\/emfoco\/wp-json\/wp\/v2\/media\/112489"}],"wp:attachment":[{"href":"https:\/\/www.em.com.br\/emfoco\/wp-json\/wp\/v2\/media?parent=112478"}],"wp:term":[{"taxonomy":"category","embeddable":true,"href":"https:\/\/www.em.com.br\/emfoco\/wp-json\/wp\/v2\/categories?post=112478"},{"taxonomy":"post_tag","embeddable":true,"href":"https:\/\/www.em.com.br\/emfoco\/wp-json\/wp\/v2\/tags?post=112478"}],"curies":[{"name":"wp","href":"https:\/\/api.w.org\/{rel}","templated":true}]}}