{"id":112426,"date":"2025-10-08T15:55:00","date_gmt":"2025-10-08T18:55:00","guid":{"rendered":"https:\/\/www.em.com.br\/emfoco\/?p=112426"},"modified":"2025-10-07T11:53:05","modified_gmt":"2025-10-07T14:53:05","slug":"este-detalhe-de-decoracao-pode-encolher-seu-espaco-sem-voce-notar","status":"publish","type":"post","link":"https:\/\/www.em.com.br\/emfoco\/2025\/10\/08\/este-detalhe-de-decoracao-pode-encolher-seu-espaco-sem-voce-notar\/","title":{"rendered":"Este detalhe de decora\u00e7\u00e3o pode encolher seu espa\u00e7o sem voc\u00ea notar"},"content":{"rendered":"\n<p>Buscar o conforto e a beleza de um lar \u00e9 essencial, mas certos <strong>erros de decora\u00e7\u00e3o<\/strong> podem <strong>fazer sua casa parecer menor<\/strong> do que realmente \u00e9. Conhe\u00e7a os deslizes comuns e aprenda a evit\u00e1-los, baseando-se tamb\u00e9m em dicas de arquitetos renomados como <strong>Marina Linhares<\/strong> e institui\u00e7\u00f5es de design de interiores,&nbsp;que refor\u00e7am essas orienta\u00e7\u00f5es.<\/p>\n\n\n\n<ul class=\"wp-block-list\">\n<li>Escolher mobili\u00e1rio desproporcional.<\/li>\n\n\n\n<li>Negligenciar a ilumina\u00e7\u00e3o adequada.<\/li>\n\n\n\n<li>Ignorar as cores certas para espa\u00e7os.<\/li>\n<\/ul>\n\n\n\n<h2 class=\"wp-block-heading\">Como a escolha do mobili\u00e1rio afeta a percep\u00e7\u00e3o de espa\u00e7o?<\/h2>\n\n\n\n<p>Optar por <strong>mobili\u00e1rio desproporcional<\/strong> pode dar a impress\u00e3o de que o espa\u00e7o \u00e9 mais apertado. Prefira m\u00f3veis proporcionais \u00e0 \u00e1rea dispon\u00edvel, garantindo fluidez e circula\u00e7\u00e3o. De acordo com <strong>Marina Linhares<\/strong>, utilizar itens com p\u00e9s aparentes cria uma sensa\u00e7\u00e3o de leveza em ambientes compactos, solu\u00e7\u00e3o tamb\u00e9m muito utilizada em apartamentos em <strong>S\u00e3o Paulo<\/strong>.<\/p>\n\n\n\n<p><strong>Dica r\u00e1pida:<\/strong> M\u00f3veis multifuncionais podem otimizar espa\u00e7os pequenos sem sacrificar estilo ou funcionalidade.<\/p>\n\n\n\n<h2 class=\"wp-block-heading\">Por que a ilumina\u00e7\u00e3o adequada importa em ambientes pequenos?<\/h2>\n\n\n\n<p>Ilumina\u00e7\u00e3o insuficiente pode fazer qualquer espa\u00e7o parecer mais fechado. Aposte em diversas <strong>fontes de luz<\/strong> para criar profundidade e iluminar cantos antes obscurecidos. Consultores sugerem a combina\u00e7\u00e3o de luz direta e indireta para valorizar pontos de interesse no ambiente.<\/p>\n\n\n\n<p><em>Leia tamb\u00e9m: <a href=\"https:\/\/www.em.com.br\/emfoco\/2025\/10\/07\/o-que-voce-deve-fazer-com-seu-jardim-em-outubro-se-quiser-plantas-vigorosas-em-2026\/\" target=\"_blank\" rel=\"noreferrer noopener\">O que voc\u00ea deve fazer com seu jardim em outubro se quiser plantas vigorosas em 2026<\/a><\/em><\/p>\n\n\n\n<iframe loading=\"lazy\" src=\"https:\/\/assets.pinterest.com\/ext\/embed.html?id=830984568777228872\" height=\"714\" width=\"345\" frameborder=\"0\" scrolling=\"no\" ><\/iframe>\n\n\n\n<h2 class=\"wp-block-heading\">Qual \u00e9 o impacto das cores na percep\u00e7\u00e3o de espa\u00e7os?<\/h2>\n\n\n\n<p>Cores escuras e saturadas podem absorver luz e fazer qualquer c\u00f4modo parecer menor. <strong>Opte por tons claros<\/strong> e neutros para ampliar visualmente o ambiente. Cidades como <strong>Curitiba<\/strong> mostram tend\u00eancia na utiliza\u00e7\u00e3o de paletas suaves, seguindo exemplos internacionais observados em revistas de decora\u00e7\u00e3o dos <strong>Estados Unidos<\/strong>.<\/p>\n\n\n\n<p><strong>Aten\u00e7\u00e3o:<\/strong> Utilize toques de cor em acess\u00f3rios e detalhes para manter o espa\u00e7o interessante e din\u00e2mico.<\/p>\n\n\n\n<h2 class=\"wp-block-heading\">Por que o ac\u00famulo de itens prejudica a atmosfera?<\/h2>\n\n\n\n<p>Acumular objetos e decora\u00e7\u00e3o em excesso pode criar um ambiente desordenado, diminuindo a percep\u00e7\u00e3o de espa\u00e7o. Um design <strong>minimalista<\/strong> e bem planejado real\u00e7a a amplitude e facilita o dia a dia, tend\u00eancia refor\u00e7ada em exposi\u00e7\u00f5es da <strong>CASACOR<\/strong>.<\/p>\n\n\n\n<h2 class=\"wp-block-heading\">A disposi\u00e7\u00e3o dos m\u00f3veis pode influenciar a circula\u00e7\u00e3o?<\/h2>\n\n\n\n<p>Pense na circula\u00e7\u00e3o ao arranjar os m\u00f3veis. Uma m\u00e1 disposi\u00e7\u00e3o pode bloquear passagens ou vistas, tornando o ambiente menos funcional e <strong>menor do que realmente \u00e9<\/strong>. Segundo a <a href=\"https:\/\/www.instagram.com\/patriciaanastassiadis\/\" target=\"_blank\" rel=\"noreferrer noopener\">arquiteta Patricia Anastassiadis<\/a>, priorizar \u00e1reas de passagem abertas garante mais conforto, especialmente em resid\u00eancias de grandes cidades como <strong>Rio de Janeiro<\/strong>.<\/p>\n\n\n\n<iframe loading=\"lazy\" src=\"https:\/\/assets.pinterest.com\/ext\/embed.html?id=300756081385577760\" height=\"595\" width=\"345\" frameborder=\"0\" scrolling=\"no\" ><\/iframe>\n\n\n\n<h2 class=\"wp-block-heading\">Como o uso correto de espelhos pode fazer diferen\u00e7a?<\/h2>\n\n\n\n<p>Espelhos s\u00e3o aliados em ambientes pequenos, criando ilus\u00e3o de profundidade e refletindo luz. Posicione-os estrategicamente para <strong>maximizar espa\u00e7os<\/strong> e amplificar a luz natural. Em apartamentos de <strong>Nova York<\/strong>, o recurso \u00e9 amplamente adotado para superar limita\u00e7\u00f5es de metragem.<\/p>\n\n\n\n<h2 class=\"wp-block-heading\">Quais s\u00e3o os principais aprendizados para uma sensa\u00e7\u00e3o de espacialidade ideal?<\/h2>\n\n\n\n<ul class=\"wp-block-list\">\n<li>Escolha mobili\u00e1rio adequado ao tamanho do ambiente.<\/li>\n\n\n\n<li>Garanta uma ilumina\u00e7\u00e3o que valorize o espa\u00e7o.<\/li>\n\n\n\n<li>Utilize cores claras para aumentar a percep\u00e7\u00e3o de amplitude.<\/li>\n<\/ul>\n\n\n\n<p><strong>Explore<\/strong> essas estrat\u00e9gias e transforme sua casa, ampliando visualmente cada c\u00f4modo com solu\u00e7\u00f5es pr\u00e1ticas e inteligentes, inspiradas em exemplos vistos em <strong>Mil\u00e3o<\/strong> durante a <strong>Semana do Design<\/strong>.<\/p>\n","protected":false},"excerpt":{"rendered":"<p>Buscar o conforto e a beleza de um lar \u00e9 essencial, mas certos erros de decora\u00e7\u00e3o podem fazer sua casa parecer menor do que realmente \u00e9. Conhe\u00e7a os deslizes comuns e aprenda a evit\u00e1-los, baseando-se tamb\u00e9m em dicas de arquitetos renomados como Marina Linhares e institui\u00e7\u00f5es de design de interiores,&nbsp;que refor\u00e7am essas orienta\u00e7\u00f5es. Como a [&hellip;]<\/p>\n","protected":false},"author":9,"featured_media":98740,"comment_status":"open","ping_status":"open","sticky":false,"template":"","format":"standard","meta":{"jnews-multi-image_gallery":[],"jnews_single_post":{"format":"standard"},"jnews_primary_category":[],"jnews_social_meta":[],"jnews_override_counter":[],"footnotes":""},"categories":[8819,1],"tags":[2911,4687,16765],"class_list":["post-112426","post","type-post","status-publish","format-standard","has-post-thumbnail","hentry","category-curiosidades","category-noticias","tag-casa","tag-decoracao","tag-erros-de-decoracao"],"yoast_head":"<!-- This site is optimized with the Yoast SEO plugin v23.8 - https:\/\/yoast.com\/wordpress\/plugins\/seo\/ -->\n<title>Este detalhe de decora\u00e7\u00e3o pode encolher seu espa\u00e7o sem voc\u00ea notar<\/title>\n<meta name=\"description\" content=\"Aprenda truques de decora\u00e7\u00e3o que ampliam visualmente sua casa com m\u00f3veis, cores, ilumina\u00e7\u00e3o e espelhos sem reformas caras.\" \/>\n<meta name=\"robots\" content=\"index, follow, max-snippet:-1, max-image-preview:large, max-video-preview:-1\" \/>\n<link rel=\"canonical\" href=\"https:\/\/www.em.com.br\/emfoco\/2025\/10\/08\/este-detalhe-de-decoracao-pode-encolher-seu-espaco-sem-voce-notar\/\" \/>\n<meta property=\"og:locale\" content=\"pt_BR\" \/>\n<meta property=\"og:type\" content=\"article\" \/>\n<meta property=\"og:title\" content=\"Este detalhe de decora\u00e7\u00e3o pode encolher seu espa\u00e7o sem voc\u00ea notar\" \/>\n<meta property=\"og:description\" content=\"Aprenda truques de decora\u00e7\u00e3o que ampliam visualmente sua casa com m\u00f3veis, cores, ilumina\u00e7\u00e3o e espelhos sem reformas caras.\" \/>\n<meta property=\"og:url\" content=\"https:\/\/www.em.com.br\/emfoco\/2025\/10\/08\/este-detalhe-de-decoracao-pode-encolher-seu-espaco-sem-voce-notar\/\" \/>\n<meta property=\"og:site_name\" content=\"Estado de Minas - Em foco\" \/>\n<meta property=\"article:published_time\" content=\"2025-10-08T18:55:00+00:00\" \/>\n<meta property=\"article:modified_time\" content=\"2025-10-07T14:53:05+00:00\" \/>\n<meta property=\"og:image\" content=\"https:\/\/www.em.com.br\/emfoco\/wp-content\/uploads\/2025\/08\/Wabi-Sabi_1756569211089.jpg\" \/>\n\t<meta property=\"og:image:width\" content=\"1280\" \/>\n\t<meta property=\"og:image:height\" content=\"720\" \/>\n\t<meta property=\"og:image:type\" content=\"image\/jpeg\" \/>\n<meta name=\"author\" content=\"Daniely Cardoso\" \/>\n<meta name=\"twitter:card\" content=\"summary_large_image\" \/>\n<meta name=\"twitter:label1\" content=\"Escrito por\" \/>\n\t<meta name=\"twitter:data1\" content=\"Daniely Cardoso\" \/>\n\t<meta name=\"twitter:label2\" content=\"Est. tempo de leitura\" \/>\n\t<meta name=\"twitter:data2\" content=\"3 minutos\" \/>\n<!-- \/ Yoast SEO plugin. -->","yoast_head_json":{"title":"Este detalhe de decora\u00e7\u00e3o pode encolher seu espa\u00e7o sem voc\u00ea notar","description":"Aprenda truques de decora\u00e7\u00e3o que ampliam visualmente sua casa com m\u00f3veis, cores, ilumina\u00e7\u00e3o e espelhos sem reformas caras.","robots":{"index":"index","follow":"follow","max-snippet":"max-snippet:-1","max-image-preview":"max-image-preview:large","max-video-preview":"max-video-preview:-1"},"canonical":"https:\/\/www.em.com.br\/emfoco\/2025\/10\/08\/este-detalhe-de-decoracao-pode-encolher-seu-espaco-sem-voce-notar\/","og_locale":"pt_BR","og_type":"article","og_title":"Este detalhe de decora\u00e7\u00e3o pode encolher seu espa\u00e7o sem voc\u00ea notar","og_description":"Aprenda truques de decora\u00e7\u00e3o que ampliam visualmente sua casa com m\u00f3veis, cores, ilumina\u00e7\u00e3o e espelhos sem reformas caras.","og_url":"https:\/\/www.em.com.br\/emfoco\/2025\/10\/08\/este-detalhe-de-decoracao-pode-encolher-seu-espaco-sem-voce-notar\/","og_site_name":"Estado de Minas - Em foco","article_published_time":"2025-10-08T18:55:00+00:00","article_modified_time":"2025-10-07T14:53:05+00:00","og_image":[{"width":1280,"height":720,"url":"https:\/\/www.em.com.br\/emfoco\/wp-content\/uploads\/2025\/08\/Wabi-Sabi_1756569211089.jpg","type":"image\/jpeg"}],"author":"Daniely Cardoso","twitter_card":"summary_large_image","twitter_misc":{"Escrito por":"Daniely Cardoso","Est. tempo de leitura":"3 minutos"},"schema":{"@context":"https:\/\/schema.org","@graph":[{"@type":"WebPage","@id":"https:\/\/www.em.com.br\/emfoco\/2025\/10\/08\/este-detalhe-de-decoracao-pode-encolher-seu-espaco-sem-voce-notar\/","url":"https:\/\/www.em.com.br\/emfoco\/2025\/10\/08\/este-detalhe-de-decoracao-pode-encolher-seu-espaco-sem-voce-notar\/","name":"Este detalhe de decora\u00e7\u00e3o pode encolher seu espa\u00e7o sem voc\u00ea notar","isPartOf":{"@id":"https:\/\/www.em.com.br\/emfoco\/#website"},"primaryImageOfPage":{"@id":"https:\/\/www.em.com.br\/emfoco\/2025\/10\/08\/este-detalhe-de-decoracao-pode-encolher-seu-espaco-sem-voce-notar\/#primaryimage"},"image":{"@id":"https:\/\/www.em.com.br\/emfoco\/2025\/10\/08\/este-detalhe-de-decoracao-pode-encolher-seu-espaco-sem-voce-notar\/#primaryimage"},"thumbnailUrl":"https:\/\/www.em.com.br\/emfoco\/wp-content\/uploads\/2025\/08\/Wabi-Sabi_1756569211089.jpg","datePublished":"2025-10-08T18:55:00+00:00","dateModified":"2025-10-07T14:53:05+00:00","author":{"@id":"https:\/\/www.em.com.br\/emfoco\/#\/schema\/person\/0a8186d72f2c3a5c6276d90b41f271a0"},"description":"Aprenda truques de decora\u00e7\u00e3o que ampliam visualmente sua casa com m\u00f3veis, cores, ilumina\u00e7\u00e3o e espelhos sem reformas caras.","breadcrumb":{"@id":"https:\/\/www.em.com.br\/emfoco\/2025\/10\/08\/este-detalhe-de-decoracao-pode-encolher-seu-espaco-sem-voce-notar\/#breadcrumb"},"inLanguage":"pt-BR","potentialAction":[{"@type":"ReadAction","target":["https:\/\/www.em.com.br\/emfoco\/2025\/10\/08\/este-detalhe-de-decoracao-pode-encolher-seu-espaco-sem-voce-notar\/"]}]},{"@type":"ImageObject","inLanguage":"pt-BR","@id":"https:\/\/www.em.com.br\/emfoco\/2025\/10\/08\/este-detalhe-de-decoracao-pode-encolher-seu-espaco-sem-voce-notar\/#primaryimage","url":"https:\/\/www.em.com.br\/emfoco\/wp-content\/uploads\/2025\/08\/Wabi-Sabi_1756569211089.jpg","contentUrl":"https:\/\/www.em.com.br\/emfoco\/wp-content\/uploads\/2025\/08\/Wabi-Sabi_1756569211089.jpg","width":1280,"height":720,"caption":"Casa - Cr\u00e9ditos: depositphotos.com \/ jp_3d"},{"@type":"BreadcrumbList","@id":"https:\/\/www.em.com.br\/emfoco\/2025\/10\/08\/este-detalhe-de-decoracao-pode-encolher-seu-espaco-sem-voce-notar\/#breadcrumb","itemListElement":[{"@type":"ListItem","position":1,"name":"In\u00edcio","item":"https:\/\/www.em.com.br\/emfoco\/"},{"@type":"ListItem","position":2,"name":"Este detalhe de decora\u00e7\u00e3o pode encolher seu espa\u00e7o sem voc\u00ea notar"}]},{"@type":"WebSite","@id":"https:\/\/www.em.com.br\/emfoco\/#website","url":"https:\/\/www.em.com.br\/emfoco\/","name":"Estado de Minas - Em foco","description":"Acompanhe as \u00faltimas not\u00edcias e fique bem informado sobre tudo o que acontece em Minas Gerais, Brasil e no mundo.","potentialAction":[{"@type":"SearchAction","target":{"@type":"EntryPoint","urlTemplate":"https:\/\/www.em.com.br\/emfoco\/?s={search_term_string}"},"query-input":{"@type":"PropertyValueSpecification","valueRequired":true,"valueName":"search_term_string"}}],"inLanguage":"pt-BR"},{"@type":"Person","@id":"https:\/\/www.em.com.br\/emfoco\/#\/schema\/person\/0a8186d72f2c3a5c6276d90b41f271a0","name":"Daniely Cardoso","image":{"@type":"ImageObject","inLanguage":"pt-BR","@id":"https:\/\/www.em.com.br\/emfoco\/#\/schema\/person\/image\/","url":"https:\/\/secure.gravatar.com\/avatar\/4b80ddbd124d1f071b626d52d62e5dff?s=96&d=mm&r=g","contentUrl":"https:\/\/secure.gravatar.com\/avatar\/4b80ddbd124d1f071b626d52d62e5dff?s=96&d=mm&r=g","caption":"Daniely Cardoso"},"url":"https:\/\/www.em.com.br\/emfoco\/author\/danielymyth\/"}]}},"_links":{"self":[{"href":"https:\/\/www.em.com.br\/emfoco\/wp-json\/wp\/v2\/posts\/112426","targetHints":{"allow":["GET"]}}],"collection":[{"href":"https:\/\/www.em.com.br\/emfoco\/wp-json\/wp\/v2\/posts"}],"about":[{"href":"https:\/\/www.em.com.br\/emfoco\/wp-json\/wp\/v2\/types\/post"}],"author":[{"embeddable":true,"href":"https:\/\/www.em.com.br\/emfoco\/wp-json\/wp\/v2\/users\/9"}],"replies":[{"embeddable":true,"href":"https:\/\/www.em.com.br\/emfoco\/wp-json\/wp\/v2\/comments?post=112426"}],"version-history":[{"count":1,"href":"https:\/\/www.em.com.br\/emfoco\/wp-json\/wp\/v2\/posts\/112426\/revisions"}],"predecessor-version":[{"id":112432,"href":"https:\/\/www.em.com.br\/emfoco\/wp-json\/wp\/v2\/posts\/112426\/revisions\/112432"}],"wp:featuredmedia":[{"embeddable":true,"href":"https:\/\/www.em.com.br\/emfoco\/wp-json\/wp\/v2\/media\/98740"}],"wp:attachment":[{"href":"https:\/\/www.em.com.br\/emfoco\/wp-json\/wp\/v2\/media?parent=112426"}],"wp:term":[{"taxonomy":"category","embeddable":true,"href":"https:\/\/www.em.com.br\/emfoco\/wp-json\/wp\/v2\/categories?post=112426"},{"taxonomy":"post_tag","embeddable":true,"href":"https:\/\/www.em.com.br\/emfoco\/wp-json\/wp\/v2\/tags?post=112426"}],"curies":[{"name":"wp","href":"https:\/\/api.w.org\/{rel}","templated":true}]}}