{"id":112421,"date":"2025-10-07T14:25:00","date_gmt":"2025-10-07T17:25:00","guid":{"rendered":"https:\/\/www.em.com.br\/emfoco\/?p=112421"},"modified":"2025-10-07T13:41:02","modified_gmt":"2025-10-07T16:41:02","slug":"o-comportamento-que-revela-ansiedade-em-pets-e-poucos-notam","status":"publish","type":"post","link":"https:\/\/www.em.com.br\/emfoco\/2025\/10\/07\/o-comportamento-que-revela-ansiedade-em-pets-e-poucos-notam\/","title":{"rendered":"O comportamento que revela ansiedade em pets e poucos notam"},"content":{"rendered":"\n<p>Animais de estima\u00e7\u00e3o podem sofrer com ansiedade, apresentando comportamentos que afetam sua sa\u00fade e o bem-estar da fam\u00edlia. Reconhecer os sinais e agir em casa \u00e9 essencial para devolver equil\u00edbrio ao pet.<\/p>\n\n\n\n<ul class=\"wp-block-list\">\n<li>Principais sinais de ansiedade em pets<\/li>\n\n\n\n<li>Estrat\u00e9gias simples para acalmar em casa<\/li>\n\n\n\n<li>Quando procurar ajuda profissional<\/li>\n<\/ul>\n\n\n\n<h2 class=\"wp-block-heading\">Como identificar que o pet est\u00e1 ansioso?<\/h2>\n\n\n\n<p>Os animais revelam sua ansiedade por meio de atitudes repetitivas e <a href=\"https:\/\/fisiocarepet.com.br\/transtorno-comportamental-em-pets-como-diagnosticar-e-tratar\/\" target=\"_blank\" rel=\"noreferrer noopener\">comportamentos fora do comum<\/a>. <strong>O tutor atento consegue perceber mudan\u00e7as<\/strong> no padr\u00e3o di\u00e1rio, que podem indicar estresse.<\/p>\n\n\n\n<p>Lamber as patas com frequ\u00eancia, destruir objetos pela casa ou vocalizar sem motivo aparente s\u00e3o sinais t\u00edpicos de que o animal precisa de apoio para recuperar o equil\u00edbrio.<\/p>\n\n\n\n<figure class=\"wp-block-image size-large\"><img loading=\"lazy\" decoding=\"async\" width=\"1024\" height=\"576\" src=\"https:\/\/www.em.com.br\/emfoco\/wp-content\/uploads\/2025\/10\/Cachorro-ansiedade_1759854680142-1024x576.jpg\" alt=\"O comportamento que revela ansiedade em pets e poucos notam\" class=\"wp-image-112462\" srcset=\"https:\/\/www.em.com.br\/emfoco\/wp-content\/uploads\/2025\/10\/Cachorro-ansiedade_1759854680142-1024x576.jpg 1024w, https:\/\/www.em.com.br\/emfoco\/wp-content\/uploads\/2025\/10\/Cachorro-ansiedade_1759854680142-300x169.jpg 300w, https:\/\/www.em.com.br\/emfoco\/wp-content\/uploads\/2025\/10\/Cachorro-ansiedade_1759854680142-768x432.jpg 768w, https:\/\/www.em.com.br\/emfoco\/wp-content\/uploads\/2025\/10\/Cachorro-ansiedade_1759854680142-750x422.jpg 750w, https:\/\/www.em.com.br\/emfoco\/wp-content\/uploads\/2025\/10\/Cachorro-ansiedade_1759854680142-1140x641.jpg 1140w, https:\/\/www.em.com.br\/emfoco\/wp-content\/uploads\/2025\/10\/Cachorro-ansiedade_1759854680142.jpg 1280w\" sizes=\"auto, (max-width: 1024px) 100vw, 1024px\" \/><figcaption class=\"wp-element-caption\">Permite detectar sinais precoces e prevenir dist\u00farbios maiores &#8211; Cr\u00e9ditos: depositphotos.com \/ kopylets13<\/figcaption><\/figure>\n\n\n\n<h2 class=\"wp-block-heading\">Quais s\u00e3o os sinais mais comuns de ansiedade nos pets?<\/h2>\n\n\n\n<p>Alguns comportamentos aparecem com frequ\u00eancia em c\u00e3es e gatos quando est\u00e3o ansiosos, e merecem aten\u00e7\u00e3o para agir de forma r\u00e1pida:<\/p>\n\n\n\n<ul class=\"wp-block-list\">\n<li>Lamber excessivamente as patas ou partes do corpo.<\/li>\n\n\n\n<li>Destruir objetos da casa, como m\u00f3veis ou sapatos.<\/li>\n\n\n\n<li>Latidos ou miados constantes sem raz\u00e3o aparente.<\/li>\n<\/ul>\n\n\n\n<h2 class=\"wp-block-heading\">De que forma o enriquecimento ambiental ajuda?<\/h2>\n\n\n\n<p>O ambiente exerce grande influ\u00eancia no comportamento dos animais. Inserir est\u00edmulos variados ajuda a reduzir a tens\u00e3o e promove equil\u00edbrio emocional no dia a dia.<\/p>\n\n\n\n<p>Brinquedos interativos, esconder petiscos e criar espa\u00e7os confort\u00e1veis s\u00e3o recursos pr\u00e1ticos que transformam a rotina. O <strong>enriquecimento ambiental<\/strong> mant\u00e9m o pet ocupado e mais tranquilo.<\/p>\n\n\n\n<figure class=\"wp-block-image size-large\"><img loading=\"lazy\" decoding=\"async\" width=\"1024\" height=\"576\" src=\"https:\/\/www.em.com.br\/emfoco\/wp-content\/uploads\/2025\/10\/Cachorro-brincando_1759854726910-1024x576.jpg\" alt=\"O comportamento que revela ansiedade em pets e poucos notam\" class=\"wp-image-112464\" srcset=\"https:\/\/www.em.com.br\/emfoco\/wp-content\/uploads\/2025\/10\/Cachorro-brincando_1759854726910-1024x576.jpg 1024w, https:\/\/www.em.com.br\/emfoco\/wp-content\/uploads\/2025\/10\/Cachorro-brincando_1759854726910-300x169.jpg 300w, https:\/\/www.em.com.br\/emfoco\/wp-content\/uploads\/2025\/10\/Cachorro-brincando_1759854726910-768x432.jpg 768w, https:\/\/www.em.com.br\/emfoco\/wp-content\/uploads\/2025\/10\/Cachorro-brincando_1759854726910-750x422.jpg 750w, https:\/\/www.em.com.br\/emfoco\/wp-content\/uploads\/2025\/10\/Cachorro-brincando_1759854726910-1140x641.jpg 1140w, https:\/\/www.em.com.br\/emfoco\/wp-content\/uploads\/2025\/10\/Cachorro-brincando_1759854726910.jpg 1280w\" sizes=\"auto, (max-width: 1024px) 100vw, 1024px\" \/><figcaption class=\"wp-element-caption\">Reduz comportamentos destrutivos com est\u00edmulos positivos &#8211; Cr\u00e9ditos: depositphotos.com \/ AllaSerebrina<\/figcaption><\/figure>\n\n\n\n<p><em>Leia mais: <a href=\"https:\/\/www.em.com.br\/emfoco\/2025\/09\/19\/perda-de-pelos-ao-redor-dos-olhos-em-pets-exige-atencao-imediata\/\" target=\"_blank\" rel=\"noreferrer noopener\">Perda de pelos ao redor dos olhos em pets exige aten\u00e7\u00e3o imediata<\/a><\/em><\/p>\n\n\n\n<h2 class=\"wp-block-heading\">Como sons suaves e rotina previs\u00edvel reduzem o estresse?<\/h2>\n\n\n\n<p>M\u00fasica ambiente e sons calmos oferecem seguran\u00e7a, diminuindo epis\u00f3dios de agita\u00e7\u00e3o. Essa pr\u00e1tica cria um clima acolhedor e ajuda o animal a relaxar mais facilmente.<\/p>\n\n\n\n<p>Al\u00e9m disso, uma rotina com hor\u00e1rios regulares de alimenta\u00e7\u00e3o e passeios fortalece o senso de previsibilidade. Essa <strong>organiza\u00e7\u00e3o di\u00e1ria<\/strong> transmite confian\u00e7a e estabilidade ao pet.<\/p>\n\n\n\n<h2 class=\"wp-block-heading\">Quais cuidados extras podem ajudar no dia a dia?<\/h2>\n\n\n\n<p>Alguns cuidados complementares contribuem para reduzir a ansiedade e melhorar a rela\u00e7\u00e3o com o animal de estima\u00e7\u00e3o:<\/p>\n\n\n\n<ul class=\"wp-block-list\">\n<li>Realizar passeios frequentes para gastar energia acumulada.<\/li>\n\n\n\n<li>Oferecer brinquedos diferentes que estimulem os sentidos.<\/li>\n\n\n\n<li>Consultar veterin\u00e1rio ou comportamentalista em casos persistentes.<\/li>\n<\/ul>\n\n\n\n<p><\/p>\n","protected":false},"excerpt":{"rendered":"<p>Animais de estima\u00e7\u00e3o podem sofrer com ansiedade, apresentando comportamentos que afetam sua sa\u00fade e o bem-estar da fam\u00edlia. Reconhecer os sinais e agir em casa \u00e9 essencial para devolver equil\u00edbrio ao pet. Como identificar que o pet est\u00e1 ansioso? Os animais revelam sua ansiedade por meio de atitudes repetitivas e comportamentos fora do comum. O [&hellip;]<\/p>\n","protected":false},"author":13,"featured_media":112460,"comment_status":"open","ping_status":"open","sticky":false,"template":"","format":"standard","meta":{"jnews-multi-image_gallery":[],"jnews_single_post":{"format":"standard"},"jnews_primary_category":[],"jnews_social_meta":[],"jnews_override_counter":[],"footnotes":""},"categories":[8819],"tags":[4947,13607,3685],"class_list":["post-112421","post","type-post","status-publish","format-standard","has-post-thumbnail","hentry","category-curiosidades","tag-ansiedade","tag-cuidado-com-pets","tag-pets"],"yoast_head":"<!-- This site is optimized with the Yoast SEO plugin v23.8 - https:\/\/yoast.com\/wordpress\/plugins\/seo\/ -->\n<title>O comportamento que revela ansiedade em pets e poucos notam - Estado de Minas - Em foco<\/title>\n<meta name=\"description\" content=\"Seu pet anda mais agitado ou destrutivo? Veja os sinais de ansiedade e descubra formas simples de aliviar o estresse em casa.\" \/>\n<meta name=\"robots\" content=\"index, follow, max-snippet:-1, max-image-preview:large, max-video-preview:-1\" \/>\n<link rel=\"canonical\" href=\"https:\/\/www.em.com.br\/emfoco\/2025\/10\/07\/o-comportamento-que-revela-ansiedade-em-pets-e-poucos-notam\/\" \/>\n<meta property=\"og:locale\" content=\"pt_BR\" \/>\n<meta property=\"og:type\" content=\"article\" \/>\n<meta property=\"og:title\" content=\"O comportamento que revela ansiedade em pets e poucos notam - Estado de Minas - Em foco\" \/>\n<meta property=\"og:description\" content=\"Seu pet anda mais agitado ou destrutivo? Veja os sinais de ansiedade e descubra formas simples de aliviar o estresse em casa.\" \/>\n<meta property=\"og:url\" content=\"https:\/\/www.em.com.br\/emfoco\/2025\/10\/07\/o-comportamento-que-revela-ansiedade-em-pets-e-poucos-notam\/\" \/>\n<meta property=\"og:site_name\" content=\"Estado de Minas - Em foco\" \/>\n<meta property=\"article:published_time\" content=\"2025-10-07T17:25:00+00:00\" \/>\n<meta property=\"article:modified_time\" content=\"2025-10-07T16:41:02+00:00\" \/>\n<meta property=\"og:image\" content=\"https:\/\/www.em.com.br\/emfoco\/wp-content\/uploads\/2025\/10\/Cachorro-ansiedade_1759854453318.jpg\" \/>\n\t<meta property=\"og:image:width\" content=\"1280\" \/>\n\t<meta property=\"og:image:height\" content=\"720\" \/>\n\t<meta property=\"og:image:type\" content=\"image\/jpeg\" \/>\n<meta name=\"author\" content=\"Gabriel Martins\" \/>\n<meta name=\"twitter:card\" content=\"summary_large_image\" \/>\n<meta name=\"twitter:label1\" content=\"Escrito por\" \/>\n\t<meta name=\"twitter:data1\" content=\"Gabriel Martins\" \/>\n\t<meta name=\"twitter:label2\" content=\"Est. tempo de leitura\" \/>\n\t<meta name=\"twitter:data2\" content=\"3 minutos\" \/>\n<!-- \/ Yoast SEO plugin. -->","yoast_head_json":{"title":"O comportamento que revela ansiedade em pets e poucos notam - Estado de Minas - Em foco","description":"Seu pet anda mais agitado ou destrutivo? Veja os sinais de ansiedade e descubra formas simples de aliviar o estresse em casa.","robots":{"index":"index","follow":"follow","max-snippet":"max-snippet:-1","max-image-preview":"max-image-preview:large","max-video-preview":"max-video-preview:-1"},"canonical":"https:\/\/www.em.com.br\/emfoco\/2025\/10\/07\/o-comportamento-que-revela-ansiedade-em-pets-e-poucos-notam\/","og_locale":"pt_BR","og_type":"article","og_title":"O comportamento que revela ansiedade em pets e poucos notam - Estado de Minas - Em foco","og_description":"Seu pet anda mais agitado ou destrutivo? Veja os sinais de ansiedade e descubra formas simples de aliviar o estresse em casa.","og_url":"https:\/\/www.em.com.br\/emfoco\/2025\/10\/07\/o-comportamento-que-revela-ansiedade-em-pets-e-poucos-notam\/","og_site_name":"Estado de Minas - Em foco","article_published_time":"2025-10-07T17:25:00+00:00","article_modified_time":"2025-10-07T16:41:02+00:00","og_image":[{"width":1280,"height":720,"url":"https:\/\/www.em.com.br\/emfoco\/wp-content\/uploads\/2025\/10\/Cachorro-ansiedade_1759854453318.jpg","type":"image\/jpeg"}],"author":"Gabriel Martins","twitter_card":"summary_large_image","twitter_misc":{"Escrito por":"Gabriel Martins","Est. tempo de leitura":"3 minutos"},"schema":{"@context":"https:\/\/schema.org","@graph":[{"@type":"WebPage","@id":"https:\/\/www.em.com.br\/emfoco\/2025\/10\/07\/o-comportamento-que-revela-ansiedade-em-pets-e-poucos-notam\/","url":"https:\/\/www.em.com.br\/emfoco\/2025\/10\/07\/o-comportamento-que-revela-ansiedade-em-pets-e-poucos-notam\/","name":"O comportamento que revela ansiedade em pets e poucos notam - Estado de Minas - Em foco","isPartOf":{"@id":"https:\/\/www.em.com.br\/emfoco\/#website"},"primaryImageOfPage":{"@id":"https:\/\/www.em.com.br\/emfoco\/2025\/10\/07\/o-comportamento-que-revela-ansiedade-em-pets-e-poucos-notam\/#primaryimage"},"image":{"@id":"https:\/\/www.em.com.br\/emfoco\/2025\/10\/07\/o-comportamento-que-revela-ansiedade-em-pets-e-poucos-notam\/#primaryimage"},"thumbnailUrl":"https:\/\/www.em.com.br\/emfoco\/wp-content\/uploads\/2025\/10\/Cachorro-ansiedade_1759854453318.jpg","datePublished":"2025-10-07T17:25:00+00:00","dateModified":"2025-10-07T16:41:02+00:00","author":{"@id":"https:\/\/www.em.com.br\/emfoco\/#\/schema\/person\/1c9ddeab18b98abeffef834667bcf08a"},"description":"Seu pet anda mais agitado ou destrutivo? Veja os sinais de ansiedade e descubra formas simples de aliviar o estresse em casa.","breadcrumb":{"@id":"https:\/\/www.em.com.br\/emfoco\/2025\/10\/07\/o-comportamento-que-revela-ansiedade-em-pets-e-poucos-notam\/#breadcrumb"},"inLanguage":"pt-BR","potentialAction":[{"@type":"ReadAction","target":["https:\/\/www.em.com.br\/emfoco\/2025\/10\/07\/o-comportamento-que-revela-ansiedade-em-pets-e-poucos-notam\/"]}]},{"@type":"ImageObject","inLanguage":"pt-BR","@id":"https:\/\/www.em.com.br\/emfoco\/2025\/10\/07\/o-comportamento-que-revela-ansiedade-em-pets-e-poucos-notam\/#primaryimage","url":"https:\/\/www.em.com.br\/emfoco\/wp-content\/uploads\/2025\/10\/Cachorro-ansiedade_1759854453318.jpg","contentUrl":"https:\/\/www.em.com.br\/emfoco\/wp-content\/uploads\/2025\/10\/Cachorro-ansiedade_1759854453318.jpg","width":1280,"height":720,"caption":"Fortalece o v\u00ednculo entre tutor e pet com cuidados personalizados - Cr\u00e9ditos: depositphotos.com \/ oracul"},{"@type":"BreadcrumbList","@id":"https:\/\/www.em.com.br\/emfoco\/2025\/10\/07\/o-comportamento-que-revela-ansiedade-em-pets-e-poucos-notam\/#breadcrumb","itemListElement":[{"@type":"ListItem","position":1,"name":"In\u00edcio","item":"https:\/\/www.em.com.br\/emfoco\/"},{"@type":"ListItem","position":2,"name":"O comportamento que revela ansiedade em pets e poucos notam"}]},{"@type":"WebSite","@id":"https:\/\/www.em.com.br\/emfoco\/#website","url":"https:\/\/www.em.com.br\/emfoco\/","name":"Estado de Minas - Em foco","description":"Acompanhe as \u00faltimas not\u00edcias e fique bem informado sobre tudo o que acontece em Minas Gerais, Brasil e no mundo.","potentialAction":[{"@type":"SearchAction","target":{"@type":"EntryPoint","urlTemplate":"https:\/\/www.em.com.br\/emfoco\/?s={search_term_string}"},"query-input":{"@type":"PropertyValueSpecification","valueRequired":true,"valueName":"search_term_string"}}],"inLanguage":"pt-BR"},{"@type":"Person","@id":"https:\/\/www.em.com.br\/emfoco\/#\/schema\/person\/1c9ddeab18b98abeffef834667bcf08a","name":"Gabriel Martins","image":{"@type":"ImageObject","inLanguage":"pt-BR","@id":"https:\/\/www.em.com.br\/emfoco\/#\/schema\/person\/image\/","url":"https:\/\/secure.gravatar.com\/avatar\/f0f1e2efdfd88f1ad2cb08c5c2731e50?s=96&d=mm&r=g","contentUrl":"https:\/\/secure.gravatar.com\/avatar\/f0f1e2efdfd88f1ad2cb08c5c2731e50?s=96&d=mm&r=g","caption":"Gabriel Martins"},"sameAs":["https:\/\/www.em.com.br\/emfoco\/"],"url":"https:\/\/www.em.com.br\/emfoco\/author\/gabrielmartinsmyth\/"}]}},"_links":{"self":[{"href":"https:\/\/www.em.com.br\/emfoco\/wp-json\/wp\/v2\/posts\/112421","targetHints":{"allow":["GET"]}}],"collection":[{"href":"https:\/\/www.em.com.br\/emfoco\/wp-json\/wp\/v2\/posts"}],"about":[{"href":"https:\/\/www.em.com.br\/emfoco\/wp-json\/wp\/v2\/types\/post"}],"author":[{"embeddable":true,"href":"https:\/\/www.em.com.br\/emfoco\/wp-json\/wp\/v2\/users\/13"}],"replies":[{"embeddable":true,"href":"https:\/\/www.em.com.br\/emfoco\/wp-json\/wp\/v2\/comments?post=112421"}],"version-history":[{"count":1,"href":"https:\/\/www.em.com.br\/emfoco\/wp-json\/wp\/v2\/posts\/112421\/revisions"}],"predecessor-version":[{"id":112466,"href":"https:\/\/www.em.com.br\/emfoco\/wp-json\/wp\/v2\/posts\/112421\/revisions\/112466"}],"wp:featuredmedia":[{"embeddable":true,"href":"https:\/\/www.em.com.br\/emfoco\/wp-json\/wp\/v2\/media\/112460"}],"wp:attachment":[{"href":"https:\/\/www.em.com.br\/emfoco\/wp-json\/wp\/v2\/media?parent=112421"}],"wp:term":[{"taxonomy":"category","embeddable":true,"href":"https:\/\/www.em.com.br\/emfoco\/wp-json\/wp\/v2\/categories?post=112421"},{"taxonomy":"post_tag","embeddable":true,"href":"https:\/\/www.em.com.br\/emfoco\/wp-json\/wp\/v2\/tags?post=112421"}],"curies":[{"name":"wp","href":"https:\/\/api.w.org\/{rel}","templated":true}]}}