{"id":112418,"date":"2025-10-08T11:45:23","date_gmt":"2025-10-08T14:45:23","guid":{"rendered":"https:\/\/www.em.com.br\/emfoco\/?p=112418"},"modified":"2025-10-07T13:41:00","modified_gmt":"2025-10-07T16:41:00","slug":"o-verdadeiro-uso-do-buraco-na-frigideira-que-quase-ninguem-sabe","status":"publish","type":"post","link":"https:\/\/www.em.com.br\/emfoco\/2025\/10\/08\/o-verdadeiro-uso-do-buraco-na-frigideira-que-quase-ninguem-sabe\/","title":{"rendered":"O verdadeiro uso do buraco na frigideira que quase ningu\u00e9m sabe"},"content":{"rendered":"\n<p>Todo mundo j\u00e1 viu o buraco no cabo da frigideira e pensou que era s\u00f3 para pendurar. Mas esse pequeno detalhe tem uma fun\u00e7\u00e3o pr\u00e1tica e inteligente que muita gente desconhece.<\/p>\n\n\n\n<ul class=\"wp-block-list\">\n<li>Entenda a verdadeira fun\u00e7\u00e3o do buraco no cabo da frigideira<\/li>\n\n\n\n<li>Descubra outros truques escondidos em utens\u00edlios de cozinha<\/li>\n\n\n\n<li>Aprenda a aproveitar melhor o que j\u00e1 tem em casa<\/li>\n<\/ul>\n\n\n\n<h2 class=\"wp-block-heading\">Para que realmente serve o buraco no cabo da frigideira?<\/h2>\n\n\n\n<p>Embora pare\u00e7a feito apenas para pendurar o utens\u00edlio, o buraco no cabo da frigideira tem uma fun\u00e7\u00e3o muito mais pr\u00e1tica no dia a dia. <strong>Ele serve para apoiar a colher de pau enquanto voc\u00ea cozinha<\/strong>, evitando que o utens\u00edlio suje o fog\u00e3o ou precise de um prato de apoio.<\/p>\n\n\n\n<p>Essa pequena abertura foi pensada para tornar o preparo mais organizado e higi\u00eanico. Colocando o cabo da colher dentro do buraco, o l\u00edquido escorre de volta para a panela, mantendo tudo limpo e funcional sem ocupar espa\u00e7o na bancada.<\/p>\n\n\n\n<figure class=\"wp-block-image size-large\"><img loading=\"lazy\" decoding=\"async\" width=\"1024\" height=\"576\" src=\"https:\/\/www.em.com.br\/emfoco\/wp-content\/uploads\/2025\/10\/frigideira-_1759853151705-1024x576.jpg\" alt=\"O verdadeiro uso do buraco na frigideira que quase ningu\u00e9m sabe\" class=\"wp-image-112442\" srcset=\"https:\/\/www.em.com.br\/emfoco\/wp-content\/uploads\/2025\/10\/frigideira-_1759853151705-1024x576.jpg 1024w, https:\/\/www.em.com.br\/emfoco\/wp-content\/uploads\/2025\/10\/frigideira-_1759853151705-300x169.jpg 300w, https:\/\/www.em.com.br\/emfoco\/wp-content\/uploads\/2025\/10\/frigideira-_1759853151705-768x432.jpg 768w, https:\/\/www.em.com.br\/emfoco\/wp-content\/uploads\/2025\/10\/frigideira-_1759853151705-750x422.jpg 750w, https:\/\/www.em.com.br\/emfoco\/wp-content\/uploads\/2025\/10\/frigideira-_1759853151705-1140x641.jpg 1140w, https:\/\/www.em.com.br\/emfoco\/wp-content\/uploads\/2025\/10\/frigideira-_1759853151705.jpg 1280w\" sizes=\"auto, (max-width: 1024px) 100vw, 1024px\" \/><figcaption class=\"wp-element-caption\">Evita sujeira no fog\u00e3o ao apoiar a colher com mais praticidade &#8211; Cr\u00e9ditos: depositphotos.com \/ IgorVetushko<\/figcaption><\/figure>\n\n\n\n<h2 class=\"wp-block-heading\">Quais outros utens\u00edlios de cozinha escondem fun\u00e7\u00f5es secretas?<\/h2>\n\n\n\n<p>Assim como o buraco da frigideira, v\u00e1rios objetos do dia a dia na cozinha t\u00eam fun\u00e7\u00f5es pouco conhecidas. Confira alguns que surpreendem at\u00e9 quem cozinha h\u00e1 anos.<\/p>\n\n\n\n<ul class=\"wp-block-list\">\n<li>O furo na tampa de panelas serve para apoiar o cabo da colher durante o preparo.<\/li>\n\n\n\n<li>O dente no garfo de espaguete foi feito para medir uma por\u00e7\u00e3o ideal de massa crua.<\/li>\n\n\n\n<li>As bordas da t\u00e1bua de carne indicam o lado certo para cortar e evitar contamina\u00e7\u00e3o.<\/li>\n<\/ul>\n\n\n\n<h2 class=\"wp-block-heading\">Por que essas fun\u00e7\u00f5es passam despercebidas por tanta gente?<\/h2>\n\n\n\n<p>Muitos desses detalhes est\u00e3o presentes h\u00e1 d\u00e9cadas, mas passam despercebidos porque raramente v\u00eam explicados na embalagem. As pessoas costumam usar os <a href=\"https:\/\/www.westwing.com.br\/guiar\/utensilios-de-cozinha\/\" target=\"_blank\" rel=\"noreferrer noopener\">utens\u00edlios <\/a>de forma intuitiva, sem explorar todas as possibilidades que o design oferece.<\/p>\n\n\n\n<p><strong>A falta de aten\u00e7\u00e3o aos pequenos detalhes faz com que fun\u00e7\u00f5es pr\u00e1ticas sejam subutilizadas<\/strong>. Compreender essas utilidades pode facilitar o preparo das refei\u00e7\u00f5es e at\u00e9 prolongar a vida \u00fatil dos utens\u00edlios.<\/p>\n\n\n\n<figure class=\"wp-block-image size-large\"><img loading=\"lazy\" decoding=\"async\" width=\"1024\" height=\"576\" src=\"https:\/\/www.em.com.br\/emfoco\/wp-content\/uploads\/2025\/10\/frigideira-_1759853178834-1024x576.jpg\" alt=\"O verdadeiro uso do buraco na frigideira que quase ningu\u00e9m sabe\" class=\"wp-image-112443\" srcset=\"https:\/\/www.em.com.br\/emfoco\/wp-content\/uploads\/2025\/10\/frigideira-_1759853178834-1024x576.jpg 1024w, https:\/\/www.em.com.br\/emfoco\/wp-content\/uploads\/2025\/10\/frigideira-_1759853178834-300x169.jpg 300w, https:\/\/www.em.com.br\/emfoco\/wp-content\/uploads\/2025\/10\/frigideira-_1759853178834-768x432.jpg 768w, https:\/\/www.em.com.br\/emfoco\/wp-content\/uploads\/2025\/10\/frigideira-_1759853178834-750x422.jpg 750w, https:\/\/www.em.com.br\/emfoco\/wp-content\/uploads\/2025\/10\/frigideira-_1759853178834-1140x641.jpg 1140w, https:\/\/www.em.com.br\/emfoco\/wp-content\/uploads\/2025\/10\/frigideira-_1759853178834.jpg 1280w\" sizes=\"auto, (max-width: 1024px) 100vw, 1024px\" \/><figcaption class=\"wp-element-caption\">Reduz uso de pratos ou apoios extras durante o preparo &#8211; Cr\u00e9ditos: depositphotos.com \/ gresey<\/figcaption><\/figure>\n\n\n\n<p><em>Leia mais: <a href=\"https:\/\/www.em.com.br\/emfoco\/2025\/10\/05\/a-maneira-mais-facil-de-cozinhar-costeletas-de-porco-segundo-uma-chef-de-cozinha\/\" target=\"_blank\" rel=\"noreferrer noopener\">A maneira mais f\u00e1cil de cozinhar costeletas de porco, segundo uma chef de cozinha<\/a><\/em><\/p>\n\n\n\n<h2 class=\"wp-block-heading\">Como usar o buraco da frigideira da forma certa?<\/h2>\n\n\n\n<p>Para aproveitar ao m\u00e1ximo essa fun\u00e7\u00e3o, basta posicionar o cabo da colher de pau dentro do buraco, deixando a parte suja voltada para dentro da frigideira. Isso impede respingos e mant\u00e9m a \u00e1rea de preparo limpa sem esfor\u00e7o adicional.<\/p>\n\n\n\n<p>O ideal \u00e9 usar colheres de madeira ou silicone, que se encaixam melhor no espa\u00e7o e n\u00e3o danificam o material do cabo. Assim, voc\u00ea transforma um simples detalhe em um aliado na rotina culin\u00e1ria.<\/p>\n\n\n\n<h2 class=\"wp-block-heading\">Quais outras curiosidades de cozinha valem conhecer?<\/h2>\n\n\n\n<p>O mundo dos utens\u00edlios dom\u00e9sticos est\u00e1 cheio de truques que tornam o dia a dia mais f\u00e1cil. Saber para que servem certos detalhes pode mudar sua forma de cozinhar.<\/p>\n\n\n\n<ul class=\"wp-block-list\">\n<li>O furo na concha de macarr\u00e3o mede a por\u00e7\u00e3o individual ideal de espaguete.<\/li>\n\n\n\n<li>O lado serrilhado do descascador serve para frutas com casca fina, como tomates.<\/li>\n\n\n\n<li>O furo na al\u00e7a da panela ajuda a escorrer l\u00edquidos sem precisar de peneira.<\/li>\n<\/ul>\n","protected":false},"excerpt":{"rendered":"<p>Todo mundo j\u00e1 viu o buraco no cabo da frigideira e pensou que era s\u00f3 para pendurar. Mas esse pequeno detalhe tem uma fun\u00e7\u00e3o pr\u00e1tica e inteligente que muita gente desconhece. Para que realmente serve o buraco no cabo da frigideira? Embora pare\u00e7a feito apenas para pendurar o utens\u00edlio, o buraco no cabo da frigideira [&hellip;]<\/p>\n","protected":false},"author":13,"featured_media":112441,"comment_status":"open","ping_status":"open","sticky":false,"template":"","format":"standard","meta":{"jnews-multi-image_gallery":[],"jnews_single_post":{"format":"standard"},"jnews_primary_category":[],"jnews_social_meta":[],"jnews_override_counter":[],"footnotes":""},"categories":[8819],"tags":[17127,17128,12675],"class_list":["post-112418","post","type-post","status-publish","format-standard","has-post-thumbnail","hentry","category-curiosidades","tag-buraco-da-frigideira","tag-frigideira","tag-utensilios"],"yoast_head":"<!-- This site is optimized with the Yoast SEO plugin v23.8 - https:\/\/yoast.com\/wordpress\/plugins\/seo\/ -->\n<title>O verdadeiro uso do buraco na frigideira que quase ningu\u00e9m sabe - Estado de Minas - Em foco<\/title>\n<meta name=\"description\" content=\"Voc\u00ea usa a frigideira todos os dias, mas sabia que o cabo esconde uma fun\u00e7\u00e3o incr\u00edvel que pode facilitar sua vida na cozinha?\" \/>\n<meta name=\"robots\" content=\"index, follow, max-snippet:-1, max-image-preview:large, max-video-preview:-1\" \/>\n<link rel=\"canonical\" href=\"https:\/\/www.em.com.br\/emfoco\/2025\/10\/08\/o-verdadeiro-uso-do-buraco-na-frigideira-que-quase-ninguem-sabe\/\" \/>\n<meta property=\"og:locale\" content=\"pt_BR\" \/>\n<meta property=\"og:type\" content=\"article\" \/>\n<meta property=\"og:title\" content=\"O verdadeiro uso do buraco na frigideira que quase ningu\u00e9m sabe - Estado de Minas - Em foco\" \/>\n<meta property=\"og:description\" content=\"Voc\u00ea usa a frigideira todos os dias, mas sabia que o cabo esconde uma fun\u00e7\u00e3o incr\u00edvel que pode facilitar sua vida na cozinha?\" \/>\n<meta property=\"og:url\" content=\"https:\/\/www.em.com.br\/emfoco\/2025\/10\/08\/o-verdadeiro-uso-do-buraco-na-frigideira-que-quase-ninguem-sabe\/\" \/>\n<meta property=\"og:site_name\" content=\"Estado de Minas - Em foco\" \/>\n<meta property=\"article:published_time\" content=\"2025-10-08T14:45:23+00:00\" \/>\n<meta property=\"article:modified_time\" content=\"2025-10-07T16:41:00+00:00\" \/>\n<meta property=\"og:image\" content=\"https:\/\/www.em.com.br\/emfoco\/wp-content\/uploads\/2025\/10\/frigideira-_1759853114350.jpg\" \/>\n\t<meta property=\"og:image:width\" content=\"1280\" \/>\n\t<meta property=\"og:image:height\" content=\"720\" \/>\n\t<meta property=\"og:image:type\" content=\"image\/jpeg\" \/>\n<meta name=\"author\" content=\"Gabriel Martins\" \/>\n<meta name=\"twitter:card\" content=\"summary_large_image\" \/>\n<meta name=\"twitter:label1\" content=\"Escrito por\" \/>\n\t<meta name=\"twitter:data1\" content=\"Gabriel Martins\" \/>\n\t<meta name=\"twitter:label2\" content=\"Est. tempo de leitura\" \/>\n\t<meta name=\"twitter:data2\" content=\"4 minutos\" \/>\n<!-- \/ Yoast SEO plugin. -->","yoast_head_json":{"title":"O verdadeiro uso do buraco na frigideira que quase ningu\u00e9m sabe - Estado de Minas - Em foco","description":"Voc\u00ea usa a frigideira todos os dias, mas sabia que o cabo esconde uma fun\u00e7\u00e3o incr\u00edvel que pode facilitar sua vida na cozinha?","robots":{"index":"index","follow":"follow","max-snippet":"max-snippet:-1","max-image-preview":"max-image-preview:large","max-video-preview":"max-video-preview:-1"},"canonical":"https:\/\/www.em.com.br\/emfoco\/2025\/10\/08\/o-verdadeiro-uso-do-buraco-na-frigideira-que-quase-ninguem-sabe\/","og_locale":"pt_BR","og_type":"article","og_title":"O verdadeiro uso do buraco na frigideira que quase ningu\u00e9m sabe - Estado de Minas - Em foco","og_description":"Voc\u00ea usa a frigideira todos os dias, mas sabia que o cabo esconde uma fun\u00e7\u00e3o incr\u00edvel que pode facilitar sua vida na cozinha?","og_url":"https:\/\/www.em.com.br\/emfoco\/2025\/10\/08\/o-verdadeiro-uso-do-buraco-na-frigideira-que-quase-ninguem-sabe\/","og_site_name":"Estado de Minas - Em foco","article_published_time":"2025-10-08T14:45:23+00:00","article_modified_time":"2025-10-07T16:41:00+00:00","og_image":[{"width":1280,"height":720,"url":"https:\/\/www.em.com.br\/emfoco\/wp-content\/uploads\/2025\/10\/frigideira-_1759853114350.jpg","type":"image\/jpeg"}],"author":"Gabriel Martins","twitter_card":"summary_large_image","twitter_misc":{"Escrito por":"Gabriel Martins","Est. tempo de leitura":"4 minutos"},"schema":{"@context":"https:\/\/schema.org","@graph":[{"@type":"WebPage","@id":"https:\/\/www.em.com.br\/emfoco\/2025\/10\/08\/o-verdadeiro-uso-do-buraco-na-frigideira-que-quase-ninguem-sabe\/","url":"https:\/\/www.em.com.br\/emfoco\/2025\/10\/08\/o-verdadeiro-uso-do-buraco-na-frigideira-que-quase-ninguem-sabe\/","name":"O verdadeiro uso do buraco na frigideira que quase ningu\u00e9m sabe - Estado de Minas - Em foco","isPartOf":{"@id":"https:\/\/www.em.com.br\/emfoco\/#website"},"primaryImageOfPage":{"@id":"https:\/\/www.em.com.br\/emfoco\/2025\/10\/08\/o-verdadeiro-uso-do-buraco-na-frigideira-que-quase-ninguem-sabe\/#primaryimage"},"image":{"@id":"https:\/\/www.em.com.br\/emfoco\/2025\/10\/08\/o-verdadeiro-uso-do-buraco-na-frigideira-que-quase-ninguem-sabe\/#primaryimage"},"thumbnailUrl":"https:\/\/www.em.com.br\/emfoco\/wp-content\/uploads\/2025\/10\/frigideira-_1759853114350.jpg","datePublished":"2025-10-08T14:45:23+00:00","dateModified":"2025-10-07T16:41:00+00:00","author":{"@id":"https:\/\/www.em.com.br\/emfoco\/#\/schema\/person\/1c9ddeab18b98abeffef834667bcf08a"},"description":"Voc\u00ea usa a frigideira todos os dias, mas sabia que o cabo esconde uma fun\u00e7\u00e3o incr\u00edvel que pode facilitar sua vida na cozinha?","breadcrumb":{"@id":"https:\/\/www.em.com.br\/emfoco\/2025\/10\/08\/o-verdadeiro-uso-do-buraco-na-frigideira-que-quase-ninguem-sabe\/#breadcrumb"},"inLanguage":"pt-BR","potentialAction":[{"@type":"ReadAction","target":["https:\/\/www.em.com.br\/emfoco\/2025\/10\/08\/o-verdadeiro-uso-do-buraco-na-frigideira-que-quase-ninguem-sabe\/"]}]},{"@type":"ImageObject","inLanguage":"pt-BR","@id":"https:\/\/www.em.com.br\/emfoco\/2025\/10\/08\/o-verdadeiro-uso-do-buraco-na-frigideira-que-quase-ninguem-sabe\/#primaryimage","url":"https:\/\/www.em.com.br\/emfoco\/wp-content\/uploads\/2025\/10\/frigideira-_1759853114350.jpg","contentUrl":"https:\/\/www.em.com.br\/emfoco\/wp-content\/uploads\/2025\/10\/frigideira-_1759853114350.jpg","width":1280,"height":720,"caption":"Aumenta a vida \u00fatil dos utens\u00edlios ao evitar mau uso - Cr\u00e9ditos: depositphotos.com \/ IgorVetushko"},{"@type":"BreadcrumbList","@id":"https:\/\/www.em.com.br\/emfoco\/2025\/10\/08\/o-verdadeiro-uso-do-buraco-na-frigideira-que-quase-ninguem-sabe\/#breadcrumb","itemListElement":[{"@type":"ListItem","position":1,"name":"In\u00edcio","item":"https:\/\/www.em.com.br\/emfoco\/"},{"@type":"ListItem","position":2,"name":"O verdadeiro uso do buraco na frigideira que quase ningu\u00e9m sabe"}]},{"@type":"WebSite","@id":"https:\/\/www.em.com.br\/emfoco\/#website","url":"https:\/\/www.em.com.br\/emfoco\/","name":"Estado de Minas - Em foco","description":"Acompanhe as \u00faltimas not\u00edcias e fique bem informado sobre tudo o que acontece em Minas Gerais, Brasil e no mundo.","potentialAction":[{"@type":"SearchAction","target":{"@type":"EntryPoint","urlTemplate":"https:\/\/www.em.com.br\/emfoco\/?s={search_term_string}"},"query-input":{"@type":"PropertyValueSpecification","valueRequired":true,"valueName":"search_term_string"}}],"inLanguage":"pt-BR"},{"@type":"Person","@id":"https:\/\/www.em.com.br\/emfoco\/#\/schema\/person\/1c9ddeab18b98abeffef834667bcf08a","name":"Gabriel Martins","image":{"@type":"ImageObject","inLanguage":"pt-BR","@id":"https:\/\/www.em.com.br\/emfoco\/#\/schema\/person\/image\/","url":"https:\/\/secure.gravatar.com\/avatar\/f0f1e2efdfd88f1ad2cb08c5c2731e50?s=96&d=mm&r=g","contentUrl":"https:\/\/secure.gravatar.com\/avatar\/f0f1e2efdfd88f1ad2cb08c5c2731e50?s=96&d=mm&r=g","caption":"Gabriel Martins"},"sameAs":["https:\/\/www.em.com.br\/emfoco\/"],"url":"https:\/\/www.em.com.br\/emfoco\/author\/gabrielmartinsmyth\/"}]}},"_links":{"self":[{"href":"https:\/\/www.em.com.br\/emfoco\/wp-json\/wp\/v2\/posts\/112418","targetHints":{"allow":["GET"]}}],"collection":[{"href":"https:\/\/www.em.com.br\/emfoco\/wp-json\/wp\/v2\/posts"}],"about":[{"href":"https:\/\/www.em.com.br\/emfoco\/wp-json\/wp\/v2\/types\/post"}],"author":[{"embeddable":true,"href":"https:\/\/www.em.com.br\/emfoco\/wp-json\/wp\/v2\/users\/13"}],"replies":[{"embeddable":true,"href":"https:\/\/www.em.com.br\/emfoco\/wp-json\/wp\/v2\/comments?post=112418"}],"version-history":[{"count":1,"href":"https:\/\/www.em.com.br\/emfoco\/wp-json\/wp\/v2\/posts\/112418\/revisions"}],"predecessor-version":[{"id":112444,"href":"https:\/\/www.em.com.br\/emfoco\/wp-json\/wp\/v2\/posts\/112418\/revisions\/112444"}],"wp:featuredmedia":[{"embeddable":true,"href":"https:\/\/www.em.com.br\/emfoco\/wp-json\/wp\/v2\/media\/112441"}],"wp:attachment":[{"href":"https:\/\/www.em.com.br\/emfoco\/wp-json\/wp\/v2\/media?parent=112418"}],"wp:term":[{"taxonomy":"category","embeddable":true,"href":"https:\/\/www.em.com.br\/emfoco\/wp-json\/wp\/v2\/categories?post=112418"},{"taxonomy":"post_tag","embeddable":true,"href":"https:\/\/www.em.com.br\/emfoco\/wp-json\/wp\/v2\/tags?post=112418"}],"curies":[{"name":"wp","href":"https:\/\/api.w.org\/{rel}","templated":true}]}}