{"id":112365,"date":"2025-10-08T09:05:00","date_gmt":"2025-10-08T12:05:00","guid":{"rendered":"https:\/\/www.em.com.br\/emfoco\/?p=112365"},"modified":"2025-10-07T18:30:56","modified_gmt":"2025-10-07T21:30:56","slug":"o-efeito-surpreendente-do-limao-no-corpo-que-poucos-conhecem","status":"publish","type":"post","link":"https:\/\/www.em.com.br\/emfoco\/2025\/10\/08\/o-efeito-surpreendente-do-limao-no-corpo-que-poucos-conhecem\/","title":{"rendered":"O efeito surpreendente do lim\u00e3o no corpo que poucos conhecem"},"content":{"rendered":"\n<p>O <strong>lim\u00e3o<\/strong> \u00e9 amplamente reconhecido por suas <strong>propriedades excepcionais<\/strong> que contribuem para o bom funcionamento do <strong>sistema digestivo<\/strong> e para a promo\u00e7\u00e3o de um <strong>detox natural<\/strong> do organismo. Al\u00e9m de ser uma excelente fonte de <strong>vitamina C<\/strong>, o <strong>lim\u00e3o<\/strong> oferece uma combina\u00e7\u00e3o de nutrientes e compostos bioativos que beneficiam v\u00e1rios aspectos da <strong>sa\u00fade<\/strong>, proporcionando vitalidade e bem-estar.<\/p>\n\n\n\n<ul class=\"wp-block-list\">\n<li><strong>Fortalece<\/strong> de forma eficaz o <strong>sistema imunol\u00f3gico<\/strong>.<\/li>\n\n\n\n<li>Contribui de maneira significativa para o <strong>processo digestivo<\/strong>.<\/li>\n\n\n\n<li>Favorece a <strong>desintoxica\u00e7\u00e3o natural<\/strong> do corpo, facilitando a elimina\u00e7\u00e3o de <strong>impurezas<\/strong>.<\/li>\n<\/ul>\n\n\n\n<h2 class=\"wp-block-heading\">Por que o lim\u00e3o \u00e9 bom para a digest\u00e3o?<\/h2>\n\n\n\n<p>O <strong>suco de lim\u00e3o<\/strong> estimula a produ\u00e7\u00e3o de <strong>\u00e1cido clor\u00eddrico<\/strong> no est\u00f4mago, fundamental para a quebra eficiente dos alimentos e para uma digest\u00e3o mais completa. O consumo regular de <strong>lim\u00e3o<\/strong> pode potencializar a <strong>absor\u00e7\u00e3o de nutrientes essenciais<\/strong>, al\u00e9m de auxiliar na preven\u00e7\u00e3o de desconfortos como <strong>indigest\u00e3o<\/strong> e sensa\u00e7\u00e3o de peso ap\u00f3s as refei\u00e7\u00f5es.<\/p>\n\n\n\n<p>Al\u00e9m disso, a presen\u00e7a de <strong>pectina<\/strong> no lim\u00e3o \u2014 uma <strong>fibra sol\u00favel<\/strong> \u2014 atua na regula\u00e7\u00e3o do <strong>tr\u00e2nsito intestinal<\/strong>, promovendo o bom funcionamento do <strong>intestino<\/strong> e proporcionando maior sensa\u00e7\u00e3o de saciedade, auxiliando no <strong>controle do apetite<\/strong> e prevenindo excessos alimentares.<\/p>\n\n\n<div class=\"wp-block-image\">\n<figure class=\"aligncenter size-large\"><img loading=\"lazy\" decoding=\"async\" width=\"1024\" height=\"576\" src=\"https:\/\/www.em.com.br\/emfoco\/wp-content\/uploads\/2025\/10\/suco-de-limao-_1759842977398-1024x576.jpg\" alt=\"\" class=\"wp-image-112384\" srcset=\"https:\/\/www.em.com.br\/emfoco\/wp-content\/uploads\/2025\/10\/suco-de-limao-_1759842977398-1024x576.jpg 1024w, https:\/\/www.em.com.br\/emfoco\/wp-content\/uploads\/2025\/10\/suco-de-limao-_1759842977398-300x169.jpg 300w, https:\/\/www.em.com.br\/emfoco\/wp-content\/uploads\/2025\/10\/suco-de-limao-_1759842977398-768x432.jpg 768w, https:\/\/www.em.com.br\/emfoco\/wp-content\/uploads\/2025\/10\/suco-de-limao-_1759842977398-750x422.jpg 750w, https:\/\/www.em.com.br\/emfoco\/wp-content\/uploads\/2025\/10\/suco-de-limao-_1759842977398-1140x641.jpg 1140w, https:\/\/www.em.com.br\/emfoco\/wp-content\/uploads\/2025\/10\/suco-de-limao-_1759842977398.jpg 1280w\" sizes=\"auto, (max-width: 1024px) 100vw, 1024px\" \/><figcaption class=\"wp-element-caption\">O suco de lim\u00e3o estimula a produ\u00e7\u00e3o de \u00e1cido clor\u00eddrico no est\u00f4mago &#8211; Cr\u00e9ditos: depositphotos.com \/ magone<\/figcaption><\/figure><\/div>\n\n\n<h2 class=\"wp-block-heading\">Como o lim\u00e3o contribui para a desintoxica\u00e7\u00e3o natural?<\/h2>\n\n\n\n<p>O <strong>lim\u00e3o<\/strong> \u00e9 conhecido por suas propriedades <strong>diur\u00e9ticas<\/strong>, que aumentam a produ\u00e7\u00e3o de <strong>urina<\/strong> e, consequentemente, facilitam a <strong>elimina\u00e7\u00e3o das toxinas<\/strong> do organismo. Consumir <strong>\u00e1gua com lim\u00e3o<\/strong> em jejum, especialmente pela manh\u00e3, estimula o <strong>f\u00edgado<\/strong> e contribui para a limpeza dos \u00f3rg\u00e3os internos, favorecendo a <strong>desintoxica\u00e7\u00e3o natural<\/strong> do corpo.<\/p>\n\n\n\n<p>A <strong>vitamina C<\/strong> presente no lim\u00e3o atua como um potente <strong>antioxidante<\/strong>, combatendo os <a href=\"https:\/\/www.tuasaude.com\/radicais-livres-e-envelhecimento\/\" target=\"_blank\" rel=\"noreferrer noopener\">radicais livres<\/a>, protegendo as c\u00e9lulas contra danos e promovendo uma <strong>pele<\/strong> mais jovem, saud\u00e1vel e luminosa. O efeito <strong>antioxidante<\/strong> tamb\u00e9m auxilia na preven\u00e7\u00e3o de <strong>doen\u00e7as<\/strong> e no fortalecimento do <strong>sistema imunol\u00f3gico<\/strong>.<\/p>\n\n\n\n<h2 class=\"wp-block-heading\">Como incluir o lim\u00e3o na dieta di\u00e1ria?<\/h2>\n\n\n\n<p>Incorporar o <strong>lim\u00e3o<\/strong> \u00e0s refei\u00e7\u00f5es di\u00e1rias \u00e9 simples, pr\u00e1tico e proporciona diversos benef\u00edcios \u00e0 <strong>sa\u00fade<\/strong>. Veja abaixo algumas sugest\u00f5es eficientes:<\/p>\n\n\n\n<ul class=\"wp-block-list\">\n<li>Adicione o <strong>suco de lim\u00e3o<\/strong> \u00e0 <strong>\u00e1gua morna<\/strong> e beba logo pela manh\u00e3 para estimular o <strong>aparelho digestivo<\/strong>.<\/li>\n\n\n\n<li>Utilize o <strong>lim\u00e3o<\/strong> como <strong>tempero<\/strong> em saladas, peixes, carnes e at\u00e9 mesmo legumes para real\u00e7ar o sabor e aumentar a ingest\u00e3o de <strong>vitamina C<\/strong>.<\/li>\n\n\n\n<li>Prepare <strong>ch\u00e1s com fatias de lim\u00e3o<\/strong> ou utilize seu <strong>suco<\/strong> para enriquecer bebidas, tornando a <strong>hidrata\u00e7\u00e3o<\/strong> mais prazerosa e nutritiva.<\/li>\n<\/ul>\n\n\n<div class=\"wp-block-image\">\n<figure class=\"aligncenter size-large\"><img loading=\"lazy\" decoding=\"async\" width=\"1024\" height=\"576\" src=\"https:\/\/www.em.com.br\/emfoco\/wp-content\/uploads\/2025\/10\/suco-de-limao-_1759843011797-1024x576.jpg\" alt=\"\" class=\"wp-image-112385\" srcset=\"https:\/\/www.em.com.br\/emfoco\/wp-content\/uploads\/2025\/10\/suco-de-limao-_1759843011797-1024x576.jpg 1024w, https:\/\/www.em.com.br\/emfoco\/wp-content\/uploads\/2025\/10\/suco-de-limao-_1759843011797-300x169.jpg 300w, https:\/\/www.em.com.br\/emfoco\/wp-content\/uploads\/2025\/10\/suco-de-limao-_1759843011797-768x432.jpg 768w, https:\/\/www.em.com.br\/emfoco\/wp-content\/uploads\/2025\/10\/suco-de-limao-_1759843011797-750x422.jpg 750w, https:\/\/www.em.com.br\/emfoco\/wp-content\/uploads\/2025\/10\/suco-de-limao-_1759843011797-1140x641.jpg 1140w, https:\/\/www.em.com.br\/emfoco\/wp-content\/uploads\/2025\/10\/suco-de-limao-_1759843011797.jpg 1280w\" sizes=\"auto, (max-width: 1024px) 100vw, 1024px\" \/><figcaption class=\"wp-element-caption\">A vitamina C presente no lim\u00e3o atua como um potente antioxidante &#8211; Cr\u00e9ditos: depositphotos.com \/ AntonMatyukha<\/figcaption><\/figure><\/div>\n\n\n<p>Essas pequenas mudan\u00e7as alimentares contribuem n\u00e3o apenas para uma <strong>digest\u00e3o mais eficiente<\/strong>, mas tamb\u00e9m potencializam o processo di\u00e1rio de <strong>detox<\/strong> do organismo. Profissionais de <strong>Nutri\u00e7\u00e3o<\/strong> em cidades como <strong>S\u00e3o Paulo<\/strong> t\u00eam refor\u00e7ado a import\u00e2ncia do consumo regular de <strong>lim\u00e3o<\/strong> durante todo o ano, principalmente no <strong>ver\u00e3o<\/strong>, devido \u00e0 sua <strong>refresc\u00e2ncia<\/strong>, propriedades <strong>hidratantes<\/strong> e papel protetor contra <strong>infec\u00e7\u00f5es sazonais<\/strong>.<\/p>\n\n\n\n<p>Leia tamb\u00e9m: <a href=\"https:\/\/www.em.com.br\/emfoco\/2025\/10\/01\/os-sucos-mais-eficazes-para-combater-rugas-e-queda-de-cabelo\/\" target=\"_blank\" rel=\"noopener\">Os sucos mais eficazes para combater rugas e queda de cabelo<\/a><\/p>\n\n\n\n<h2 class=\"wp-block-heading\">A import\u00e2ncia do lim\u00e3o no dia a dia<\/h2>\n\n\n\n<p>Incorporar o <strong>lim\u00e3o<\/strong> \u00e0 <strong>rotina alimentar di\u00e1ria<\/strong> pode gerar m\u00faltiplos benef\u00edcios para a <strong>sa\u00fade<\/strong>. Al\u00e9m de ser um <strong>alimento acess\u00edvel<\/strong> e vers\u00e1til, o <strong>lim\u00e3o<\/strong> fornece suporte essencial ao <strong>sistema digestivo<\/strong> e atua no processo de <strong>desintoxica\u00e7\u00e3o<\/strong> do organismo de maneira natural e eficiente.<\/p>\n\n\n\n<ul class=\"wp-block-list\">\n<li>O <strong>lim\u00e3o<\/strong> favorece uma <strong>digest\u00e3o saud\u00e1vel<\/strong> ao estimular a produ\u00e7\u00e3o de <strong>enzimas digestivas fundamentais<\/strong>.<\/li>\n\n\n\n<li>Auxilia na <strong>elimina\u00e7\u00e3o de toxinas<\/strong> do corpo, promovendo <strong>equil\u00edbrio<\/strong> e sensa\u00e7\u00e3o de leveza.<\/li>\n\n\n\n<li>Por ser riqu\u00edssimo em <strong>vitamina C<\/strong>, contribui para fortalecer o <strong>sistema imunol\u00f3gico<\/strong> e prevenir <strong>doen\u00e7as<\/strong>.<\/li>\n<\/ul>\n\n\n\n<p>O simples h\u00e1bito de adicionar o <strong>lim\u00e3o<\/strong> ao cotidiano pode trazer resultados not\u00e1veis e duradouros para a <strong>sa\u00fade geral<\/strong>, tornando-se um aliado poderoso, natural e econ\u00f4mico. Aproveite todos os benef\u00edcios que essa pequena fruta pode proporcionar e incentive-se a inclu\u00ed-la em sua rotina. Diversos portais de sa\u00fade, incluindo o <a href=\"https:\/\/www.gov.br\/saude\/pt-br\" target=\"_blank\" rel=\"noreferrer noopener\">Minist\u00e9rio da Sa\u00fade<\/a> do <strong>Brasil<\/strong>, destacam regularmente o consumo do <strong>lim\u00e3o<\/strong> como um dos h\u00e1bitos mais recomendados para o <strong>bem-estar<\/strong> e qualidade de vida.<\/p>\n","protected":false},"excerpt":{"rendered":"<p>O lim\u00e3o \u00e9 amplamente reconhecido por suas propriedades excepcionais que contribuem para o bom funcionamento do sistema digestivo e para a promo\u00e7\u00e3o de um detox natural do organismo. Al\u00e9m de ser uma excelente fonte de vitamina C, o lim\u00e3o oferece uma combina\u00e7\u00e3o de nutrientes e compostos bioativos que beneficiam v\u00e1rios aspectos da sa\u00fade, proporcionando vitalidade [&hellip;]<\/p>\n","protected":false},"author":9,"featured_media":32873,"comment_status":"open","ping_status":"open","sticky":false,"template":"","format":"standard","meta":{"jnews-multi-image_gallery":[],"jnews_single_post":{"format":"standard"},"jnews_primary_category":[],"jnews_social_meta":[],"jnews_override_counter":[],"footnotes":""},"categories":[8691,1],"tags":[4205,3108,17121],"class_list":["post-112365","post","type-post","status-publish","format-standard","has-post-thumbnail","hentry","category-bem-estar","category-noticias","tag-digestao","tag-limao","tag-suco-detox"],"yoast_head":"<!-- This site is optimized with the Yoast SEO plugin v23.8 - https:\/\/yoast.com\/wordpress\/plugins\/seo\/ -->\n<title>O efeito surpreendente do lim\u00e3o no corpo que poucos conhecem<\/title>\n<meta name=\"description\" content=\"Rico em vitamina C, o lim\u00e3o estimula o f\u00edgado, melhora a digest\u00e3o e fortalece o sistema imunol\u00f3gico de forma natural.\" \/>\n<meta name=\"robots\" content=\"index, follow, max-snippet:-1, max-image-preview:large, max-video-preview:-1\" \/>\n<link rel=\"canonical\" href=\"https:\/\/www.em.com.br\/emfoco\/2025\/10\/08\/o-efeito-surpreendente-do-limao-no-corpo-que-poucos-conhecem\/\" \/>\n<meta property=\"og:locale\" content=\"pt_BR\" \/>\n<meta property=\"og:type\" content=\"article\" \/>\n<meta property=\"og:title\" content=\"O efeito surpreendente do lim\u00e3o no corpo que poucos conhecem\" \/>\n<meta property=\"og:description\" content=\"Rico em vitamina C, o lim\u00e3o estimula o f\u00edgado, melhora a digest\u00e3o e fortalece o sistema imunol\u00f3gico de forma natural.\" \/>\n<meta property=\"og:url\" content=\"https:\/\/www.em.com.br\/emfoco\/2025\/10\/08\/o-efeito-surpreendente-do-limao-no-corpo-que-poucos-conhecem\/\" \/>\n<meta property=\"og:site_name\" content=\"Estado de Minas - Em foco\" \/>\n<meta property=\"article:published_time\" content=\"2025-10-08T12:05:00+00:00\" \/>\n<meta property=\"article:modified_time\" content=\"2025-10-07T21:30:56+00:00\" \/>\n<meta property=\"og:image\" content=\"https:\/\/www.em.com.br\/emfoco\/wp-content\/uploads\/2025\/03\/limao-_1743080558639.jpg\" \/>\n\t<meta property=\"og:image:width\" content=\"1280\" \/>\n\t<meta property=\"og:image:height\" content=\"720\" \/>\n\t<meta property=\"og:image:type\" content=\"image\/jpeg\" \/>\n<meta name=\"author\" content=\"Daniely Cardoso\" \/>\n<meta name=\"twitter:card\" content=\"summary_large_image\" \/>\n<meta name=\"twitter:label1\" content=\"Escrito por\" \/>\n\t<meta name=\"twitter:data1\" content=\"Daniely Cardoso\" \/>\n\t<meta name=\"twitter:label2\" content=\"Est. tempo de leitura\" \/>\n\t<meta name=\"twitter:data2\" content=\"5 minutos\" \/>\n<!-- \/ Yoast SEO plugin. -->","yoast_head_json":{"title":"O efeito surpreendente do lim\u00e3o no corpo que poucos conhecem","description":"Rico em vitamina C, o lim\u00e3o estimula o f\u00edgado, melhora a digest\u00e3o e fortalece o sistema imunol\u00f3gico de forma natural.","robots":{"index":"index","follow":"follow","max-snippet":"max-snippet:-1","max-image-preview":"max-image-preview:large","max-video-preview":"max-video-preview:-1"},"canonical":"https:\/\/www.em.com.br\/emfoco\/2025\/10\/08\/o-efeito-surpreendente-do-limao-no-corpo-que-poucos-conhecem\/","og_locale":"pt_BR","og_type":"article","og_title":"O efeito surpreendente do lim\u00e3o no corpo que poucos conhecem","og_description":"Rico em vitamina C, o lim\u00e3o estimula o f\u00edgado, melhora a digest\u00e3o e fortalece o sistema imunol\u00f3gico de forma natural.","og_url":"https:\/\/www.em.com.br\/emfoco\/2025\/10\/08\/o-efeito-surpreendente-do-limao-no-corpo-que-poucos-conhecem\/","og_site_name":"Estado de Minas - Em foco","article_published_time":"2025-10-08T12:05:00+00:00","article_modified_time":"2025-10-07T21:30:56+00:00","og_image":[{"width":1280,"height":720,"url":"https:\/\/www.em.com.br\/emfoco\/wp-content\/uploads\/2025\/03\/limao-_1743080558639.jpg","type":"image\/jpeg"}],"author":"Daniely Cardoso","twitter_card":"summary_large_image","twitter_misc":{"Escrito por":"Daniely Cardoso","Est. tempo de leitura":"5 minutos"},"schema":{"@context":"https:\/\/schema.org","@graph":[{"@type":"WebPage","@id":"https:\/\/www.em.com.br\/emfoco\/2025\/10\/08\/o-efeito-surpreendente-do-limao-no-corpo-que-poucos-conhecem\/","url":"https:\/\/www.em.com.br\/emfoco\/2025\/10\/08\/o-efeito-surpreendente-do-limao-no-corpo-que-poucos-conhecem\/","name":"O efeito surpreendente do lim\u00e3o no corpo que poucos conhecem","isPartOf":{"@id":"https:\/\/www.em.com.br\/emfoco\/#website"},"primaryImageOfPage":{"@id":"https:\/\/www.em.com.br\/emfoco\/2025\/10\/08\/o-efeito-surpreendente-do-limao-no-corpo-que-poucos-conhecem\/#primaryimage"},"image":{"@id":"https:\/\/www.em.com.br\/emfoco\/2025\/10\/08\/o-efeito-surpreendente-do-limao-no-corpo-que-poucos-conhecem\/#primaryimage"},"thumbnailUrl":"https:\/\/www.em.com.br\/emfoco\/wp-content\/uploads\/2025\/03\/limao-_1743080558639.jpg","datePublished":"2025-10-08T12:05:00+00:00","dateModified":"2025-10-07T21:30:56+00:00","author":{"@id":"https:\/\/www.em.com.br\/emfoco\/#\/schema\/person\/0a8186d72f2c3a5c6276d90b41f271a0"},"description":"Rico em vitamina C, o lim\u00e3o estimula o f\u00edgado, melhora a digest\u00e3o e fortalece o sistema imunol\u00f3gico de forma natural.","breadcrumb":{"@id":"https:\/\/www.em.com.br\/emfoco\/2025\/10\/08\/o-efeito-surpreendente-do-limao-no-corpo-que-poucos-conhecem\/#breadcrumb"},"inLanguage":"pt-BR","potentialAction":[{"@type":"ReadAction","target":["https:\/\/www.em.com.br\/emfoco\/2025\/10\/08\/o-efeito-surpreendente-do-limao-no-corpo-que-poucos-conhecem\/"]}]},{"@type":"ImageObject","inLanguage":"pt-BR","@id":"https:\/\/www.em.com.br\/emfoco\/2025\/10\/08\/o-efeito-surpreendente-do-limao-no-corpo-que-poucos-conhecem\/#primaryimage","url":"https:\/\/www.em.com.br\/emfoco\/wp-content\/uploads\/2025\/03\/limao-_1743080558639.jpg","contentUrl":"https:\/\/www.em.com.br\/emfoco\/wp-content\/uploads\/2025\/03\/limao-_1743080558639.jpg","width":1280,"height":720,"caption":"Lim\u00e3o - Cr\u00e9ditos: depositphotos.com \/ VitalikRadko"},{"@type":"BreadcrumbList","@id":"https:\/\/www.em.com.br\/emfoco\/2025\/10\/08\/o-efeito-surpreendente-do-limao-no-corpo-que-poucos-conhecem\/#breadcrumb","itemListElement":[{"@type":"ListItem","position":1,"name":"In\u00edcio","item":"https:\/\/www.em.com.br\/emfoco\/"},{"@type":"ListItem","position":2,"name":"O efeito surpreendente do lim\u00e3o no corpo que poucos conhecem"}]},{"@type":"WebSite","@id":"https:\/\/www.em.com.br\/emfoco\/#website","url":"https:\/\/www.em.com.br\/emfoco\/","name":"Estado de Minas - Em foco","description":"Acompanhe as \u00faltimas not\u00edcias e fique bem informado sobre tudo o que acontece em Minas Gerais, Brasil e no mundo.","potentialAction":[{"@type":"SearchAction","target":{"@type":"EntryPoint","urlTemplate":"https:\/\/www.em.com.br\/emfoco\/?s={search_term_string}"},"query-input":{"@type":"PropertyValueSpecification","valueRequired":true,"valueName":"search_term_string"}}],"inLanguage":"pt-BR"},{"@type":"Person","@id":"https:\/\/www.em.com.br\/emfoco\/#\/schema\/person\/0a8186d72f2c3a5c6276d90b41f271a0","name":"Daniely Cardoso","image":{"@type":"ImageObject","inLanguage":"pt-BR","@id":"https:\/\/www.em.com.br\/emfoco\/#\/schema\/person\/image\/","url":"https:\/\/secure.gravatar.com\/avatar\/4b80ddbd124d1f071b626d52d62e5dff?s=96&d=mm&r=g","contentUrl":"https:\/\/secure.gravatar.com\/avatar\/4b80ddbd124d1f071b626d52d62e5dff?s=96&d=mm&r=g","caption":"Daniely Cardoso"},"url":"https:\/\/www.em.com.br\/emfoco\/author\/danielymyth\/"}]}},"_links":{"self":[{"href":"https:\/\/www.em.com.br\/emfoco\/wp-json\/wp\/v2\/posts\/112365","targetHints":{"allow":["GET"]}}],"collection":[{"href":"https:\/\/www.em.com.br\/emfoco\/wp-json\/wp\/v2\/posts"}],"about":[{"href":"https:\/\/www.em.com.br\/emfoco\/wp-json\/wp\/v2\/types\/post"}],"author":[{"embeddable":true,"href":"https:\/\/www.em.com.br\/emfoco\/wp-json\/wp\/v2\/users\/9"}],"replies":[{"embeddable":true,"href":"https:\/\/www.em.com.br\/emfoco\/wp-json\/wp\/v2\/comments?post=112365"}],"version-history":[{"count":2,"href":"https:\/\/www.em.com.br\/emfoco\/wp-json\/wp\/v2\/posts\/112365\/revisions"}],"predecessor-version":[{"id":112386,"href":"https:\/\/www.em.com.br\/emfoco\/wp-json\/wp\/v2\/posts\/112365\/revisions\/112386"}],"wp:featuredmedia":[{"embeddable":true,"href":"https:\/\/www.em.com.br\/emfoco\/wp-json\/wp\/v2\/media\/32873"}],"wp:attachment":[{"href":"https:\/\/www.em.com.br\/emfoco\/wp-json\/wp\/v2\/media?parent=112365"}],"wp:term":[{"taxonomy":"category","embeddable":true,"href":"https:\/\/www.em.com.br\/emfoco\/wp-json\/wp\/v2\/categories?post=112365"},{"taxonomy":"post_tag","embeddable":true,"href":"https:\/\/www.em.com.br\/emfoco\/wp-json\/wp\/v2\/tags?post=112365"}],"curies":[{"name":"wp","href":"https:\/\/api.w.org\/{rel}","templated":true}]}}