{"id":112297,"date":"2025-10-08T19:55:00","date_gmt":"2025-10-08T22:55:00","guid":{"rendered":"https:\/\/www.em.com.br\/emfoco\/?p=112297"},"modified":"2025-10-07T11:19:04","modified_gmt":"2025-10-07T14:19:04","slug":"a-nova-tendencia-que-transforma-seu-quarto-e-otimiza-espaco","status":"publish","type":"post","link":"https:\/\/www.em.com.br\/emfoco\/2025\/10\/08\/a-nova-tendencia-que-transforma-seu-quarto-e-otimiza-espaco\/","title":{"rendered":"A nova tend\u00eancia que transforma seu quarto e otimiza espa\u00e7o"},"content":{"rendered":"\n<p><strong>A cabeceira de cama<\/strong> \u00e9 praticamente indispens\u00e1vel para muitas pessoas que buscam <strong>conforto<\/strong> e <strong>bem-estar<\/strong> no quarto. Atualmente, uma nova tend\u00eancia vem conquistando espa\u00e7o na decora\u00e7\u00e3o: as <strong>cabeceiras modulares<\/strong>. Diferentes dos tradicionais modelos de madeira ou estofados, essas cabeceiras oferecem um <strong>design moderno<\/strong>, al\u00e9m de serem ideais para <strong>otimizar o espa\u00e7o<\/strong> do ambiente, proporcionando solu\u00e7\u00f5es <strong>flutuantes<\/strong> e <strong>multifuncionais<\/strong> para quartos de todos os tamanhos.<\/p>\n\n\n\n<ul class=\"wp-block-list\">\n<li><strong>Decora\u00e7\u00e3o<\/strong> com personalidade e estilo inovador<\/li>\n\n\n\n<li><strong>Funcionalidade<\/strong> com prateleiras e luzes integradas<\/li>\n\n\n\n<li><strong>Personaliza\u00e7\u00e3o<\/strong> para qualquer tamanho de quarto<\/li>\n<\/ul>\n\n\n\n<h2 class=\"wp-block-heading\">Por que escolher um cabeceira de cama modular?<\/h2>\n\n\n\n<p>Essa op\u00e7\u00e3o <strong>inovadora<\/strong> n\u00e3o apenas valoriza a <a href=\"https:\/\/br.pinterest.com\/search\/pins\/?q=cabeceiras%20modulares&amp;rs=typed\" target=\"_blank\" rel=\"noreferrer noopener\">decora\u00e7\u00e3o do quarto<\/a>, mas tamb\u00e9m traz <strong>personalidade<\/strong> e exclusividade ao ambiente. A <strong>cabeceira modular<\/strong> est\u00e1 cada vez mais adotado nos dormit\u00f3rios modernos, pois vai al\u00e9m da fun\u00e7\u00e3o b\u00e1sica das cabeceiras cl\u00e1ssicas \u2013 que era oferecer apoio para as costas. Agora, as <strong>novas tend\u00eancias<\/strong> unem <strong>est\u00e9tica<\/strong> e <strong>praticidade<\/strong>, agregando valor ao espa\u00e7o, conforto ao usu\u00e1rio e uma atmosfera mais sofisticada ao c\u00f4modo.<\/p>\n\n\n\n<h2 class=\"wp-block-heading\">Quais s\u00e3o os benef\u00edcios das cabeceiras flutuantes e multifuncionais?<\/h2>\n\n\n\n<p>Esses modelos inovadores apresentam <strong>prateleiras integradas<\/strong> perfeitas para apoiar livros, lumin\u00e1rias ou pequenos objetos decorativos. Muitos contam tamb\u00e9m com <strong>ilumina\u00e7\u00e3o LED<\/strong> embutida, tornando-se uma \u00f3tima op\u00e7\u00e3o para quem gosta de ler antes de dormir. Outro diferencial importante \u00e9 a fabrica\u00e7\u00e3o com <strong>materiais de f\u00e1cil limpeza<\/strong> e alta resist\u00eancia. Vale ressaltar que alguns modelos ainda oferecem tomadas ou <strong>carregadores USB<\/strong> integrados, ampliando a praticidade no dia a dia.<\/p>\n\n\n\n<iframe loading=\"lazy\" src=\"https:\/\/assets.pinterest.com\/ext\/embed.html?id=3518505954727959\" height=\"618\" width=\"345\" frameborder=\"0\" scrolling=\"no\" ><\/iframe>\n\n\n\n\n\n\n<h2 class=\"wp-block-heading\">Quais op\u00e7\u00f5es se adaptam a cada estilo de quarto?<\/h2>\n\n\n\n<p>Al\u00e9m disso, as <strong>cabeceiras modulares<\/strong> permitem <strong>personalizar<\/strong> o formato, acabamento e funcionalidades de acordo com o tamanho e o estilo de cada quarto. Eles conseguem unir <strong>est\u00e9tica<\/strong> e <strong>funcionalidade<\/strong> de maneira \u00fanica: alguns modelos contam com espa\u00e7os extras para <strong>armazenamento<\/strong> ou pontos de recarga para dispositivos eletr\u00f4nicos, como <strong>iPhone<\/strong> e <strong>Samsung Galaxy<\/strong>. Assim, \u00e9 poss\u00edvel criar um ambiente mais organizado e tecnol\u00f3gico, sem abrir m\u00e3o do charme.<\/p>\n\n\n\n<p>Leia tamb\u00e9m: <a href=\"https:\/\/www.em.com.br\/emfoco\/2025\/10\/07\/os-aparelhos-que-vao-te-ajudar-a-economizar-tempo-e-energia-na-sua-casa\/\" target=\"_blank\" rel=\"noopener\">Os aparelhos que v\u00e3o te ajudar a economizar tempo e energia na sua casa<\/a><\/p>\n\n\n\n<h2 class=\"wp-block-heading\">Quais aspectos considerar ao renovar seu quarto?<\/h2>\n\n\n\n<p>Na hora de renovar o dormit\u00f3rio, \u00e9 essencial considerar alguns pontos-chave:<\/p>\n\n\n\n<ul class=\"wp-block-list\">\n<li><strong>Tamanho do quarto<\/strong>: os modelos <strong>flutuantes<\/strong> ou <strong>modulares<\/strong> ajudam a n\u00e3o sobrecarregar o ambiente, garantindo amplitude visual.<\/li>\n\n\n\n<li><strong>Estilo decorativo<\/strong>: existem op\u00e7\u00f5es para todos os gostos, desde <strong>minimalista<\/strong> e <strong>industrial<\/strong> at\u00e9 <strong>r\u00fastico<\/strong> ou <strong>contempor\u00e2neo<\/strong>. Escolha materiais e cores que harmonizem com a decora\u00e7\u00e3o j\u00e1 existente.<\/li>\n\n\n\n<li><strong>Funcionalidade<\/strong>: modelos mais completos adicionam <strong>ilumina\u00e7\u00e3o<\/strong>, <strong>prateleiras<\/strong> ou <strong>carregadores USB<\/strong>, tornando a cabeceira um <strong>m\u00f3vel multifuncional<\/strong> e indispens\u00e1vel.<\/li>\n<\/ul>\n\n\n\n<h2 class=\"wp-block-heading\">Como dar uma mudan\u00e7a pr\u00e1tica e moderna ao seu quarto?<\/h2>\n\n\n\n<ul class=\"wp-block-list\">\n<li><strong>Personalize<\/strong> seu espa\u00e7o com uma<strong> cabeceira moderno<\/strong> e funcional.<\/li>\n\n\n\n<li><strong>Otimize<\/strong> o uso do espa\u00e7o com <strong>designs adapt\u00e1veis<\/strong> que respeitam o layout do quarto.<\/li>\n\n\n\n<li>Escolha uma cabeceira que combine <strong>estilo<\/strong> e <strong>praticidade<\/strong>, garantindo um ambiente mais confort\u00e1vel e contempor\u00e2neo.<\/li>\n<\/ul>\n","protected":false},"excerpt":{"rendered":"<p>A cabeceira de cama \u00e9 praticamente indispens\u00e1vel para muitas pessoas que buscam conforto e bem-estar no quarto. Atualmente, uma nova tend\u00eancia vem conquistando espa\u00e7o na decora\u00e7\u00e3o: as cabeceiras modulares. Diferentes dos tradicionais modelos de madeira ou estofados, essas cabeceiras oferecem um design moderno, al\u00e9m de serem ideais para otimizar o espa\u00e7o do ambiente, proporcionando solu\u00e7\u00f5es [&hellip;]<\/p>\n","protected":false},"author":9,"featured_media":112405,"comment_status":"open","ping_status":"open","sticky":false,"template":"","format":"standard","meta":{"jnews-multi-image_gallery":[],"jnews_single_post":{"format":"standard"},"jnews_primary_category":[],"jnews_social_meta":[],"jnews_override_counter":[],"footnotes":""},"categories":[8819,1],"tags":[8873,14609,13874],"class_list":["post-112297","post","type-post","status-publish","format-standard","has-post-thumbnail","hentry","category-curiosidades","category-noticias","tag-cama","tag-funcionalidade","tag-quarto"],"yoast_head":"<!-- This site is optimized with the Yoast SEO plugin v23.8 - https:\/\/yoast.com\/wordpress\/plugins\/seo\/ -->\n<title>A nova tend\u00eancia que transforma seu quarto e otimiza espa\u00e7o<\/title>\n<meta name=\"description\" content=\"Renove seu quarto com cabeceiras modulares modernas que unem estilo, funcionalidade e praticidade para qualquer tamanho de ambiente.\" \/>\n<meta name=\"robots\" content=\"index, follow, max-snippet:-1, max-image-preview:large, max-video-preview:-1\" \/>\n<link rel=\"canonical\" href=\"https:\/\/www.em.com.br\/emfoco\/2025\/10\/08\/a-nova-tendencia-que-transforma-seu-quarto-e-otimiza-espaco\/\" \/>\n<meta property=\"og:locale\" content=\"pt_BR\" \/>\n<meta property=\"og:type\" content=\"article\" \/>\n<meta property=\"og:title\" content=\"A nova tend\u00eancia que transforma seu quarto e otimiza espa\u00e7o\" \/>\n<meta property=\"og:description\" content=\"Renove seu quarto com cabeceiras modulares modernas que unem estilo, funcionalidade e praticidade para qualquer tamanho de ambiente.\" \/>\n<meta property=\"og:url\" content=\"https:\/\/www.em.com.br\/emfoco\/2025\/10\/08\/a-nova-tendencia-que-transforma-seu-quarto-e-otimiza-espaco\/\" \/>\n<meta property=\"og:site_name\" content=\"Estado de Minas - Em foco\" \/>\n<meta property=\"article:published_time\" content=\"2025-10-08T22:55:00+00:00\" \/>\n<meta property=\"article:modified_time\" content=\"2025-10-07T14:19:04+00:00\" \/>\n<meta property=\"og:image\" content=\"https:\/\/www.em.com.br\/emfoco\/wp-content\/uploads\/2025\/10\/cabeceira-de-cama_1759846356437.jpg\" \/>\n\t<meta property=\"og:image:width\" content=\"1280\" \/>\n\t<meta property=\"og:image:height\" content=\"720\" \/>\n\t<meta property=\"og:image:type\" content=\"image\/jpeg\" \/>\n<meta name=\"author\" content=\"Daniely Cardoso\" \/>\n<meta name=\"twitter:card\" content=\"summary_large_image\" \/>\n<meta name=\"twitter:label1\" content=\"Escrito por\" \/>\n\t<meta name=\"twitter:data1\" content=\"Daniely Cardoso\" \/>\n\t<meta name=\"twitter:label2\" content=\"Est. tempo de leitura\" \/>\n\t<meta name=\"twitter:data2\" content=\"3 minutos\" \/>\n<!-- \/ Yoast SEO plugin. -->","yoast_head_json":{"title":"A nova tend\u00eancia que transforma seu quarto e otimiza espa\u00e7o","description":"Renove seu quarto com cabeceiras modulares modernas que unem estilo, funcionalidade e praticidade para qualquer tamanho de ambiente.","robots":{"index":"index","follow":"follow","max-snippet":"max-snippet:-1","max-image-preview":"max-image-preview:large","max-video-preview":"max-video-preview:-1"},"canonical":"https:\/\/www.em.com.br\/emfoco\/2025\/10\/08\/a-nova-tendencia-que-transforma-seu-quarto-e-otimiza-espaco\/","og_locale":"pt_BR","og_type":"article","og_title":"A nova tend\u00eancia que transforma seu quarto e otimiza espa\u00e7o","og_description":"Renove seu quarto com cabeceiras modulares modernas que unem estilo, funcionalidade e praticidade para qualquer tamanho de ambiente.","og_url":"https:\/\/www.em.com.br\/emfoco\/2025\/10\/08\/a-nova-tendencia-que-transforma-seu-quarto-e-otimiza-espaco\/","og_site_name":"Estado de Minas - Em foco","article_published_time":"2025-10-08T22:55:00+00:00","article_modified_time":"2025-10-07T14:19:04+00:00","og_image":[{"width":1280,"height":720,"url":"https:\/\/www.em.com.br\/emfoco\/wp-content\/uploads\/2025\/10\/cabeceira-de-cama_1759846356437.jpg","type":"image\/jpeg"}],"author":"Daniely Cardoso","twitter_card":"summary_large_image","twitter_misc":{"Escrito por":"Daniely Cardoso","Est. tempo de leitura":"3 minutos"},"schema":{"@context":"https:\/\/schema.org","@graph":[{"@type":"WebPage","@id":"https:\/\/www.em.com.br\/emfoco\/2025\/10\/08\/a-nova-tendencia-que-transforma-seu-quarto-e-otimiza-espaco\/","url":"https:\/\/www.em.com.br\/emfoco\/2025\/10\/08\/a-nova-tendencia-que-transforma-seu-quarto-e-otimiza-espaco\/","name":"A nova tend\u00eancia que transforma seu quarto e otimiza espa\u00e7o","isPartOf":{"@id":"https:\/\/www.em.com.br\/emfoco\/#website"},"primaryImageOfPage":{"@id":"https:\/\/www.em.com.br\/emfoco\/2025\/10\/08\/a-nova-tendencia-que-transforma-seu-quarto-e-otimiza-espaco\/#primaryimage"},"image":{"@id":"https:\/\/www.em.com.br\/emfoco\/2025\/10\/08\/a-nova-tendencia-que-transforma-seu-quarto-e-otimiza-espaco\/#primaryimage"},"thumbnailUrl":"https:\/\/www.em.com.br\/emfoco\/wp-content\/uploads\/2025\/10\/cabeceira-de-cama_1759846356437.jpg","datePublished":"2025-10-08T22:55:00+00:00","dateModified":"2025-10-07T14:19:04+00:00","author":{"@id":"https:\/\/www.em.com.br\/emfoco\/#\/schema\/person\/0a8186d72f2c3a5c6276d90b41f271a0"},"description":"Renove seu quarto com cabeceiras modulares modernas que unem estilo, funcionalidade e praticidade para qualquer tamanho de ambiente.","breadcrumb":{"@id":"https:\/\/www.em.com.br\/emfoco\/2025\/10\/08\/a-nova-tendencia-que-transforma-seu-quarto-e-otimiza-espaco\/#breadcrumb"},"inLanguage":"pt-BR","potentialAction":[{"@type":"ReadAction","target":["https:\/\/www.em.com.br\/emfoco\/2025\/10\/08\/a-nova-tendencia-que-transforma-seu-quarto-e-otimiza-espaco\/"]}]},{"@type":"ImageObject","inLanguage":"pt-BR","@id":"https:\/\/www.em.com.br\/emfoco\/2025\/10\/08\/a-nova-tendencia-que-transforma-seu-quarto-e-otimiza-espaco\/#primaryimage","url":"https:\/\/www.em.com.br\/emfoco\/wp-content\/uploads\/2025\/10\/cabeceira-de-cama_1759846356437.jpg","contentUrl":"https:\/\/www.em.com.br\/emfoco\/wp-content\/uploads\/2025\/10\/cabeceira-de-cama_1759846356437.jpg","width":1280,"height":720,"caption":"Esses modelos inovadores apresentam prateleiras integradas perfeitas para apoiar livros - Cr\u00e9ditos: depositphotos.com \/ kuprin33"},{"@type":"BreadcrumbList","@id":"https:\/\/www.em.com.br\/emfoco\/2025\/10\/08\/a-nova-tendencia-que-transforma-seu-quarto-e-otimiza-espaco\/#breadcrumb","itemListElement":[{"@type":"ListItem","position":1,"name":"In\u00edcio","item":"https:\/\/www.em.com.br\/emfoco\/"},{"@type":"ListItem","position":2,"name":"A nova tend\u00eancia que transforma seu quarto e otimiza espa\u00e7o"}]},{"@type":"WebSite","@id":"https:\/\/www.em.com.br\/emfoco\/#website","url":"https:\/\/www.em.com.br\/emfoco\/","name":"Estado de Minas - Em foco","description":"Acompanhe as \u00faltimas not\u00edcias e fique bem informado sobre tudo o que acontece em Minas Gerais, Brasil e no mundo.","potentialAction":[{"@type":"SearchAction","target":{"@type":"EntryPoint","urlTemplate":"https:\/\/www.em.com.br\/emfoco\/?s={search_term_string}"},"query-input":{"@type":"PropertyValueSpecification","valueRequired":true,"valueName":"search_term_string"}}],"inLanguage":"pt-BR"},{"@type":"Person","@id":"https:\/\/www.em.com.br\/emfoco\/#\/schema\/person\/0a8186d72f2c3a5c6276d90b41f271a0","name":"Daniely Cardoso","image":{"@type":"ImageObject","inLanguage":"pt-BR","@id":"https:\/\/www.em.com.br\/emfoco\/#\/schema\/person\/image\/","url":"https:\/\/secure.gravatar.com\/avatar\/4b80ddbd124d1f071b626d52d62e5dff?s=96&d=mm&r=g","contentUrl":"https:\/\/secure.gravatar.com\/avatar\/4b80ddbd124d1f071b626d52d62e5dff?s=96&d=mm&r=g","caption":"Daniely Cardoso"},"url":"https:\/\/www.em.com.br\/emfoco\/author\/danielymyth\/"}]}},"_links":{"self":[{"href":"https:\/\/www.em.com.br\/emfoco\/wp-json\/wp\/v2\/posts\/112297","targetHints":{"allow":["GET"]}}],"collection":[{"href":"https:\/\/www.em.com.br\/emfoco\/wp-json\/wp\/v2\/posts"}],"about":[{"href":"https:\/\/www.em.com.br\/emfoco\/wp-json\/wp\/v2\/types\/post"}],"author":[{"embeddable":true,"href":"https:\/\/www.em.com.br\/emfoco\/wp-json\/wp\/v2\/users\/9"}],"replies":[{"embeddable":true,"href":"https:\/\/www.em.com.br\/emfoco\/wp-json\/wp\/v2\/comments?post=112297"}],"version-history":[{"count":2,"href":"https:\/\/www.em.com.br\/emfoco\/wp-json\/wp\/v2\/posts\/112297\/revisions"}],"predecessor-version":[{"id":112407,"href":"https:\/\/www.em.com.br\/emfoco\/wp-json\/wp\/v2\/posts\/112297\/revisions\/112407"}],"wp:featuredmedia":[{"embeddable":true,"href":"https:\/\/www.em.com.br\/emfoco\/wp-json\/wp\/v2\/media\/112405"}],"wp:attachment":[{"href":"https:\/\/www.em.com.br\/emfoco\/wp-json\/wp\/v2\/media?parent=112297"}],"wp:term":[{"taxonomy":"category","embeddable":true,"href":"https:\/\/www.em.com.br\/emfoco\/wp-json\/wp\/v2\/categories?post=112297"},{"taxonomy":"post_tag","embeddable":true,"href":"https:\/\/www.em.com.br\/emfoco\/wp-json\/wp\/v2\/tags?post=112297"}],"curies":[{"name":"wp","href":"https:\/\/api.w.org\/{rel}","templated":true}]}}