{"id":112255,"date":"2025-10-08T19:05:00","date_gmt":"2025-10-08T22:05:00","guid":{"rendered":"https:\/\/www.em.com.br\/emfoco\/?p=112255"},"modified":"2025-10-07T18:20:53","modified_gmt":"2025-10-07T21:20:53","slug":"por-que-ferver-alecrim-pode-transformar-o-ar-da-sua-casa","status":"publish","type":"post","link":"https:\/\/www.em.com.br\/emfoco\/2025\/10\/08\/por-que-ferver-alecrim-pode-transformar-o-ar-da-sua-casa\/","title":{"rendered":"Por que ferver alecrim pode transformar o ar da sua casa"},"content":{"rendered":"\n<p>Ferver alecrim em casa \u00e9 um truque natural que vem ganhando destaque por seus efeitos relaxantes, purificadores e arom\u00e1ticos. Al\u00e9m de perfumar, essa erva pode trazer benef\u00edcios surpreendentes \u00e0 sa\u00fade e ao ambiente.<\/p>\n\n\n\n<ul class=\"wp-block-list\">\n<li>Perfuma e purifica o ar naturalmente<\/li>\n\n\n\n<li>Ajuda na concentra\u00e7\u00e3o e relaxamento<\/li>\n\n\n\n<li>Pode ser usada em infus\u00f5es e t\u00f4nicos<\/li>\n<\/ul>\n\n\n\n<h2 class=\"wp-block-heading\">O que acontece quando voc\u00ea ferve alecrim em casa?<\/h2>\n\n\n\n<p>Ao entrar em contato com a \u00e1gua quente, o <strong>alecrim<\/strong> libera seus \u00f3leos essenciais e compostos ativos, que se espalham pelo vapor. Esse processo cria um aroma fresco e revigorante que pode transformar o clima da casa.<\/p>\n\n\n\n<p>Al\u00e9m de deixar o ambiente mais acolhedor, o vapor ajuda a purificar o ar, combatendo impurezas e criando uma atmosfera mais saud\u00e1vel e equilibrada para o <a href=\"https:\/\/zenklub.com.br\/blog\/para-voce\/bem-estar\" target=\"_blank\" rel=\"noreferrer noopener\">bem-estar<\/a> di\u00e1rio.<\/p>\n\n\n\n<figure class=\"wp-block-image size-large\"><img loading=\"lazy\" decoding=\"async\" width=\"1024\" height=\"576\" src=\"https:\/\/www.em.com.br\/emfoco\/wp-content\/uploads\/2025\/10\/Alecrim_1759785803577-1024x576.jpg\" alt=\"Por que ferver alecrim pode transformar o ar da sua casa\" class=\"wp-image-112282\" srcset=\"https:\/\/www.em.com.br\/emfoco\/wp-content\/uploads\/2025\/10\/Alecrim_1759785803577-1024x576.jpg 1024w, https:\/\/www.em.com.br\/emfoco\/wp-content\/uploads\/2025\/10\/Alecrim_1759785803577-300x169.jpg 300w, https:\/\/www.em.com.br\/emfoco\/wp-content\/uploads\/2025\/10\/Alecrim_1759785803577-768x432.jpg 768w, https:\/\/www.em.com.br\/emfoco\/wp-content\/uploads\/2025\/10\/Alecrim_1759785803577-750x422.jpg 750w, https:\/\/www.em.com.br\/emfoco\/wp-content\/uploads\/2025\/10\/Alecrim_1759785803577-1140x641.jpg 1140w, https:\/\/www.em.com.br\/emfoco\/wp-content\/uploads\/2025\/10\/Alecrim_1759785803577.jpg 1280w\" sizes=\"auto, (max-width: 1024px) 100vw, 1024px\" \/><figcaption class=\"wp-element-caption\">A\u00e7\u00e3o purificadora natural que combate impurezas do ar &#8211; Cr\u00e9ditos: depositphotos.com \/ Dream79<\/figcaption><\/figure>\n\n\n\n<h2 class=\"wp-block-heading\">Quais s\u00e3o os principais benef\u00edcios do vapor de alecrim?<\/h2>\n\n\n\n<p>Os efeitos do vapor de alecrim v\u00e3o al\u00e9m do aroma agrad\u00e1vel. Ele atua como estimulante natural e relaxante, contribuindo para o equil\u00edbrio entre corpo e mente. Veja os principais benef\u00edcios dessa pr\u00e1tica milenar:<\/p>\n\n\n\n<ul class=\"wp-block-list\">\n<li><strong>Melhora da concentra\u00e7\u00e3o e mem\u00f3ria:<\/strong> estimula o sistema nervoso e clareia a mente.<\/li>\n\n\n\n<li><strong>Al\u00edvio do estresse e da ansiedade:<\/strong> a fragr\u00e2ncia traz sensa\u00e7\u00e3o de calma e conforto.<\/li>\n\n\n\n<li><strong>Sa\u00fade respirat\u00f3ria:<\/strong> o vapor ajuda a limpar as vias a\u00e9reas e aliviar desconfortos.<\/li>\n\n\n\n<li><strong>Ambientes mais limpos:<\/strong> suas propriedades antimicrobianas purificam o ar.<\/li>\n<\/ul>\n\n\n\n<p><em>Leia mais: <a href=\"https:\/\/www.em.com.br\/emfoco\/2025\/10\/04\/as-ervas-aromaticas-mais-recomendadas-para-plantar-na-primavera\/\" target=\"_blank\" rel=\"noreferrer noopener\">As ervas arom\u00e1ticas mais recomendadas para plantar na primavera<\/a><\/em><\/p>\n\n\n\n<h2 class=\"wp-block-heading\">Por que o aroma do alecrim tem efeito sobre o humor?<\/h2>\n\n\n\n<p>Estudos indicam que os compostos vol\u00e1teis liberados pelo alecrim estimulam \u00e1reas cerebrais ligadas \u00e0s emo\u00e7\u00f5es e \u00e0 mem\u00f3ria. <strong>Esse est\u00edmulo ajuda a reduzir o estresse e aumentar a sensa\u00e7\u00e3o de bem-estar.<\/strong><\/p>\n\n\n\n<p>Por isso, muitas pessoas usam o vapor de alecrim como um ritual de relaxamento, ideal ap\u00f3s dias intensos, ou antes, de dormir, trazendo uma leveza natural ao ambiente.<\/p>\n\n\n\n<figure class=\"wp-block-image size-large\"><img loading=\"lazy\" decoding=\"async\" width=\"1024\" height=\"576\" src=\"https:\/\/www.em.com.br\/emfoco\/wp-content\/uploads\/2025\/10\/Aroma-alecrim_1759785879561-1024x576.jpg\" alt=\"Por que ferver alecrim pode transformar o ar da sua casa\" class=\"wp-image-112283\" srcset=\"https:\/\/www.em.com.br\/emfoco\/wp-content\/uploads\/2025\/10\/Aroma-alecrim_1759785879561-1024x576.jpg 1024w, https:\/\/www.em.com.br\/emfoco\/wp-content\/uploads\/2025\/10\/Aroma-alecrim_1759785879561-300x169.jpg 300w, https:\/\/www.em.com.br\/emfoco\/wp-content\/uploads\/2025\/10\/Aroma-alecrim_1759785879561-768x432.jpg 768w, https:\/\/www.em.com.br\/emfoco\/wp-content\/uploads\/2025\/10\/Aroma-alecrim_1759785879561-750x422.jpg 750w, https:\/\/www.em.com.br\/emfoco\/wp-content\/uploads\/2025\/10\/Aroma-alecrim_1759785879561-1140x641.jpg 1140w, https:\/\/www.em.com.br\/emfoco\/wp-content\/uploads\/2025\/10\/Aroma-alecrim_1759785879561.jpg 1280w\" sizes=\"auto, (max-width: 1024px) 100vw, 1024px\" \/><figcaption class=\"wp-element-caption\">Est\u00edmulo cognitivo com melhora na concentra\u00e7\u00e3o e mem\u00f3ria &#8211; Cr\u00e9ditos: depositphotos.com \/ MartinaUnbehauen<\/figcaption><\/figure>\n\n\n\n<h2 class=\"wp-block-heading\">O alecrim realmente purifica o ar da casa?<\/h2>\n\n\n\n<p>Gra\u00e7as \u00e0s suas propriedades antimicrobianas e antioxidantes, o alecrim pode ajudar a neutralizar odores e reduzir a presen\u00e7a de micro-organismos no ar. Embora n\u00e3o substitua a limpeza, \u00e9 um \u00f3timo complemento natural.<\/p>\n\n\n\n<p>Esse efeito \u00e9 especialmente \u00fatil em ambientes fechados, onde o vapor quente atua como um \u201crefresco\u201d natural, deixando o espa\u00e7o com aroma agrad\u00e1vel e sensa\u00e7\u00e3o de limpeza.<\/p>\n\n\n\n<h2 class=\"wp-block-heading\">Como preparar e aproveitar o alecrim fervido no dia a dia?<\/h2>\n\n\n\n<p>Fazer o preparo \u00e9 simples e pode ser inclu\u00eddo na rotina. Ferva um punhado de ramos por cerca de 10 minutos e aproveite o l\u00edquido de diferentes maneiras:<\/p>\n\n\n\n<ul class=\"wp-block-list\">\n<li>Use o vapor para perfumar e purificar ambientes.<\/li>\n\n\n\n<li>Prepare infus\u00f5es relaxantes com o l\u00edquido morno.<\/li>\n\n\n\n<li>Aplique como enx\u00e1gue capilar para estimular o couro cabeludo.<\/li>\n<\/ul>\n","protected":false},"excerpt":{"rendered":"<p>Ferver alecrim em casa \u00e9 um truque natural que vem ganhando destaque por seus efeitos relaxantes, purificadores e arom\u00e1ticos. Al\u00e9m de perfumar, essa erva pode trazer benef\u00edcios surpreendentes \u00e0 sa\u00fade e ao ambiente. O que acontece quando voc\u00ea ferve alecrim em casa? Ao entrar em contato com a \u00e1gua quente, o alecrim libera seus \u00f3leos [&hellip;]<\/p>\n","protected":false},"author":13,"featured_media":112281,"comment_status":"open","ping_status":"open","sticky":false,"template":"","format":"standard","meta":{"jnews-multi-image_gallery":[],"jnews_single_post":{"format":"standard"},"jnews_primary_category":[],"jnews_social_meta":[],"jnews_override_counter":[],"footnotes":""},"categories":[9053],"tags":[3840,7634,17119],"class_list":["post-112255","post","type-post","status-publish","format-standard","has-post-thumbnail","hentry","category-saude","tag-alecrim","tag-planta-aromatica","tag-vapor-de-alecrim"],"yoast_head":"<!-- This site is optimized with the Yoast SEO plugin v23.8 - https:\/\/yoast.com\/wordpress\/plugins\/seo\/ -->\n<title>Por que ferver alecrim pode transformar o ar da sua casa - Estado de Minas - Em foco<\/title>\n<meta name=\"description\" content=\"Ferver alecrim em casa purifica o ar, melhora a respira\u00e7\u00e3o e traz bem-estar com um aroma leve, natural e de forma simples.\" \/>\n<meta name=\"robots\" content=\"index, follow, max-snippet:-1, max-image-preview:large, max-video-preview:-1\" \/>\n<link rel=\"canonical\" href=\"https:\/\/www.em.com.br\/emfoco\/2025\/10\/08\/por-que-ferver-alecrim-pode-transformar-o-ar-da-sua-casa\/\" \/>\n<meta property=\"og:locale\" content=\"pt_BR\" \/>\n<meta property=\"og:type\" content=\"article\" \/>\n<meta property=\"og:title\" content=\"Por que ferver alecrim pode transformar o ar da sua casa - Estado de Minas - Em foco\" \/>\n<meta property=\"og:description\" content=\"Ferver alecrim em casa purifica o ar, melhora a respira\u00e7\u00e3o e traz bem-estar com um aroma leve, natural e de forma simples.\" \/>\n<meta property=\"og:url\" content=\"https:\/\/www.em.com.br\/emfoco\/2025\/10\/08\/por-que-ferver-alecrim-pode-transformar-o-ar-da-sua-casa\/\" \/>\n<meta property=\"og:site_name\" content=\"Estado de Minas - Em foco\" \/>\n<meta property=\"article:published_time\" content=\"2025-10-08T22:05:00+00:00\" \/>\n<meta property=\"article:modified_time\" content=\"2025-10-07T21:20:53+00:00\" \/>\n<meta property=\"og:image\" content=\"https:\/\/www.em.com.br\/emfoco\/wp-content\/uploads\/2025\/10\/Oleo-de-alecrim_1759785767452.jpg\" \/>\n\t<meta property=\"og:image:width\" content=\"1280\" \/>\n\t<meta property=\"og:image:height\" content=\"720\" \/>\n\t<meta property=\"og:image:type\" content=\"image\/jpeg\" \/>\n<meta name=\"author\" content=\"Gabriel Martins\" \/>\n<meta name=\"twitter:card\" content=\"summary_large_image\" \/>\n<meta name=\"twitter:label1\" content=\"Escrito por\" \/>\n\t<meta name=\"twitter:data1\" content=\"Gabriel Martins\" \/>\n\t<meta name=\"twitter:label2\" content=\"Est. tempo de leitura\" \/>\n\t<meta name=\"twitter:data2\" content=\"4 minutos\" \/>\n<!-- \/ Yoast SEO plugin. -->","yoast_head_json":{"title":"Por que ferver alecrim pode transformar o ar da sua casa - Estado de Minas - Em foco","description":"Ferver alecrim em casa purifica o ar, melhora a respira\u00e7\u00e3o e traz bem-estar com um aroma leve, natural e de forma simples.","robots":{"index":"index","follow":"follow","max-snippet":"max-snippet:-1","max-image-preview":"max-image-preview:large","max-video-preview":"max-video-preview:-1"},"canonical":"https:\/\/www.em.com.br\/emfoco\/2025\/10\/08\/por-que-ferver-alecrim-pode-transformar-o-ar-da-sua-casa\/","og_locale":"pt_BR","og_type":"article","og_title":"Por que ferver alecrim pode transformar o ar da sua casa - Estado de Minas - Em foco","og_description":"Ferver alecrim em casa purifica o ar, melhora a respira\u00e7\u00e3o e traz bem-estar com um aroma leve, natural e de forma simples.","og_url":"https:\/\/www.em.com.br\/emfoco\/2025\/10\/08\/por-que-ferver-alecrim-pode-transformar-o-ar-da-sua-casa\/","og_site_name":"Estado de Minas - Em foco","article_published_time":"2025-10-08T22:05:00+00:00","article_modified_time":"2025-10-07T21:20:53+00:00","og_image":[{"width":1280,"height":720,"url":"https:\/\/www.em.com.br\/emfoco\/wp-content\/uploads\/2025\/10\/Oleo-de-alecrim_1759785767452.jpg","type":"image\/jpeg"}],"author":"Gabriel Martins","twitter_card":"summary_large_image","twitter_misc":{"Escrito por":"Gabriel Martins","Est. tempo de leitura":"4 minutos"},"schema":{"@context":"https:\/\/schema.org","@graph":[{"@type":"WebPage","@id":"https:\/\/www.em.com.br\/emfoco\/2025\/10\/08\/por-que-ferver-alecrim-pode-transformar-o-ar-da-sua-casa\/","url":"https:\/\/www.em.com.br\/emfoco\/2025\/10\/08\/por-que-ferver-alecrim-pode-transformar-o-ar-da-sua-casa\/","name":"Por que ferver alecrim pode transformar o ar da sua casa - Estado de Minas - Em foco","isPartOf":{"@id":"https:\/\/www.em.com.br\/emfoco\/#website"},"primaryImageOfPage":{"@id":"https:\/\/www.em.com.br\/emfoco\/2025\/10\/08\/por-que-ferver-alecrim-pode-transformar-o-ar-da-sua-casa\/#primaryimage"},"image":{"@id":"https:\/\/www.em.com.br\/emfoco\/2025\/10\/08\/por-que-ferver-alecrim-pode-transformar-o-ar-da-sua-casa\/#primaryimage"},"thumbnailUrl":"https:\/\/www.em.com.br\/emfoco\/wp-content\/uploads\/2025\/10\/Oleo-de-alecrim_1759785767452.jpg","datePublished":"2025-10-08T22:05:00+00:00","dateModified":"2025-10-07T21:20:53+00:00","author":{"@id":"https:\/\/www.em.com.br\/emfoco\/#\/schema\/person\/1c9ddeab18b98abeffef834667bcf08a"},"description":"Ferver alecrim em casa purifica o ar, melhora a respira\u00e7\u00e3o e traz bem-estar com um aroma leve, natural e de forma simples.","breadcrumb":{"@id":"https:\/\/www.em.com.br\/emfoco\/2025\/10\/08\/por-que-ferver-alecrim-pode-transformar-o-ar-da-sua-casa\/#breadcrumb"},"inLanguage":"pt-BR","potentialAction":[{"@type":"ReadAction","target":["https:\/\/www.em.com.br\/emfoco\/2025\/10\/08\/por-que-ferver-alecrim-pode-transformar-o-ar-da-sua-casa\/"]}]},{"@type":"ImageObject","inLanguage":"pt-BR","@id":"https:\/\/www.em.com.br\/emfoco\/2025\/10\/08\/por-que-ferver-alecrim-pode-transformar-o-ar-da-sua-casa\/#primaryimage","url":"https:\/\/www.em.com.br\/emfoco\/wp-content\/uploads\/2025\/10\/Oleo-de-alecrim_1759785767452.jpg","contentUrl":"https:\/\/www.em.com.br\/emfoco\/wp-content\/uploads\/2025\/10\/Oleo-de-alecrim_1759785767452.jpg","width":1280,"height":720,"caption":"Aroma terap\u00eautico que promove equil\u00edbrio emocional e conforto - Cr\u00e9ditos: depositphotos.com \/ AntonMatyukha"},{"@type":"BreadcrumbList","@id":"https:\/\/www.em.com.br\/emfoco\/2025\/10\/08\/por-que-ferver-alecrim-pode-transformar-o-ar-da-sua-casa\/#breadcrumb","itemListElement":[{"@type":"ListItem","position":1,"name":"In\u00edcio","item":"https:\/\/www.em.com.br\/emfoco\/"},{"@type":"ListItem","position":2,"name":"Por que ferver alecrim pode transformar o ar da sua casa"}]},{"@type":"WebSite","@id":"https:\/\/www.em.com.br\/emfoco\/#website","url":"https:\/\/www.em.com.br\/emfoco\/","name":"Estado de Minas - Em foco","description":"Acompanhe as \u00faltimas not\u00edcias e fique bem informado sobre tudo o que acontece em Minas Gerais, Brasil e no mundo.","potentialAction":[{"@type":"SearchAction","target":{"@type":"EntryPoint","urlTemplate":"https:\/\/www.em.com.br\/emfoco\/?s={search_term_string}"},"query-input":{"@type":"PropertyValueSpecification","valueRequired":true,"valueName":"search_term_string"}}],"inLanguage":"pt-BR"},{"@type":"Person","@id":"https:\/\/www.em.com.br\/emfoco\/#\/schema\/person\/1c9ddeab18b98abeffef834667bcf08a","name":"Gabriel Martins","image":{"@type":"ImageObject","inLanguage":"pt-BR","@id":"https:\/\/www.em.com.br\/emfoco\/#\/schema\/person\/image\/","url":"https:\/\/secure.gravatar.com\/avatar\/f0f1e2efdfd88f1ad2cb08c5c2731e50?s=96&d=mm&r=g","contentUrl":"https:\/\/secure.gravatar.com\/avatar\/f0f1e2efdfd88f1ad2cb08c5c2731e50?s=96&d=mm&r=g","caption":"Gabriel Martins"},"sameAs":["https:\/\/www.em.com.br\/emfoco\/"],"url":"https:\/\/www.em.com.br\/emfoco\/author\/gabrielmartinsmyth\/"}]}},"_links":{"self":[{"href":"https:\/\/www.em.com.br\/emfoco\/wp-json\/wp\/v2\/posts\/112255","targetHints":{"allow":["GET"]}}],"collection":[{"href":"https:\/\/www.em.com.br\/emfoco\/wp-json\/wp\/v2\/posts"}],"about":[{"href":"https:\/\/www.em.com.br\/emfoco\/wp-json\/wp\/v2\/types\/post"}],"author":[{"embeddable":true,"href":"https:\/\/www.em.com.br\/emfoco\/wp-json\/wp\/v2\/users\/13"}],"replies":[{"embeddable":true,"href":"https:\/\/www.em.com.br\/emfoco\/wp-json\/wp\/v2\/comments?post=112255"}],"version-history":[{"count":3,"href":"https:\/\/www.em.com.br\/emfoco\/wp-json\/wp\/v2\/posts\/112255\/revisions"}],"predecessor-version":[{"id":112669,"href":"https:\/\/www.em.com.br\/emfoco\/wp-json\/wp\/v2\/posts\/112255\/revisions\/112669"}],"wp:featuredmedia":[{"embeddable":true,"href":"https:\/\/www.em.com.br\/emfoco\/wp-json\/wp\/v2\/media\/112281"}],"wp:attachment":[{"href":"https:\/\/www.em.com.br\/emfoco\/wp-json\/wp\/v2\/media?parent=112255"}],"wp:term":[{"taxonomy":"category","embeddable":true,"href":"https:\/\/www.em.com.br\/emfoco\/wp-json\/wp\/v2\/categories?post=112255"},{"taxonomy":"post_tag","embeddable":true,"href":"https:\/\/www.em.com.br\/emfoco\/wp-json\/wp\/v2\/tags?post=112255"}],"curies":[{"name":"wp","href":"https:\/\/api.w.org\/{rel}","templated":true}]}}