{"id":112159,"date":"2025-10-06T16:18:00","date_gmt":"2025-10-06T19:18:00","guid":{"rendered":"https:\/\/www.em.com.br\/emfoco\/?p=112159"},"modified":"2025-10-06T15:50:29","modified_gmt":"2025-10-06T18:50:29","slug":"essa-cidade-do-rs-tem-praia-falesias-incriveis-e-clima-perfeito-pra-curtir-em-qualquer-estacao","status":"publish","type":"post","link":"https:\/\/www.em.com.br\/emfoco\/2025\/10\/06\/essa-cidade-do-rs-tem-praia-falesias-incriveis-e-clima-perfeito-pra-curtir-em-qualquer-estacao\/","title":{"rendered":"Essa cidade do RS tem praia, fal\u00e9sias incr\u00edveis e clima perfeito pra curtir em qualquer esta\u00e7\u00e3o"},"content":{"rendered":"\n<p>Localizada no litoral do Rio Grande do Sul, Torres \u00e9 famosa por suas imponentes fal\u00e9sias \u00e0 beira-mar, que criam um cen\u00e1rio deslumbrante e distinto na regi\u00e3o. Situada a 200 quil\u00f4metros da capital Porto Alegre, a cidade atrai turistas em busca de praias belas e in\u00fameras op\u00e7\u00f5es de lazer ao ar livre, segundo o <a href=\"https:\/\/revistaoeste.com\/oestegeral\/2025\/08\/08\/cidade-no-litoral-gaucho-que-esta-conquistando-viajantes-de-todo-o-brasil\/\" target=\"_blank\" rel=\"noreferrer noopener\">site Revista Oeste.<\/a><\/p>\n\n\n\n<p>Com pouco mais de 40 mil habitantes, segundo o IBGE, Torres alia qualidade de vida a uma infraestrutura completa. Os visitantes e moradores desfrutam de excelentes servi\u00e7os, como educa\u00e7\u00e3o, sa\u00fade e transporte, al\u00e9m de f\u00e1cil acesso pela BR-101.<\/p>\n\n\n\n<h2 class=\"wp-block-heading\">Quais s\u00e3o as caracter\u00edsticas clim\u00e1ticas da cidade?<\/h2>\n\n\n\n<p>O clima de Torres apresenta ver\u00f5es quentes, com temperaturas variando entre 23 \u00b0C e 30 \u00b0C e baixa precipita\u00e7\u00e3o, perfeitos para curtir o litoral. J\u00e1 no inverno, as temperaturas ficam entre 12 \u00b0C e 20 \u00b0C, propiciando experi\u00eancias diferenciadas, como a observa\u00e7\u00e3o de baleias-francas.<\/p>\n\n\n\n<p>Outono e primavera t\u00eam clima ameno e agradam quem prefere praias menos movimentadas. <a href=\"https:\/\/www.em.com.br\/emfoco\/2025\/10\/03\/a-cidade-mineira-com-clima-europeu-que-conquista-no-primeiro-dia\/\" target=\"_blank\" rel=\"noreferrer noopener\">Vale lembrar alguns pontos marcantes do clima local<\/a>:<\/p>\n\n\n\n<ul class=\"wp-block-list\">\n<li>Ver\u00e3o: calor e pouca chuva<\/li>\n\n\n\n<li>Inverno: temperaturas baixas e observa\u00e7\u00e3o de baleias<\/li>\n\n\n\n<li>Outono\/Primavera: temperaturas moderadas e praias tranquilas<\/li>\n<\/ul>\n\n\n\n<h2 class=\"wp-block-heading\">Por que as torres s\u00e3o simb\u00f3licas para a cidade?<\/h2>\n\n\n\n<p>As forma\u00e7\u00f5es rochosas conhecidas como torres n\u00e3o apenas deram nome \u00e0 cidade, mas tamb\u00e9m s\u00e3o s\u00edmbolo de sua hist\u00f3ria e cultura. Elas serviram como guia para navegadores desde o s\u00e9culo XVIII, segundo a Funda\u00e7\u00e3o Cultural de Torres.<\/p>\n\n\n\n<p>Al\u00e9m de sua relev\u00e2ncia hist\u00f3rica, essas estruturas naturais s\u00e3o destaque na paisagem, atraindo tanto turistas quanto bi\u00f3logos e fot\u00f3grafos. Elas tornam Torres \u00fanica, combinando natureza e tradi\u00e7\u00e3o de maneira especial.<\/p>\n\n\n<div class=\"wp-block-image\">\n<figure class=\"aligncenter size-large\"><img loading=\"lazy\" decoding=\"async\" width=\"1024\" height=\"576\" src=\"https:\/\/www.em.com.br\/emfoco\/wp-content\/uploads\/2025\/10\/cidade-torres-brasil_1759775487004-1024x576.jpg\" alt=\"Essa cidade do RS tem praia, fal\u00e9sias incr\u00edveis e clima perfeito pra curtir em qualquer esta\u00e7\u00e3o\" class=\"wp-image-112227\" srcset=\"https:\/\/www.em.com.br\/emfoco\/wp-content\/uploads\/2025\/10\/cidade-torres-brasil_1759775487004-1024x576.jpg 1024w, https:\/\/www.em.com.br\/emfoco\/wp-content\/uploads\/2025\/10\/cidade-torres-brasil_1759775487004-300x169.jpg 300w, https:\/\/www.em.com.br\/emfoco\/wp-content\/uploads\/2025\/10\/cidade-torres-brasil_1759775487004-768x432.jpg 768w, https:\/\/www.em.com.br\/emfoco\/wp-content\/uploads\/2025\/10\/cidade-torres-brasil_1759775487004-750x422.jpg 750w, https:\/\/www.em.com.br\/emfoco\/wp-content\/uploads\/2025\/10\/cidade-torres-brasil_1759775487004-1140x641.jpg 1140w, https:\/\/www.em.com.br\/emfoco\/wp-content\/uploads\/2025\/10\/cidade-torres-brasil_1759775487004.jpg 1280w\" sizes=\"auto, (max-width: 1024px) 100vw, 1024px\" \/><figcaption class=\"wp-element-caption\">Fal\u00e9sias e mar calmo fazem de Torres um ref\u00fagio no litoral sul (Cr\u00e9ditos: depositphotos.com \/ diegograndi)<\/figcaption><\/figure><\/div>\n\n\n<h2 class=\"wp-block-heading\">Qual \u00e9 a infraestrutura tur\u00edstica da cidade?<\/h2>\n\n\n\n<p>Torres conta com uma rede diversificada de hospedagem, desde pousadas aconchegantes at\u00e9 hot\u00e9is sofisticados, de acordo com avalia\u00e7\u00f5es de TripAdvisor e Booking. A cidade investe em uma experi\u00eancia agrad\u00e1vel para todos os tipos de p\u00fablico e or\u00e7amentos.<\/p>\n\n\n\n<p>O calend\u00e1rio de eventos esportivos e culturais movimenta o munic\u00edpio durante diversas \u00e9pocas do ano. A hospitalidade dos moradores, junto com a estrutura tur\u00edstica, faz com que cada estadia se torne memor\u00e1vel.<\/p>\n\n\n\n<p>Em resumo, Torres mescla natureza exuberante, belas praias e qualidade de vida, oferecendo atrativos para quem busca lazer, tranquilidade e contato com o meio ambiente. O munic\u00edpio segue investindo em infraestrutura e acessibilidade para aprimorar a experi\u00eancia de seus visitantes e moradores. Al\u00e9m disso, a caracter\u00edstica intera\u00e7\u00e3o entre mar e montanha faz da cidade um destino indispens\u00e1vel para quem deseja conhecer o melhor do litoral ga\u00facho.<\/p>\n","protected":false},"excerpt":{"rendered":"<p>Localizada no litoral do Rio Grande do Sul, Torres \u00e9 famosa por suas imponentes fal\u00e9sias \u00e0 beira-mar, que criam um cen\u00e1rio deslumbrante e distinto na regi\u00e3o. Situada a 200 quil\u00f4metros da capital Porto Alegre, a cidade atrai turistas em busca de praias belas e in\u00fameras op\u00e7\u00f5es de lazer ao ar livre, segundo o site Revista [&hellip;]<\/p>\n","protected":false},"author":10,"featured_media":112226,"comment_status":"open","ping_status":"open","sticky":false,"template":"","format":"standard","meta":{"jnews-multi-image_gallery":[],"jnews_single_post":{"format":"standard"},"jnews_primary_category":[],"jnews_social_meta":[],"jnews_override_counter":[],"footnotes":""},"categories":[26],"tags":[11179,321,1506,17113],"class_list":["post-112159","post","type-post","status-publish","format-standard","has-post-thumbnail","hentry","category-cidades","tag-cidade-2","tag-praias","tag-rio-grande-do-sul","tag-torres"],"yoast_head":"<!-- This site is optimized with the Yoast SEO plugin v23.8 - https:\/\/yoast.com\/wordpress\/plugins\/seo\/ -->\n<title>Essa cidade do RS tem praia, fal\u00e9sias incr\u00edveis e clima perfeito pra curtir em qualquer esta\u00e7\u00e3o - Estado de Minas - Em foco<\/title>\n<meta name=\"description\" content=\"Com mar, fal\u00e9sias e baleias no inverno, a cidade tem paisagens \u00fanicas e clima leve que atrai turistas o ano inteiro\" \/>\n<meta name=\"robots\" content=\"index, follow, max-snippet:-1, max-image-preview:large, max-video-preview:-1\" \/>\n<link rel=\"canonical\" href=\"https:\/\/www.em.com.br\/emfoco\/2025\/10\/06\/essa-cidade-do-rs-tem-praia-falesias-incriveis-e-clima-perfeito-pra-curtir-em-qualquer-estacao\/\" \/>\n<meta property=\"og:locale\" content=\"pt_BR\" \/>\n<meta property=\"og:type\" content=\"article\" \/>\n<meta property=\"og:title\" content=\"Essa cidade do RS tem praia, fal\u00e9sias incr\u00edveis e clima perfeito pra curtir em qualquer esta\u00e7\u00e3o - Estado de Minas - Em foco\" \/>\n<meta property=\"og:description\" content=\"Com mar, fal\u00e9sias e baleias no inverno, a cidade tem paisagens \u00fanicas e clima leve que atrai turistas o ano inteiro\" \/>\n<meta property=\"og:url\" content=\"https:\/\/www.em.com.br\/emfoco\/2025\/10\/06\/essa-cidade-do-rs-tem-praia-falesias-incriveis-e-clima-perfeito-pra-curtir-em-qualquer-estacao\/\" \/>\n<meta property=\"og:site_name\" content=\"Estado de Minas - Em foco\" \/>\n<meta property=\"article:published_time\" content=\"2025-10-06T19:18:00+00:00\" \/>\n<meta property=\"article:modified_time\" content=\"2025-10-06T18:50:29+00:00\" \/>\n<meta property=\"og:image\" content=\"https:\/\/www.em.com.br\/emfoco\/wp-content\/uploads\/2025\/10\/cidade-torres-brasil_1759775429427.jpg\" \/>\n\t<meta property=\"og:image:width\" content=\"1280\" \/>\n\t<meta property=\"og:image:height\" content=\"720\" \/>\n\t<meta property=\"og:image:type\" content=\"image\/jpeg\" \/>\n<meta name=\"author\" content=\"Patryck Reinehr\" \/>\n<meta name=\"twitter:card\" content=\"summary_large_image\" \/>\n<meta name=\"twitter:label1\" content=\"Escrito por\" \/>\n\t<meta name=\"twitter:data1\" content=\"Patryck Reinehr\" \/>\n\t<meta name=\"twitter:label2\" content=\"Est. tempo de leitura\" \/>\n\t<meta name=\"twitter:data2\" content=\"3 minutos\" \/>\n<!-- \/ Yoast SEO plugin. -->","yoast_head_json":{"title":"Essa cidade do RS tem praia, fal\u00e9sias incr\u00edveis e clima perfeito pra curtir em qualquer esta\u00e7\u00e3o - Estado de Minas - Em foco","description":"Com mar, fal\u00e9sias e baleias no inverno, a cidade tem paisagens \u00fanicas e clima leve que atrai turistas o ano inteiro","robots":{"index":"index","follow":"follow","max-snippet":"max-snippet:-1","max-image-preview":"max-image-preview:large","max-video-preview":"max-video-preview:-1"},"canonical":"https:\/\/www.em.com.br\/emfoco\/2025\/10\/06\/essa-cidade-do-rs-tem-praia-falesias-incriveis-e-clima-perfeito-pra-curtir-em-qualquer-estacao\/","og_locale":"pt_BR","og_type":"article","og_title":"Essa cidade do RS tem praia, fal\u00e9sias incr\u00edveis e clima perfeito pra curtir em qualquer esta\u00e7\u00e3o - Estado de Minas - Em foco","og_description":"Com mar, fal\u00e9sias e baleias no inverno, a cidade tem paisagens \u00fanicas e clima leve que atrai turistas o ano inteiro","og_url":"https:\/\/www.em.com.br\/emfoco\/2025\/10\/06\/essa-cidade-do-rs-tem-praia-falesias-incriveis-e-clima-perfeito-pra-curtir-em-qualquer-estacao\/","og_site_name":"Estado de Minas - Em foco","article_published_time":"2025-10-06T19:18:00+00:00","article_modified_time":"2025-10-06T18:50:29+00:00","og_image":[{"width":1280,"height":720,"url":"https:\/\/www.em.com.br\/emfoco\/wp-content\/uploads\/2025\/10\/cidade-torres-brasil_1759775429427.jpg","type":"image\/jpeg"}],"author":"Patryck Reinehr","twitter_card":"summary_large_image","twitter_misc":{"Escrito por":"Patryck Reinehr","Est. tempo de leitura":"3 minutos"},"schema":{"@context":"https:\/\/schema.org","@graph":[{"@type":"WebPage","@id":"https:\/\/www.em.com.br\/emfoco\/2025\/10\/06\/essa-cidade-do-rs-tem-praia-falesias-incriveis-e-clima-perfeito-pra-curtir-em-qualquer-estacao\/","url":"https:\/\/www.em.com.br\/emfoco\/2025\/10\/06\/essa-cidade-do-rs-tem-praia-falesias-incriveis-e-clima-perfeito-pra-curtir-em-qualquer-estacao\/","name":"Essa cidade do RS tem praia, fal\u00e9sias incr\u00edveis e clima perfeito pra curtir em qualquer esta\u00e7\u00e3o - Estado de Minas - Em foco","isPartOf":{"@id":"https:\/\/www.em.com.br\/emfoco\/#website"},"primaryImageOfPage":{"@id":"https:\/\/www.em.com.br\/emfoco\/2025\/10\/06\/essa-cidade-do-rs-tem-praia-falesias-incriveis-e-clima-perfeito-pra-curtir-em-qualquer-estacao\/#primaryimage"},"image":{"@id":"https:\/\/www.em.com.br\/emfoco\/2025\/10\/06\/essa-cidade-do-rs-tem-praia-falesias-incriveis-e-clima-perfeito-pra-curtir-em-qualquer-estacao\/#primaryimage"},"thumbnailUrl":"https:\/\/www.em.com.br\/emfoco\/wp-content\/uploads\/2025\/10\/cidade-torres-brasil_1759775429427.jpg","datePublished":"2025-10-06T19:18:00+00:00","dateModified":"2025-10-06T18:50:29+00:00","author":{"@id":"https:\/\/www.em.com.br\/emfoco\/#\/schema\/person\/43407752bebcbbb4d0ec79deedc0d7ce"},"description":"Com mar, fal\u00e9sias e baleias no inverno, a cidade tem paisagens \u00fanicas e clima leve que atrai turistas o ano inteiro","breadcrumb":{"@id":"https:\/\/www.em.com.br\/emfoco\/2025\/10\/06\/essa-cidade-do-rs-tem-praia-falesias-incriveis-e-clima-perfeito-pra-curtir-em-qualquer-estacao\/#breadcrumb"},"inLanguage":"pt-BR","potentialAction":[{"@type":"ReadAction","target":["https:\/\/www.em.com.br\/emfoco\/2025\/10\/06\/essa-cidade-do-rs-tem-praia-falesias-incriveis-e-clima-perfeito-pra-curtir-em-qualquer-estacao\/"]}]},{"@type":"ImageObject","inLanguage":"pt-BR","@id":"https:\/\/www.em.com.br\/emfoco\/2025\/10\/06\/essa-cidade-do-rs-tem-praia-falesias-incriveis-e-clima-perfeito-pra-curtir-em-qualquer-estacao\/#primaryimage","url":"https:\/\/www.em.com.br\/emfoco\/wp-content\/uploads\/2025\/10\/cidade-torres-brasil_1759775429427.jpg","contentUrl":"https:\/\/www.em.com.br\/emfoco\/wp-content\/uploads\/2025\/10\/cidade-torres-brasil_1759775429427.jpg","width":1280,"height":720,"caption":"Pouca gente conhece esse destino no RS com praias tranquilas, pared\u00f5es incr\u00edveis e clima delicioso (Cr\u00e9ditos: depositphotos.com \/ rapstyle)"},{"@type":"BreadcrumbList","@id":"https:\/\/www.em.com.br\/emfoco\/2025\/10\/06\/essa-cidade-do-rs-tem-praia-falesias-incriveis-e-clima-perfeito-pra-curtir-em-qualquer-estacao\/#breadcrumb","itemListElement":[{"@type":"ListItem","position":1,"name":"In\u00edcio","item":"https:\/\/www.em.com.br\/emfoco\/"},{"@type":"ListItem","position":2,"name":"Essa cidade do RS tem praia, fal\u00e9sias incr\u00edveis e clima perfeito pra curtir em qualquer esta\u00e7\u00e3o"}]},{"@type":"WebSite","@id":"https:\/\/www.em.com.br\/emfoco\/#website","url":"https:\/\/www.em.com.br\/emfoco\/","name":"Estado de Minas - Em foco","description":"Acompanhe as \u00faltimas not\u00edcias e fique bem informado sobre tudo o que acontece em Minas Gerais, Brasil e no mundo.","potentialAction":[{"@type":"SearchAction","target":{"@type":"EntryPoint","urlTemplate":"https:\/\/www.em.com.br\/emfoco\/?s={search_term_string}"},"query-input":{"@type":"PropertyValueSpecification","valueRequired":true,"valueName":"search_term_string"}}],"inLanguage":"pt-BR"},{"@type":"Person","@id":"https:\/\/www.em.com.br\/emfoco\/#\/schema\/person\/43407752bebcbbb4d0ec79deedc0d7ce","name":"Patryck Reinehr","image":{"@type":"ImageObject","inLanguage":"pt-BR","@id":"https:\/\/www.em.com.br\/emfoco\/#\/schema\/person\/image\/","url":"https:\/\/secure.gravatar.com\/avatar\/570c7fb2898c0e2df0823196891bea88?s=96&d=mm&r=g","contentUrl":"https:\/\/secure.gravatar.com\/avatar\/570c7fb2898c0e2df0823196891bea88?s=96&d=mm&r=g","caption":"Patryck Reinehr"},"url":"https:\/\/www.em.com.br\/emfoco\/author\/patryckmyth\/"}]}},"_links":{"self":[{"href":"https:\/\/www.em.com.br\/emfoco\/wp-json\/wp\/v2\/posts\/112159","targetHints":{"allow":["GET"]}}],"collection":[{"href":"https:\/\/www.em.com.br\/emfoco\/wp-json\/wp\/v2\/posts"}],"about":[{"href":"https:\/\/www.em.com.br\/emfoco\/wp-json\/wp\/v2\/types\/post"}],"author":[{"embeddable":true,"href":"https:\/\/www.em.com.br\/emfoco\/wp-json\/wp\/v2\/users\/10"}],"replies":[{"embeddable":true,"href":"https:\/\/www.em.com.br\/emfoco\/wp-json\/wp\/v2\/comments?post=112159"}],"version-history":[{"count":1,"href":"https:\/\/www.em.com.br\/emfoco\/wp-json\/wp\/v2\/posts\/112159\/revisions"}],"predecessor-version":[{"id":112228,"href":"https:\/\/www.em.com.br\/emfoco\/wp-json\/wp\/v2\/posts\/112159\/revisions\/112228"}],"wp:featuredmedia":[{"embeddable":true,"href":"https:\/\/www.em.com.br\/emfoco\/wp-json\/wp\/v2\/media\/112226"}],"wp:attachment":[{"href":"https:\/\/www.em.com.br\/emfoco\/wp-json\/wp\/v2\/media?parent=112159"}],"wp:term":[{"taxonomy":"category","embeddable":true,"href":"https:\/\/www.em.com.br\/emfoco\/wp-json\/wp\/v2\/categories?post=112159"},{"taxonomy":"post_tag","embeddable":true,"href":"https:\/\/www.em.com.br\/emfoco\/wp-json\/wp\/v2\/tags?post=112159"}],"curies":[{"name":"wp","href":"https:\/\/api.w.org\/{rel}","templated":true}]}}