{"id":111936,"date":"2025-10-07T09:08:39","date_gmt":"2025-10-07T12:08:39","guid":{"rendered":"https:\/\/www.em.com.br\/emfoco\/?p=111936"},"modified":"2025-10-06T23:27:55","modified_gmt":"2025-10-07T02:27:55","slug":"que-cor-de-batom-usar-de-acordo-com-seu-tom-de-pele","status":"publish","type":"post","link":"https:\/\/www.em.com.br\/emfoco\/2025\/10\/07\/que-cor-de-batom-usar-de-acordo-com-seu-tom-de-pele\/","title":{"rendered":"Que cor de batom usar, de acordo com seu tom de pele"},"content":{"rendered":"\n<p>Encontrar o <strong>batom perfeito<\/strong> pode transformar completamente o seu visual, real\u00e7ando sua personalidade e destacando sua confian\u00e7a. Para alcan\u00e7ar esse efeito, \u00e9 essencial escolher uma <strong>cor<\/strong> que harmonize com o seu <strong>tom de pele<\/strong>, criando equil\u00edbrio e valorizando sua <strong>beleza natural<\/strong>. A seguir, apresentamos dicas essenciais e pr\u00e1ticas para ajudar voc\u00ea a fazer uma escolha informada e assertiva, investindo no <strong>batom certo<\/strong> para qualquer ocasi\u00e3o:<\/p>\n\n\n\n<ul class=\"wp-block-list\">\n<li>Descubra de que maneira os diferentes <strong>tons de batom<\/strong> podem harmonizar com sua pele e criar efeitos diversos no visual.<\/li>\n\n\n\n<li>Conhe\u00e7a um <strong>processo detalhado<\/strong> para aplicar o batom e obter <strong>l\u00e1bios valorizados<\/strong>, bem definidos e com <strong>acabamento duradouro<\/strong>.<\/li>\n\n\n\n<li>Explore as \u00faltimas <strong>tend\u00eancias<\/strong> e <strong>texturas<\/strong> em batons, trazendo inova\u00e7\u00e3o e diversidade para sua make, com op\u00e7\u00f5es que se adaptam a todos os <strong>estilos<\/strong> e <strong>tons<\/strong>.<\/li>\n<\/ul>\n\n\n\n<h2 class=\"wp-block-heading\">Qual tom de batom favorece mais sua pele?<\/h2>\n\n\n\n<p>Cada <strong>tom de pele<\/strong> possui cores complementares ideais, capazes de real\u00e7ar sua <strong>beleza natural<\/strong> de maneira \u00fanica. <strong>Peles claras<\/strong> normalmente se destacam com tons <strong>rosados<\/strong> ou <strong>corais<\/strong>; <strong>peles m\u00e9dias<\/strong> harmonizam com <strong>vermelhos abertos<\/strong> ou <strong>malva<\/strong>; j\u00e1 <strong>peles escuras<\/strong> ganham luminosidade com <strong>vinhos<\/strong>, <strong>ameixas<\/strong> e tons <strong>terrosos<\/strong>. Identificar essas <strong>nuances<\/strong> vai ajudar voc\u00ea a selecionar o <strong>batom apropriado<\/strong> para cada ocasi\u00e3o. Comece sempre com uma <strong>base limpa<\/strong> e bem <strong>hidratada<\/strong>, garantindo a <strong>fixa\u00e7\u00e3o<\/strong> e o aspecto saud\u00e1vel do batom. Remover todo res\u00edduo de maquiagem anterior \u00e9 fundamental para um <strong>acabamento impec\u00e1vel<\/strong>.<\/p>\n\n\n\n<h2 class=\"wp-block-heading\">Quais os passos para aplicar o batom corretamente?<\/h2>\n\n\n\n<p>Inicie aplicando um <strong>balm hidratante<\/strong> para preparar os <a href=\"https:\/\/br.pinterest.com\/search\/pins\/?q=batom%20vermelho&amp;rs=typed\" target=\"_blank\" rel=\"noreferrer noopener\">l\u00e1bios<\/a>, prevenindo <strong>fissuras<\/strong> e <strong>ressecamento<\/strong>. Em seguida, fa\u00e7a o <strong>contorno dos l\u00e1bios<\/strong> com um <strong>l\u00e1pis labial<\/strong> de tom similar ou um pouco mais escuro do que o <strong>batom escolhido<\/strong>, criando <strong>defini\u00e7\u00e3o<\/strong>, <strong>volume<\/strong> e evitando que o batom escorra. Por fim, aplique o <strong>batom<\/strong> com <strong>pincel<\/strong> para um resultado mais preciso e dur\u00e1vel. Para quem deseja adicionar um toque extra de <strong>brilho<\/strong> ou criar um efeito <strong>3D<\/strong>, finalize com um <strong>gloss<\/strong> transparente ou de tom pr\u00f3ximo ao batom.<\/p>\n\n\n<div class=\"wp-block-image\">\n<figure class=\"aligncenter size-large\"><img loading=\"lazy\" decoding=\"async\" width=\"1024\" height=\"576\" src=\"https:\/\/www.em.com.br\/emfoco\/wp-content\/uploads\/2025\/10\/batom-vermelho_1759756195150-1024x576.jpg\" alt=\"\" class=\"wp-image-111960\" srcset=\"https:\/\/www.em.com.br\/emfoco\/wp-content\/uploads\/2025\/10\/batom-vermelho_1759756195150-1024x576.jpg 1024w, https:\/\/www.em.com.br\/emfoco\/wp-content\/uploads\/2025\/10\/batom-vermelho_1759756195150-300x169.jpg 300w, https:\/\/www.em.com.br\/emfoco\/wp-content\/uploads\/2025\/10\/batom-vermelho_1759756195150-768x432.jpg 768w, https:\/\/www.em.com.br\/emfoco\/wp-content\/uploads\/2025\/10\/batom-vermelho_1759756195150-750x422.jpg 750w, https:\/\/www.em.com.br\/emfoco\/wp-content\/uploads\/2025\/10\/batom-vermelho_1759756195150-1140x641.jpg 1140w, https:\/\/www.em.com.br\/emfoco\/wp-content\/uploads\/2025\/10\/batom-vermelho_1759756195150.jpg 1280w\" sizes=\"auto, (max-width: 1024px) 100vw, 1024px\" \/><figcaption class=\"wp-element-caption\">Inicie aplicando um balm hidratante para preparar os l\u00e1bios &#8211; Cr\u00e9ditos: depositphotos.com \/ mysticlight<\/figcaption><\/figure><\/div>\n\n\n<h2 class=\"wp-block-heading\">O batom vermelho combina com qualquer tom de pele?<\/h2>\n\n\n\n<p>O <strong>batom vermelho<\/strong> \u00e9 um cl\u00e1ssico atemporal e democr\u00e1tico, capaz de proporcionar <strong>eleg\u00e2ncia<\/strong> e <strong>estilo<\/strong> para qualquer <strong>tom de pele<\/strong>. Seja em vers\u00f5es vibrantes, fechadas ou alaranjadas, o <strong>batom vermelho<\/strong> \u00e9 vers\u00e1til e se adapta tanto para o <strong>dia<\/strong> quanto para a <strong>noite<\/strong>. As novas f\u00f3rmulas, como o \u00faltimo lan\u00e7amento da <strong>Natura<\/strong>, oferecem ainda mais <strong>adaptabilidade<\/strong> gra\u00e7as aos seus <strong>componentes inteligentes<\/strong>, que se ajustam a diferentes <strong>subtons<\/strong> e proporcionam um <strong>acabamento perfeito<\/strong>, al\u00e9m de <strong>alta durabilidade<\/strong> e <strong>conforto labial<\/strong>, independentemente da colora\u00e7\u00e3o da sua pele.<\/p>\n\n\n\n<h2 class=\"wp-block-heading\">Quais as inova\u00e7\u00f5es nas f\u00f3rmulas de batons?<\/h2>\n\n\n\n<p>Os modernos <strong>batons<\/strong> v\u00e3o al\u00e9m da cor: agora incorporam ingredientes de <strong>alta tecnologia<\/strong>, como <strong>bioativos de cacau<\/strong>, <strong>passiflora<\/strong>, <strong>\u00e1cido hialur\u00f4nico<\/strong> e <strong>vitaminas antioxidantes<\/strong>. Tais ativos n\u00e3o apenas embelezam, mas tamb\u00e9m <strong>nutrem profundamente<\/strong> os l\u00e1bios, mantendo a <strong>hidrata\u00e7\u00e3o<\/strong> por horas, prevenindo o <strong>ressecamento<\/strong>, combatendo <strong>sinais do envelhecimento<\/strong> e promovendo mais <strong>volume<\/strong> e <strong>firmeza<\/strong>. Dessa forma, voc\u00ea alia <strong>beleza<\/strong> \u00e0 <strong>sa\u00fade dos l\u00e1bios<\/strong> em cada aplica\u00e7\u00e3o. Outra novidade \u00e9 o uso de <strong>tecnologia de longa dura\u00e7\u00e3o<\/strong> e <strong>cores personaliz\u00e1veis<\/strong>, que garantem mais praticidade e conforto no dia a dia.<\/p>\n\n\n\n<p>Leia tamb\u00e9m: <a href=\"https:\/\/www.em.com.br\/emfoco\/2025\/10\/05\/a-maquiagem-perfeita-para-mulheres-acima-dos-40-que-realca-a-beleza-natural\/\" target=\"_blank\" rel=\"noopener\">A maquiagem perfeita para mulheres acima dos 40 que real\u00e7a a beleza natural<\/a><\/p>\n\n\n\n<h2 class=\"wp-block-heading\">Quais os pontos sobre escolha de batons?<\/h2>\n\n\n\n<ul class=\"wp-block-list\">\n<li>Reconhe\u00e7a os <strong>batons<\/strong> e <strong>tons<\/strong> que valorizam, iluminam e complementam seu <strong>tom de pele<\/strong> em qualquer esta\u00e7\u00e3o.<\/li>\n\n\n\n<li>Siga um <strong>passo a passo<\/strong> de <strong>aplica\u00e7\u00e3o cuidadoso<\/strong> e personalizado, assegurando <strong>l\u00e1bios ainda mais bonitos<\/strong> e com <strong>acabamento profissional<\/strong>.<\/li>\n\n\n\n<li>Mantenha-se sempre atualizada com as novidades em <strong>f\u00f3rmulas<\/strong>, <strong>texturas<\/strong> e <strong>benef\u00edcios<\/strong>, tornando a escolha do batom um verdadeiro <strong>ritual de autocuidado<\/strong> e express\u00e3o da sua <strong>beleza<\/strong>.<\/li>\n<\/ul>\n\n\n\n<p><\/p>\n","protected":false},"excerpt":{"rendered":"<p>Encontrar o batom perfeito pode transformar completamente o seu visual, real\u00e7ando sua personalidade e destacando sua confian\u00e7a. Para alcan\u00e7ar esse efeito, \u00e9 essencial escolher uma cor que harmonize com o seu tom de pele, criando equil\u00edbrio e valorizando sua beleza natural. A seguir, apresentamos dicas essenciais e pr\u00e1ticas para ajudar voc\u00ea a fazer uma escolha [&hellip;]<\/p>\n","protected":false},"author":9,"featured_media":59510,"comment_status":"open","ping_status":"open","sticky":false,"template":"","format":"standard","meta":{"jnews-multi-image_gallery":[],"jnews_single_post":{"format":"standard"},"jnews_primary_category":[],"jnews_social_meta":[],"jnews_override_counter":[],"footnotes":""},"categories":[8819,1],"tags":[7482,9586,17076],"class_list":["post-111936","post","type-post","status-publish","format-standard","has-post-thumbnail","hentry","category-curiosidades","category-noticias","tag-batom","tag-labios","tag-peles"],"yoast_head":"<!-- This site is optimized with the Yoast SEO plugin v23.8 - https:\/\/yoast.com\/wordpress\/plugins\/seo\/ -->\n<title>Que cor de batom usar, de acordo com seu tom de pele<\/title>\n<meta name=\"description\" content=\"Escolher o batom certo valoriza sua beleza natural. Tons adaptativos, como o vermelho universal da Natura, combinam com todo tipo de pele.\" \/>\n<meta name=\"robots\" content=\"index, follow, max-snippet:-1, max-image-preview:large, max-video-preview:-1\" \/>\n<link rel=\"canonical\" href=\"https:\/\/www.em.com.br\/emfoco\/2025\/10\/07\/que-cor-de-batom-usar-de-acordo-com-seu-tom-de-pele\/\" \/>\n<meta property=\"og:locale\" content=\"pt_BR\" \/>\n<meta property=\"og:type\" content=\"article\" \/>\n<meta property=\"og:title\" content=\"Que cor de batom usar, de acordo com seu tom de pele\" \/>\n<meta property=\"og:description\" content=\"Escolher o batom certo valoriza sua beleza natural. Tons adaptativos, como o vermelho universal da Natura, combinam com todo tipo de pele.\" \/>\n<meta property=\"og:url\" content=\"https:\/\/www.em.com.br\/emfoco\/2025\/10\/07\/que-cor-de-batom-usar-de-acordo-com-seu-tom-de-pele\/\" \/>\n<meta property=\"og:site_name\" content=\"Estado de Minas - Em foco\" \/>\n<meta property=\"article:published_time\" content=\"2025-10-07T12:08:39+00:00\" \/>\n<meta property=\"article:modified_time\" content=\"2025-10-07T02:27:55+00:00\" \/>\n<meta property=\"og:image\" content=\"https:\/\/www.em.com.br\/emfoco\/wp-content\/uploads\/2025\/06\/batom_1749740344654.jpg\" \/>\n\t<meta property=\"og:image:width\" content=\"1280\" \/>\n\t<meta property=\"og:image:height\" content=\"720\" \/>\n\t<meta property=\"og:image:type\" content=\"image\/jpeg\" \/>\n<meta name=\"author\" content=\"Daniely Cardoso\" \/>\n<meta name=\"twitter:card\" content=\"summary_large_image\" \/>\n<meta name=\"twitter:label1\" content=\"Escrito por\" \/>\n\t<meta name=\"twitter:data1\" content=\"Daniely Cardoso\" \/>\n\t<meta name=\"twitter:label2\" content=\"Est. tempo de leitura\" \/>\n\t<meta name=\"twitter:data2\" content=\"4 minutos\" \/>\n<!-- \/ Yoast SEO plugin. -->","yoast_head_json":{"title":"Que cor de batom usar, de acordo com seu tom de pele","description":"Escolher o batom certo valoriza sua beleza natural. Tons adaptativos, como o vermelho universal da Natura, combinam com todo tipo de pele.","robots":{"index":"index","follow":"follow","max-snippet":"max-snippet:-1","max-image-preview":"max-image-preview:large","max-video-preview":"max-video-preview:-1"},"canonical":"https:\/\/www.em.com.br\/emfoco\/2025\/10\/07\/que-cor-de-batom-usar-de-acordo-com-seu-tom-de-pele\/","og_locale":"pt_BR","og_type":"article","og_title":"Que cor de batom usar, de acordo com seu tom de pele","og_description":"Escolher o batom certo valoriza sua beleza natural. Tons adaptativos, como o vermelho universal da Natura, combinam com todo tipo de pele.","og_url":"https:\/\/www.em.com.br\/emfoco\/2025\/10\/07\/que-cor-de-batom-usar-de-acordo-com-seu-tom-de-pele\/","og_site_name":"Estado de Minas - Em foco","article_published_time":"2025-10-07T12:08:39+00:00","article_modified_time":"2025-10-07T02:27:55+00:00","og_image":[{"width":1280,"height":720,"url":"https:\/\/www.em.com.br\/emfoco\/wp-content\/uploads\/2025\/06\/batom_1749740344654.jpg","type":"image\/jpeg"}],"author":"Daniely Cardoso","twitter_card":"summary_large_image","twitter_misc":{"Escrito por":"Daniely Cardoso","Est. tempo de leitura":"4 minutos"},"schema":{"@context":"https:\/\/schema.org","@graph":[{"@type":"WebPage","@id":"https:\/\/www.em.com.br\/emfoco\/2025\/10\/07\/que-cor-de-batom-usar-de-acordo-com-seu-tom-de-pele\/","url":"https:\/\/www.em.com.br\/emfoco\/2025\/10\/07\/que-cor-de-batom-usar-de-acordo-com-seu-tom-de-pele\/","name":"Que cor de batom usar, de acordo com seu tom de pele","isPartOf":{"@id":"https:\/\/www.em.com.br\/emfoco\/#website"},"primaryImageOfPage":{"@id":"https:\/\/www.em.com.br\/emfoco\/2025\/10\/07\/que-cor-de-batom-usar-de-acordo-com-seu-tom-de-pele\/#primaryimage"},"image":{"@id":"https:\/\/www.em.com.br\/emfoco\/2025\/10\/07\/que-cor-de-batom-usar-de-acordo-com-seu-tom-de-pele\/#primaryimage"},"thumbnailUrl":"https:\/\/www.em.com.br\/emfoco\/wp-content\/uploads\/2025\/06\/batom_1749740344654.jpg","datePublished":"2025-10-07T12:08:39+00:00","dateModified":"2025-10-07T02:27:55+00:00","author":{"@id":"https:\/\/www.em.com.br\/emfoco\/#\/schema\/person\/0a8186d72f2c3a5c6276d90b41f271a0"},"description":"Escolher o batom certo valoriza sua beleza natural. Tons adaptativos, como o vermelho universal da Natura, combinam com todo tipo de pele.","breadcrumb":{"@id":"https:\/\/www.em.com.br\/emfoco\/2025\/10\/07\/que-cor-de-batom-usar-de-acordo-com-seu-tom-de-pele\/#breadcrumb"},"inLanguage":"pt-BR","potentialAction":[{"@type":"ReadAction","target":["https:\/\/www.em.com.br\/emfoco\/2025\/10\/07\/que-cor-de-batom-usar-de-acordo-com-seu-tom-de-pele\/"]}]},{"@type":"ImageObject","inLanguage":"pt-BR","@id":"https:\/\/www.em.com.br\/emfoco\/2025\/10\/07\/que-cor-de-batom-usar-de-acordo-com-seu-tom-de-pele\/#primaryimage","url":"https:\/\/www.em.com.br\/emfoco\/wp-content\/uploads\/2025\/06\/batom_1749740344654.jpg","contentUrl":"https:\/\/www.em.com.br\/emfoco\/wp-content\/uploads\/2025\/06\/batom_1749740344654.jpg","width":1280,"height":720,"caption":"Batom - Cr\u00e9ditos: depositphotos.com \/ AllaSerebrina"},{"@type":"BreadcrumbList","@id":"https:\/\/www.em.com.br\/emfoco\/2025\/10\/07\/que-cor-de-batom-usar-de-acordo-com-seu-tom-de-pele\/#breadcrumb","itemListElement":[{"@type":"ListItem","position":1,"name":"In\u00edcio","item":"https:\/\/www.em.com.br\/emfoco\/"},{"@type":"ListItem","position":2,"name":"Que cor de batom usar, de acordo com seu tom de pele"}]},{"@type":"WebSite","@id":"https:\/\/www.em.com.br\/emfoco\/#website","url":"https:\/\/www.em.com.br\/emfoco\/","name":"Estado de Minas - Em foco","description":"Acompanhe as \u00faltimas not\u00edcias e fique bem informado sobre tudo o que acontece em Minas Gerais, Brasil e no mundo.","potentialAction":[{"@type":"SearchAction","target":{"@type":"EntryPoint","urlTemplate":"https:\/\/www.em.com.br\/emfoco\/?s={search_term_string}"},"query-input":{"@type":"PropertyValueSpecification","valueRequired":true,"valueName":"search_term_string"}}],"inLanguage":"pt-BR"},{"@type":"Person","@id":"https:\/\/www.em.com.br\/emfoco\/#\/schema\/person\/0a8186d72f2c3a5c6276d90b41f271a0","name":"Daniely Cardoso","image":{"@type":"ImageObject","inLanguage":"pt-BR","@id":"https:\/\/www.em.com.br\/emfoco\/#\/schema\/person\/image\/","url":"https:\/\/secure.gravatar.com\/avatar\/4b80ddbd124d1f071b626d52d62e5dff?s=96&d=mm&r=g","contentUrl":"https:\/\/secure.gravatar.com\/avatar\/4b80ddbd124d1f071b626d52d62e5dff?s=96&d=mm&r=g","caption":"Daniely Cardoso"},"url":"https:\/\/www.em.com.br\/emfoco\/author\/danielymyth\/"}]}},"_links":{"self":[{"href":"https:\/\/www.em.com.br\/emfoco\/wp-json\/wp\/v2\/posts\/111936","targetHints":{"allow":["GET"]}}],"collection":[{"href":"https:\/\/www.em.com.br\/emfoco\/wp-json\/wp\/v2\/posts"}],"about":[{"href":"https:\/\/www.em.com.br\/emfoco\/wp-json\/wp\/v2\/types\/post"}],"author":[{"embeddable":true,"href":"https:\/\/www.em.com.br\/emfoco\/wp-json\/wp\/v2\/users\/9"}],"replies":[{"embeddable":true,"href":"https:\/\/www.em.com.br\/emfoco\/wp-json\/wp\/v2\/comments?post=111936"}],"version-history":[{"count":3,"href":"https:\/\/www.em.com.br\/emfoco\/wp-json\/wp\/v2\/posts\/111936\/revisions"}],"predecessor-version":[{"id":112318,"href":"https:\/\/www.em.com.br\/emfoco\/wp-json\/wp\/v2\/posts\/111936\/revisions\/112318"}],"wp:featuredmedia":[{"embeddable":true,"href":"https:\/\/www.em.com.br\/emfoco\/wp-json\/wp\/v2\/media\/59510"}],"wp:attachment":[{"href":"https:\/\/www.em.com.br\/emfoco\/wp-json\/wp\/v2\/media?parent=111936"}],"wp:term":[{"taxonomy":"category","embeddable":true,"href":"https:\/\/www.em.com.br\/emfoco\/wp-json\/wp\/v2\/categories?post=111936"},{"taxonomy":"post_tag","embeddable":true,"href":"https:\/\/www.em.com.br\/emfoco\/wp-json\/wp\/v2\/tags?post=111936"}],"curies":[{"name":"wp","href":"https:\/\/api.w.org\/{rel}","templated":true}]}}