{"id":111838,"date":"2025-10-09T08:30:00","date_gmt":"2025-10-09T11:30:00","guid":{"rendered":"https:\/\/www.em.com.br\/emfoco\/?p=111838"},"modified":"2025-10-08T22:41:13","modified_gmt":"2025-10-09T01:41:13","slug":"nova-regra-da-receita-federal-afeta-milhares-de-profissionais-da-saude","status":"publish","type":"post","link":"https:\/\/www.em.com.br\/emfoco\/2025\/10\/09\/nova-regra-da-receita-federal-afeta-milhares-de-profissionais-da-saude\/","title":{"rendered":"Nova regra da Receita Federal afeta milhares de profissionais da sa\u00fade"},"content":{"rendered":"\n<p>Recentemente, a&nbsp;<strong>Receita Federal<\/strong>&nbsp;trouxe importantes esclarecimentos sobre a contribui\u00e7\u00e3o previdenci\u00e1ria de&nbsp;<strong>m\u00e9dicos<\/strong>&nbsp;e&nbsp;<strong>odont\u00f3logos<\/strong>&nbsp;que trabalham atrav\u00e9s de operadoras de planos de sa\u00fade. Este entendimento foi respaldado pelo&nbsp;<strong>Superior Tribunal de Justi\u00e7a (STJ)<\/strong>&nbsp;e pela&nbsp;<strong>Procuradoria-Geral da Fazenda Nacional (PGFN)<\/strong>. Veja abaixo tr\u00eas pontos essenciais desse novo marco:<\/p>\n\n\n\n<ul class=\"wp-block-list\">\n<li>Decis\u00e3o do Superior Tribunal de Justi\u00e7a (STJ) isenta as operadoras de planos de sa\u00fade de responsabilidades patronais.<\/li>\n\n\n\n<li>Parecer vinculante da Procuradoria-Geral da Fazenda Nacional (PGFN) corrobora a decis\u00e3o do judici\u00e1rio.<\/li>\n\n\n\n<li>Necessidade de ajustes nos procedimentos internos pela Administra\u00e7\u00e3o Tribut\u00e1ria.<\/li>\n<\/ul>\n\n\n\n<h2 class=\"wp-block-heading\">Como a decis\u00e3o do STJ impacta m\u00e9dicos e odont\u00f3logos?<\/h2>\n\n\n\n<p>O Superior Tribunal de Justi\u00e7a (STJ) determinou que as operadoras de planos de sa\u00fade n\u00e3o s\u00e3o respons\u00e1veis pelo recolhimento da contribui\u00e7\u00e3o previdenci\u00e1ria patronal sobre os valores pagos a esses profissionais. Isso refor\u00e7a a autonomia dos m\u00e9dicos e odont\u00f3logos em rela\u00e7\u00e3o ao v\u00ednculo empregat\u00edcio.<\/p>\n\n\n\n<h2 class=\"wp-block-heading\">Quais s\u00e3o as orienta\u00e7\u00f5es recentes da PGFN?<\/h2>\n\n\n\n<p>A Procuradoria-Geral da Fazenda Nacional (PGFN) emitiu um parecer vinculante que complementa a decis\u00e3o do Superior Tribunal de Justi\u00e7a (STJ). Este posicionamento oficial levou a mudan\u00e7as na Administra\u00e7\u00e3o Tribut\u00e1ria, que teve que revisar seus procedimentos internos.<\/p>\n\n\n\n<figure class=\"wp-block-image\"><img decoding=\"async\" src=\"https:\/\/www.em.com.br\/emfoco\/wp-content\/uploads\/2025\/03\/Minas_Gerais_Brazil__March_21_2021_customer_used_the_income_tax_application_of_the_federal_reven-1024x576.jpg\" alt=\"\"\/><figcaption class=\"wp-element-caption\">Receita federal informa sobre responsabilidades previdenci\u00e1rias &#8211; Cr\u00e9ditos: depositphotos.com \/ sidneydealmeida<\/figcaption><\/figure>\n\n\n\n<p><strong>Dica r\u00e1pida:<\/strong>&nbsp;Os profissionais de sa\u00fade devem ficar atentos \u00e0s mudan\u00e7as para garantir o cumprimento adequado de suas responsabilidades previdenci\u00e1rias.<\/p>\n\n\n\n<h2 class=\"wp-block-heading\">Quais s\u00e3o as responsabilidades previdenci\u00e1rias dos m\u00e9dicos e odont\u00f3logos?<\/h2>\n\n\n\n<p>Os m\u00e9dicos e odont\u00f3logos s\u00e3o respons\u00e1veis por recolher uma al\u00edquota de 20% sobre o total recebido mensalmente, conforme o teto previdenci\u00e1rio vigente. Existe tamb\u00e9m a op\u00e7\u00e3o por um plano simplificado conforme o<a href=\"http:\/\/www.planalto.gov.br\/ccivil_03\/leis\/l8212cons.htm#art21\" target=\"_blank\" rel=\"noreferrer noopener\">\u00a0<strong>art. 21 da Lei n\u00ba 8.212, de 1991<\/strong><\/a>.<\/p>\n\n\n\n<h2 class=\"wp-block-heading\">O que fazer em caso de reten\u00e7\u00e3o pela operadora?<\/h2>\n\n\n\n<p>O\u00a0<strong><a href=\"https:\/\/www.in.gov.br\/en\/web\/dou\/-\/ato-declaratorio-interpretativo-rfb-n-2-de-15-de-setembro-de-2025-660015671\" target=\"_blank\" rel=\"noreferrer noopener\">Ato Declarat\u00f3rio Interpretativo<\/a><\/strong>\u00a0deixa claro que as operadoras de plano de sa\u00fade n\u00e3o s\u00e3o obrigadas a reter a contribui\u00e7\u00e3o previdenci\u00e1ria devida pelos m\u00e9dicos e odont\u00f3logos. Caso tenham sofrido reten\u00e7\u00e3o de 11% pela operadora, os profissionais devem ajustar o recolhimento complementar.<\/p>\n\n\n\n<h2 class=\"wp-block-heading\">Quais s\u00e3o os principais impactos para a classe m\u00e9dica?<\/h2>\n\n\n\n<ul class=\"wp-block-list\">\n<li>Autonomia na gest\u00e3o de suas contribui\u00e7\u00f5es previdenci\u00e1rias.<\/li>\n\n\n\n<li>Al\u00edvio das operadoras de uma responsabilidade fiscal.<\/li>\n\n\n\n<li>Necessidade de acompanhamento de atualiza\u00e7\u00f5es legais.<\/li>\n<\/ul>\n\n\n\n<p><\/p>\n","protected":false},"excerpt":{"rendered":"<p>Recentemente, a&nbsp;Receita Federal&nbsp;trouxe importantes esclarecimentos sobre a contribui\u00e7\u00e3o previdenci\u00e1ria de&nbsp;m\u00e9dicos&nbsp;e&nbsp;odont\u00f3logos&nbsp;que trabalham atrav\u00e9s de operadoras de planos de sa\u00fade. Este entendimento foi respaldado pelo&nbsp;Superior Tribunal de Justi\u00e7a (STJ)&nbsp;e pela&nbsp;Procuradoria-Geral da Fazenda Nacional (PGFN). Veja abaixo tr\u00eas pontos essenciais desse novo marco: Como a decis\u00e3o do STJ impacta m\u00e9dicos e odont\u00f3logos? O Superior Tribunal de Justi\u00e7a (STJ) [&hellip;]<\/p>\n","protected":false},"author":11,"featured_media":109898,"comment_status":"open","ping_status":"open","sticky":false,"template":"","format":"standard","meta":{"jnews-multi-image_gallery":[],"jnews_single_post":{"format":"standard"},"jnews_primary_category":[],"jnews_social_meta":[],"jnews_override_counter":[],"footnotes":""},"categories":[28,1],"tags":[219,4232,1010,3440,12756],"class_list":["post-111838","post","type-post","status-publish","format-standard","has-post-thumbnail","hentry","category-economia","category-noticias","tag-contribuicao","tag-medico","tag-previdencia","tag-receita","tag-saude-2"],"yoast_head":"<!-- This site is optimized with the Yoast SEO plugin v23.8 - https:\/\/yoast.com\/wordpress\/plugins\/seo\/ -->\n<title>Nova regra da Receita Federal afeta milhares de profissionais da sa\u00fade - Estado de Minas - Em foco<\/title>\n<meta name=\"description\" content=\"Receita Federal e STJ refor\u00e7am isen\u00e7\u00e3o das operadoras. Veja como isso afeta os profissionais da sa\u00fade e suas obriga\u00e7\u00f5es legais.\" \/>\n<meta name=\"robots\" content=\"index, follow, max-snippet:-1, max-image-preview:large, max-video-preview:-1\" \/>\n<link rel=\"canonical\" href=\"https:\/\/www.em.com.br\/emfoco\/2025\/10\/09\/nova-regra-da-receita-federal-afeta-milhares-de-profissionais-da-saude\/\" \/>\n<meta property=\"og:locale\" content=\"pt_BR\" \/>\n<meta property=\"og:type\" content=\"article\" \/>\n<meta property=\"og:title\" content=\"Nova regra da Receita Federal afeta milhares de profissionais da sa\u00fade - Estado de Minas - Em foco\" \/>\n<meta property=\"og:description\" content=\"Receita Federal e STJ refor\u00e7am isen\u00e7\u00e3o das operadoras. Veja como isso afeta os profissionais da sa\u00fade e suas obriga\u00e7\u00f5es legais.\" \/>\n<meta property=\"og:url\" content=\"https:\/\/www.em.com.br\/emfoco\/2025\/10\/09\/nova-regra-da-receita-federal-afeta-milhares-de-profissionais-da-saude\/\" \/>\n<meta property=\"og:site_name\" content=\"Estado de Minas - Em foco\" \/>\n<meta property=\"article:published_time\" content=\"2025-10-09T11:30:00+00:00\" \/>\n<meta property=\"article:modified_time\" content=\"2025-10-09T01:41:13+00:00\" \/>\n<meta property=\"og:image\" content=\"https:\/\/www.em.com.br\/emfoco\/wp-content\/uploads\/2025\/09\/receita-federal-celular_1759248650394.jpg\" \/>\n\t<meta property=\"og:image:width\" content=\"1280\" \/>\n\t<meta property=\"og:image:height\" content=\"720\" \/>\n\t<meta property=\"og:image:type\" content=\"image\/jpeg\" \/>\n<meta name=\"author\" content=\"Andre\u0301 Rangel\u00a0\" \/>\n<meta name=\"twitter:card\" content=\"summary_large_image\" \/>\n<meta name=\"twitter:label1\" content=\"Escrito por\" \/>\n\t<meta name=\"twitter:data1\" content=\"Andre\u0301 Rangel\u00a0\" \/>\n\t<meta name=\"twitter:label2\" content=\"Est. tempo de leitura\" \/>\n\t<meta name=\"twitter:data2\" content=\"3 minutos\" \/>\n<!-- \/ Yoast SEO plugin. -->","yoast_head_json":{"title":"Nova regra da Receita Federal afeta milhares de profissionais da sa\u00fade - Estado de Minas - Em foco","description":"Receita Federal e STJ refor\u00e7am isen\u00e7\u00e3o das operadoras. Veja como isso afeta os profissionais da sa\u00fade e suas obriga\u00e7\u00f5es legais.","robots":{"index":"index","follow":"follow","max-snippet":"max-snippet:-1","max-image-preview":"max-image-preview:large","max-video-preview":"max-video-preview:-1"},"canonical":"https:\/\/www.em.com.br\/emfoco\/2025\/10\/09\/nova-regra-da-receita-federal-afeta-milhares-de-profissionais-da-saude\/","og_locale":"pt_BR","og_type":"article","og_title":"Nova regra da Receita Federal afeta milhares de profissionais da sa\u00fade - Estado de Minas - Em foco","og_description":"Receita Federal e STJ refor\u00e7am isen\u00e7\u00e3o das operadoras. Veja como isso afeta os profissionais da sa\u00fade e suas obriga\u00e7\u00f5es legais.","og_url":"https:\/\/www.em.com.br\/emfoco\/2025\/10\/09\/nova-regra-da-receita-federal-afeta-milhares-de-profissionais-da-saude\/","og_site_name":"Estado de Minas - Em foco","article_published_time":"2025-10-09T11:30:00+00:00","article_modified_time":"2025-10-09T01:41:13+00:00","og_image":[{"width":1280,"height":720,"url":"https:\/\/www.em.com.br\/emfoco\/wp-content\/uploads\/2025\/09\/receita-federal-celular_1759248650394.jpg","type":"image\/jpeg"}],"author":"Andre\u0301 Rangel\u00a0","twitter_card":"summary_large_image","twitter_misc":{"Escrito por":"Andre\u0301 Rangel\u00a0","Est. tempo de leitura":"3 minutos"},"schema":{"@context":"https:\/\/schema.org","@graph":[{"@type":"WebPage","@id":"https:\/\/www.em.com.br\/emfoco\/2025\/10\/09\/nova-regra-da-receita-federal-afeta-milhares-de-profissionais-da-saude\/","url":"https:\/\/www.em.com.br\/emfoco\/2025\/10\/09\/nova-regra-da-receita-federal-afeta-milhares-de-profissionais-da-saude\/","name":"Nova regra da Receita Federal afeta milhares de profissionais da sa\u00fade - Estado de Minas - Em foco","isPartOf":{"@id":"https:\/\/www.em.com.br\/emfoco\/#website"},"primaryImageOfPage":{"@id":"https:\/\/www.em.com.br\/emfoco\/2025\/10\/09\/nova-regra-da-receita-federal-afeta-milhares-de-profissionais-da-saude\/#primaryimage"},"image":{"@id":"https:\/\/www.em.com.br\/emfoco\/2025\/10\/09\/nova-regra-da-receita-federal-afeta-milhares-de-profissionais-da-saude\/#primaryimage"},"thumbnailUrl":"https:\/\/www.em.com.br\/emfoco\/wp-content\/uploads\/2025\/09\/receita-federal-celular_1759248650394.jpg","datePublished":"2025-10-09T11:30:00+00:00","dateModified":"2025-10-09T01:41:13+00:00","author":{"@id":"https:\/\/www.em.com.br\/emfoco\/#\/schema\/person\/60eda09c1fedf0d6891f4cef4b60b8b8"},"description":"Receita Federal e STJ refor\u00e7am isen\u00e7\u00e3o das operadoras. Veja como isso afeta os profissionais da sa\u00fade e suas obriga\u00e7\u00f5es legais.","breadcrumb":{"@id":"https:\/\/www.em.com.br\/emfoco\/2025\/10\/09\/nova-regra-da-receita-federal-afeta-milhares-de-profissionais-da-saude\/#breadcrumb"},"inLanguage":"pt-BR","potentialAction":[{"@type":"ReadAction","target":["https:\/\/www.em.com.br\/emfoco\/2025\/10\/09\/nova-regra-da-receita-federal-afeta-milhares-de-profissionais-da-saude\/"]}]},{"@type":"ImageObject","inLanguage":"pt-BR","@id":"https:\/\/www.em.com.br\/emfoco\/2025\/10\/09\/nova-regra-da-receita-federal-afeta-milhares-de-profissionais-da-saude\/#primaryimage","url":"https:\/\/www.em.com.br\/emfoco\/wp-content\/uploads\/2025\/09\/receita-federal-celular_1759248650394.jpg","contentUrl":"https:\/\/www.em.com.br\/emfoco\/wp-content\/uploads\/2025\/09\/receita-federal-celular_1759248650394.jpg","width":1280,"height":720,"caption":"Receita federal emite alerta - Cr\u00e9ditos: depositphotos.com \/ sidneydealmeida"},{"@type":"BreadcrumbList","@id":"https:\/\/www.em.com.br\/emfoco\/2025\/10\/09\/nova-regra-da-receita-federal-afeta-milhares-de-profissionais-da-saude\/#breadcrumb","itemListElement":[{"@type":"ListItem","position":1,"name":"In\u00edcio","item":"https:\/\/www.em.com.br\/emfoco\/"},{"@type":"ListItem","position":2,"name":"Nova regra da Receita Federal afeta milhares de profissionais da sa\u00fade"}]},{"@type":"WebSite","@id":"https:\/\/www.em.com.br\/emfoco\/#website","url":"https:\/\/www.em.com.br\/emfoco\/","name":"Estado de Minas - Em foco","description":"Acompanhe as \u00faltimas not\u00edcias e fique bem informado sobre tudo o que acontece em Minas Gerais, Brasil e no mundo.","potentialAction":[{"@type":"SearchAction","target":{"@type":"EntryPoint","urlTemplate":"https:\/\/www.em.com.br\/emfoco\/?s={search_term_string}"},"query-input":{"@type":"PropertyValueSpecification","valueRequired":true,"valueName":"search_term_string"}}],"inLanguage":"pt-BR"},{"@type":"Person","@id":"https:\/\/www.em.com.br\/emfoco\/#\/schema\/person\/60eda09c1fedf0d6891f4cef4b60b8b8","name":"Andre\u0301 Rangel\u00a0","image":{"@type":"ImageObject","inLanguage":"pt-BR","@id":"https:\/\/www.em.com.br\/emfoco\/#\/schema\/person\/image\/","url":"https:\/\/secure.gravatar.com\/avatar\/6234dc814c77c8ef6d8bba622c787efc?s=96&d=mm&r=g","contentUrl":"https:\/\/secure.gravatar.com\/avatar\/6234dc814c77c8ef6d8bba622c787efc?s=96&d=mm&r=g","caption":"Andre\u0301 Rangel\u00a0"},"url":"https:\/\/www.em.com.br\/emfoco\/author\/luizmyth\/"}]}},"_links":{"self":[{"href":"https:\/\/www.em.com.br\/emfoco\/wp-json\/wp\/v2\/posts\/111838","targetHints":{"allow":["GET"]}}],"collection":[{"href":"https:\/\/www.em.com.br\/emfoco\/wp-json\/wp\/v2\/posts"}],"about":[{"href":"https:\/\/www.em.com.br\/emfoco\/wp-json\/wp\/v2\/types\/post"}],"author":[{"embeddable":true,"href":"https:\/\/www.em.com.br\/emfoco\/wp-json\/wp\/v2\/users\/11"}],"replies":[{"embeddable":true,"href":"https:\/\/www.em.com.br\/emfoco\/wp-json\/wp\/v2\/comments?post=111838"}],"version-history":[{"count":4,"href":"https:\/\/www.em.com.br\/emfoco\/wp-json\/wp\/v2\/posts\/111838\/revisions"}],"predecessor-version":[{"id":113170,"href":"https:\/\/www.em.com.br\/emfoco\/wp-json\/wp\/v2\/posts\/111838\/revisions\/113170"}],"wp:featuredmedia":[{"embeddable":true,"href":"https:\/\/www.em.com.br\/emfoco\/wp-json\/wp\/v2\/media\/109898"}],"wp:attachment":[{"href":"https:\/\/www.em.com.br\/emfoco\/wp-json\/wp\/v2\/media?parent=111838"}],"wp:term":[{"taxonomy":"category","embeddable":true,"href":"https:\/\/www.em.com.br\/emfoco\/wp-json\/wp\/v2\/categories?post=111838"},{"taxonomy":"post_tag","embeddable":true,"href":"https:\/\/www.em.com.br\/emfoco\/wp-json\/wp\/v2\/tags?post=111838"}],"curies":[{"name":"wp","href":"https:\/\/api.w.org\/{rel}","templated":true}]}}