{"id":111615,"date":"2025-10-06T19:58:00","date_gmt":"2025-10-06T22:58:00","guid":{"rendered":"https:\/\/www.em.com.br\/emfoco\/?p=111615"},"modified":"2025-10-04T14:34:22","modified_gmt":"2025-10-04T17:34:22","slug":"como-montar-um-home-office-funcional-e-bonito-em-poucos-passos","status":"publish","type":"post","link":"https:\/\/www.em.com.br\/emfoco\/2025\/10\/06\/como-montar-um-home-office-funcional-e-bonito-em-poucos-passos\/","title":{"rendered":"Como montar um home office funcional e bonito em poucos passos"},"content":{"rendered":"\n<p>Transformar um ambiente em um <strong>home office funcional e bonito<\/strong> exige planejamento inteligente e escolhas que unem conforto, organiza\u00e7\u00e3o e est\u00e9tica.<\/p>\n\n\n\n<ul class=\"wp-block-list\">\n<li>Dicas pr\u00e1ticas para otimizar espa\u00e7o e ilumina\u00e7\u00e3o<\/li>\n\n\n\n<li>Itens que n\u00e3o podem faltar no seu escrit\u00f3rio em casa<\/li>\n\n\n\n<li>Truques para manter estilo e produtividade<\/li>\n<\/ul>\n\n\n\n<h2 class=\"wp-block-heading\">Por que o planejamento \u00e9 essencial para o home office?<\/h2>\n\n\n\n<p>Organizar seu espa\u00e7o antes de come\u00e7ar evita retrabalho e frustra\u00e7\u00f5es. <strong>Um home office bem planejado favorece concentra\u00e7\u00e3o e produtividade<\/strong>, sem abrir m\u00e3o do conforto no dia a dia.<\/p>\n\n\n\n<p>Pensar em ergonomia, ilumina\u00e7\u00e3o e <a href=\"https:\/\/conhecer.serpros.com.br\/noticia\/cansado-da-disposicao-do-moveis-mude-tudo-de-lugar-e-ganhe-mais-espaco\" target=\"_blank\" rel=\"noreferrer noopener\">disposi\u00e7\u00e3o dos m\u00f3veis<\/a> faz toda a diferen\u00e7a. O objetivo \u00e9 unir est\u00e9tica com praticidade, criando um ambiente funcional e agrad\u00e1vel para trabalhar.<\/p>\n\n\n\n<figure class=\"wp-block-image size-large\"><img loading=\"lazy\" decoding=\"async\" width=\"1024\" height=\"576\" src=\"https:\/\/www.em.com.br\/emfoco\/wp-content\/uploads\/2025\/08\/Home-office_1755269783838-1024x576.jpg\" alt=\"Aprenda a criar um ambiente confort\u00e1vel para home office que aumenta sua produtividade\" class=\"wp-image-92079\" srcset=\"https:\/\/www.em.com.br\/emfoco\/wp-content\/uploads\/2025\/08\/Home-office_1755269783838-1024x576.jpg 1024w, https:\/\/www.em.com.br\/emfoco\/wp-content\/uploads\/2025\/08\/Home-office_1755269783838-300x169.jpg 300w, https:\/\/www.em.com.br\/emfoco\/wp-content\/uploads\/2025\/08\/Home-office_1755269783838-768x432.jpg 768w, https:\/\/www.em.com.br\/emfoco\/wp-content\/uploads\/2025\/08\/Home-office_1755269783838-750x422.jpg 750w, https:\/\/www.em.com.br\/emfoco\/wp-content\/uploads\/2025\/08\/Home-office_1755269783838-1140x641.jpg 1140w, https:\/\/www.em.com.br\/emfoco\/wp-content\/uploads\/2025\/08\/Home-office_1755269783838.jpg 1280w\" sizes=\"auto, (max-width: 1024px) 100vw, 1024px\" \/><figcaption class=\"wp-element-caption\">Ilumina\u00e7\u00e3o natural que estimula foco e reduz o cansa\u00e7o visual &#8211; Cr\u00e9ditos: depositphotos.com \/ tontectonix<\/figcaption><\/figure>\n\n\n\n<h2 class=\"wp-block-heading\">Quais itens n\u00e3o podem faltar em um home office eficiente?<\/h2>\n\n\n\n<p>Alguns elementos s\u00e3o indispens\u00e1veis para garantir conforto e praticidade. A escolha adequada desses itens torna o espa\u00e7o mais funcional e melhora a rotina de trabalho.<\/p>\n\n\n\n<ul class=\"wp-block-list\">\n<li>Cadeira ergon\u00f4mica que apoie coluna e postura<\/li>\n\n\n\n<li>Mesa espa\u00e7osa com altura adequada<\/li>\n\n\n\n<li>Boa ilumina\u00e7\u00e3o, preferencialmente natural<\/li>\n\n\n\n<li>Organizadores para manter tudo acess\u00edvel<\/li>\n\n\n\n<li>Equipamentos tecnol\u00f3gicos de qualidade<\/li>\n<\/ul>\n\n\n\n<h2 class=\"wp-block-heading\">Como aproveitar melhor o espa\u00e7o dispon\u00edvel?<\/h2>\n\n\n\n<p>Ambientes pequenos tamb\u00e9m podem se tornar funcionais com solu\u00e7\u00f5es criativas. <strong>O segredo \u00e9 escolher m\u00f3veis proporcionais<\/strong> e aproveitar cantos que muitas vezes ficam esquecidos.<\/p>\n\n\n\n<p>Prateleiras verticais, nichos e mesas compactas ajudam a liberar o ch\u00e3o e trazem sensa\u00e7\u00e3o de amplitude. A ideia \u00e9 manter o espa\u00e7o sempre leve e livre de excessos.<\/p>\n\n\n\n<figure class=\"wp-block-image size-large\"><img loading=\"lazy\" decoding=\"async\" width=\"1024\" height=\"576\" src=\"https:\/\/www.em.com.br\/emfoco\/wp-content\/uploads\/2025\/07\/home-office_1751473104348-1024x576.jpg\" alt=\"Dicas para evitar sedentarismo e procrastina\u00e7\u00e3o no trabalho home office\" class=\"wp-image-70354\" srcset=\"https:\/\/www.em.com.br\/emfoco\/wp-content\/uploads\/2025\/07\/home-office_1751473104348-1024x576.jpg 1024w, https:\/\/www.em.com.br\/emfoco\/wp-content\/uploads\/2025\/07\/home-office_1751473104348-300x169.jpg 300w, https:\/\/www.em.com.br\/emfoco\/wp-content\/uploads\/2025\/07\/home-office_1751473104348-768x432.jpg 768w, https:\/\/www.em.com.br\/emfoco\/wp-content\/uploads\/2025\/07\/home-office_1751473104348-750x422.jpg 750w, https:\/\/www.em.com.br\/emfoco\/wp-content\/uploads\/2025\/07\/home-office_1751473104348-1140x641.jpg 1140w, https:\/\/www.em.com.br\/emfoco\/wp-content\/uploads\/2025\/07\/home-office_1751473104348.jpg 1280w\" sizes=\"auto, (max-width: 1024px) 100vw, 1024px\" \/><figcaption class=\"wp-element-caption\">Organiza\u00e7\u00e3o pr\u00e1tica que aumenta a produtividade no dia a dia &#8211; Cr\u00e9ditos: depositphotos.com \/ SarkisSeysian<\/figcaption><\/figure>\n\n\n\n<p><em>Leia mais: <a href=\"https:\/\/www.em.com.br\/emfoco\/2025\/10\/02\/como-organizar-e-limpar-cada-comodo-para-comecar-a-primavera-bem\/\" target=\"_blank\" rel=\"noreferrer noopener\">Como organizar e limpar cada c\u00f4modo para come\u00e7ar a primavera bem<\/a><\/em><\/p>\n\n\n\n<h2 class=\"wp-block-heading\">De que forma a decora\u00e7\u00e3o influencia na produtividade?<\/h2>\n\n\n\n<p>As cores, os objetos e at\u00e9 a ilumina\u00e7\u00e3o afetam o humor e a disposi\u00e7\u00e3o para o trabalho. Um ambiente bonito e agrad\u00e1vel <strong>estimula a criatividade e reduz a sensa\u00e7\u00e3o de cansa\u00e7o<\/strong>.<\/p>\n\n\n\n<p>Evitar excessos \u00e9 essencial: poucos elementos decorativos j\u00e1 transformam o local. Quadros, plantas e paletas de cores suaves s\u00e3o escolhas certeiras para equilibrar estilo e funcionalidade.<\/p>\n\n\n\n<h2 class=\"wp-block-heading\">Quais dicas extras deixam o home office mais pr\u00e1tico?<\/h2>\n\n\n\n<p>Pequenos detalhes podem facilitar a rotina e deixar o escrit\u00f3rio em casa mais agrad\u00e1vel. Confira algumas sugest\u00f5es que fazem diferen\u00e7a no dia a dia:<\/p>\n\n\n\n<ul class=\"wp-block-list\">\n<li>Use suportes para manter cabos organizados<\/li>\n\n\n\n<li>Adote lumin\u00e1rias ajust\u00e1veis para diferentes tarefas<\/li>\n\n\n\n<li>Inclua plantas f\u00e1ceis de cuidar para renovar o ambiente<\/li>\n<\/ul>\n","protected":false},"excerpt":{"rendered":"<p>Transformar um ambiente em um home office funcional e bonito exige planejamento inteligente e escolhas que unem conforto, organiza\u00e7\u00e3o e est\u00e9tica. Por que o planejamento \u00e9 essencial para o home office? Organizar seu espa\u00e7o antes de come\u00e7ar evita retrabalho e frustra\u00e7\u00f5es. Um home office bem planejado favorece concentra\u00e7\u00e3o e produtividade, sem abrir m\u00e3o do conforto [&hellip;]<\/p>\n","protected":false},"author":13,"featured_media":70352,"comment_status":"open","ping_status":"open","sticky":false,"template":"","format":"standard","meta":{"jnews-multi-image_gallery":[],"jnews_single_post":{"format":"standard"},"jnews_primary_category":[],"jnews_social_meta":[],"jnews_override_counter":[],"footnotes":""},"categories":[8819],"tags":[4687,3304,17031],"class_list":["post-111615","post","type-post","status-publish","format-standard","has-post-thumbnail","hentry","category-curiosidades","tag-decoracao","tag-home-office","tag-home-office-funcional"],"yoast_head":"<!-- This site is optimized with the Yoast SEO plugin v23.8 - https:\/\/yoast.com\/wordpress\/plugins\/seo\/ -->\n<title>Como montar um home office funcional e bonito em poucos passos - Estado de Minas - Em foco<\/title>\n<meta name=\"description\" content=\"Espa\u00e7o pequeno n\u00e3o \u00e9 problema. Com essas dicas, voc\u00ea transforma qualquer canto em um home office estiloso e eficiente.\" \/>\n<meta name=\"robots\" content=\"index, follow, max-snippet:-1, max-image-preview:large, max-video-preview:-1\" \/>\n<link rel=\"canonical\" href=\"https:\/\/www.em.com.br\/emfoco\/2025\/10\/06\/como-montar-um-home-office-funcional-e-bonito-em-poucos-passos\/\" \/>\n<meta property=\"og:locale\" content=\"pt_BR\" \/>\n<meta property=\"og:type\" content=\"article\" \/>\n<meta property=\"og:title\" content=\"Como montar um home office funcional e bonito em poucos passos - Estado de Minas - Em foco\" \/>\n<meta property=\"og:description\" content=\"Espa\u00e7o pequeno n\u00e3o \u00e9 problema. Com essas dicas, voc\u00ea transforma qualquer canto em um home office estiloso e eficiente.\" \/>\n<meta property=\"og:url\" content=\"https:\/\/www.em.com.br\/emfoco\/2025\/10\/06\/como-montar-um-home-office-funcional-e-bonito-em-poucos-passos\/\" \/>\n<meta property=\"og:site_name\" content=\"Estado de Minas - Em foco\" \/>\n<meta property=\"article:published_time\" content=\"2025-10-06T22:58:00+00:00\" \/>\n<meta property=\"article:modified_time\" content=\"2025-10-04T17:34:22+00:00\" \/>\n<meta property=\"og:image\" content=\"https:\/\/www.em.com.br\/emfoco\/wp-content\/uploads\/2025\/07\/home-office_1751473059681.jpg\" \/>\n\t<meta property=\"og:image:width\" content=\"1280\" \/>\n\t<meta property=\"og:image:height\" content=\"720\" \/>\n\t<meta property=\"og:image:type\" content=\"image\/jpeg\" \/>\n<meta name=\"author\" content=\"Gabriel Martins\" \/>\n<meta name=\"twitter:card\" content=\"summary_large_image\" \/>\n<meta name=\"twitter:label1\" content=\"Escrito por\" \/>\n\t<meta name=\"twitter:data1\" content=\"Gabriel Martins\" \/>\n\t<meta name=\"twitter:label2\" content=\"Est. tempo de leitura\" \/>\n\t<meta name=\"twitter:data2\" content=\"3 minutos\" \/>\n<!-- \/ Yoast SEO plugin. -->","yoast_head_json":{"title":"Como montar um home office funcional e bonito em poucos passos - Estado de Minas - Em foco","description":"Espa\u00e7o pequeno n\u00e3o \u00e9 problema. Com essas dicas, voc\u00ea transforma qualquer canto em um home office estiloso e eficiente.","robots":{"index":"index","follow":"follow","max-snippet":"max-snippet:-1","max-image-preview":"max-image-preview:large","max-video-preview":"max-video-preview:-1"},"canonical":"https:\/\/www.em.com.br\/emfoco\/2025\/10\/06\/como-montar-um-home-office-funcional-e-bonito-em-poucos-passos\/","og_locale":"pt_BR","og_type":"article","og_title":"Como montar um home office funcional e bonito em poucos passos - Estado de Minas - Em foco","og_description":"Espa\u00e7o pequeno n\u00e3o \u00e9 problema. Com essas dicas, voc\u00ea transforma qualquer canto em um home office estiloso e eficiente.","og_url":"https:\/\/www.em.com.br\/emfoco\/2025\/10\/06\/como-montar-um-home-office-funcional-e-bonito-em-poucos-passos\/","og_site_name":"Estado de Minas - Em foco","article_published_time":"2025-10-06T22:58:00+00:00","article_modified_time":"2025-10-04T17:34:22+00:00","og_image":[{"width":1280,"height":720,"url":"https:\/\/www.em.com.br\/emfoco\/wp-content\/uploads\/2025\/07\/home-office_1751473059681.jpg","type":"image\/jpeg"}],"author":"Gabriel Martins","twitter_card":"summary_large_image","twitter_misc":{"Escrito por":"Gabriel Martins","Est. tempo de leitura":"3 minutos"},"schema":{"@context":"https:\/\/schema.org","@graph":[{"@type":"WebPage","@id":"https:\/\/www.em.com.br\/emfoco\/2025\/10\/06\/como-montar-um-home-office-funcional-e-bonito-em-poucos-passos\/","url":"https:\/\/www.em.com.br\/emfoco\/2025\/10\/06\/como-montar-um-home-office-funcional-e-bonito-em-poucos-passos\/","name":"Como montar um home office funcional e bonito em poucos passos - Estado de Minas - Em foco","isPartOf":{"@id":"https:\/\/www.em.com.br\/emfoco\/#website"},"primaryImageOfPage":{"@id":"https:\/\/www.em.com.br\/emfoco\/2025\/10\/06\/como-montar-um-home-office-funcional-e-bonito-em-poucos-passos\/#primaryimage"},"image":{"@id":"https:\/\/www.em.com.br\/emfoco\/2025\/10\/06\/como-montar-um-home-office-funcional-e-bonito-em-poucos-passos\/#primaryimage"},"thumbnailUrl":"https:\/\/www.em.com.br\/emfoco\/wp-content\/uploads\/2025\/07\/home-office_1751473059681.jpg","datePublished":"2025-10-06T22:58:00+00:00","dateModified":"2025-10-04T17:34:22+00:00","author":{"@id":"https:\/\/www.em.com.br\/emfoco\/#\/schema\/person\/1c9ddeab18b98abeffef834667bcf08a"},"description":"Espa\u00e7o pequeno n\u00e3o \u00e9 problema. Com essas dicas, voc\u00ea transforma qualquer canto em um home office estiloso e eficiente.","breadcrumb":{"@id":"https:\/\/www.em.com.br\/emfoco\/2025\/10\/06\/como-montar-um-home-office-funcional-e-bonito-em-poucos-passos\/#breadcrumb"},"inLanguage":"pt-BR","potentialAction":[{"@type":"ReadAction","target":["https:\/\/www.em.com.br\/emfoco\/2025\/10\/06\/como-montar-um-home-office-funcional-e-bonito-em-poucos-passos\/"]}]},{"@type":"ImageObject","inLanguage":"pt-BR","@id":"https:\/\/www.em.com.br\/emfoco\/2025\/10\/06\/como-montar-um-home-office-funcional-e-bonito-em-poucos-passos\/#primaryimage","url":"https:\/\/www.em.com.br\/emfoco\/wp-content\/uploads\/2025\/07\/home-office_1751473059681.jpg","contentUrl":"https:\/\/www.em.com.br\/emfoco\/wp-content\/uploads\/2025\/07\/home-office_1751473059681.jpg","width":1280,"height":720,"caption":"Uso inteligente de espa\u00e7o que transforma qualquer canto em escrit\u00f3rio - Cr\u00e9ditos: depositphotos.com \/ HayDmitriy"},{"@type":"BreadcrumbList","@id":"https:\/\/www.em.com.br\/emfoco\/2025\/10\/06\/como-montar-um-home-office-funcional-e-bonito-em-poucos-passos\/#breadcrumb","itemListElement":[{"@type":"ListItem","position":1,"name":"In\u00edcio","item":"https:\/\/www.em.com.br\/emfoco\/"},{"@type":"ListItem","position":2,"name":"Como montar um home office funcional e bonito em poucos passos"}]},{"@type":"WebSite","@id":"https:\/\/www.em.com.br\/emfoco\/#website","url":"https:\/\/www.em.com.br\/emfoco\/","name":"Estado de Minas - Em foco","description":"Acompanhe as \u00faltimas not\u00edcias e fique bem informado sobre tudo o que acontece em Minas Gerais, Brasil e no mundo.","potentialAction":[{"@type":"SearchAction","target":{"@type":"EntryPoint","urlTemplate":"https:\/\/www.em.com.br\/emfoco\/?s={search_term_string}"},"query-input":{"@type":"PropertyValueSpecification","valueRequired":true,"valueName":"search_term_string"}}],"inLanguage":"pt-BR"},{"@type":"Person","@id":"https:\/\/www.em.com.br\/emfoco\/#\/schema\/person\/1c9ddeab18b98abeffef834667bcf08a","name":"Gabriel Martins","image":{"@type":"ImageObject","inLanguage":"pt-BR","@id":"https:\/\/www.em.com.br\/emfoco\/#\/schema\/person\/image\/","url":"https:\/\/secure.gravatar.com\/avatar\/f0f1e2efdfd88f1ad2cb08c5c2731e50?s=96&d=mm&r=g","contentUrl":"https:\/\/secure.gravatar.com\/avatar\/f0f1e2efdfd88f1ad2cb08c5c2731e50?s=96&d=mm&r=g","caption":"Gabriel Martins"},"sameAs":["https:\/\/www.em.com.br\/emfoco\/"],"url":"https:\/\/www.em.com.br\/emfoco\/author\/gabrielmartinsmyth\/"}]}},"_links":{"self":[{"href":"https:\/\/www.em.com.br\/emfoco\/wp-json\/wp\/v2\/posts\/111615","targetHints":{"allow":["GET"]}}],"collection":[{"href":"https:\/\/www.em.com.br\/emfoco\/wp-json\/wp\/v2\/posts"}],"about":[{"href":"https:\/\/www.em.com.br\/emfoco\/wp-json\/wp\/v2\/types\/post"}],"author":[{"embeddable":true,"href":"https:\/\/www.em.com.br\/emfoco\/wp-json\/wp\/v2\/users\/13"}],"replies":[{"embeddable":true,"href":"https:\/\/www.em.com.br\/emfoco\/wp-json\/wp\/v2\/comments?post=111615"}],"version-history":[{"count":1,"href":"https:\/\/www.em.com.br\/emfoco\/wp-json\/wp\/v2\/posts\/111615\/revisions"}],"predecessor-version":[{"id":111621,"href":"https:\/\/www.em.com.br\/emfoco\/wp-json\/wp\/v2\/posts\/111615\/revisions\/111621"}],"wp:featuredmedia":[{"embeddable":true,"href":"https:\/\/www.em.com.br\/emfoco\/wp-json\/wp\/v2\/media\/70352"}],"wp:attachment":[{"href":"https:\/\/www.em.com.br\/emfoco\/wp-json\/wp\/v2\/media?parent=111615"}],"wp:term":[{"taxonomy":"category","embeddable":true,"href":"https:\/\/www.em.com.br\/emfoco\/wp-json\/wp\/v2\/categories?post=111615"},{"taxonomy":"post_tag","embeddable":true,"href":"https:\/\/www.em.com.br\/emfoco\/wp-json\/wp\/v2\/tags?post=111615"}],"curies":[{"name":"wp","href":"https:\/\/api.w.org\/{rel}","templated":true}]}}