{"id":11146,"date":"2025-01-23T17:40:00","date_gmt":"2025-01-23T20:40:00","guid":{"rendered":"https:\/\/www.em.com.br\/emfoco\/?p=11146"},"modified":"2025-01-20T12:22:49","modified_gmt":"2025-01-20T15:22:49","slug":"da-poluicao-a-sustentabilidade-o-projeto-que-promete-impactar-geracoes","status":"publish","type":"post","link":"https:\/\/www.em.com.br\/emfoco\/2025\/01\/23\/da-poluicao-a-sustentabilidade-o-projeto-que-promete-impactar-geracoes\/","title":{"rendered":"Da polui\u00e7\u00e3o \u00e0 sustentabilidade: O projeto que promete impactar gera\u00e7\u00f5es!"},"content":{"rendered":"\n<p>A cidade de Paris, conhecida mundialmente como a &#8220;cidade luz&#8221;, deu um passo significativo em dire\u00e7\u00e3o \u00e0 sustentabilidade com o seu novo plano clim\u00e1tico. A iniciativa, lan\u00e7ada em 2024, inclui a remo\u00e7\u00e3o de 60 mil vagas de estacionamento at\u00e9 2030, substituindo esses espa\u00e7os por \u00e1rvores. Essa medida faz parte de um esfor\u00e7o mais amplo para combater o aquecimento global e melhorar a qualidade de vida urbana.<\/p>\n\n\n\n<p>As mudan\u00e7as clim\u00e1ticas t\u00eam impactado Paris de maneira acentuada, com a cidade j\u00e1 registrando uma eleva\u00e7\u00e3o de temperatura de 2,3\u00b0C em compara\u00e7\u00e3o com a era pr\u00e9-industrial. Como resposta, o plano clim\u00e1tico visa transformar locais anteriormente destinados a estacionamentos em \u00e1reas verdes, recriando espa\u00e7os urbanos e reduzindo as emiss\u00f5es de carbono.<\/p>\n\n\n\n<h2 class=\"wp-block-heading\">Quais s\u00e3o as Metas Clim\u00e1ticas de Paris?<\/h2>\n\n\n\n<p>No centro desse plano, Paris estabeleceu metas claras e ambiciosas. Um dos objetivos \u00e9 criar 300 hectares de novos espa\u00e7os verdes at\u00e9 2030, com 10% desta \u00e1rea pronta at\u00e9 2026. \u00c1reas antes dedicadas a carros agora ser\u00e3o usadas por pedestres, promovendo uma cidade mais conectada com a natureza. Essa transforma\u00e7\u00e3o \u00e9 crucial para adaptar a cidade aos efeitos clim\u00e1ticos, como o calor extremo e as chuvas torrenciais.<\/p>\n\n\n\n<p>Al\u00e9m disso, &#8220;pra\u00e7as o\u00e1sis&#8221; ser\u00e3o desenvolvidas em todos os 20 distritos de Paris. Essas \u00e1reas fornecer\u00e3o sombra e resfriamento natural aos moradores e visitantes, oferecendo uma reconex\u00e3o com a natureza em meio ao ambiente urbano densamente povoado.<\/p>\n\n\n\n<figure class=\"wp-block-image size-large\"><img loading=\"lazy\" decoding=\"async\" width=\"1024\" height=\"576\" src=\"https:\/\/www.em.com.br\/emfoco\/wp-content\/uploads\/2025\/01\/Paris_1737036243132-1024x576.jpg\" alt=\"Da polui\u00e7\u00e3o \u00e0 sustentabilidade: O projeto que promete impactar gera\u00e7\u00f5es!\" class=\"wp-image-11152\" srcset=\"https:\/\/www.em.com.br\/emfoco\/wp-content\/uploads\/2025\/01\/Paris_1737036243132-1024x576.jpg 1024w, https:\/\/www.em.com.br\/emfoco\/wp-content\/uploads\/2025\/01\/Paris_1737036243132-300x169.jpg 300w, https:\/\/www.em.com.br\/emfoco\/wp-content\/uploads\/2025\/01\/Paris_1737036243132-768x432.jpg 768w, https:\/\/www.em.com.br\/emfoco\/wp-content\/uploads\/2025\/01\/Paris_1737036243132-750x422.jpg 750w, https:\/\/www.em.com.br\/emfoco\/wp-content\/uploads\/2025\/01\/Paris_1737036243132-1140x641.jpg 1140w, https:\/\/www.em.com.br\/emfoco\/wp-content\/uploads\/2025\/01\/Paris_1737036243132.jpg 1280w\" sizes=\"auto, (max-width: 1024px) 100vw, 1024px\" \/><figcaption class=\"wp-element-caption\">Panorama de Paris &#8211; Cr\u00e9ditos: depositphotos.com \/ valery<\/figcaption><\/figure>\n\n\n\n<h2 class=\"wp-block-heading\">Como Paris Planeja Reduzir as Emiss\u00f5es de Carbono?<\/h2>\n\n\n\n<p>A remo\u00e7\u00e3o de vagas de estacionamento \u00e9 apenas uma das estrat\u00e9gias para atingir a redu\u00e7\u00e3o das emiss\u00f5es de carbono em Paris. A cidade est\u00e1 promovendo a desacelera\u00e7\u00e3o do uso de ve\u00edculos motorizados atrav\u00e9s da promo\u00e7\u00e3o de mobilidade limpa e a redu\u00e7\u00e3o nos limites de velocidade. Esse enfoque ser\u00e1 crucial para reduzir a polui\u00e7\u00e3o do ar e os efeitos das ilhas de calor urbano.<\/p>\n\n\n\n<p>Outras medidas incluem a limpeza do rio Sena e a constru\u00e7\u00e3o de &#8220;telhados frios&#8221; em edif\u00edcios p\u00fablicos. A administra\u00e7\u00e3o municipal tamb\u00e9m planeja aumentar as tarifas de estacionamento para <strong><a href=\"https:\/\/www.em.com.br\/emfoco\/2025\/01\/14\/chevrolet-tracker-2025-a-vova-era-dos-suvs-compactos-chegou\/\" target=\"_blank\" rel=\"noreferrer noopener\">SUVs<\/a><\/strong>, promover o uso de materiais de constru\u00e7\u00e3o ecol\u00f3gicos, e reduzir o consumo de energia na ilumina\u00e7\u00e3o p\u00fablica em 30% at\u00e9 2026.<\/p>\n\n\n\n<h2 class=\"wp-block-heading\">Quais Desafios Paris Enfrenta na Implementa\u00e7\u00e3o do Plano?<\/h2>\n\n\n\n<p>O maior desafio reside na renova\u00e7\u00e3o energ\u00e9tica dos edif\u00edcios, com muitos pr\u00e9dios hist\u00f3ricos coexistindo com novas constru\u00e7\u00f5es. O &#8220;Plano Local de Urbanismo Bioclim\u00e1tico&#8221; de Paris buscar\u00e1 repensar a infraestrutura urbana para reduzir a pegada de carbono. A cidade est\u00e1 empenhada em construir menos, regenerar mais e adaptar a arquitetura para um consumo reduzido de carbono e energia.<\/p>\n\n\n\n<p>A implementa\u00e7\u00e3o bem-sucedida desse plano exigir\u00e1 uma coopera\u00e7\u00e3o eficaz entre o governo municipal, os residentes e as empresas locais. A transi\u00e7\u00e3o para uma cidade mais verde e sustent\u00e1vel ainda encontrar\u00e1 barreiras, como a adapta\u00e7\u00e3o de infraestruturas antigas e a promo\u00e7\u00e3o da mobilidade sustent\u00e1vel em um ambiente urbano din\u00e2mico.<\/p>\n\n\n\n<h2 class=\"wp-block-heading\">Conclus\u00e3o Impl\u00edcita<\/h2>\n\n\n\n<p>O compromisso de <strong><a href=\"https:\/\/pt.wikipedia.org\/wiki\/Paris\" target=\"_blank\" rel=\"noreferrer noopener\">Paris<\/a><\/strong> com a redu\u00e7\u00e3o das mudan\u00e7as clim\u00e1ticas atrav\u00e9s de estrat\u00e9gias inovadoras no manejo urbano promete inspirar outras cidades ao redor do mundo. Ao priorizar \u00e1reas verdes e infraestrutura sustent\u00e1vel, Paris se posiciona como um modelo de resili\u00eancia urbana. Este esfor\u00e7o n\u00e3o s\u00f3 melhorar\u00e1 a qualidade de vida de seus habitantes, mas tamb\u00e9m destacar\u00e1 Paris como uma l\u00edder global no combate \u00e0s mudan\u00e7as clim\u00e1ticas.<\/p>\n","protected":false},"excerpt":{"rendered":"<p>A cidade de Paris, conhecida mundialmente como a &#8220;cidade luz&#8221;, deu um passo significativo em dire\u00e7\u00e3o \u00e0 sustentabilidade com o seu novo plano clim\u00e1tico. A iniciativa, lan\u00e7ada em 2024, inclui a remo\u00e7\u00e3o de 60 mil vagas de estacionamento at\u00e9 2030, substituindo esses espa\u00e7os por \u00e1rvores. Essa medida faz parte de um esfor\u00e7o mais amplo para [&hellip;]<\/p>\n","protected":false},"author":5,"featured_media":4875,"comment_status":"open","ping_status":"open","sticky":false,"template":"","format":"standard","meta":{"jnews-multi-image_gallery":[],"jnews_single_post":{"format":"standard"},"jnews_primary_category":[],"jnews_social_meta":[],"jnews_override_counter":[],"footnotes":""},"categories":[26,1],"tags":[152,3591,325],"class_list":["post-11146","post","type-post","status-publish","format-standard","has-post-thumbnail","hentry","category-cidades","category-noticias","tag-clima","tag-paris","tag-sustentabilidade"],"yoast_head":"<!-- This site is optimized with the Yoast SEO plugin v23.8 - https:\/\/yoast.com\/wordpress\/plugins\/seo\/ -->\n<title>Da polui\u00e7\u00e3o \u00e0 sustentabilidade: O projeto que promete impactar gera\u00e7\u00f5es! - Estado de Minas - Em foco<\/title>\n<meta name=\"description\" content=\"Conhe\u00e7a o plano clim\u00e1tico que promete criar 300 hectares de \u00e1reas verdes, promovendo uma vida mais sustent\u00e1vel e saud\u00e1vel.\" \/>\n<meta name=\"robots\" content=\"index, follow, max-snippet:-1, max-image-preview:large, max-video-preview:-1\" \/>\n<link rel=\"canonical\" href=\"https:\/\/www.em.com.br\/emfoco\/2025\/01\/23\/da-poluicao-a-sustentabilidade-o-projeto-que-promete-impactar-geracoes\/\" \/>\n<meta property=\"og:locale\" content=\"pt_BR\" \/>\n<meta property=\"og:type\" content=\"article\" \/>\n<meta property=\"og:title\" content=\"Da polui\u00e7\u00e3o \u00e0 sustentabilidade: O projeto que promete impactar gera\u00e7\u00f5es! - Estado de Minas - Em foco\" \/>\n<meta property=\"og:description\" content=\"Conhe\u00e7a o plano clim\u00e1tico que promete criar 300 hectares de \u00e1reas verdes, promovendo uma vida mais sustent\u00e1vel e saud\u00e1vel.\" \/>\n<meta property=\"og:url\" content=\"https:\/\/www.em.com.br\/emfoco\/2025\/01\/23\/da-poluicao-a-sustentabilidade-o-projeto-que-promete-impactar-geracoes\/\" \/>\n<meta property=\"og:site_name\" content=\"Estado de Minas - Em foco\" \/>\n<meta property=\"article:published_time\" content=\"2025-01-23T20:40:00+00:00\" \/>\n<meta property=\"article:modified_time\" content=\"2025-01-20T15:22:49+00:00\" \/>\n<meta property=\"og:image\" content=\"https:\/\/www.em.com.br\/emfoco\/wp-content\/uploads\/2024\/12\/Eiffel_tower_at_night_Paris.jpg\" \/>\n\t<meta property=\"og:image:width\" content=\"1280\" \/>\n\t<meta property=\"og:image:height\" content=\"720\" \/>\n\t<meta property=\"og:image:type\" content=\"image\/jpeg\" \/>\n<meta name=\"author\" content=\"N\u00fabia Rangel\" \/>\n<meta name=\"twitter:card\" content=\"summary_large_image\" \/>\n<meta name=\"twitter:label1\" content=\"Escrito por\" \/>\n\t<meta name=\"twitter:data1\" content=\"N\u00fabia Rangel\" \/>\n\t<meta name=\"twitter:label2\" content=\"Est. tempo de leitura\" \/>\n\t<meta name=\"twitter:data2\" content=\"4 minutos\" \/>\n<!-- \/ Yoast SEO plugin. -->","yoast_head_json":{"title":"Da polui\u00e7\u00e3o \u00e0 sustentabilidade: O projeto que promete impactar gera\u00e7\u00f5es! - Estado de Minas - Em foco","description":"Conhe\u00e7a o plano clim\u00e1tico que promete criar 300 hectares de \u00e1reas verdes, promovendo uma vida mais sustent\u00e1vel e saud\u00e1vel.","robots":{"index":"index","follow":"follow","max-snippet":"max-snippet:-1","max-image-preview":"max-image-preview:large","max-video-preview":"max-video-preview:-1"},"canonical":"https:\/\/www.em.com.br\/emfoco\/2025\/01\/23\/da-poluicao-a-sustentabilidade-o-projeto-que-promete-impactar-geracoes\/","og_locale":"pt_BR","og_type":"article","og_title":"Da polui\u00e7\u00e3o \u00e0 sustentabilidade: O projeto que promete impactar gera\u00e7\u00f5es! - Estado de Minas - Em foco","og_description":"Conhe\u00e7a o plano clim\u00e1tico que promete criar 300 hectares de \u00e1reas verdes, promovendo uma vida mais sustent\u00e1vel e saud\u00e1vel.","og_url":"https:\/\/www.em.com.br\/emfoco\/2025\/01\/23\/da-poluicao-a-sustentabilidade-o-projeto-que-promete-impactar-geracoes\/","og_site_name":"Estado de Minas - Em foco","article_published_time":"2025-01-23T20:40:00+00:00","article_modified_time":"2025-01-20T15:22:49+00:00","og_image":[{"width":1280,"height":720,"url":"https:\/\/www.em.com.br\/emfoco\/wp-content\/uploads\/2024\/12\/Eiffel_tower_at_night_Paris.jpg","type":"image\/jpeg"}],"author":"N\u00fabia Rangel","twitter_card":"summary_large_image","twitter_misc":{"Escrito por":"N\u00fabia Rangel","Est. tempo de leitura":"4 minutos"},"schema":{"@context":"https:\/\/schema.org","@graph":[{"@type":"WebPage","@id":"https:\/\/www.em.com.br\/emfoco\/2025\/01\/23\/da-poluicao-a-sustentabilidade-o-projeto-que-promete-impactar-geracoes\/","url":"https:\/\/www.em.com.br\/emfoco\/2025\/01\/23\/da-poluicao-a-sustentabilidade-o-projeto-que-promete-impactar-geracoes\/","name":"Da polui\u00e7\u00e3o \u00e0 sustentabilidade: O projeto que promete impactar gera\u00e7\u00f5es! - Estado de Minas - Em foco","isPartOf":{"@id":"https:\/\/www.em.com.br\/emfoco\/#website"},"primaryImageOfPage":{"@id":"https:\/\/www.em.com.br\/emfoco\/2025\/01\/23\/da-poluicao-a-sustentabilidade-o-projeto-que-promete-impactar-geracoes\/#primaryimage"},"image":{"@id":"https:\/\/www.em.com.br\/emfoco\/2025\/01\/23\/da-poluicao-a-sustentabilidade-o-projeto-que-promete-impactar-geracoes\/#primaryimage"},"thumbnailUrl":"https:\/\/www.em.com.br\/emfoco\/wp-content\/uploads\/2024\/12\/Eiffel_tower_at_night_Paris.jpg","datePublished":"2025-01-23T20:40:00+00:00","dateModified":"2025-01-20T15:22:49+00:00","author":{"@id":"https:\/\/www.em.com.br\/emfoco\/#\/schema\/person\/524437ef54f8a5d32591b143307f2e20"},"description":"Conhe\u00e7a o plano clim\u00e1tico que promete criar 300 hectares de \u00e1reas verdes, promovendo uma vida mais sustent\u00e1vel e saud\u00e1vel.","breadcrumb":{"@id":"https:\/\/www.em.com.br\/emfoco\/2025\/01\/23\/da-poluicao-a-sustentabilidade-o-projeto-que-promete-impactar-geracoes\/#breadcrumb"},"inLanguage":"pt-BR","potentialAction":[{"@type":"ReadAction","target":["https:\/\/www.em.com.br\/emfoco\/2025\/01\/23\/da-poluicao-a-sustentabilidade-o-projeto-que-promete-impactar-geracoes\/"]}]},{"@type":"ImageObject","inLanguage":"pt-BR","@id":"https:\/\/www.em.com.br\/emfoco\/2025\/01\/23\/da-poluicao-a-sustentabilidade-o-projeto-que-promete-impactar-geracoes\/#primaryimage","url":"https:\/\/www.em.com.br\/emfoco\/wp-content\/uploads\/2024\/12\/Eiffel_tower_at_night_Paris.jpg","contentUrl":"https:\/\/www.em.com.br\/emfoco\/wp-content\/uploads\/2024\/12\/Eiffel_tower_at_night_Paris.jpg","width":1280,"height":720,"caption":"Paris - Cr\u00e9ditos: depositphotos.com \/ massonforstock"},{"@type":"BreadcrumbList","@id":"https:\/\/www.em.com.br\/emfoco\/2025\/01\/23\/da-poluicao-a-sustentabilidade-o-projeto-que-promete-impactar-geracoes\/#breadcrumb","itemListElement":[{"@type":"ListItem","position":1,"name":"In\u00edcio","item":"https:\/\/www.em.com.br\/emfoco\/"},{"@type":"ListItem","position":2,"name":"Da polui\u00e7\u00e3o \u00e0 sustentabilidade: O projeto que promete impactar gera\u00e7\u00f5es!"}]},{"@type":"WebSite","@id":"https:\/\/www.em.com.br\/emfoco\/#website","url":"https:\/\/www.em.com.br\/emfoco\/","name":"Estado de Minas - Em foco","description":"Acompanhe as \u00faltimas not\u00edcias e fique bem informado sobre tudo o que acontece em Minas Gerais, Brasil e no mundo.","potentialAction":[{"@type":"SearchAction","target":{"@type":"EntryPoint","urlTemplate":"https:\/\/www.em.com.br\/emfoco\/?s={search_term_string}"},"query-input":{"@type":"PropertyValueSpecification","valueRequired":true,"valueName":"search_term_string"}}],"inLanguage":"pt-BR"},{"@type":"Person","@id":"https:\/\/www.em.com.br\/emfoco\/#\/schema\/person\/524437ef54f8a5d32591b143307f2e20","name":"N\u00fabia Rangel","image":{"@type":"ImageObject","inLanguage":"pt-BR","@id":"https:\/\/www.em.com.br\/emfoco\/#\/schema\/person\/image\/","url":"https:\/\/secure.gravatar.com\/avatar\/47cff2827a5ba23c37e8068c86817ea4?s=96&d=mm&r=g","contentUrl":"https:\/\/secure.gravatar.com\/avatar\/47cff2827a5ba23c37e8068c86817ea4?s=96&d=mm&r=g","caption":"N\u00fabia Rangel"},"sameAs":["https:\/\/www.em.com.br\/emfoco\/"],"url":"https:\/\/www.em.com.br\/emfoco\/author\/nubiamyth\/"}]}},"_links":{"self":[{"href":"https:\/\/www.em.com.br\/emfoco\/wp-json\/wp\/v2\/posts\/11146","targetHints":{"allow":["GET"]}}],"collection":[{"href":"https:\/\/www.em.com.br\/emfoco\/wp-json\/wp\/v2\/posts"}],"about":[{"href":"https:\/\/www.em.com.br\/emfoco\/wp-json\/wp\/v2\/types\/post"}],"author":[{"embeddable":true,"href":"https:\/\/www.em.com.br\/emfoco\/wp-json\/wp\/v2\/users\/5"}],"replies":[{"embeddable":true,"href":"https:\/\/www.em.com.br\/emfoco\/wp-json\/wp\/v2\/comments?post=11146"}],"version-history":[{"count":2,"href":"https:\/\/www.em.com.br\/emfoco\/wp-json\/wp\/v2\/posts\/11146\/revisions"}],"predecessor-version":[{"id":11154,"href":"https:\/\/www.em.com.br\/emfoco\/wp-json\/wp\/v2\/posts\/11146\/revisions\/11154"}],"wp:featuredmedia":[{"embeddable":true,"href":"https:\/\/www.em.com.br\/emfoco\/wp-json\/wp\/v2\/media\/4875"}],"wp:attachment":[{"href":"https:\/\/www.em.com.br\/emfoco\/wp-json\/wp\/v2\/media?parent=11146"}],"wp:term":[{"taxonomy":"category","embeddable":true,"href":"https:\/\/www.em.com.br\/emfoco\/wp-json\/wp\/v2\/categories?post=11146"},{"taxonomy":"post_tag","embeddable":true,"href":"https:\/\/www.em.com.br\/emfoco\/wp-json\/wp\/v2\/tags?post=11146"}],"curies":[{"name":"wp","href":"https:\/\/api.w.org\/{rel}","templated":true}]}}