{"id":111439,"date":"2025-10-05T11:58:00","date_gmt":"2025-10-05T14:58:00","guid":{"rendered":"https:\/\/www.em.com.br\/emfoco\/?p=111439"},"modified":"2025-10-03T23:14:01","modified_gmt":"2025-10-04T02:14:01","slug":"quais-aparelhos-voce-deve-desligar-antes-de-sair-de-casa-segundo-especialistas","status":"publish","type":"post","link":"https:\/\/www.em.com.br\/emfoco\/2025\/10\/05\/quais-aparelhos-voce-deve-desligar-antes-de-sair-de-casa-segundo-especialistas\/","title":{"rendered":"Quais aparelhos voc\u00ea deve desligar antes de sair de casa, segundo especialistas"},"content":{"rendered":"\n<p>Desligar os&nbsp;<strong>aparelhos<\/strong>&nbsp;antes de sair de casa \u00e9 fundamental para evitar acidentes e garantir sua tranquilidade. Especialistas explicam por que \u00e9 essencial prestar aten\u00e7\u00e3o a esse cuidado.<\/p>\n\n\n\n<ul class=\"wp-block-list\">\n<li>Descubra quais&nbsp;<strong>dispositivos<\/strong>&nbsp;desligar para evitar riscos.<\/li>\n\n\n\n<li>Vamos falar sobre extens\u00f5es e seus perigos ocultos.<\/li>\n\n\n\n<li>Dicas pr\u00e1ticas para a&nbsp;<strong>seguran\u00e7a el\u00e9trica<\/strong>&nbsp;em casa.<\/li>\n<\/ul>\n\n\n\n<h2 class=\"wp-block-heading\">Quais dispositivos devem ser desligados antes de sair?<\/h2>\n\n\n\n<p>Na&nbsp;<strong>Argentina<\/strong>, a&nbsp;seguran\u00e7a dom\u00e9stica&nbsp;\u00e9 uma preocupa\u00e7\u00e3o constante, e os&nbsp;<a href=\"https:\/\/www.em.com.br\/emfoco\/2025\/10\/01\/os-aparelhos-eletricos-que-voce-nao-deveria-conectar-a-um-cabo-de-extensao\/\" target=\"_blank\" rel=\"noreferrer noopener\"><strong>aparelhos el\u00e9tricos<\/strong>&nbsp;<\/a>podem tornar-se fontes de risco se os cuidados necess\u00e1rios n\u00e3o forem tomados.&nbsp;Inc\u00eandios&nbsp;acidentais, frequentemente causados por falhas ou desaten\u00e7\u00e3o no uso desses aparelhos, representam uma amea\u00e7a silenciosa. Por isso, \u00e9 fundamental saber quais s\u00e3o os dispositivos que devem ser desligados antes de sair de casa.<\/p>\n\n\n\n<p>Os&nbsp;<strong>carregadores<\/strong>&nbsp;de celulares, tablets e outros dispositivos eletr\u00f4nicos, ainda que pequenos, podem representar um&nbsp;perigo significativo&nbsp;se forem deixados conectados sem supervis\u00e3o. Especialistas da&nbsp;<strong>Phone House<\/strong>&nbsp;alertam que esses dispositivos s\u00e3o uma causa comum de inc\u00eandios residenciais.<\/p>\n\n\n\n<h2 class=\"wp-block-heading\">Quais s\u00e3o os perigos das extens\u00f5es?<\/h2>\n\n\n\n<p>As&nbsp;<strong>extens\u00f5es<\/strong>&nbsp;e as populares r\u00e9guas de energia s\u00e3o muito \u00fateis, mas tamb\u00e9m podem se tornar fontes de problemas se n\u00e3o forem utilizadas corretamente. A&nbsp;<strong>Statefarm<\/strong>&nbsp;destaca que uma&nbsp;<strong>extens\u00e3o molhada<\/strong>&nbsp;pode causar um curto-circuito ou um choque el\u00e9trico.<\/p>\n\n\n\n<figure class=\"wp-block-image\"><img decoding=\"async\" src=\"https:\/\/www.em.com.br\/emfoco\/wp-content\/uploads\/2025\/05\/micro-ondas_1747686487745-1024x576.jpg\" alt=\"\"\/><figcaption class=\"wp-element-caption\">Micro-ondas devem ser desligados da tomada &#8211; Cr\u00e9ditos: depositphotos.com \/ HayDmitriy<\/figcaption><\/figure>\n\n\n\n<p>O engenheiro eletricista&nbsp;<strong>Luis Aar\u00f3n Barra<\/strong>&nbsp;\u00e9 ainda mais categ\u00f3rico: existem pelo menos 16 aparelhos de alto consumo que nunca devem ser ligados a uma extens\u00e3o. Entre eles est\u00e3o os&nbsp;<strong>micro-ondas<\/strong>, aspiradores potentes, ferros de passar,&nbsp;<strong>fornos el\u00e9tricos<\/strong>, aparelhos de ar-condicionado port\u00e1teis e&nbsp;<strong>aquecedores<\/strong>.<\/p>\n\n\n\n<h2 class=\"wp-block-heading\">Como usar aquecedores el\u00e9tricos com seguran\u00e7a no inverno?<\/h2>\n\n\n\n<p>Os&nbsp;<strong>aquecedores el\u00e9tricos<\/strong>&nbsp;s\u00e3o grandes aliados no inverno, mas exigem cuidados especiais. Uma&nbsp;<strong>conex\u00e3o inadequada<\/strong>&nbsp;ou um pico de tens\u00e3o pode causar o <a href=\"https:\/\/www.newtoncbraga.com.br\/ideias-dicas-e-informacoes-uteis\/177-ideias-praticas\/6907-fogo-em-equipamentos-eletronicos-ip661.html\" target=\"_blank\" rel=\"noreferrer noopener\">inc\u00eandio do aparelho<\/a>. Especialistas da&nbsp;<strong>Hotfiredoor<\/strong>&nbsp;ressaltam que nunca se deve apoiar roupas ou outros objetos inflam\u00e1veis sobre eles para secar, pois isso pode provocar um inc\u00eandio imediato.<\/p>\n\n\n\n<h2 class=\"wp-block-heading\">Quais cuidados pr\u00e1ticos ter para a seguran\u00e7a el\u00e9trica em casa?<\/h2>\n\n\n\n<p>Al\u00e9m de desligar esses tr\u00eas tipos de elementos, existem outras&nbsp;<strong>regras fundamentais<\/strong>&nbsp;para garantir a&nbsp;<strong>seguran\u00e7a el\u00e9trica<\/strong>&nbsp;na resid\u00eancia. A consultoria&nbsp;<strong>Multielectro<\/strong>&nbsp;traz as seguintes dicas:<\/p>\n\n\n\n<ul class=\"wp-block-list\">\n<li>Evite sobrecarregar as tomadas el\u00e9tricas.<\/li>\n\n\n\n<li>Certifique-se de que todos os equipamentos estejam em bom estado.<\/li>\n\n\n\n<li>Realize inspe\u00e7\u00f5es peri\u00f3dicas nas instala\u00e7\u00f5es el\u00e9tricas da casa.<\/li>\n<\/ul>\n\n\n\n<h2 class=\"wp-block-heading\">Como manter sua casa segura e protegida?<\/h2>\n\n\n\n<p>Manter a casa protegida n\u00e3o \u00e9 apenas uma escolha s\u00e1bia, mas uma necessidade para garantir a seguran\u00e7a de sua fam\u00edlia e dos bens materiais. Seguindo essas pr\u00e1ticas simples, \u00e9 poss\u00edvel reduzir consideravelmente os riscos causados pelos&nbsp;aparelhos el\u00e9tricos.&nbsp;Prevenir&nbsp;\u00e9 sempre melhor do que remediar e, com alguns cuidados, voc\u00ea pode viver em um ambiente muito mais seguro.<\/p>\n\n\n\n<ul class=\"wp-block-list\">\n<li>Identificar dispositivos de risco pode prevenir acidentes dom\u00e9sticos.<\/li>\n\n\n\n<li>Utilize extens\u00f5es com cautela para evitar curtos-circuitos.<\/li>\n\n\n\n<li>Mantenha os aquecedores el\u00e9tricos em uso seguro para evitar inc\u00eandios.<\/li>\n<\/ul>\n","protected":false},"excerpt":{"rendered":"<p>Desligar os&nbsp;aparelhos&nbsp;antes de sair de casa \u00e9 fundamental para evitar acidentes e garantir sua tranquilidade. Especialistas explicam por que \u00e9 essencial prestar aten\u00e7\u00e3o a esse cuidado. Quais dispositivos devem ser desligados antes de sair? Na&nbsp;Argentina, a&nbsp;seguran\u00e7a dom\u00e9stica&nbsp;\u00e9 uma preocupa\u00e7\u00e3o constante, e os&nbsp;aparelhos el\u00e9tricos&nbsp;podem tornar-se fontes de risco se os cuidados necess\u00e1rios n\u00e3o forem tomados.&nbsp;Inc\u00eandios&nbsp;acidentais, frequentemente [&hellip;]<\/p>\n","protected":false},"author":11,"featured_media":104915,"comment_status":"open","ping_status":"open","sticky":false,"template":"","format":"standard","meta":{"jnews-multi-image_gallery":[],"jnews_single_post":{"format":"standard"},"jnews_primary_category":[],"jnews_social_meta":[],"jnews_override_counter":[],"footnotes":""},"categories":[8819,1],"tags":[2911,1166,16191,182],"class_list":["post-111439","post","type-post","status-publish","format-standard","has-post-thumbnail","hentry","category-curiosidades","category-noticias","tag-casa","tag-incendio","tag-incendio-domestico","tag-seguranca"],"yoast_head":"<!-- This site is optimized with the Yoast SEO plugin v23.8 - https:\/\/yoast.com\/wordpress\/plugins\/seo\/ -->\n<title>Quais aparelhos voc\u00ea deve desligar antes de sair de casa, segundo especialistas - Estado de Minas - Em foco<\/title>\n<meta name=\"description\" content=\"Desligar os aparelhos certos pode evitar acidentes graves. Aprenda como manter sua casa segura com dicas f\u00e1ceis.\" \/>\n<meta name=\"robots\" content=\"index, follow, max-snippet:-1, max-image-preview:large, max-video-preview:-1\" \/>\n<link rel=\"canonical\" href=\"https:\/\/www.em.com.br\/emfoco\/2025\/10\/05\/quais-aparelhos-voce-deve-desligar-antes-de-sair-de-casa-segundo-especialistas\/\" \/>\n<meta property=\"og:locale\" content=\"pt_BR\" \/>\n<meta property=\"og:type\" content=\"article\" \/>\n<meta property=\"og:title\" content=\"Quais aparelhos voc\u00ea deve desligar antes de sair de casa, segundo especialistas - Estado de Minas - Em foco\" \/>\n<meta property=\"og:description\" content=\"Desligar os aparelhos certos pode evitar acidentes graves. Aprenda como manter sua casa segura com dicas f\u00e1ceis.\" \/>\n<meta property=\"og:url\" content=\"https:\/\/www.em.com.br\/emfoco\/2025\/10\/05\/quais-aparelhos-voce-deve-desligar-antes-de-sair-de-casa-segundo-especialistas\/\" \/>\n<meta property=\"og:site_name\" content=\"Estado de Minas - Em foco\" \/>\n<meta property=\"article:published_time\" content=\"2025-10-05T14:58:00+00:00\" \/>\n<meta property=\"article:modified_time\" content=\"2025-10-04T02:14:01+00:00\" \/>\n<meta property=\"og:image\" content=\"https:\/\/www.em.com.br\/emfoco\/wp-content\/uploads\/2025\/09\/retirar-da-tomada_1758060379564.jpg\" \/>\n\t<meta property=\"og:image:width\" content=\"1280\" \/>\n\t<meta property=\"og:image:height\" content=\"720\" \/>\n\t<meta property=\"og:image:type\" content=\"image\/jpeg\" \/>\n<meta name=\"author\" content=\"Andre\u0301 Rangel\u00a0\" \/>\n<meta name=\"twitter:card\" content=\"summary_large_image\" \/>\n<meta name=\"twitter:label1\" content=\"Escrito por\" \/>\n\t<meta name=\"twitter:data1\" content=\"Andre\u0301 Rangel\u00a0\" \/>\n\t<meta name=\"twitter:label2\" content=\"Est. tempo de leitura\" \/>\n\t<meta name=\"twitter:data2\" content=\"3 minutos\" \/>\n<!-- \/ Yoast SEO plugin. -->","yoast_head_json":{"title":"Quais aparelhos voc\u00ea deve desligar antes de sair de casa, segundo especialistas - Estado de Minas - Em foco","description":"Desligar os aparelhos certos pode evitar acidentes graves. Aprenda como manter sua casa segura com dicas f\u00e1ceis.","robots":{"index":"index","follow":"follow","max-snippet":"max-snippet:-1","max-image-preview":"max-image-preview:large","max-video-preview":"max-video-preview:-1"},"canonical":"https:\/\/www.em.com.br\/emfoco\/2025\/10\/05\/quais-aparelhos-voce-deve-desligar-antes-de-sair-de-casa-segundo-especialistas\/","og_locale":"pt_BR","og_type":"article","og_title":"Quais aparelhos voc\u00ea deve desligar antes de sair de casa, segundo especialistas - Estado de Minas - Em foco","og_description":"Desligar os aparelhos certos pode evitar acidentes graves. Aprenda como manter sua casa segura com dicas f\u00e1ceis.","og_url":"https:\/\/www.em.com.br\/emfoco\/2025\/10\/05\/quais-aparelhos-voce-deve-desligar-antes-de-sair-de-casa-segundo-especialistas\/","og_site_name":"Estado de Minas - Em foco","article_published_time":"2025-10-05T14:58:00+00:00","article_modified_time":"2025-10-04T02:14:01+00:00","og_image":[{"width":1280,"height":720,"url":"https:\/\/www.em.com.br\/emfoco\/wp-content\/uploads\/2025\/09\/retirar-da-tomada_1758060379564.jpg","type":"image\/jpeg"}],"author":"Andre\u0301 Rangel\u00a0","twitter_card":"summary_large_image","twitter_misc":{"Escrito por":"Andre\u0301 Rangel\u00a0","Est. tempo de leitura":"3 minutos"},"schema":{"@context":"https:\/\/schema.org","@graph":[{"@type":"WebPage","@id":"https:\/\/www.em.com.br\/emfoco\/2025\/10\/05\/quais-aparelhos-voce-deve-desligar-antes-de-sair-de-casa-segundo-especialistas\/","url":"https:\/\/www.em.com.br\/emfoco\/2025\/10\/05\/quais-aparelhos-voce-deve-desligar-antes-de-sair-de-casa-segundo-especialistas\/","name":"Quais aparelhos voc\u00ea deve desligar antes de sair de casa, segundo especialistas - Estado de Minas - Em foco","isPartOf":{"@id":"https:\/\/www.em.com.br\/emfoco\/#website"},"primaryImageOfPage":{"@id":"https:\/\/www.em.com.br\/emfoco\/2025\/10\/05\/quais-aparelhos-voce-deve-desligar-antes-de-sair-de-casa-segundo-especialistas\/#primaryimage"},"image":{"@id":"https:\/\/www.em.com.br\/emfoco\/2025\/10\/05\/quais-aparelhos-voce-deve-desligar-antes-de-sair-de-casa-segundo-especialistas\/#primaryimage"},"thumbnailUrl":"https:\/\/www.em.com.br\/emfoco\/wp-content\/uploads\/2025\/09\/retirar-da-tomada_1758060379564.jpg","datePublished":"2025-10-05T14:58:00+00:00","dateModified":"2025-10-04T02:14:01+00:00","author":{"@id":"https:\/\/www.em.com.br\/emfoco\/#\/schema\/person\/60eda09c1fedf0d6891f4cef4b60b8b8"},"description":"Desligar os aparelhos certos pode evitar acidentes graves. Aprenda como manter sua casa segura com dicas f\u00e1ceis.","breadcrumb":{"@id":"https:\/\/www.em.com.br\/emfoco\/2025\/10\/05\/quais-aparelhos-voce-deve-desligar-antes-de-sair-de-casa-segundo-especialistas\/#breadcrumb"},"inLanguage":"pt-BR","potentialAction":[{"@type":"ReadAction","target":["https:\/\/www.em.com.br\/emfoco\/2025\/10\/05\/quais-aparelhos-voce-deve-desligar-antes-de-sair-de-casa-segundo-especialistas\/"]}]},{"@type":"ImageObject","inLanguage":"pt-BR","@id":"https:\/\/www.em.com.br\/emfoco\/2025\/10\/05\/quais-aparelhos-voce-deve-desligar-antes-de-sair-de-casa-segundo-especialistas\/#primaryimage","url":"https:\/\/www.em.com.br\/emfoco\/wp-content\/uploads\/2025\/09\/retirar-da-tomada_1758060379564.jpg","contentUrl":"https:\/\/www.em.com.br\/emfoco\/wp-content\/uploads\/2025\/09\/retirar-da-tomada_1758060379564.jpg","width":1280,"height":720,"caption":"Retire os eletrodom\u00e9sticos da tomada - Cr\u00e9ditos: depositphotos.com \/ lightkeeper"},{"@type":"BreadcrumbList","@id":"https:\/\/www.em.com.br\/emfoco\/2025\/10\/05\/quais-aparelhos-voce-deve-desligar-antes-de-sair-de-casa-segundo-especialistas\/#breadcrumb","itemListElement":[{"@type":"ListItem","position":1,"name":"In\u00edcio","item":"https:\/\/www.em.com.br\/emfoco\/"},{"@type":"ListItem","position":2,"name":"Quais aparelhos voc\u00ea deve desligar antes de sair de casa, segundo especialistas"}]},{"@type":"WebSite","@id":"https:\/\/www.em.com.br\/emfoco\/#website","url":"https:\/\/www.em.com.br\/emfoco\/","name":"Estado de Minas - Em foco","description":"Acompanhe as \u00faltimas not\u00edcias e fique bem informado sobre tudo o que acontece em Minas Gerais, Brasil e no mundo.","potentialAction":[{"@type":"SearchAction","target":{"@type":"EntryPoint","urlTemplate":"https:\/\/www.em.com.br\/emfoco\/?s={search_term_string}"},"query-input":{"@type":"PropertyValueSpecification","valueRequired":true,"valueName":"search_term_string"}}],"inLanguage":"pt-BR"},{"@type":"Person","@id":"https:\/\/www.em.com.br\/emfoco\/#\/schema\/person\/60eda09c1fedf0d6891f4cef4b60b8b8","name":"Andre\u0301 Rangel\u00a0","image":{"@type":"ImageObject","inLanguage":"pt-BR","@id":"https:\/\/www.em.com.br\/emfoco\/#\/schema\/person\/image\/","url":"https:\/\/secure.gravatar.com\/avatar\/6234dc814c77c8ef6d8bba622c787efc?s=96&d=mm&r=g","contentUrl":"https:\/\/secure.gravatar.com\/avatar\/6234dc814c77c8ef6d8bba622c787efc?s=96&d=mm&r=g","caption":"Andre\u0301 Rangel\u00a0"},"url":"https:\/\/www.em.com.br\/emfoco\/author\/luizmyth\/"}]}},"_links":{"self":[{"href":"https:\/\/www.em.com.br\/emfoco\/wp-json\/wp\/v2\/posts\/111439","targetHints":{"allow":["GET"]}}],"collection":[{"href":"https:\/\/www.em.com.br\/emfoco\/wp-json\/wp\/v2\/posts"}],"about":[{"href":"https:\/\/www.em.com.br\/emfoco\/wp-json\/wp\/v2\/types\/post"}],"author":[{"embeddable":true,"href":"https:\/\/www.em.com.br\/emfoco\/wp-json\/wp\/v2\/users\/11"}],"replies":[{"embeddable":true,"href":"https:\/\/www.em.com.br\/emfoco\/wp-json\/wp\/v2\/comments?post=111439"}],"version-history":[{"count":3,"href":"https:\/\/www.em.com.br\/emfoco\/wp-json\/wp\/v2\/posts\/111439\/revisions"}],"predecessor-version":[{"id":111482,"href":"https:\/\/www.em.com.br\/emfoco\/wp-json\/wp\/v2\/posts\/111439\/revisions\/111482"}],"wp:featuredmedia":[{"embeddable":true,"href":"https:\/\/www.em.com.br\/emfoco\/wp-json\/wp\/v2\/media\/104915"}],"wp:attachment":[{"href":"https:\/\/www.em.com.br\/emfoco\/wp-json\/wp\/v2\/media?parent=111439"}],"wp:term":[{"taxonomy":"category","embeddable":true,"href":"https:\/\/www.em.com.br\/emfoco\/wp-json\/wp\/v2\/categories?post=111439"},{"taxonomy":"post_tag","embeddable":true,"href":"https:\/\/www.em.com.br\/emfoco\/wp-json\/wp\/v2\/tags?post=111439"}],"curies":[{"name":"wp","href":"https:\/\/api.w.org\/{rel}","templated":true}]}}