{"id":111321,"date":"2025-10-06T22:28:00","date_gmt":"2025-10-07T01:28:00","guid":{"rendered":"https:\/\/www.em.com.br\/emfoco\/?p=111321"},"modified":"2025-10-03T18:44:38","modified_gmt":"2025-10-03T21:44:38","slug":"nem-inseticida-nem-repelentes-o-produto-que-afasta-mosquitos-do-jardim-e-esse","status":"publish","type":"post","link":"https:\/\/www.em.com.br\/emfoco\/2025\/10\/06\/nem-inseticida-nem-repelentes-o-produto-que-afasta-mosquitos-do-jardim-e-esse\/","title":{"rendered":"Nem inseticida, nem repelentes! O produto que afasta mosquitos do jardim \u00e9 esse"},"content":{"rendered":"\n<p>Manter o jardim livre de mosquitos n\u00e3o precisa envolver qu\u00edmicos agressivos. Existe um produto simples, acess\u00edvel e eficaz que afasta os insetos sem prejudicar o ambiente ou a sa\u00fade.<\/p>\n\n\n\n<ul class=\"wp-block-list\">\n<li>Produto natural que substitui repelentes e inseticidas<\/li>\n\n\n\n<li>Modo de preparo e aplica\u00e7\u00e3o pr\u00e1tica no jardim<\/li>\n\n\n\n<li>Dicas extras para manter os insetos afastados por mais tempo<\/li>\n<\/ul>\n\n\n\n<h2 class=\"wp-block-heading\">Por que esse produto \u00e9 melhor do que inseticidas comuns?<\/h2>\n\n\n\n<p><strong>O produto ideal para afastar mosquitos \u00e9 o \u00f3leo de citronela<\/strong>, conhecido por sua a\u00e7\u00e3o repelente natural. Diferente dos inseticidas, ele n\u00e3o intoxica pessoas ou animais, al\u00e9m de manter o <a href=\"https:\/\/www.octoen.com\/en\/blog\/what-is-ecological-balance-tips-for-protecting-the-environment\" target=\"_blank\" rel=\"noreferrer noopener\">equil\u00edbrio ecol\u00f3gico<\/a> do espa\u00e7o.<\/p>\n\n\n\n<p>Al\u00e9m da seguran\u00e7a, a citronela pode ser usada de v\u00e1rias formas. Seu aroma intenso interfere nos receptores olfativos dos mosquitos, afastando-os sem causar resist\u00eancia, como ocorre em qu\u00edmicos sint\u00e9ticos.<\/p>\n\n\n\n<figure class=\"wp-block-image size-large\"><img loading=\"lazy\" decoding=\"async\" width=\"1024\" height=\"576\" src=\"https:\/\/www.em.com.br\/emfoco\/wp-content\/uploads\/2025\/10\/oleo-de-Citronela_1759527573319-1024x576.jpg\" alt=\"Nem inseticida, nem repelentes! O produto que afasta mosquitos do jardim \u00e9 esse\" class=\"wp-image-111337\" srcset=\"https:\/\/www.em.com.br\/emfoco\/wp-content\/uploads\/2025\/10\/oleo-de-Citronela_1759527573319-1024x576.jpg 1024w, https:\/\/www.em.com.br\/emfoco\/wp-content\/uploads\/2025\/10\/oleo-de-Citronela_1759527573319-300x169.jpg 300w, https:\/\/www.em.com.br\/emfoco\/wp-content\/uploads\/2025\/10\/oleo-de-Citronela_1759527573319-768x432.jpg 768w, https:\/\/www.em.com.br\/emfoco\/wp-content\/uploads\/2025\/10\/oleo-de-Citronela_1759527573319-750x422.jpg 750w, https:\/\/www.em.com.br\/emfoco\/wp-content\/uploads\/2025\/10\/oleo-de-Citronela_1759527573319-1140x641.jpg 1140w, https:\/\/www.em.com.br\/emfoco\/wp-content\/uploads\/2025\/10\/oleo-de-Citronela_1759527573319.jpg 1280w\" sizes=\"auto, (max-width: 1024px) 100vw, 1024px\" \/><figcaption class=\"wp-element-caption\">Manjeric\u00e3o, alecrim e citronela juntos aumentam a prote\u00e7\u00e3o &#8211; Cr\u00e9ditos: depositphotos.com \/ gioiak2<\/figcaption><\/figure>\n\n\n\n<h2 class=\"wp-block-heading\">Quais formas existem para aplicar a citronela no jardim?<\/h2>\n\n\n\n<p>O uso da citronela \u00e9 vers\u00e1til e pode ser adaptado conforme o espa\u00e7o e a necessidade. Veja abaixo as principais maneiras pr\u00e1ticas de aplica\u00e7\u00e3o:<\/p>\n\n\n\n<ul class=\"wp-block-list\">\n<li>Velas arom\u00e1ticas de citronela em pontos estrat\u00e9gicos<\/li>\n\n\n\n<li>Spray dilu\u00eddo em \u00e1gua para borrifar em \u00e1reas externas<\/li>\n\n\n\n<li>Plantar mudas de citronela ao redor do jardim<\/li>\n\n\n\n<li>Difusores ou recipientes com \u00f3leo essencial concentrado<\/li>\n<\/ul>\n\n\n\n<h2 class=\"wp-block-heading\">Como preparar a solu\u00e7\u00e3o caseira de citronela para borrifar?<\/h2>\n\n\n\n<p>O preparo \u00e9 simples: misture <strong>10 gotas de \u00f3leo essencial de citronela<\/strong> em <strong>200 ml de \u00e1gua<\/strong> e adicione uma <strong>colher de \u00e1lcool<\/strong> de cereais para fixa\u00e7\u00e3o. <strong>A solu\u00e7\u00e3o pode ser borrifada diretamente em plantas e \u00e1reas externas<\/strong>.<\/p>\n\n\n\n<p>\u00c9 importante agitar bem antes de cada uso para garantir a efic\u00e1cia. Essa mistura deve ser reaplicada a cada dois dias ou ap\u00f3s chuvas, mantendo a prote\u00e7\u00e3o ativa contra os mosquitos no ambiente.<\/p>\n\n\n\n<figure class=\"wp-block-image size-large\"><img loading=\"lazy\" decoding=\"async\" width=\"1024\" height=\"576\" src=\"https:\/\/www.em.com.br\/emfoco\/wp-content\/uploads\/2025\/10\/oleo-de-Citronela_1759527627952-1024x576.jpg\" alt=\"Nem inseticida, nem repelentes! O produto que afasta mosquitos do jardim \u00e9 esse\" class=\"wp-image-111339\" srcset=\"https:\/\/www.em.com.br\/emfoco\/wp-content\/uploads\/2025\/10\/oleo-de-Citronela_1759527627952-1024x576.jpg 1024w, https:\/\/www.em.com.br\/emfoco\/wp-content\/uploads\/2025\/10\/oleo-de-Citronela_1759527627952-300x169.jpg 300w, https:\/\/www.em.com.br\/emfoco\/wp-content\/uploads\/2025\/10\/oleo-de-Citronela_1759527627952-768x432.jpg 768w, https:\/\/www.em.com.br\/emfoco\/wp-content\/uploads\/2025\/10\/oleo-de-Citronela_1759527627952-750x422.jpg 750w, https:\/\/www.em.com.br\/emfoco\/wp-content\/uploads\/2025\/10\/oleo-de-Citronela_1759527627952-1140x641.jpg 1140w, https:\/\/www.em.com.br\/emfoco\/wp-content\/uploads\/2025\/10\/oleo-de-Citronela_1759527627952.jpg 1280w\" sizes=\"auto, (max-width: 1024px) 100vw, 1024px\" \/><figcaption class=\"wp-element-caption\">A mistura com \u00e1lcool de cereais fixa o aroma e prolonga o efeito &#8211; Cr\u00e9ditos: depositphotos.com \/ gioiak2<\/figcaption><\/figure>\n\n\n\n<p><em>Leia mais: <a href=\"https:\/\/www.em.com.br\/emfoco\/2025\/09\/05\/as-4-plantas-purificadoras-de-ar-para-ambientes-internos\/\" target=\"_blank\" rel=\"noreferrer noopener\">As 4 plantas purificadoras de ar para ambientes internos<\/a><\/em><\/p>\n\n\n\n<h2 class=\"wp-block-heading\">Quais cuidados garantem melhores resultados no uso da citronela?<\/h2>\n\n\n\n<p>Apesar de natural, a citronela precisa ser usada corretamente para ser realmente eficaz. A solu\u00e7\u00e3o n\u00e3o deve ser aplicada em excesso sobre flores delicadas, pois pode prejudicar sua durabilidade.<\/p>\n\n\n\n<p>Tamb\u00e9m \u00e9 indicado manter recipientes sem \u00e1gua parada, pois mesmo com a citronela, os mosquitos podem se reproduzir. <strong>O segredo \u00e9 aliar preven\u00e7\u00e3o com aplica\u00e7\u00e3o regular<\/strong>.<\/p>\n\n\n\n<h2 class=\"wp-block-heading\">Que dicas extras ajudam a potencializar o efeito da citronela?<\/h2>\n\n\n\n<p>Pequenos h\u00e1bitos aliados ao uso da citronela aumentam a prote\u00e7\u00e3o e garantem um ambiente mais agrad\u00e1vel no jardim. Veja os pontos principais:<\/p>\n\n\n\n<ul class=\"wp-block-list\">\n<li>Colocar vasos de citronela pr\u00f3ximos a portas e janelas<\/li>\n\n\n\n<li>Associar com outras plantas repelentes, como alecrim e manjeric\u00e3o<\/li>\n\n\n\n<li>Manter a poda regular para liberar mais aroma protetor<\/li>\n<\/ul>\n","protected":false},"excerpt":{"rendered":"<p>Manter o jardim livre de mosquitos n\u00e3o precisa envolver qu\u00edmicos agressivos. Existe um produto simples, acess\u00edvel e eficaz que afasta os insetos sem prejudicar o ambiente ou a sa\u00fade. Por que esse produto \u00e9 melhor do que inseticidas comuns? O produto ideal para afastar mosquitos \u00e9 o \u00f3leo de citronela, conhecido por sua a\u00e7\u00e3o repelente [&hellip;]<\/p>\n","protected":false},"author":13,"featured_media":107868,"comment_status":"open","ping_status":"open","sticky":false,"template":"","format":"standard","meta":{"jnews-multi-image_gallery":[],"jnews_single_post":{"format":"standard"},"jnews_primary_category":[],"jnews_social_meta":[],"jnews_override_counter":[],"footnotes":""},"categories":[8819],"tags":[4898,17008,11217],"class_list":["post-111321","post","type-post","status-publish","format-standard","has-post-thumbnail","hentry","category-curiosidades","tag-insetos","tag-repelente-de-insetos","tag-repelentes-naturais"],"yoast_head":"<!-- This site is optimized with the Yoast SEO plugin v23.8 - https:\/\/yoast.com\/wordpress\/plugins\/seo\/ -->\n<title>Nem inseticida, nem repelentes! O produto que afasta mosquitos do jardim \u00e9 esse - Estado de Minas - Em foco<\/title>\n<meta name=\"description\" content=\"Mantenha seu jardim livre de mosquitos com citronela. Aprenda a usar esse repelente natural de forma segura, eficaz e econ\u00f4mica.\" \/>\n<meta name=\"robots\" content=\"index, follow, max-snippet:-1, max-image-preview:large, max-video-preview:-1\" \/>\n<link rel=\"canonical\" href=\"https:\/\/www.em.com.br\/emfoco\/2025\/10\/06\/nem-inseticida-nem-repelentes-o-produto-que-afasta-mosquitos-do-jardim-e-esse\/\" \/>\n<meta property=\"og:locale\" content=\"pt_BR\" \/>\n<meta property=\"og:type\" content=\"article\" \/>\n<meta property=\"og:title\" content=\"Nem inseticida, nem repelentes! O produto que afasta mosquitos do jardim \u00e9 esse - Estado de Minas - Em foco\" \/>\n<meta property=\"og:description\" content=\"Mantenha seu jardim livre de mosquitos com citronela. Aprenda a usar esse repelente natural de forma segura, eficaz e econ\u00f4mica.\" \/>\n<meta property=\"og:url\" content=\"https:\/\/www.em.com.br\/emfoco\/2025\/10\/06\/nem-inseticida-nem-repelentes-o-produto-que-afasta-mosquitos-do-jardim-e-esse\/\" \/>\n<meta property=\"og:site_name\" content=\"Estado de Minas - Em foco\" \/>\n<meta property=\"article:published_time\" content=\"2025-10-07T01:28:00+00:00\" \/>\n<meta property=\"article:modified_time\" content=\"2025-10-03T21:44:38+00:00\" \/>\n<meta property=\"og:image\" content=\"https:\/\/www.em.com.br\/emfoco\/wp-content\/uploads\/2025\/09\/Mosquitos_1758747897842.jpg\" \/>\n\t<meta property=\"og:image:width\" content=\"1280\" \/>\n\t<meta property=\"og:image:height\" content=\"720\" \/>\n\t<meta property=\"og:image:type\" content=\"image\/jpeg\" \/>\n<meta name=\"author\" content=\"Gabriel Martins\" \/>\n<meta name=\"twitter:card\" content=\"summary_large_image\" \/>\n<meta name=\"twitter:label1\" content=\"Escrito por\" \/>\n\t<meta name=\"twitter:data1\" content=\"Gabriel Martins\" \/>\n\t<meta name=\"twitter:label2\" content=\"Est. tempo de leitura\" \/>\n\t<meta name=\"twitter:data2\" content=\"3 minutos\" \/>\n<!-- \/ Yoast SEO plugin. -->","yoast_head_json":{"title":"Nem inseticida, nem repelentes! O produto que afasta mosquitos do jardim \u00e9 esse - Estado de Minas - Em foco","description":"Mantenha seu jardim livre de mosquitos com citronela. Aprenda a usar esse repelente natural de forma segura, eficaz e econ\u00f4mica.","robots":{"index":"index","follow":"follow","max-snippet":"max-snippet:-1","max-image-preview":"max-image-preview:large","max-video-preview":"max-video-preview:-1"},"canonical":"https:\/\/www.em.com.br\/emfoco\/2025\/10\/06\/nem-inseticida-nem-repelentes-o-produto-que-afasta-mosquitos-do-jardim-e-esse\/","og_locale":"pt_BR","og_type":"article","og_title":"Nem inseticida, nem repelentes! O produto que afasta mosquitos do jardim \u00e9 esse - Estado de Minas - Em foco","og_description":"Mantenha seu jardim livre de mosquitos com citronela. Aprenda a usar esse repelente natural de forma segura, eficaz e econ\u00f4mica.","og_url":"https:\/\/www.em.com.br\/emfoco\/2025\/10\/06\/nem-inseticida-nem-repelentes-o-produto-que-afasta-mosquitos-do-jardim-e-esse\/","og_site_name":"Estado de Minas - Em foco","article_published_time":"2025-10-07T01:28:00+00:00","article_modified_time":"2025-10-03T21:44:38+00:00","og_image":[{"width":1280,"height":720,"url":"https:\/\/www.em.com.br\/emfoco\/wp-content\/uploads\/2025\/09\/Mosquitos_1758747897842.jpg","type":"image\/jpeg"}],"author":"Gabriel Martins","twitter_card":"summary_large_image","twitter_misc":{"Escrito por":"Gabriel Martins","Est. tempo de leitura":"3 minutos"},"schema":{"@context":"https:\/\/schema.org","@graph":[{"@type":"WebPage","@id":"https:\/\/www.em.com.br\/emfoco\/2025\/10\/06\/nem-inseticida-nem-repelentes-o-produto-que-afasta-mosquitos-do-jardim-e-esse\/","url":"https:\/\/www.em.com.br\/emfoco\/2025\/10\/06\/nem-inseticida-nem-repelentes-o-produto-que-afasta-mosquitos-do-jardim-e-esse\/","name":"Nem inseticida, nem repelentes! O produto que afasta mosquitos do jardim \u00e9 esse - Estado de Minas - Em foco","isPartOf":{"@id":"https:\/\/www.em.com.br\/emfoco\/#website"},"primaryImageOfPage":{"@id":"https:\/\/www.em.com.br\/emfoco\/2025\/10\/06\/nem-inseticida-nem-repelentes-o-produto-que-afasta-mosquitos-do-jardim-e-esse\/#primaryimage"},"image":{"@id":"https:\/\/www.em.com.br\/emfoco\/2025\/10\/06\/nem-inseticida-nem-repelentes-o-produto-que-afasta-mosquitos-do-jardim-e-esse\/#primaryimage"},"thumbnailUrl":"https:\/\/www.em.com.br\/emfoco\/wp-content\/uploads\/2025\/09\/Mosquitos_1758747897842.jpg","datePublished":"2025-10-07T01:28:00+00:00","dateModified":"2025-10-03T21:44:38+00:00","author":{"@id":"https:\/\/www.em.com.br\/emfoco\/#\/schema\/person\/1c9ddeab18b98abeffef834667bcf08a"},"description":"Mantenha seu jardim livre de mosquitos com citronela. Aprenda a usar esse repelente natural de forma segura, eficaz e econ\u00f4mica.","breadcrumb":{"@id":"https:\/\/www.em.com.br\/emfoco\/2025\/10\/06\/nem-inseticida-nem-repelentes-o-produto-que-afasta-mosquitos-do-jardim-e-esse\/#breadcrumb"},"inLanguage":"pt-BR","potentialAction":[{"@type":"ReadAction","target":["https:\/\/www.em.com.br\/emfoco\/2025\/10\/06\/nem-inseticida-nem-repelentes-o-produto-que-afasta-mosquitos-do-jardim-e-esse\/"]}]},{"@type":"ImageObject","inLanguage":"pt-BR","@id":"https:\/\/www.em.com.br\/emfoco\/2025\/10\/06\/nem-inseticida-nem-repelentes-o-produto-que-afasta-mosquitos-do-jardim-e-esse\/#primaryimage","url":"https:\/\/www.em.com.br\/emfoco\/wp-content\/uploads\/2025\/09\/Mosquitos_1758747897842.jpg","contentUrl":"https:\/\/www.em.com.br\/emfoco\/wp-content\/uploads\/2025\/09\/Mosquitos_1758747897842.jpg","width":1280,"height":720,"caption":"Cymbopogon winterianus \u00e9 a esp\u00e9cie mais eficaz contra pernilongos e mosquitos - Cr\u00e9ditos: depositphotos.com \/ Kwangmoozaa"},{"@type":"BreadcrumbList","@id":"https:\/\/www.em.com.br\/emfoco\/2025\/10\/06\/nem-inseticida-nem-repelentes-o-produto-que-afasta-mosquitos-do-jardim-e-esse\/#breadcrumb","itemListElement":[{"@type":"ListItem","position":1,"name":"In\u00edcio","item":"https:\/\/www.em.com.br\/emfoco\/"},{"@type":"ListItem","position":2,"name":"Nem inseticida, nem repelentes! O produto que afasta mosquitos do jardim \u00e9 esse"}]},{"@type":"WebSite","@id":"https:\/\/www.em.com.br\/emfoco\/#website","url":"https:\/\/www.em.com.br\/emfoco\/","name":"Estado de Minas - Em foco","description":"Acompanhe as \u00faltimas not\u00edcias e fique bem informado sobre tudo o que acontece em Minas Gerais, Brasil e no mundo.","potentialAction":[{"@type":"SearchAction","target":{"@type":"EntryPoint","urlTemplate":"https:\/\/www.em.com.br\/emfoco\/?s={search_term_string}"},"query-input":{"@type":"PropertyValueSpecification","valueRequired":true,"valueName":"search_term_string"}}],"inLanguage":"pt-BR"},{"@type":"Person","@id":"https:\/\/www.em.com.br\/emfoco\/#\/schema\/person\/1c9ddeab18b98abeffef834667bcf08a","name":"Gabriel Martins","image":{"@type":"ImageObject","inLanguage":"pt-BR","@id":"https:\/\/www.em.com.br\/emfoco\/#\/schema\/person\/image\/","url":"https:\/\/secure.gravatar.com\/avatar\/f0f1e2efdfd88f1ad2cb08c5c2731e50?s=96&d=mm&r=g","contentUrl":"https:\/\/secure.gravatar.com\/avatar\/f0f1e2efdfd88f1ad2cb08c5c2731e50?s=96&d=mm&r=g","caption":"Gabriel Martins"},"sameAs":["https:\/\/www.em.com.br\/emfoco\/"],"url":"https:\/\/www.em.com.br\/emfoco\/author\/gabrielmartinsmyth\/"}]}},"_links":{"self":[{"href":"https:\/\/www.em.com.br\/emfoco\/wp-json\/wp\/v2\/posts\/111321","targetHints":{"allow":["GET"]}}],"collection":[{"href":"https:\/\/www.em.com.br\/emfoco\/wp-json\/wp\/v2\/posts"}],"about":[{"href":"https:\/\/www.em.com.br\/emfoco\/wp-json\/wp\/v2\/types\/post"}],"author":[{"embeddable":true,"href":"https:\/\/www.em.com.br\/emfoco\/wp-json\/wp\/v2\/users\/13"}],"replies":[{"embeddable":true,"href":"https:\/\/www.em.com.br\/emfoco\/wp-json\/wp\/v2\/comments?post=111321"}],"version-history":[{"count":1,"href":"https:\/\/www.em.com.br\/emfoco\/wp-json\/wp\/v2\/posts\/111321\/revisions"}],"predecessor-version":[{"id":111341,"href":"https:\/\/www.em.com.br\/emfoco\/wp-json\/wp\/v2\/posts\/111321\/revisions\/111341"}],"wp:featuredmedia":[{"embeddable":true,"href":"https:\/\/www.em.com.br\/emfoco\/wp-json\/wp\/v2\/media\/107868"}],"wp:attachment":[{"href":"https:\/\/www.em.com.br\/emfoco\/wp-json\/wp\/v2\/media?parent=111321"}],"wp:term":[{"taxonomy":"category","embeddable":true,"href":"https:\/\/www.em.com.br\/emfoco\/wp-json\/wp\/v2\/categories?post=111321"},{"taxonomy":"post_tag","embeddable":true,"href":"https:\/\/www.em.com.br\/emfoco\/wp-json\/wp\/v2\/tags?post=111321"}],"curies":[{"name":"wp","href":"https:\/\/api.w.org\/{rel}","templated":true}]}}