{"id":11125,"date":"2025-01-26T17:40:00","date_gmt":"2025-01-26T20:40:00","guid":{"rendered":"https:\/\/www.em.com.br\/emfoco\/?p=11125"},"modified":"2025-01-25T08:46:13","modified_gmt":"2025-01-25T11:46:13","slug":"juliana-pavan-assume-os-desafios-de-balneario-camboriu","status":"publish","type":"post","link":"https:\/\/www.em.com.br\/emfoco\/2025\/01\/26\/juliana-pavan-assume-os-desafios-de-balneario-camboriu\/","title":{"rendered":"Juliana Pavan assume os desafios de Balne\u00e1rio Cambori\u00fa"},"content":{"rendered":"\n<p>A nova administra\u00e7\u00e3o municipal de <strong><a href=\"https:\/\/www.em.com.br\/emfoco\/2025\/01\/15\/como-descer-pra-bc-mudou-a-cara-de-balneario-camboriu\/\" target=\"_blank\" rel=\"noreferrer noopener\">Balne\u00e1rio Cambori\u00fa<\/a><\/strong>, sob o comando de Juliana Pavan, enfrenta uma s\u00e9rie de desafios socioambientais e log\u00edsticos. A prefeita busca solu\u00e7\u00f5es vi\u00e1veis para os problemas da cidade, incluindo a balneabilidade da Praia Central e o tr\u00e1fego congestionado. Para isso, Juliana pretende realizar parcerias estrat\u00e9gicas com a cidade vizinha, Cambori\u00fa, governada por seu pai, Leonel Pavan.<\/p>\n\n\n\n<p>O turismo \u00e9 um elemento vital para Balne\u00e1rio Cambori\u00fa, com a cidade atraindo grandes multid\u00f5es durante eventos como o R\u00e9veillon. Mesmo ap\u00f3s um processo de alargamento, a Praia Central segue enfrentando problemas de qualidade da \u00e1gua, com a maioria dos pontos monitorados exibindo resultados insatisfat\u00f3rios.<\/p>\n\n\n\n<h2 class=\"wp-block-heading\">Qualidade da \u00c1gua e Gest\u00e3o de Esgoto<\/h2>\n\n\n\n<p><strong>A qualidade da \u00e1gua em Balne\u00e1rio Cambori\u00fa<\/strong> tem sido uma preocupa\u00e7\u00e3o constante. Apesar de melhorias recentes, a balneabilidade ainda n\u00e3o atinge n\u00edveis satisfat\u00f3rios. Juliana Pavan alega que parte do problema deve-se a pr\u00e1ticas ambientais inadequadas em Cambori\u00fa, como o lan\u00e7amento direto de esgoto no rio que tamb\u00e9m abastece sua cidade.<\/p>\n\n\n\n<p>Para lidar com esse desafio, a nova administra\u00e7\u00e3o j\u00e1 tomou medidas como a substitui\u00e7\u00e3o da dire\u00e7\u00e3o da Emasa, respons\u00e1vel pelo tratamento de \u00e1gua e esgoto de Balne\u00e1rio. A meta \u00e9 aumentar os investimentos na infraestrutura de saneamento, fornecendo um servi\u00e7o mais eficiente \u00e0 popula\u00e7\u00e3o.<\/p>\n\n\n\n<blockquote class=\"instagram-media\" data-instgrm-captioned data-instgrm-permalink=\"https:\/\/www.instagram.com\/p\/DBOqStAxWUs\/?utm_source=ig_embed&amp;utm_campaign=loading\" data-instgrm-version=\"14\" style=\" background:#FFF; border:0; border-radius:3px; box-shadow:0 0 1px 0 rgba(0,0,0,0.5),0 1px 10px 0 rgba(0,0,0,0.15); margin: 1px; max-width:540px; min-width:326px; padding:0; width:99.375%; width:-webkit-calc(100% - 2px); width:calc(100% - 2px);\"><div style=\"padding:16px;\"> <a href=\"https:\/\/www.instagram.com\/p\/DBOqStAxWUs\/?utm_source=ig_embed&amp;utm_campaign=loading\" style=\" background:#FFFFFF; line-height:0; padding:0 0; text-align:center; text-decoration:none; width:100%;\" target=\"_blank\"> <div style=\" display: flex; flex-direction: row; align-items: center;\"> <div style=\"background-color: #F4F4F4; border-radius: 50%; flex-grow: 0; height: 40px; margin-right: 14px; width: 40px;\"><\/div> <div style=\"display: flex; flex-direction: column; flex-grow: 1; justify-content: center;\"> <div style=\" background-color: #F4F4F4; border-radius: 4px; flex-grow: 0; height: 14px; margin-bottom: 6px; width: 100px;\"><\/div> <div style=\" background-color: #F4F4F4; border-radius: 4px; flex-grow: 0; height: 14px; width: 60px;\"><\/div><\/div><\/div><div style=\"padding: 19% 0;\"><\/div> <div style=\"display:block; height:50px; margin:0 auto 12px; width:50px;\"><svg width=\"50px\" height=\"50px\" viewBox=\"0 0 60 60\" version=\"1.1\" xmlns=\"https:\/\/www.w3.org\/2000\/svg\" xmlns:xlink=\"https:\/\/www.w3.org\/1999\/xlink\"><g stroke=\"none\" stroke-width=\"1\" fill=\"none\" fill-rule=\"evenodd\"><g transform=\"translate(-511.000000, -20.000000)\" fill=\"#000000\"><g><path d=\"M556.869,30.41 C554.814,30.41 553.148,32.076 553.148,34.131 C553.148,36.186 554.814,37.852 556.869,37.852 C558.924,37.852 560.59,36.186 560.59,34.131 C560.59,32.076 558.924,30.41 556.869,30.41 M541,60.657 C535.114,60.657 530.342,55.887 530.342,50 C530.342,44.114 535.114,39.342 541,39.342 C546.887,39.342 551.658,44.114 551.658,50 C551.658,55.887 546.887,60.657 541,60.657 M541,33.886 C532.1,33.886 524.886,41.1 524.886,50 C524.886,58.899 532.1,66.113 541,66.113 C549.9,66.113 557.115,58.899 557.115,50 C557.115,41.1 549.9,33.886 541,33.886 M565.378,62.101 C565.244,65.022 564.756,66.606 564.346,67.663 C563.803,69.06 563.154,70.057 562.106,71.106 C561.058,72.155 560.06,72.803 558.662,73.347 C557.607,73.757 556.021,74.244 553.102,74.378 C549.944,74.521 548.997,74.552 541,74.552 C533.003,74.552 532.056,74.521 528.898,74.378 C525.979,74.244 524.393,73.757 523.338,73.347 C521.94,72.803 520.942,72.155 519.894,71.106 C518.846,70.057 518.197,69.06 517.654,67.663 C517.244,66.606 516.755,65.022 516.623,62.101 C516.479,58.943 516.448,57.996 516.448,50 C516.448,42.003 516.479,41.056 516.623,37.899 C516.755,34.978 517.244,33.391 517.654,32.338 C518.197,30.938 518.846,29.942 519.894,28.894 C520.942,27.846 521.94,27.196 523.338,26.654 C524.393,26.244 525.979,25.756 528.898,25.623 C532.057,25.479 533.004,25.448 541,25.448 C548.997,25.448 549.943,25.479 553.102,25.623 C556.021,25.756 557.607,26.244 558.662,26.654 C560.06,27.196 561.058,27.846 562.106,28.894 C563.154,29.942 563.803,30.938 564.346,32.338 C564.756,33.391 565.244,34.978 565.378,37.899 C565.522,41.056 565.552,42.003 565.552,50 C565.552,57.996 565.522,58.943 565.378,62.101 M570.82,37.631 C570.674,34.438 570.167,32.258 569.425,30.349 C568.659,28.377 567.633,26.702 565.965,25.035 C564.297,23.368 562.623,22.342 560.652,21.575 C558.743,20.834 556.562,20.326 553.369,20.18 C550.169,20.033 549.148,20 541,20 C532.853,20 531.831,20.033 528.631,20.18 C525.438,20.326 523.257,20.834 521.349,21.575 C519.376,22.342 517.703,23.368 516.035,25.035 C514.368,26.702 513.342,28.377 512.574,30.349 C511.834,32.258 511.326,34.438 511.181,37.631 C511.035,40.831 511,41.851 511,50 C511,58.147 511.035,59.17 511.181,62.369 C511.326,65.562 511.834,67.743 512.574,69.651 C513.342,71.625 514.368,73.296 516.035,74.965 C517.703,76.634 519.376,77.658 521.349,78.425 C523.257,79.167 525.438,79.673 528.631,79.82 C531.831,79.965 532.853,80.001 541,80.001 C549.148,80.001 550.169,79.965 553.369,79.82 C556.562,79.673 558.743,79.167 560.652,78.425 C562.623,77.658 564.297,76.634 565.965,74.965 C567.633,73.296 568.659,71.625 569.425,69.651 C570.167,67.743 570.674,65.562 570.82,62.369 C570.966,59.17 571,58.147 571,50 C571,41.851 570.966,40.831 570.82,37.631\"><\/path><\/g><\/g><\/g><\/svg><\/div><div style=\"padding-top: 8px;\"> <div style=\" color:#3897f0; font-family:Arial,sans-serif; font-size:14px; font-style:normal; font-weight:550; line-height:18px;\">Ver essa foto no Instagram<\/div><\/div><div style=\"padding: 12.5% 0;\"><\/div> <div style=\"display: flex; flex-direction: row; margin-bottom: 14px; align-items: center;\"><div> <div style=\"background-color: #F4F4F4; border-radius: 50%; height: 12.5px; width: 12.5px; transform: translateX(0px) translateY(7px);\"><\/div> <div style=\"background-color: #F4F4F4; height: 12.5px; transform: rotate(-45deg) translateX(3px) translateY(1px); width: 12.5px; flex-grow: 0; margin-right: 14px; margin-left: 2px;\"><\/div> <div style=\"background-color: #F4F4F4; border-radius: 50%; height: 12.5px; width: 12.5px; transform: translateX(9px) translateY(-18px);\"><\/div><\/div><div style=\"margin-left: 8px;\"> <div style=\" background-color: #F4F4F4; border-radius: 50%; flex-grow: 0; height: 20px; width: 20px;\"><\/div> <div style=\" width: 0; height: 0; border-top: 2px solid transparent; border-left: 6px solid #f4f4f4; border-bottom: 2px solid transparent; transform: translateX(16px) translateY(-4px) rotate(30deg)\"><\/div><\/div><div style=\"margin-left: auto;\"> <div style=\" width: 0px; border-top: 8px solid #F4F4F4; border-right: 8px solid transparent; transform: translateY(16px);\"><\/div> <div style=\" background-color: #F4F4F4; flex-grow: 0; height: 12px; width: 16px; transform: translateY(-4px);\"><\/div> <div style=\" width: 0; height: 0; border-top: 8px solid #F4F4F4; border-left: 8px solid transparent; transform: translateY(-4px) translateX(8px);\"><\/div><\/div><\/div> <div style=\"display: flex; flex-direction: column; flex-grow: 1; justify-content: center; margin-bottom: 24px;\"> <div style=\" background-color: #F4F4F4; border-radius: 4px; flex-grow: 0; height: 14px; margin-bottom: 6px; width: 224px;\"><\/div> <div style=\" background-color: #F4F4F4; border-radius: 4px; flex-grow: 0; height: 14px; width: 144px;\"><\/div><\/div><\/a><p style=\" color:#c9c8cd; font-family:Arial,sans-serif; font-size:14px; line-height:17px; margin-bottom:0; margin-top:8px; overflow:hidden; padding:8px 0 7px; text-align:center; text-overflow:ellipsis; white-space:nowrap;\"><a href=\"https:\/\/www.instagram.com\/p\/DBOqStAxWUs\/?utm_source=ig_embed&amp;utm_campaign=loading\" style=\" color:#c9c8cd; font-family:Arial,sans-serif; font-size:14px; font-style:normal; font-weight:normal; line-height:17px; text-decoration:none;\" target=\"_blank\">Uma publica\u00e7\u00e3o compartilhada por JULIANA PAVAN \ud83c\udde7\ud83c\uddf7 (@jupavan)<\/a><\/p><\/div><\/blockquote>\n<script async src=\"\/\/www.instagram.com\/embed.js\"><\/script>\n\n\n\n<h2 class=\"wp-block-heading\">Mobilidade Urbana: Desafios e Solu\u00e7\u00f5es Propostas<\/h2>\n\n\n\n<p>A mobilidade urbana \u00e9 outra \u00e1rea cr\u00edtica, pois o congestionamento \u00e9 frequente nas vias principais, causando transtornos para residentes e visitantes. Juliana enfatiza a import\u00e2ncia de uma abordagem regional para solucionar esses problemas. Com m\u00e9dia de 40 mil pessoas deslocando-se de Cambori\u00fa para Balne\u00e1rio diariamente, ampliar o n\u00famero de acessos e melhorar o transporte intermunicipal s\u00e3o prioridades.<\/p>\n\n\n\n<p>Al\u00e9m disso, a prefeita planeja iniciativas para melhorar o transporte p\u00fablico local, que atualmente \u00e9 gratuito para usu\u00e1rios, mas enfrenta cr\u00edticas devido \u00e0 insufici\u00eancia de ve\u00edculos e linhas dispon\u00edveis. Uma nova licita\u00e7\u00e3o visa expandir a rede para cobrir toda a cidade de forma eficaz.<\/p>\n\n\n\n<h2 class=\"wp-block-heading\">Como Balne\u00e1rio Cambori\u00fa Pretende Ajudar a Popula\u00e7\u00e3o em Situa\u00e7\u00e3o de Rua?<\/h2>\n\n\n\n<p>A situa\u00e7\u00e3o das pessoas em situa\u00e7\u00e3o de rua \u00e9 um ponto delicado. <strong><a href=\"https:\/\/www.instagram.com\/jupavan\/\" target=\"_blank\" rel=\"noreferrer noopener\">Juliana Pavan<\/a><\/strong> observa a falta de dados sobre a quantidade de desabrigados e pretende implementar pr\u00e1ticas inspiradas em Chapec\u00f3, que integra a\u00e7\u00f5es sociais e programas de recupera\u00e7\u00e3o. No entanto, qualquer abordagem ser\u00e1 cuidadosamente ajustada dentro dos limites legais, evitando pr\u00e1ticas controversas como interna\u00e7\u00f5es involunt\u00e1rias.<\/p>\n\n\n\n<p>\u00c9 evidente que a nova gest\u00e3o de Balne\u00e1rio Cambori\u00fa tem um plano multifacetado para abordar as quest\u00f5es cr\u00edticas da cidade. Com foco em colabora\u00e7\u00e3o regional e melhorias infraestruturais, Juliana busca oferecer uma resposta robusta aos problemas que herdou, visando uma administra\u00e7\u00e3o eficaz e consciente.<\/p>\n","protected":false},"excerpt":{"rendered":"<p>A nova administra\u00e7\u00e3o municipal de Balne\u00e1rio Cambori\u00fa, sob o comando de Juliana Pavan, enfrenta uma s\u00e9rie de desafios socioambientais e log\u00edsticos. A prefeita busca solu\u00e7\u00f5es vi\u00e1veis para os problemas da cidade, incluindo a balneabilidade da Praia Central e o tr\u00e1fego congestionado. Para isso, Juliana pretende realizar parcerias estrat\u00e9gicas com a cidade vizinha, Cambori\u00fa, governada por [&hellip;]<\/p>\n","protected":false},"author":5,"featured_media":2781,"comment_status":"open","ping_status":"open","sticky":false,"template":"","format":"standard","meta":{"jnews-multi-image_gallery":[],"jnews_single_post":{"format":"standard"},"jnews_primary_category":[],"jnews_social_meta":[],"jnews_override_counter":[],"footnotes":""},"categories":[26,1],"tags":[1398,3585,465,1180],"class_list":["post-11125","post","type-post","status-publish","format-standard","has-post-thumbnail","hentry","category-cidades","category-noticias","tag-balneario-camboriu","tag-bc","tag-governo","tag-sul"],"yoast_head":"<!-- This site is optimized with the Yoast SEO plugin v23.8 - https:\/\/yoast.com\/wordpress\/plugins\/seo\/ -->\n<title>Juliana Pavan assume os desafios de Balne\u00e1rio Cambori\u00fa - Estado de Minas - Em foco<\/title>\n<meta name=\"description\" content=\"Juliana Pavan, enfrenta desafios como a qualidade da \u00e1gua, a mobilidade urbana e a situa\u00e7\u00e3o de pessoas em situa\u00e7\u00e3o de rua.\" \/>\n<meta name=\"robots\" content=\"index, follow, max-snippet:-1, max-image-preview:large, max-video-preview:-1\" \/>\n<link rel=\"canonical\" href=\"https:\/\/www.em.com.br\/emfoco\/2025\/01\/26\/juliana-pavan-assume-os-desafios-de-balneario-camboriu\/\" \/>\n<meta property=\"og:locale\" content=\"pt_BR\" \/>\n<meta property=\"og:type\" content=\"article\" \/>\n<meta property=\"og:title\" content=\"Juliana Pavan assume os desafios de Balne\u00e1rio Cambori\u00fa - Estado de Minas - Em foco\" \/>\n<meta property=\"og:description\" content=\"Juliana Pavan, enfrenta desafios como a qualidade da \u00e1gua, a mobilidade urbana e a situa\u00e7\u00e3o de pessoas em situa\u00e7\u00e3o de rua.\" \/>\n<meta property=\"og:url\" content=\"https:\/\/www.em.com.br\/emfoco\/2025\/01\/26\/juliana-pavan-assume-os-desafios-de-balneario-camboriu\/\" \/>\n<meta property=\"og:site_name\" content=\"Estado de Minas - Em foco\" \/>\n<meta property=\"article:published_time\" content=\"2025-01-26T20:40:00+00:00\" \/>\n<meta property=\"article:modified_time\" content=\"2025-01-25T11:46:13+00:00\" \/>\n<meta property=\"og:image\" content=\"https:\/\/www.em.com.br\/emfoco\/wp-content\/uploads\/2024\/12\/Balneario-Camboriu-_1733154922041.jpg\" \/>\n\t<meta property=\"og:image:width\" content=\"1280\" \/>\n\t<meta property=\"og:image:height\" content=\"720\" \/>\n\t<meta property=\"og:image:type\" content=\"image\/jpeg\" \/>\n<meta name=\"author\" content=\"N\u00fabia Rangel\" \/>\n<meta name=\"twitter:card\" content=\"summary_large_image\" \/>\n<meta name=\"twitter:label1\" content=\"Escrito por\" \/>\n\t<meta name=\"twitter:data1\" content=\"N\u00fabia Rangel\" \/>\n\t<meta name=\"twitter:label2\" content=\"Est. tempo de leitura\" \/>\n\t<meta name=\"twitter:data2\" content=\"3 minutos\" \/>\n<!-- \/ Yoast SEO plugin. -->","yoast_head_json":{"title":"Juliana Pavan assume os desafios de Balne\u00e1rio Cambori\u00fa - Estado de Minas - Em foco","description":"Juliana Pavan, enfrenta desafios como a qualidade da \u00e1gua, a mobilidade urbana e a situa\u00e7\u00e3o de pessoas em situa\u00e7\u00e3o de rua.","robots":{"index":"index","follow":"follow","max-snippet":"max-snippet:-1","max-image-preview":"max-image-preview:large","max-video-preview":"max-video-preview:-1"},"canonical":"https:\/\/www.em.com.br\/emfoco\/2025\/01\/26\/juliana-pavan-assume-os-desafios-de-balneario-camboriu\/","og_locale":"pt_BR","og_type":"article","og_title":"Juliana Pavan assume os desafios de Balne\u00e1rio Cambori\u00fa - Estado de Minas - Em foco","og_description":"Juliana Pavan, enfrenta desafios como a qualidade da \u00e1gua, a mobilidade urbana e a situa\u00e7\u00e3o de pessoas em situa\u00e7\u00e3o de rua.","og_url":"https:\/\/www.em.com.br\/emfoco\/2025\/01\/26\/juliana-pavan-assume-os-desafios-de-balneario-camboriu\/","og_site_name":"Estado de Minas - Em foco","article_published_time":"2025-01-26T20:40:00+00:00","article_modified_time":"2025-01-25T11:46:13+00:00","og_image":[{"width":1280,"height":720,"url":"https:\/\/www.em.com.br\/emfoco\/wp-content\/uploads\/2024\/12\/Balneario-Camboriu-_1733154922041.jpg","type":"image\/jpeg"}],"author":"N\u00fabia Rangel","twitter_card":"summary_large_image","twitter_misc":{"Escrito por":"N\u00fabia Rangel","Est. tempo de leitura":"3 minutos"},"schema":{"@context":"https:\/\/schema.org","@graph":[{"@type":"WebPage","@id":"https:\/\/www.em.com.br\/emfoco\/2025\/01\/26\/juliana-pavan-assume-os-desafios-de-balneario-camboriu\/","url":"https:\/\/www.em.com.br\/emfoco\/2025\/01\/26\/juliana-pavan-assume-os-desafios-de-balneario-camboriu\/","name":"Juliana Pavan assume os desafios de Balne\u00e1rio Cambori\u00fa - Estado de Minas - Em foco","isPartOf":{"@id":"https:\/\/www.em.com.br\/emfoco\/#website"},"primaryImageOfPage":{"@id":"https:\/\/www.em.com.br\/emfoco\/2025\/01\/26\/juliana-pavan-assume-os-desafios-de-balneario-camboriu\/#primaryimage"},"image":{"@id":"https:\/\/www.em.com.br\/emfoco\/2025\/01\/26\/juliana-pavan-assume-os-desafios-de-balneario-camboriu\/#primaryimage"},"thumbnailUrl":"https:\/\/www.em.com.br\/emfoco\/wp-content\/uploads\/2024\/12\/Balneario-Camboriu-_1733154922041.jpg","datePublished":"2025-01-26T20:40:00+00:00","dateModified":"2025-01-25T11:46:13+00:00","author":{"@id":"https:\/\/www.em.com.br\/emfoco\/#\/schema\/person\/524437ef54f8a5d32591b143307f2e20"},"description":"Juliana Pavan, enfrenta desafios como a qualidade da \u00e1gua, a mobilidade urbana e a situa\u00e7\u00e3o de pessoas em situa\u00e7\u00e3o de rua.","breadcrumb":{"@id":"https:\/\/www.em.com.br\/emfoco\/2025\/01\/26\/juliana-pavan-assume-os-desafios-de-balneario-camboriu\/#breadcrumb"},"inLanguage":"pt-BR","potentialAction":[{"@type":"ReadAction","target":["https:\/\/www.em.com.br\/emfoco\/2025\/01\/26\/juliana-pavan-assume-os-desafios-de-balneario-camboriu\/"]}]},{"@type":"ImageObject","inLanguage":"pt-BR","@id":"https:\/\/www.em.com.br\/emfoco\/2025\/01\/26\/juliana-pavan-assume-os-desafios-de-balneario-camboriu\/#primaryimage","url":"https:\/\/www.em.com.br\/emfoco\/wp-content\/uploads\/2024\/12\/Balneario-Camboriu-_1733154922041.jpg","contentUrl":"https:\/\/www.em.com.br\/emfoco\/wp-content\/uploads\/2024\/12\/Balneario-Camboriu-_1733154922041.jpg","width":1280,"height":720,"caption":"Balne\u00e1rio Cambori\u00fa - Cr\u00e9ditos: depositphotos.com \/ inacioluc"},{"@type":"BreadcrumbList","@id":"https:\/\/www.em.com.br\/emfoco\/2025\/01\/26\/juliana-pavan-assume-os-desafios-de-balneario-camboriu\/#breadcrumb","itemListElement":[{"@type":"ListItem","position":1,"name":"In\u00edcio","item":"https:\/\/www.em.com.br\/emfoco\/"},{"@type":"ListItem","position":2,"name":"Juliana Pavan assume os desafios de Balne\u00e1rio Cambori\u00fa"}]},{"@type":"WebSite","@id":"https:\/\/www.em.com.br\/emfoco\/#website","url":"https:\/\/www.em.com.br\/emfoco\/","name":"Estado de Minas - Em foco","description":"Acompanhe as \u00faltimas not\u00edcias e fique bem informado sobre tudo o que acontece em Minas Gerais, Brasil e no mundo.","potentialAction":[{"@type":"SearchAction","target":{"@type":"EntryPoint","urlTemplate":"https:\/\/www.em.com.br\/emfoco\/?s={search_term_string}"},"query-input":{"@type":"PropertyValueSpecification","valueRequired":true,"valueName":"search_term_string"}}],"inLanguage":"pt-BR"},{"@type":"Person","@id":"https:\/\/www.em.com.br\/emfoco\/#\/schema\/person\/524437ef54f8a5d32591b143307f2e20","name":"N\u00fabia Rangel","image":{"@type":"ImageObject","inLanguage":"pt-BR","@id":"https:\/\/www.em.com.br\/emfoco\/#\/schema\/person\/image\/","url":"https:\/\/secure.gravatar.com\/avatar\/47cff2827a5ba23c37e8068c86817ea4?s=96&d=mm&r=g","contentUrl":"https:\/\/secure.gravatar.com\/avatar\/47cff2827a5ba23c37e8068c86817ea4?s=96&d=mm&r=g","caption":"N\u00fabia Rangel"},"sameAs":["https:\/\/www.em.com.br\/emfoco\/"],"url":"https:\/\/www.em.com.br\/emfoco\/author\/nubiamyth\/"}]}},"_links":{"self":[{"href":"https:\/\/www.em.com.br\/emfoco\/wp-json\/wp\/v2\/posts\/11125","targetHints":{"allow":["GET"]}}],"collection":[{"href":"https:\/\/www.em.com.br\/emfoco\/wp-json\/wp\/v2\/posts"}],"about":[{"href":"https:\/\/www.em.com.br\/emfoco\/wp-json\/wp\/v2\/types\/post"}],"author":[{"embeddable":true,"href":"https:\/\/www.em.com.br\/emfoco\/wp-json\/wp\/v2\/users\/5"}],"replies":[{"embeddable":true,"href":"https:\/\/www.em.com.br\/emfoco\/wp-json\/wp\/v2\/comments?post=11125"}],"version-history":[{"count":2,"href":"https:\/\/www.em.com.br\/emfoco\/wp-json\/wp\/v2\/posts\/11125\/revisions"}],"predecessor-version":[{"id":11127,"href":"https:\/\/www.em.com.br\/emfoco\/wp-json\/wp\/v2\/posts\/11125\/revisions\/11127"}],"wp:featuredmedia":[{"embeddable":true,"href":"https:\/\/www.em.com.br\/emfoco\/wp-json\/wp\/v2\/media\/2781"}],"wp:attachment":[{"href":"https:\/\/www.em.com.br\/emfoco\/wp-json\/wp\/v2\/media?parent=11125"}],"wp:term":[{"taxonomy":"category","embeddable":true,"href":"https:\/\/www.em.com.br\/emfoco\/wp-json\/wp\/v2\/categories?post=11125"},{"taxonomy":"post_tag","embeddable":true,"href":"https:\/\/www.em.com.br\/emfoco\/wp-json\/wp\/v2\/tags?post=11125"}],"curies":[{"name":"wp","href":"https:\/\/api.w.org\/{rel}","templated":true}]}}