{"id":111245,"date":"2025-10-06T13:08:00","date_gmt":"2025-10-06T16:08:00","guid":{"rendered":"https:\/\/www.em.com.br\/emfoco\/?p=111245"},"modified":"2025-10-03T15:40:13","modified_gmt":"2025-10-03T18:40:13","slug":"mantenha-sua-casa-sempre-perfumada-com-essas-ervas-secas","status":"publish","type":"post","link":"https:\/\/www.em.com.br\/emfoco\/2025\/10\/06\/mantenha-sua-casa-sempre-perfumada-com-essas-ervas-secas\/","title":{"rendered":"Mantenha sua casa sempre perfumada com essas ervas secas"},"content":{"rendered":"\n<p>Transformar ervas secas em aromatizadores caseiros \u00e9 uma maneira pr\u00e1tica de perfumar e revitalizar os c\u00f4modos, trazendo bem-estar, frescor e um toque natural para o dia a dia.<\/p>\n\n\n\n<ul class=\"wp-block-list\">\n<li>Passo a passo para preparar aromatizadores<\/li>\n\n\n\n<li>Ervas que potencializam os aromas<\/li>\n\n\n\n<li>Dicas para prolongar a fragr\u00e2ncia no ambiente<\/li>\n<\/ul>\n\n\n\n<h2 class=\"wp-block-heading\">Por que escolher aromatizadores de ervas secas para sua casa?<\/h2>\n\n\n\n<p>Optar por aromatizadores de ervas secas \u00e9 uma forma de unir praticidade e naturalidade. <strong>Esses aromatizadores criam uma atmosfera acolhedora sem recorrer a produtos artificiais<\/strong>, deixando o ambiente mais saud\u00e1vel.<\/p>\n\n\n\n<p>Al\u00e9m do aroma agrad\u00e1vel, muitas ervas t\u00eam propriedades calmantes ou revigorantes. Assim, cada escolha traz n\u00e3o apenas perfume, mas tamb\u00e9m sensa\u00e7\u00f5es que podem influenciar no <a href=\"https:\/\/ciclovivo.com.br\/vida-sustentavel\/bem-estar\/7-dicas-para-cultivar-o-bem-estar-diario\/\" target=\"_blank\" rel=\"noreferrer noopener\">bem-estar di\u00e1rio<\/a>.<\/p>\n\n\n\n<figure class=\"wp-block-image size-large\"><img loading=\"lazy\" decoding=\"async\" width=\"1024\" height=\"576\" src=\"https:\/\/www.em.com.br\/emfoco\/wp-content\/uploads\/2025\/10\/Aromatizador-com-ervas_1759516524518-1024x576.jpg\" alt=\"Mantenha sua casa sempre perfumada com essas ervas secas\" class=\"wp-image-111273\" srcset=\"https:\/\/www.em.com.br\/emfoco\/wp-content\/uploads\/2025\/10\/Aromatizador-com-ervas_1759516524518-1024x576.jpg 1024w, https:\/\/www.em.com.br\/emfoco\/wp-content\/uploads\/2025\/10\/Aromatizador-com-ervas_1759516524518-300x169.jpg 300w, https:\/\/www.em.com.br\/emfoco\/wp-content\/uploads\/2025\/10\/Aromatizador-com-ervas_1759516524518-768x432.jpg 768w, https:\/\/www.em.com.br\/emfoco\/wp-content\/uploads\/2025\/10\/Aromatizador-com-ervas_1759516524518-750x422.jpg 750w, https:\/\/www.em.com.br\/emfoco\/wp-content\/uploads\/2025\/10\/Aromatizador-com-ervas_1759516524518-1140x641.jpg 1140w, https:\/\/www.em.com.br\/emfoco\/wp-content\/uploads\/2025\/10\/Aromatizador-com-ervas_1759516524518.jpg 1280w\" sizes=\"auto, (max-width: 1024px) 100vw, 1024px\" \/><figcaption class=\"wp-element-caption\">Aromatizadores naturais criam ambientes aconchegantes sem qu\u00edmicos. &#8211; Cr\u00e9ditos: depositphotos.com \/ JoeMcUbed<\/figcaption><\/figure>\n\n\n\n<h2 class=\"wp-block-heading\">Quais ervas secas s\u00e3o ideais para preparar o aromatizador?<\/h2>\n\n\n\n<p>Algumas ervas s\u00e3o especialmente indicadas por sua intensidade e durabilidade arom\u00e1tica. Veja as mais utilizadas:<\/p>\n\n\n\n<ul class=\"wp-block-list\">\n<li><strong>Lavanda <\/strong>\u2013 calmante e relaxante<\/li>\n\n\n\n<li><strong>Hortel\u00e3<\/strong> \u2013 refrescante e energizante<\/li>\n\n\n\n<li><strong>Alecrim <\/strong>\u2013 estimulante e revigorante<\/li>\n\n\n\n<li><strong>Camomila <\/strong>\u2013 suavidade e tranquilidade<\/li>\n\n\n\n<li><strong>Canela em pau<\/strong> \u2013 toque quente e marcante<\/li>\n<\/ul>\n\n\n\n<h2 class=\"wp-block-heading\">Como fazer o preparo correto do aromatizador em casa?<\/h2>\n\n\n\n<p>O preparo \u00e9 simples, mas exige aten\u00e7\u00e3o para garantir o m\u00e1ximo de aroma. Primeiro, escolha ervas secas de boa qualidade e coloque-as em recipientes de vidro ou saquinhos de tecido bem limpos.<\/p>\n\n\n\n<p>Depois, \u00e9 poss\u00edvel potencializar o efeito adicionando algumas gotas de \u00f3leo essencial. Essa mistura garante intensidade no perfume e prolonga a sensa\u00e7\u00e3o agrad\u00e1vel no ambiente.<\/p>\n\n\n\n<figure class=\"wp-block-image size-large\"><img loading=\"lazy\" decoding=\"async\" width=\"1024\" height=\"576\" src=\"https:\/\/www.em.com.br\/emfoco\/wp-content\/uploads\/2025\/10\/Aromatizador-com-ervas_1759516569166-1024x576.jpg\" alt=\"Mantenha sua casa sempre perfumada com essas ervas secas\" class=\"wp-image-111275\" srcset=\"https:\/\/www.em.com.br\/emfoco\/wp-content\/uploads\/2025\/10\/Aromatizador-com-ervas_1759516569166-1024x576.jpg 1024w, https:\/\/www.em.com.br\/emfoco\/wp-content\/uploads\/2025\/10\/Aromatizador-com-ervas_1759516569166-300x169.jpg 300w, https:\/\/www.em.com.br\/emfoco\/wp-content\/uploads\/2025\/10\/Aromatizador-com-ervas_1759516569166-768x432.jpg 768w, https:\/\/www.em.com.br\/emfoco\/wp-content\/uploads\/2025\/10\/Aromatizador-com-ervas_1759516569166-750x422.jpg 750w, https:\/\/www.em.com.br\/emfoco\/wp-content\/uploads\/2025\/10\/Aromatizador-com-ervas_1759516569166-1140x641.jpg 1140w, https:\/\/www.em.com.br\/emfoco\/wp-content\/uploads\/2025\/10\/Aromatizador-com-ervas_1759516569166.jpg 1280w\" sizes=\"auto, (max-width: 1024px) 100vw, 1024px\" \/><figcaption class=\"wp-element-caption\">Basta combinar ervas secas e \u00f3leos essenciais em potes de vidro ou tecido. &#8211; Cr\u00e9ditos: depositphotos.com \/ halocraft<\/figcaption><\/figure>\n\n\n\n<p><em>Leia mais: <a href=\"https:\/\/www.em.com.br\/emfoco\/2025\/09\/05\/as-4-plantas-purificadoras-de-ar-para-ambientes-internos\/\" target=\"_blank\" rel=\"noreferrer noopener\">As 4 plantas purificadoras de ar para ambientes internos<\/a><\/em><\/p>\n\n\n\n<h2 class=\"wp-block-heading\">De que forma os aromatizadores naturais podem influenciar no bem-estar?<\/h2>\n\n\n\n<p>Aromas est\u00e3o diretamente ligados \u00e0 mem\u00f3ria e \u00e0s emo\u00e7\u00f5es. Um cheiro agrad\u00e1vel pode acalmar, estimular a concentra\u00e7\u00e3o ou at\u00e9 aumentar a disposi\u00e7\u00e3o durante atividades do dia a dia.<\/p>\n\n\n\n<p>Ao usar ervas secas no aromatizador, voc\u00ea cria um efeito sensorial natural. Isso transforma o ambiente em um espa\u00e7o mais harmonioso e favor\u00e1vel para momentos de descanso ou foco.<\/p>\n\n\n\n<h2 class=\"wp-block-heading\">Quais truques ajudam a manter o aroma por mais tempo?<\/h2>\n\n\n\n<p>Para prolongar o frescor dos aromatizadores, \u00e9 importante adotar alguns cuidados simples no dia a dia:<\/p>\n\n\n\n<ul class=\"wp-block-list\">\n<li>Troque as ervas secas a cada 20 dias para renovar a intensidade<\/li>\n\n\n\n<li>Guarde os aromatizadores longe da umidade para evitar perda de fragr\u00e2ncia<\/li>\n\n\n\n<li>Reforce o perfume com gotas de \u00f3leo essencial sempre que necess\u00e1rio<\/li>\n<\/ul>\n","protected":false},"excerpt":{"rendered":"<p>Transformar ervas secas em aromatizadores caseiros \u00e9 uma maneira pr\u00e1tica de perfumar e revitalizar os c\u00f4modos, trazendo bem-estar, frescor e um toque natural para o dia a dia. Por que escolher aromatizadores de ervas secas para sua casa? Optar por aromatizadores de ervas secas \u00e9 uma forma de unir praticidade e naturalidade. Esses aromatizadores criam [&hellip;]<\/p>\n","protected":false},"author":13,"featured_media":111272,"comment_status":"open","ping_status":"open","sticky":false,"template":"","format":"standard","meta":{"jnews-multi-image_gallery":[],"jnews_single_post":{"format":"standard"},"jnews_primary_category":[],"jnews_social_meta":[],"jnews_override_counter":[],"footnotes":""},"categories":[8819],"tags":[16994,6785,16995],"class_list":["post-111245","post","type-post","status-publish","format-standard","has-post-thumbnail","hentry","category-curiosidades","tag-aromatizadores-caseiros","tag-ervas-aromaticas","tag-ervas-secas"],"yoast_head":"<!-- This site is optimized with the Yoast SEO plugin v23.8 - https:\/\/yoast.com\/wordpress\/plugins\/seo\/ -->\n<title>Mantenha sua casa sempre perfumada com essas ervas secas - Estado de Minas - Em foco<\/title>\n<meta name=\"description\" content=\"Aromatizadores de ervas secas perfumam com naturalidade, criando ambientes mais calmos e saud\u00e1veis. Veja como fazer.\" \/>\n<meta name=\"robots\" content=\"index, follow, max-snippet:-1, max-image-preview:large, max-video-preview:-1\" \/>\n<link rel=\"canonical\" href=\"https:\/\/www.em.com.br\/emfoco\/2025\/10\/06\/mantenha-sua-casa-sempre-perfumada-com-essas-ervas-secas\/\" \/>\n<meta property=\"og:locale\" content=\"pt_BR\" \/>\n<meta property=\"og:type\" content=\"article\" \/>\n<meta property=\"og:title\" content=\"Mantenha sua casa sempre perfumada com essas ervas secas - Estado de Minas - Em foco\" \/>\n<meta property=\"og:description\" content=\"Aromatizadores de ervas secas perfumam com naturalidade, criando ambientes mais calmos e saud\u00e1veis. Veja como fazer.\" \/>\n<meta property=\"og:url\" content=\"https:\/\/www.em.com.br\/emfoco\/2025\/10\/06\/mantenha-sua-casa-sempre-perfumada-com-essas-ervas-secas\/\" \/>\n<meta property=\"og:site_name\" content=\"Estado de Minas - Em foco\" \/>\n<meta property=\"article:published_time\" content=\"2025-10-06T16:08:00+00:00\" \/>\n<meta property=\"article:modified_time\" content=\"2025-10-03T18:40:13+00:00\" \/>\n<meta property=\"og:image\" content=\"https:\/\/www.em.com.br\/emfoco\/wp-content\/uploads\/2025\/10\/Aromatizador-com-ervas_1759516494641.jpg\" \/>\n\t<meta property=\"og:image:width\" content=\"1280\" \/>\n\t<meta property=\"og:image:height\" content=\"720\" \/>\n\t<meta property=\"og:image:type\" content=\"image\/jpeg\" \/>\n<meta name=\"author\" content=\"Gabriel Martins\" \/>\n<meta name=\"twitter:card\" content=\"summary_large_image\" \/>\n<meta name=\"twitter:label1\" content=\"Escrito por\" \/>\n\t<meta name=\"twitter:data1\" content=\"Gabriel Martins\" \/>\n\t<meta name=\"twitter:label2\" content=\"Est. tempo de leitura\" \/>\n\t<meta name=\"twitter:data2\" content=\"3 minutos\" \/>\n<!-- \/ Yoast SEO plugin. -->","yoast_head_json":{"title":"Mantenha sua casa sempre perfumada com essas ervas secas - Estado de Minas - Em foco","description":"Aromatizadores de ervas secas perfumam com naturalidade, criando ambientes mais calmos e saud\u00e1veis. Veja como fazer.","robots":{"index":"index","follow":"follow","max-snippet":"max-snippet:-1","max-image-preview":"max-image-preview:large","max-video-preview":"max-video-preview:-1"},"canonical":"https:\/\/www.em.com.br\/emfoco\/2025\/10\/06\/mantenha-sua-casa-sempre-perfumada-com-essas-ervas-secas\/","og_locale":"pt_BR","og_type":"article","og_title":"Mantenha sua casa sempre perfumada com essas ervas secas - Estado de Minas - Em foco","og_description":"Aromatizadores de ervas secas perfumam com naturalidade, criando ambientes mais calmos e saud\u00e1veis. Veja como fazer.","og_url":"https:\/\/www.em.com.br\/emfoco\/2025\/10\/06\/mantenha-sua-casa-sempre-perfumada-com-essas-ervas-secas\/","og_site_name":"Estado de Minas - Em foco","article_published_time":"2025-10-06T16:08:00+00:00","article_modified_time":"2025-10-03T18:40:13+00:00","og_image":[{"width":1280,"height":720,"url":"https:\/\/www.em.com.br\/emfoco\/wp-content\/uploads\/2025\/10\/Aromatizador-com-ervas_1759516494641.jpg","type":"image\/jpeg"}],"author":"Gabriel Martins","twitter_card":"summary_large_image","twitter_misc":{"Escrito por":"Gabriel Martins","Est. tempo de leitura":"3 minutos"},"schema":{"@context":"https:\/\/schema.org","@graph":[{"@type":"WebPage","@id":"https:\/\/www.em.com.br\/emfoco\/2025\/10\/06\/mantenha-sua-casa-sempre-perfumada-com-essas-ervas-secas\/","url":"https:\/\/www.em.com.br\/emfoco\/2025\/10\/06\/mantenha-sua-casa-sempre-perfumada-com-essas-ervas-secas\/","name":"Mantenha sua casa sempre perfumada com essas ervas secas - Estado de Minas - Em foco","isPartOf":{"@id":"https:\/\/www.em.com.br\/emfoco\/#website"},"primaryImageOfPage":{"@id":"https:\/\/www.em.com.br\/emfoco\/2025\/10\/06\/mantenha-sua-casa-sempre-perfumada-com-essas-ervas-secas\/#primaryimage"},"image":{"@id":"https:\/\/www.em.com.br\/emfoco\/2025\/10\/06\/mantenha-sua-casa-sempre-perfumada-com-essas-ervas-secas\/#primaryimage"},"thumbnailUrl":"https:\/\/www.em.com.br\/emfoco\/wp-content\/uploads\/2025\/10\/Aromatizador-com-ervas_1759516494641.jpg","datePublished":"2025-10-06T16:08:00+00:00","dateModified":"2025-10-03T18:40:13+00:00","author":{"@id":"https:\/\/www.em.com.br\/emfoco\/#\/schema\/person\/1c9ddeab18b98abeffef834667bcf08a"},"description":"Aromatizadores de ervas secas perfumam com naturalidade, criando ambientes mais calmos e saud\u00e1veis. Veja como fazer.","breadcrumb":{"@id":"https:\/\/www.em.com.br\/emfoco\/2025\/10\/06\/mantenha-sua-casa-sempre-perfumada-com-essas-ervas-secas\/#breadcrumb"},"inLanguage":"pt-BR","potentialAction":[{"@type":"ReadAction","target":["https:\/\/www.em.com.br\/emfoco\/2025\/10\/06\/mantenha-sua-casa-sempre-perfumada-com-essas-ervas-secas\/"]}]},{"@type":"ImageObject","inLanguage":"pt-BR","@id":"https:\/\/www.em.com.br\/emfoco\/2025\/10\/06\/mantenha-sua-casa-sempre-perfumada-com-essas-ervas-secas\/#primaryimage","url":"https:\/\/www.em.com.br\/emfoco\/wp-content\/uploads\/2025\/10\/Aromatizador-com-ervas_1759516494641.jpg","contentUrl":"https:\/\/www.em.com.br\/emfoco\/wp-content\/uploads\/2025\/10\/Aromatizador-com-ervas_1759516494641.jpg","width":1280,"height":720,"caption":"Trocar as ervas e refor\u00e7ar com \u00f3leos ajuda a manter o perfume no ar por semanas. - Cr\u00e9ditos: depositphotos.com \/ halocraft"},{"@type":"BreadcrumbList","@id":"https:\/\/www.em.com.br\/emfoco\/2025\/10\/06\/mantenha-sua-casa-sempre-perfumada-com-essas-ervas-secas\/#breadcrumb","itemListElement":[{"@type":"ListItem","position":1,"name":"In\u00edcio","item":"https:\/\/www.em.com.br\/emfoco\/"},{"@type":"ListItem","position":2,"name":"Mantenha sua casa sempre perfumada com essas ervas secas"}]},{"@type":"WebSite","@id":"https:\/\/www.em.com.br\/emfoco\/#website","url":"https:\/\/www.em.com.br\/emfoco\/","name":"Estado de Minas - Em foco","description":"Acompanhe as \u00faltimas not\u00edcias e fique bem informado sobre tudo o que acontece em Minas Gerais, Brasil e no mundo.","potentialAction":[{"@type":"SearchAction","target":{"@type":"EntryPoint","urlTemplate":"https:\/\/www.em.com.br\/emfoco\/?s={search_term_string}"},"query-input":{"@type":"PropertyValueSpecification","valueRequired":true,"valueName":"search_term_string"}}],"inLanguage":"pt-BR"},{"@type":"Person","@id":"https:\/\/www.em.com.br\/emfoco\/#\/schema\/person\/1c9ddeab18b98abeffef834667bcf08a","name":"Gabriel Martins","image":{"@type":"ImageObject","inLanguage":"pt-BR","@id":"https:\/\/www.em.com.br\/emfoco\/#\/schema\/person\/image\/","url":"https:\/\/secure.gravatar.com\/avatar\/f0f1e2efdfd88f1ad2cb08c5c2731e50?s=96&d=mm&r=g","contentUrl":"https:\/\/secure.gravatar.com\/avatar\/f0f1e2efdfd88f1ad2cb08c5c2731e50?s=96&d=mm&r=g","caption":"Gabriel Martins"},"sameAs":["https:\/\/www.em.com.br\/emfoco\/"],"url":"https:\/\/www.em.com.br\/emfoco\/author\/gabrielmartinsmyth\/"}]}},"_links":{"self":[{"href":"https:\/\/www.em.com.br\/emfoco\/wp-json\/wp\/v2\/posts\/111245","targetHints":{"allow":["GET"]}}],"collection":[{"href":"https:\/\/www.em.com.br\/emfoco\/wp-json\/wp\/v2\/posts"}],"about":[{"href":"https:\/\/www.em.com.br\/emfoco\/wp-json\/wp\/v2\/types\/post"}],"author":[{"embeddable":true,"href":"https:\/\/www.em.com.br\/emfoco\/wp-json\/wp\/v2\/users\/13"}],"replies":[{"embeddable":true,"href":"https:\/\/www.em.com.br\/emfoco\/wp-json\/wp\/v2\/comments?post=111245"}],"version-history":[{"count":1,"href":"https:\/\/www.em.com.br\/emfoco\/wp-json\/wp\/v2\/posts\/111245\/revisions"}],"predecessor-version":[{"id":111276,"href":"https:\/\/www.em.com.br\/emfoco\/wp-json\/wp\/v2\/posts\/111245\/revisions\/111276"}],"wp:featuredmedia":[{"embeddable":true,"href":"https:\/\/www.em.com.br\/emfoco\/wp-json\/wp\/v2\/media\/111272"}],"wp:attachment":[{"href":"https:\/\/www.em.com.br\/emfoco\/wp-json\/wp\/v2\/media?parent=111245"}],"wp:term":[{"taxonomy":"category","embeddable":true,"href":"https:\/\/www.em.com.br\/emfoco\/wp-json\/wp\/v2\/categories?post=111245"},{"taxonomy":"post_tag","embeddable":true,"href":"https:\/\/www.em.com.br\/emfoco\/wp-json\/wp\/v2\/tags?post=111245"}],"curies":[{"name":"wp","href":"https:\/\/api.w.org\/{rel}","templated":true}]}}