{"id":111221,"date":"2025-10-06T20:58:00","date_gmt":"2025-10-06T23:58:00","guid":{"rendered":"https:\/\/www.em.com.br\/emfoco\/?p=111221"},"modified":"2025-10-03T14:36:23","modified_gmt":"2025-10-03T17:36:23","slug":"essa-dieta-revela-o-segredo-por-tras-dos-povos-que-passam-dos-100-anos","status":"publish","type":"post","link":"https:\/\/www.em.com.br\/emfoco\/2025\/10\/06\/essa-dieta-revela-o-segredo-por-tras-dos-povos-que-passam-dos-100-anos\/","title":{"rendered":"Essa dieta revela o segredo por tr\u00e1s dos povos que passam dos 100 anos"},"content":{"rendered":"\n<p>A <strong>Dieta de Okinawa<\/strong> \u00e9 conhecida por estar associada \u00e0 longevidade, sa\u00fade e baixa incid\u00eancia de doen\u00e7as cr\u00f4nicas. Origin\u00e1ria do Jap\u00e3o, ela combina modera\u00e7\u00e3o, vegetais frescos e equil\u00edbrio nutricional.<\/p>\n\n\n\n<ul class=\"wp-block-list\">\n<li>Baseada em vegetais, peixes e leguminosas<\/li>\n\n\n\n<li>Pr\u00e1tica do hara hachi bu evita excessos<\/li>\n\n\n\n<li>Benef\u00edcios para cora\u00e7\u00e3o, c\u00e9rebro e metabolismo<\/li>\n<\/ul>\n\n\n\n<h2 class=\"wp-block-heading\">Por que a Dieta de Okinawa est\u00e1 ligada \u00e0 longevidade?<\/h2>\n\n\n\n<p>A ilha de Okinawa concentra at\u00e9 50 centen\u00e1rios a cada 100 mil habitantes, um n\u00famero muito superior \u00e0 m\u00e9dia mundial. Esse fen\u00f4meno \u00e9 associado a fatores gen\u00e9ticos, ambientais e principalmente \u00e0 alimenta\u00e7\u00e3o tradicional local.<\/p>\n\n\n\n<p><strong>O padr\u00e3o alimentar, pobre em calorias e rico em vegetais, est\u00e1 diretamente relacionado a uma vida mais longa e saud\u00e1vel<\/strong>. Al\u00e9m disso, contribui para reduzir doen\u00e7as cr\u00f4nicas ligadas ao envelhecimento, como diabetes e problemas card\u00edacos.<\/p>\n\n\n\n<figure class=\"wp-block-image size-large\"><img loading=\"lazy\" decoding=\"async\" width=\"1024\" height=\"576\" src=\"https:\/\/www.em.com.br\/emfoco\/wp-content\/uploads\/2025\/06\/Longevidade_1750165011148-1024x576.jpg\" alt=\"Quer viver mais? Esses h\u00e1bitos alimentares simples podem ser o segredo\" class=\"wp-image-62077\" srcset=\"https:\/\/www.em.com.br\/emfoco\/wp-content\/uploads\/2025\/06\/Longevidade_1750165011148-1024x576.jpg 1024w, https:\/\/www.em.com.br\/emfoco\/wp-content\/uploads\/2025\/06\/Longevidade_1750165011148-300x169.jpg 300w, https:\/\/www.em.com.br\/emfoco\/wp-content\/uploads\/2025\/06\/Longevidade_1750165011148-768x432.jpg 768w, https:\/\/www.em.com.br\/emfoco\/wp-content\/uploads\/2025\/06\/Longevidade_1750165011148-750x422.jpg 750w, https:\/\/www.em.com.br\/emfoco\/wp-content\/uploads\/2025\/06\/Longevidade_1750165011148-1140x641.jpg 1140w, https:\/\/www.em.com.br\/emfoco\/wp-content\/uploads\/2025\/06\/Longevidade_1750165011148.jpg 1280w\" sizes=\"auto, (max-width: 1024px) 100vw, 1024px\" \/><figcaption class=\"wp-element-caption\">Alimenta\u00e7\u00e3o rica em antioxidantes que protege o c\u00e9rebro e o cora\u00e7\u00e3o &#8211; Cr\u00e9ditos: depositphotos.com \/ dimaberkut<\/figcaption><\/figure>\n\n\n\n<h2 class=\"wp-block-heading\">Quais s\u00e3o os principais alimentos que comp\u00f5em essa dieta?<\/h2>\n\n\n\n<p>A base alimentar prioriza vegetais coloridos, leguminosas, peixes e tub\u00e9rculos, com baixo consumo de carnes e latic\u00ednios. O foco est\u00e1 em alimentos naturais e pouco processados, que fornecem fibras, antioxidantes e minerais essenciais.<\/p>\n\n\n\n<ul class=\"wp-block-list\">\n<li>Batata-doce e gr\u00e3os integrais<\/li>\n\n\n\n<li>Soja, tofu e vegetais verdes<\/li>\n\n\n\n<li>Peixes ricos em \u00f4mega-3 e algas<\/li>\n<\/ul>\n\n\n\n<h2 class=\"wp-block-heading\">Como esse padr\u00e3o alimentar protege o c\u00e9rebro?<\/h2>\n\n\n\n<p>A inclus\u00e3o de peixes, soja, c\u00farcuma e algas marinhas garante a ingest\u00e3o de antioxidantes e \u00e1cidos graxos \u00f4mega-3, que desempenham papel essencial na prote\u00e7\u00e3o do sistema nervoso contra inflama\u00e7\u00f5es e danos celulares.<\/p>\n\n\n\n<p><strong>Estudos indicam que a Dieta de Okinawa reduz o risco de doen\u00e7as neurodegenerativas, como o Alzheimer<\/strong>. Esse efeito est\u00e1 ligado \u00e0 a\u00e7\u00e3o neuroprotetora de compostos antioxidantes presentes nos alimentos consumidos.<\/p>\n\n\n\n<figure class=\"wp-block-image size-large\"><img loading=\"lazy\" decoding=\"async\" width=\"1024\" height=\"576\" src=\"https:\/\/www.em.com.br\/emfoco\/wp-content\/uploads\/2025\/10\/Alimentos-omega-3_1759512736121-1024x576.jpg\" alt=\"Essa dieta revela o segredo por tr\u00e1s dos povos que passam dos 100 anos\" class=\"wp-image-111238\" srcset=\"https:\/\/www.em.com.br\/emfoco\/wp-content\/uploads\/2025\/10\/Alimentos-omega-3_1759512736121-1024x576.jpg 1024w, https:\/\/www.em.com.br\/emfoco\/wp-content\/uploads\/2025\/10\/Alimentos-omega-3_1759512736121-300x169.jpg 300w, https:\/\/www.em.com.br\/emfoco\/wp-content\/uploads\/2025\/10\/Alimentos-omega-3_1759512736121-768x432.jpg 768w, https:\/\/www.em.com.br\/emfoco\/wp-content\/uploads\/2025\/10\/Alimentos-omega-3_1759512736121-750x422.jpg 750w, https:\/\/www.em.com.br\/emfoco\/wp-content\/uploads\/2025\/10\/Alimentos-omega-3_1759512736121-1140x641.jpg 1140w, https:\/\/www.em.com.br\/emfoco\/wp-content\/uploads\/2025\/10\/Alimentos-omega-3_1759512736121.jpg 1280w\" sizes=\"auto, (max-width: 1024px) 100vw, 1024px\" \/><figcaption class=\"wp-element-caption\">Dieta tradicional que reduz riscos de doen\u00e7as cr\u00f4nicas e envelhecimento precoce &#8211; Cr\u00e9ditos: depositphotos.com \/ Kerdkanno<\/figcaption><\/figure>\n\n\n\n<p><em>Leia mais: <a href=\"https:\/\/www.em.com.br\/emfoco\/2025\/10\/01\/o-tempero-da-sua-cozinha-que-reduz-o-colesterol-e-promove-a-saude-do-coracao\/\" target=\"_blank\" rel=\"noreferrer noopener\">O tempero da sua cozinha que reduz o colesterol e promove a sa\u00fade do cora\u00e7\u00e3o<\/a><\/em><\/p>\n\n\n\n<h2 class=\"wp-block-heading\">De que forma essa dieta contribui para o controle do peso?<\/h2>\n\n\n\n<p>Um dos pilares da cultura alimentar de Okinawa \u00e9 o <strong>hara hachi bu,<\/strong> pr\u00e1tica que estimula parar de comer quando se atinge 80% da saciedade. Essa conduta promove equil\u00edbrio natural na ingest\u00e3o cal\u00f3rica e auxilia na preven\u00e7\u00e3o da obesidade.<\/p>\n\n\n\n<p><strong>O consumo de alimentos de baixo \u00edndice glic\u00eamico estabiliza os n\u00edveis de a\u00e7\u00facar no sangue<\/strong>, favorecendo o metabolismo, prevenindo <a href=\"https:\/\/altadiagnosticos.com.br\/saude\/diabetes-tipo-2\/\" target=\"_blank\" rel=\"noreferrer noopener\">diabetes tipo 2<\/a> e garantindo um peso corporal saud\u00e1vel ao longo dos anos.<\/p>\n\n\n\n<h2 class=\"wp-block-heading\">Quais h\u00e1bitos de Okinawa podem ser aplicados no dia a dia?<\/h2>\n\n\n\n<p>Embora adaptada ao contexto moderno, a dieta continua baseada em alimentos frescos e naturais. O segredo est\u00e1 em priorizar equil\u00edbrio, qualidade nutricional e consci\u00eancia alimentar na rotina, sem excessos.<\/p>\n\n\n\n<ul class=\"wp-block-list\">\n<li>Praticar o hara hachi bu nas refei\u00e7\u00f5es<\/li>\n\n\n\n<li>Trocar refinados por gr\u00e3os integrais<\/li>\n\n\n\n<li>Incluir peixes e vegetais variados no card\u00e1pio<\/li>\n<\/ul>\n","protected":false},"excerpt":{"rendered":"<p>A Dieta de Okinawa \u00e9 conhecida por estar associada \u00e0 longevidade, sa\u00fade e baixa incid\u00eancia de doen\u00e7as cr\u00f4nicas. Origin\u00e1ria do Jap\u00e3o, ela combina modera\u00e7\u00e3o, vegetais frescos e equil\u00edbrio nutricional. Por que a Dieta de Okinawa est\u00e1 ligada \u00e0 longevidade? A ilha de Okinawa concentra at\u00e9 50 centen\u00e1rios a cada 100 mil habitantes, um n\u00famero muito [&hellip;]<\/p>\n","protected":false},"author":13,"featured_media":111237,"comment_status":"open","ping_status":"open","sticky":false,"template":"","format":"standard","meta":{"jnews-multi-image_gallery":[],"jnews_single_post":{"format":"standard"},"jnews_primary_category":[],"jnews_social_meta":[],"jnews_override_counter":[],"footnotes":""},"categories":[9053],"tags":[16985,16986,2597],"class_list":["post-111221","post","type-post","status-publish","format-standard","has-post-thumbnail","hentry","category-saude","tag-dieta-de-okinawa","tag-dieta-japonesa","tag-longevidade"],"yoast_head":"<!-- This site is optimized with the Yoast SEO plugin v23.8 - https:\/\/yoast.com\/wordpress\/plugins\/seo\/ -->\n<title>Essa dieta revela o segredo por tr\u00e1s dos povos que passam dos 100 anos - Estado de Minas - Em foco<\/title>\n<meta name=\"description\" content=\"A Dieta de Okinawa \u00e9 rica em vegetais e baixa em calorias. Veja como ela pode ajudar a viver mais e prevenir doen\u00e7as cr\u00f4nicas.\" \/>\n<meta name=\"robots\" content=\"index, follow, max-snippet:-1, max-image-preview:large, max-video-preview:-1\" \/>\n<link rel=\"canonical\" href=\"https:\/\/www.em.com.br\/emfoco\/2025\/10\/06\/essa-dieta-revela-o-segredo-por-tras-dos-povos-que-passam-dos-100-anos\/\" \/>\n<meta property=\"og:locale\" content=\"pt_BR\" \/>\n<meta property=\"og:type\" content=\"article\" \/>\n<meta property=\"og:title\" content=\"Essa dieta revela o segredo por tr\u00e1s dos povos que passam dos 100 anos - Estado de Minas - Em foco\" \/>\n<meta property=\"og:description\" content=\"A Dieta de Okinawa \u00e9 rica em vegetais e baixa em calorias. Veja como ela pode ajudar a viver mais e prevenir doen\u00e7as cr\u00f4nicas.\" \/>\n<meta property=\"og:url\" content=\"https:\/\/www.em.com.br\/emfoco\/2025\/10\/06\/essa-dieta-revela-o-segredo-por-tras-dos-povos-que-passam-dos-100-anos\/\" \/>\n<meta property=\"og:site_name\" content=\"Estado de Minas - Em foco\" \/>\n<meta property=\"article:published_time\" content=\"2025-10-06T23:58:00+00:00\" \/>\n<meta property=\"article:modified_time\" content=\"2025-10-03T17:36:23+00:00\" \/>\n<meta property=\"og:image\" content=\"https:\/\/www.em.com.br\/emfoco\/wp-content\/uploads\/2025\/10\/Dieta-de-Okinawa_1759512658082.jpg\" \/>\n\t<meta property=\"og:image:width\" content=\"1280\" \/>\n\t<meta property=\"og:image:height\" content=\"720\" \/>\n\t<meta property=\"og:image:type\" content=\"image\/jpeg\" \/>\n<meta name=\"author\" content=\"Gabriel Martins\" \/>\n<meta name=\"twitter:card\" content=\"summary_large_image\" \/>\n<meta name=\"twitter:label1\" content=\"Escrito por\" \/>\n\t<meta name=\"twitter:data1\" content=\"Gabriel Martins\" \/>\n\t<meta name=\"twitter:label2\" content=\"Est. tempo de leitura\" \/>\n\t<meta name=\"twitter:data2\" content=\"4 minutos\" \/>\n<!-- \/ Yoast SEO plugin. -->","yoast_head_json":{"title":"Essa dieta revela o segredo por tr\u00e1s dos povos que passam dos 100 anos - Estado de Minas - Em foco","description":"A Dieta de Okinawa \u00e9 rica em vegetais e baixa em calorias. Veja como ela pode ajudar a viver mais e prevenir doen\u00e7as cr\u00f4nicas.","robots":{"index":"index","follow":"follow","max-snippet":"max-snippet:-1","max-image-preview":"max-image-preview:large","max-video-preview":"max-video-preview:-1"},"canonical":"https:\/\/www.em.com.br\/emfoco\/2025\/10\/06\/essa-dieta-revela-o-segredo-por-tras-dos-povos-que-passam-dos-100-anos\/","og_locale":"pt_BR","og_type":"article","og_title":"Essa dieta revela o segredo por tr\u00e1s dos povos que passam dos 100 anos - Estado de Minas - Em foco","og_description":"A Dieta de Okinawa \u00e9 rica em vegetais e baixa em calorias. Veja como ela pode ajudar a viver mais e prevenir doen\u00e7as cr\u00f4nicas.","og_url":"https:\/\/www.em.com.br\/emfoco\/2025\/10\/06\/essa-dieta-revela-o-segredo-por-tras-dos-povos-que-passam-dos-100-anos\/","og_site_name":"Estado de Minas - Em foco","article_published_time":"2025-10-06T23:58:00+00:00","article_modified_time":"2025-10-03T17:36:23+00:00","og_image":[{"width":1280,"height":720,"url":"https:\/\/www.em.com.br\/emfoco\/wp-content\/uploads\/2025\/10\/Dieta-de-Okinawa_1759512658082.jpg","type":"image\/jpeg"}],"author":"Gabriel Martins","twitter_card":"summary_large_image","twitter_misc":{"Escrito por":"Gabriel Martins","Est. tempo de leitura":"4 minutos"},"schema":{"@context":"https:\/\/schema.org","@graph":[{"@type":"WebPage","@id":"https:\/\/www.em.com.br\/emfoco\/2025\/10\/06\/essa-dieta-revela-o-segredo-por-tras-dos-povos-que-passam-dos-100-anos\/","url":"https:\/\/www.em.com.br\/emfoco\/2025\/10\/06\/essa-dieta-revela-o-segredo-por-tras-dos-povos-que-passam-dos-100-anos\/","name":"Essa dieta revela o segredo por tr\u00e1s dos povos que passam dos 100 anos - Estado de Minas - Em foco","isPartOf":{"@id":"https:\/\/www.em.com.br\/emfoco\/#website"},"primaryImageOfPage":{"@id":"https:\/\/www.em.com.br\/emfoco\/2025\/10\/06\/essa-dieta-revela-o-segredo-por-tras-dos-povos-que-passam-dos-100-anos\/#primaryimage"},"image":{"@id":"https:\/\/www.em.com.br\/emfoco\/2025\/10\/06\/essa-dieta-revela-o-segredo-por-tras-dos-povos-que-passam-dos-100-anos\/#primaryimage"},"thumbnailUrl":"https:\/\/www.em.com.br\/emfoco\/wp-content\/uploads\/2025\/10\/Dieta-de-Okinawa_1759512658082.jpg","datePublished":"2025-10-06T23:58:00+00:00","dateModified":"2025-10-03T17:36:23+00:00","author":{"@id":"https:\/\/www.em.com.br\/emfoco\/#\/schema\/person\/1c9ddeab18b98abeffef834667bcf08a"},"description":"A Dieta de Okinawa \u00e9 rica em vegetais e baixa em calorias. Veja como ela pode ajudar a viver mais e prevenir doen\u00e7as cr\u00f4nicas.","breadcrumb":{"@id":"https:\/\/www.em.com.br\/emfoco\/2025\/10\/06\/essa-dieta-revela-o-segredo-por-tras-dos-povos-que-passam-dos-100-anos\/#breadcrumb"},"inLanguage":"pt-BR","potentialAction":[{"@type":"ReadAction","target":["https:\/\/www.em.com.br\/emfoco\/2025\/10\/06\/essa-dieta-revela-o-segredo-por-tras-dos-povos-que-passam-dos-100-anos\/"]}]},{"@type":"ImageObject","inLanguage":"pt-BR","@id":"https:\/\/www.em.com.br\/emfoco\/2025\/10\/06\/essa-dieta-revela-o-segredo-por-tras-dos-povos-que-passam-dos-100-anos\/#primaryimage","url":"https:\/\/www.em.com.br\/emfoco\/wp-content\/uploads\/2025\/10\/Dieta-de-Okinawa_1759512658082.jpg","contentUrl":"https:\/\/www.em.com.br\/emfoco\/wp-content\/uploads\/2025\/10\/Dieta-de-Okinawa_1759512658082.jpg","width":1280,"height":720,"caption":"H\u00e1bito milenar que promove longevidade ativa e saud\u00e1vel - Cr\u00e9ditos: depositphotos.com \/ liza5450"},{"@type":"BreadcrumbList","@id":"https:\/\/www.em.com.br\/emfoco\/2025\/10\/06\/essa-dieta-revela-o-segredo-por-tras-dos-povos-que-passam-dos-100-anos\/#breadcrumb","itemListElement":[{"@type":"ListItem","position":1,"name":"In\u00edcio","item":"https:\/\/www.em.com.br\/emfoco\/"},{"@type":"ListItem","position":2,"name":"Essa dieta revela o segredo por tr\u00e1s dos povos que passam dos 100 anos"}]},{"@type":"WebSite","@id":"https:\/\/www.em.com.br\/emfoco\/#website","url":"https:\/\/www.em.com.br\/emfoco\/","name":"Estado de Minas - Em foco","description":"Acompanhe as \u00faltimas not\u00edcias e fique bem informado sobre tudo o que acontece em Minas Gerais, Brasil e no mundo.","potentialAction":[{"@type":"SearchAction","target":{"@type":"EntryPoint","urlTemplate":"https:\/\/www.em.com.br\/emfoco\/?s={search_term_string}"},"query-input":{"@type":"PropertyValueSpecification","valueRequired":true,"valueName":"search_term_string"}}],"inLanguage":"pt-BR"},{"@type":"Person","@id":"https:\/\/www.em.com.br\/emfoco\/#\/schema\/person\/1c9ddeab18b98abeffef834667bcf08a","name":"Gabriel Martins","image":{"@type":"ImageObject","inLanguage":"pt-BR","@id":"https:\/\/www.em.com.br\/emfoco\/#\/schema\/person\/image\/","url":"https:\/\/secure.gravatar.com\/avatar\/f0f1e2efdfd88f1ad2cb08c5c2731e50?s=96&d=mm&r=g","contentUrl":"https:\/\/secure.gravatar.com\/avatar\/f0f1e2efdfd88f1ad2cb08c5c2731e50?s=96&d=mm&r=g","caption":"Gabriel Martins"},"sameAs":["https:\/\/www.em.com.br\/emfoco\/"],"url":"https:\/\/www.em.com.br\/emfoco\/author\/gabrielmartinsmyth\/"}]}},"_links":{"self":[{"href":"https:\/\/www.em.com.br\/emfoco\/wp-json\/wp\/v2\/posts\/111221","targetHints":{"allow":["GET"]}}],"collection":[{"href":"https:\/\/www.em.com.br\/emfoco\/wp-json\/wp\/v2\/posts"}],"about":[{"href":"https:\/\/www.em.com.br\/emfoco\/wp-json\/wp\/v2\/types\/post"}],"author":[{"embeddable":true,"href":"https:\/\/www.em.com.br\/emfoco\/wp-json\/wp\/v2\/users\/13"}],"replies":[{"embeddable":true,"href":"https:\/\/www.em.com.br\/emfoco\/wp-json\/wp\/v2\/comments?post=111221"}],"version-history":[{"count":1,"href":"https:\/\/www.em.com.br\/emfoco\/wp-json\/wp\/v2\/posts\/111221\/revisions"}],"predecessor-version":[{"id":111239,"href":"https:\/\/www.em.com.br\/emfoco\/wp-json\/wp\/v2\/posts\/111221\/revisions\/111239"}],"wp:featuredmedia":[{"embeddable":true,"href":"https:\/\/www.em.com.br\/emfoco\/wp-json\/wp\/v2\/media\/111237"}],"wp:attachment":[{"href":"https:\/\/www.em.com.br\/emfoco\/wp-json\/wp\/v2\/media?parent=111221"}],"wp:term":[{"taxonomy":"category","embeddable":true,"href":"https:\/\/www.em.com.br\/emfoco\/wp-json\/wp\/v2\/categories?post=111221"},{"taxonomy":"post_tag","embeddable":true,"href":"https:\/\/www.em.com.br\/emfoco\/wp-json\/wp\/v2\/tags?post=111221"}],"curies":[{"name":"wp","href":"https:\/\/api.w.org\/{rel}","templated":true}]}}