{"id":111220,"date":"2025-10-06T20:08:00","date_gmt":"2025-10-06T23:08:00","guid":{"rendered":"https:\/\/www.em.com.br\/emfoco\/?p=111220"},"modified":"2025-10-03T14:30:10","modified_gmt":"2025-10-03T17:30:10","slug":"tecnicas-de-relaxamento-em-ate-5-minutos-para-fazer-em-casa","status":"publish","type":"post","link":"https:\/\/www.em.com.br\/emfoco\/2025\/10\/06\/tecnicas-de-relaxamento-em-ate-5-minutos-para-fazer-em-casa\/","title":{"rendered":"T\u00e9cnicas de relaxamento em at\u00e9 5 minutos para fazer em casa"},"content":{"rendered":"\n<p>Descubra como aliviar a tens\u00e3o em poucos minutos com t\u00e9cnicas simples de relaxamento. M\u00e9todos pr\u00e1ticos que podem ser feitos em casa e ajudam a recuperar o equil\u00edbrio rapidamente.<\/p>\n\n\n\n<ul class=\"wp-block-list\">\n<li>Pr\u00e1ticas r\u00e1pidas que cabem na rotina<\/li>\n\n\n\n<li>T\u00e9cnicas f\u00e1ceis de aplicar em casa<\/li>\n\n\n\n<li>Benef\u00edcios imediatos para corpo e mente<\/li>\n<\/ul>\n\n\n\n<h2 class=\"wp-block-heading\">Como a respira\u00e7\u00e3o consciente ajuda a relaxar em minutos?<\/h2>\n\n\n\n<p><strong>A respira\u00e7\u00e3o profunda \u00e9 uma das formas mais eficazes de reduzir o estresse em at\u00e9 5 minutos<\/strong>. Ao inspirar lentamente pelo nariz e expirar pela boca, o corpo libera tens\u00e3o acumulada.<\/p>\n\n\n\n<p>Esse m\u00e9todo ativa o sistema nervoso parassimp\u00e1tico, respons\u00e1vel por acalmar a mente. Repetir o exerc\u00edcio por alguns minutos gera sensa\u00e7\u00e3o de equil\u00edbrio e clareza mental.<\/p>\n\n\n\n<figure class=\"wp-block-image size-large\"><img loading=\"lazy\" decoding=\"async\" width=\"1024\" height=\"576\" src=\"https:\/\/www.em.com.br\/emfoco\/wp-content\/uploads\/2025\/09\/Respiracao-profunda_1757448993958-1024x576.jpg\" alt=\"O h\u00e1bito mais poderoso para restaurar sua energia mental em segundos\" class=\"wp-image-102441\" srcset=\"https:\/\/www.em.com.br\/emfoco\/wp-content\/uploads\/2025\/09\/Respiracao-profunda_1757448993958-1024x576.jpg 1024w, https:\/\/www.em.com.br\/emfoco\/wp-content\/uploads\/2025\/09\/Respiracao-profunda_1757448993958-300x169.jpg 300w, https:\/\/www.em.com.br\/emfoco\/wp-content\/uploads\/2025\/09\/Respiracao-profunda_1757448993958-768x432.jpg 768w, https:\/\/www.em.com.br\/emfoco\/wp-content\/uploads\/2025\/09\/Respiracao-profunda_1757448993958-750x422.jpg 750w, https:\/\/www.em.com.br\/emfoco\/wp-content\/uploads\/2025\/09\/Respiracao-profunda_1757448993958-1140x642.jpg 1140w, https:\/\/www.em.com.br\/emfoco\/wp-content\/uploads\/2025\/09\/Respiracao-profunda_1757448993958.jpg 1279w\" sizes=\"auto, (max-width: 1024px) 100vw, 1024px\" \/><figcaption class=\"wp-element-caption\">Redu\u00e7\u00e3o da ansiedade com controle natural do cortisol &#8211; Cr\u00e9ditos: depositphotos.com \/ brizmaker<\/figcaption><\/figure>\n\n\n\n<h2 class=\"wp-block-heading\">Quais exerc\u00edcios r\u00e1pidos de alongamento reduzem a tens\u00e3o?<\/h2>\n\n\n\n<p>Alongamentos curtos melhoram a circula\u00e7\u00e3o, <a href=\"https:\/\/www.tuasaude.com\/exercicios-de-alongamento\/\" target=\"_blank\" rel=\"noreferrer noopener\">aliviam dores musculares <\/a>e relaxam a postura. S\u00e3o ideais para quem passa muitas horas sentado ou em frente a telas.<\/p>\n\n\n\n<ul class=\"wp-block-list\">\n<li>Estenda os bra\u00e7os acima da cabe\u00e7a e respire fundo<\/li>\n\n\n\n<li>Incline o tronco para os lados lentamente<\/li>\n\n\n\n<li>Alongue o pesco\u00e7o girando a cabe\u00e7a suavemente<\/li>\n<\/ul>\n\n\n\n<h2 class=\"wp-block-heading\">De que forma a medita\u00e7\u00e3o curta acalma a mente?<\/h2>\n\n\n\n<p><strong>A pr\u00e1tica de medita\u00e7\u00e3o r\u00e1pida ajuda a desacelerar pensamentos e reduzir a ansiedade<\/strong>. Basta sentar-se confortavelmente, fechar os olhos e focar na respira\u00e7\u00e3o.<\/p>\n\n\n\n<p>Mesmo sess\u00f5es de apenas 3 minutos j\u00e1 podem trazer benef\u00edcios, criando um espa\u00e7o de tranquilidade mental e maior concentra\u00e7\u00e3o para as pr\u00f3ximas tarefas.<\/p>\n\n\n\n<figure class=\"wp-block-image size-large\"><img loading=\"lazy\" decoding=\"async\" width=\"1024\" height=\"576\" src=\"https:\/\/www.em.com.br\/emfoco\/wp-content\/uploads\/2025\/07\/Meditacao-_1752070782418-1024x576.jpg\" alt=\"Voc\u00ea s\u00f3 precisa de 5 minutos com essa pr\u00e1tica para mudar seu humor e sua mente\" class=\"wp-image-73350\" srcset=\"https:\/\/www.em.com.br\/emfoco\/wp-content\/uploads\/2025\/07\/Meditacao-_1752070782418-1024x576.jpg 1024w, https:\/\/www.em.com.br\/emfoco\/wp-content\/uploads\/2025\/07\/Meditacao-_1752070782418-300x169.jpg 300w, https:\/\/www.em.com.br\/emfoco\/wp-content\/uploads\/2025\/07\/Meditacao-_1752070782418-768x432.jpg 768w, https:\/\/www.em.com.br\/emfoco\/wp-content\/uploads\/2025\/07\/Meditacao-_1752070782418-750x422.jpg 750w, https:\/\/www.em.com.br\/emfoco\/wp-content\/uploads\/2025\/07\/Meditacao-_1752070782418-1140x641.jpg 1140w, https:\/\/www.em.com.br\/emfoco\/wp-content\/uploads\/2025\/07\/Meditacao-_1752070782418.jpg 1280w\" sizes=\"auto, (max-width: 1024px) 100vw, 1024px\" \/><figcaption class=\"wp-element-caption\">Respira\u00e7\u00e3o guiada que ativa o sistema parassimp\u00e1tico e reduz tens\u00e3o &#8211; Cr\u00e9ditos: depositphotos.com \/ AllaSerebrina<\/figcaption><\/figure>\n\n\n\n<p><em>Leia mais: <a href=\"https:\/\/www.em.com.br\/emfoco\/2025\/08\/27\/quando-fazer-exercicios-de-respiracao-profunda\/\" target=\"_blank\" rel=\"noreferrer noopener\">Quando fazer exerc\u00edcios de respira\u00e7\u00e3o profunda<\/a><\/em><\/p>\n\n\n\n<h2 class=\"wp-block-heading\">O relaxamento muscular progressivo funciona em pouco tempo?<\/h2>\n\n\n\n<p>Sim, essa t\u00e9cnica \u00e9 eficaz em minutos. O m\u00e9todo consiste em contrair e relaxar grupos musculares em sequ\u00eancia, liberando a tens\u00e3o f\u00edsica acumulada.<\/p>\n\n\n\n<p><strong>Ao praticar por poucos minutos, o corpo reconhece a diferen\u00e7a entre rigidez e soltura<\/strong>, promovendo bem-estar imediato e sensa\u00e7\u00e3o de leveza corporal.<\/p>\n\n\n\n<h2 class=\"wp-block-heading\">Quais truques simples ampliam o efeito do relaxamento di\u00e1rio?<\/h2>\n\n\n\n<p>Pequenos ajustes na rotina aumentam a efic\u00e1cia dessas t\u00e9cnicas. A combina\u00e7\u00e3o de ambiente adequado e repeti\u00e7\u00e3o di\u00e1ria potencializa os resultados.<\/p>\n\n\n\n<ul class=\"wp-block-list\">\n<li>Escolha um espa\u00e7o silencioso e confort\u00e1vel<\/li>\n\n\n\n<li>Use aromas suaves ou m\u00fasica relaxante<\/li>\n\n\n\n<li>Reserve um hor\u00e1rio fixo para a pr\u00e1tica<\/li>\n<\/ul>\n","protected":false},"excerpt":{"rendered":"<p>Descubra como aliviar a tens\u00e3o em poucos minutos com t\u00e9cnicas simples de relaxamento. M\u00e9todos pr\u00e1ticos que podem ser feitos em casa e ajudam a recuperar o equil\u00edbrio rapidamente. Como a respira\u00e7\u00e3o consciente ajuda a relaxar em minutos? A respira\u00e7\u00e3o profunda \u00e9 uma das formas mais eficazes de reduzir o estresse em at\u00e9 5 minutos. Ao [&hellip;]<\/p>\n","protected":false},"author":13,"featured_media":94156,"comment_status":"open","ping_status":"open","sticky":false,"template":"","format":"standard","meta":{"jnews-multi-image_gallery":[],"jnews_single_post":{"format":"standard"},"jnews_primary_category":[],"jnews_social_meta":[],"jnews_override_counter":[],"footnotes":""},"categories":[8819],"tags":[16984,11039,16983],"class_list":["post-111220","post","type-post","status-publish","format-standard","has-post-thumbnail","hentry","category-curiosidades","tag-aliviar-a-tensao","tag-equilibrio-mental","tag-tecnica-de-relaxamento"],"yoast_head":"<!-- This site is optimized with the Yoast SEO plugin v23.8 - https:\/\/yoast.com\/wordpress\/plugins\/seo\/ -->\n<title>T\u00e9cnicas de relaxamento em at\u00e9 5 minutos para fazer em casa - Estado de Minas - Em foco<\/title>\n<meta name=\"description\" content=\"Relaxamento r\u00e1pido \u00e9 poss\u00edvel com respira\u00e7\u00e3o consciente, alongamentos e sil\u00eancio. Veja como aplicar agora mesmo.\" \/>\n<meta name=\"robots\" content=\"index, follow, max-snippet:-1, max-image-preview:large, max-video-preview:-1\" \/>\n<link rel=\"canonical\" href=\"https:\/\/www.em.com.br\/emfoco\/2025\/10\/06\/tecnicas-de-relaxamento-em-ate-5-minutos-para-fazer-em-casa\/\" \/>\n<meta property=\"og:locale\" content=\"pt_BR\" \/>\n<meta property=\"og:type\" content=\"article\" \/>\n<meta property=\"og:title\" content=\"T\u00e9cnicas de relaxamento em at\u00e9 5 minutos para fazer em casa - Estado de Minas - Em foco\" \/>\n<meta property=\"og:description\" content=\"Relaxamento r\u00e1pido \u00e9 poss\u00edvel com respira\u00e7\u00e3o consciente, alongamentos e sil\u00eancio. Veja como aplicar agora mesmo.\" \/>\n<meta property=\"og:url\" content=\"https:\/\/www.em.com.br\/emfoco\/2025\/10\/06\/tecnicas-de-relaxamento-em-ate-5-minutos-para-fazer-em-casa\/\" \/>\n<meta property=\"og:site_name\" content=\"Estado de Minas - Em foco\" \/>\n<meta property=\"article:published_time\" content=\"2025-10-06T23:08:00+00:00\" \/>\n<meta property=\"article:modified_time\" content=\"2025-10-03T17:30:10+00:00\" \/>\n<meta property=\"og:image\" content=\"https:\/\/www.em.com.br\/emfoco\/wp-content\/uploads\/2025\/08\/praticas-de-respiracao_1755704087047.jpg\" \/>\n\t<meta property=\"og:image:width\" content=\"1280\" \/>\n\t<meta property=\"og:image:height\" content=\"720\" \/>\n\t<meta property=\"og:image:type\" content=\"image\/jpeg\" \/>\n<meta name=\"author\" content=\"Gabriel Martins\" \/>\n<meta name=\"twitter:card\" content=\"summary_large_image\" \/>\n<meta name=\"twitter:label1\" content=\"Escrito por\" \/>\n\t<meta name=\"twitter:data1\" content=\"Gabriel Martins\" \/>\n\t<meta name=\"twitter:label2\" content=\"Est. tempo de leitura\" \/>\n\t<meta name=\"twitter:data2\" content=\"3 minutos\" \/>\n<!-- \/ Yoast SEO plugin. -->","yoast_head_json":{"title":"T\u00e9cnicas de relaxamento em at\u00e9 5 minutos para fazer em casa - Estado de Minas - Em foco","description":"Relaxamento r\u00e1pido \u00e9 poss\u00edvel com respira\u00e7\u00e3o consciente, alongamentos e sil\u00eancio. Veja como aplicar agora mesmo.","robots":{"index":"index","follow":"follow","max-snippet":"max-snippet:-1","max-image-preview":"max-image-preview:large","max-video-preview":"max-video-preview:-1"},"canonical":"https:\/\/www.em.com.br\/emfoco\/2025\/10\/06\/tecnicas-de-relaxamento-em-ate-5-minutos-para-fazer-em-casa\/","og_locale":"pt_BR","og_type":"article","og_title":"T\u00e9cnicas de relaxamento em at\u00e9 5 minutos para fazer em casa - Estado de Minas - Em foco","og_description":"Relaxamento r\u00e1pido \u00e9 poss\u00edvel com respira\u00e7\u00e3o consciente, alongamentos e sil\u00eancio. Veja como aplicar agora mesmo.","og_url":"https:\/\/www.em.com.br\/emfoco\/2025\/10\/06\/tecnicas-de-relaxamento-em-ate-5-minutos-para-fazer-em-casa\/","og_site_name":"Estado de Minas - Em foco","article_published_time":"2025-10-06T23:08:00+00:00","article_modified_time":"2025-10-03T17:30:10+00:00","og_image":[{"width":1280,"height":720,"url":"https:\/\/www.em.com.br\/emfoco\/wp-content\/uploads\/2025\/08\/praticas-de-respiracao_1755704087047.jpg","type":"image\/jpeg"}],"author":"Gabriel Martins","twitter_card":"summary_large_image","twitter_misc":{"Escrito por":"Gabriel Martins","Est. tempo de leitura":"3 minutos"},"schema":{"@context":"https:\/\/schema.org","@graph":[{"@type":"WebPage","@id":"https:\/\/www.em.com.br\/emfoco\/2025\/10\/06\/tecnicas-de-relaxamento-em-ate-5-minutos-para-fazer-em-casa\/","url":"https:\/\/www.em.com.br\/emfoco\/2025\/10\/06\/tecnicas-de-relaxamento-em-ate-5-minutos-para-fazer-em-casa\/","name":"T\u00e9cnicas de relaxamento em at\u00e9 5 minutos para fazer em casa - Estado de Minas - Em foco","isPartOf":{"@id":"https:\/\/www.em.com.br\/emfoco\/#website"},"primaryImageOfPage":{"@id":"https:\/\/www.em.com.br\/emfoco\/2025\/10\/06\/tecnicas-de-relaxamento-em-ate-5-minutos-para-fazer-em-casa\/#primaryimage"},"image":{"@id":"https:\/\/www.em.com.br\/emfoco\/2025\/10\/06\/tecnicas-de-relaxamento-em-ate-5-minutos-para-fazer-em-casa\/#primaryimage"},"thumbnailUrl":"https:\/\/www.em.com.br\/emfoco\/wp-content\/uploads\/2025\/08\/praticas-de-respiracao_1755704087047.jpg","datePublished":"2025-10-06T23:08:00+00:00","dateModified":"2025-10-03T17:30:10+00:00","author":{"@id":"https:\/\/www.em.com.br\/emfoco\/#\/schema\/person\/1c9ddeab18b98abeffef834667bcf08a"},"description":"Relaxamento r\u00e1pido \u00e9 poss\u00edvel com respira\u00e7\u00e3o consciente, alongamentos e sil\u00eancio. Veja como aplicar agora mesmo.","breadcrumb":{"@id":"https:\/\/www.em.com.br\/emfoco\/2025\/10\/06\/tecnicas-de-relaxamento-em-ate-5-minutos-para-fazer-em-casa\/#breadcrumb"},"inLanguage":"pt-BR","potentialAction":[{"@type":"ReadAction","target":["https:\/\/www.em.com.br\/emfoco\/2025\/10\/06\/tecnicas-de-relaxamento-em-ate-5-minutos-para-fazer-em-casa\/"]}]},{"@type":"ImageObject","inLanguage":"pt-BR","@id":"https:\/\/www.em.com.br\/emfoco\/2025\/10\/06\/tecnicas-de-relaxamento-em-ate-5-minutos-para-fazer-em-casa\/#primaryimage","url":"https:\/\/www.em.com.br\/emfoco\/wp-content\/uploads\/2025\/08\/praticas-de-respiracao_1755704087047.jpg","contentUrl":"https:\/\/www.em.com.br\/emfoco\/wp-content\/uploads\/2025\/08\/praticas-de-respiracao_1755704087047.jpg","width":1280,"height":720,"caption":"Exerc\u00edcio mental que reduz ansiedade e restaura o bem-estar - Cr\u00e9ditos: depositphotos.com \/ IgorVetushko"},{"@type":"BreadcrumbList","@id":"https:\/\/www.em.com.br\/emfoco\/2025\/10\/06\/tecnicas-de-relaxamento-em-ate-5-minutos-para-fazer-em-casa\/#breadcrumb","itemListElement":[{"@type":"ListItem","position":1,"name":"In\u00edcio","item":"https:\/\/www.em.com.br\/emfoco\/"},{"@type":"ListItem","position":2,"name":"T\u00e9cnicas de relaxamento em at\u00e9 5 minutos para fazer em casa"}]},{"@type":"WebSite","@id":"https:\/\/www.em.com.br\/emfoco\/#website","url":"https:\/\/www.em.com.br\/emfoco\/","name":"Estado de Minas - Em foco","description":"Acompanhe as \u00faltimas not\u00edcias e fique bem informado sobre tudo o que acontece em Minas Gerais, Brasil e no mundo.","potentialAction":[{"@type":"SearchAction","target":{"@type":"EntryPoint","urlTemplate":"https:\/\/www.em.com.br\/emfoco\/?s={search_term_string}"},"query-input":{"@type":"PropertyValueSpecification","valueRequired":true,"valueName":"search_term_string"}}],"inLanguage":"pt-BR"},{"@type":"Person","@id":"https:\/\/www.em.com.br\/emfoco\/#\/schema\/person\/1c9ddeab18b98abeffef834667bcf08a","name":"Gabriel Martins","image":{"@type":"ImageObject","inLanguage":"pt-BR","@id":"https:\/\/www.em.com.br\/emfoco\/#\/schema\/person\/image\/","url":"https:\/\/secure.gravatar.com\/avatar\/f0f1e2efdfd88f1ad2cb08c5c2731e50?s=96&d=mm&r=g","contentUrl":"https:\/\/secure.gravatar.com\/avatar\/f0f1e2efdfd88f1ad2cb08c5c2731e50?s=96&d=mm&r=g","caption":"Gabriel Martins"},"sameAs":["https:\/\/www.em.com.br\/emfoco\/"],"url":"https:\/\/www.em.com.br\/emfoco\/author\/gabrielmartinsmyth\/"}]}},"_links":{"self":[{"href":"https:\/\/www.em.com.br\/emfoco\/wp-json\/wp\/v2\/posts\/111220","targetHints":{"allow":["GET"]}}],"collection":[{"href":"https:\/\/www.em.com.br\/emfoco\/wp-json\/wp\/v2\/posts"}],"about":[{"href":"https:\/\/www.em.com.br\/emfoco\/wp-json\/wp\/v2\/types\/post"}],"author":[{"embeddable":true,"href":"https:\/\/www.em.com.br\/emfoco\/wp-json\/wp\/v2\/users\/13"}],"replies":[{"embeddable":true,"href":"https:\/\/www.em.com.br\/emfoco\/wp-json\/wp\/v2\/comments?post=111220"}],"version-history":[{"count":1,"href":"https:\/\/www.em.com.br\/emfoco\/wp-json\/wp\/v2\/posts\/111220\/revisions"}],"predecessor-version":[{"id":111236,"href":"https:\/\/www.em.com.br\/emfoco\/wp-json\/wp\/v2\/posts\/111220\/revisions\/111236"}],"wp:featuredmedia":[{"embeddable":true,"href":"https:\/\/www.em.com.br\/emfoco\/wp-json\/wp\/v2\/media\/94156"}],"wp:attachment":[{"href":"https:\/\/www.em.com.br\/emfoco\/wp-json\/wp\/v2\/media?parent=111220"}],"wp:term":[{"taxonomy":"category","embeddable":true,"href":"https:\/\/www.em.com.br\/emfoco\/wp-json\/wp\/v2\/categories?post=111220"},{"taxonomy":"post_tag","embeddable":true,"href":"https:\/\/www.em.com.br\/emfoco\/wp-json\/wp\/v2\/tags?post=111220"}],"curies":[{"name":"wp","href":"https:\/\/api.w.org\/{rel}","templated":true}]}}