{"id":111099,"date":"2025-10-03T15:08:00","date_gmt":"2025-10-03T18:08:00","guid":{"rendered":"https:\/\/www.em.com.br\/emfoco\/?p=111099"},"modified":"2025-10-03T13:11:43","modified_gmt":"2025-10-03T16:11:43","slug":"a-cidade-mineira-com-clima-europeu-que-conquista-no-primeiro-dia","status":"publish","type":"post","link":"https:\/\/www.em.com.br\/emfoco\/2025\/10\/03\/a-cidade-mineira-com-clima-europeu-que-conquista-no-primeiro-dia\/","title":{"rendered":"A cidade mineira com clima europeu que conquista no primeiro dia"},"content":{"rendered":"\n<p>Localizada a cerca de 160 km de Belo Horizonte, Monte Verde encanta visitantes em busca de clima ameno, arquitetura alpina e belas paisagens da Serra da Mantiqueira. Esse charmoso distrito de Camanducaia, conhecido como \u201cSu\u00ed\u00e7a Mineira\u201d, \u00e9 ideal para quem quer um ref\u00fagio tranquilo, longe da rotina agitada das grandes cidades. Com boa infraestrutura urbana e popula\u00e7\u00e3o acolhedora, Monte Verde preserva qualidade de vida e recebe quem busca lazer, conforto e natureza, segundo o site <a href=\"https:\/\/revistaoeste.com\/oestegeral\/2025\/08\/08\/a-suica-mineira-e-um-refugio-do-interior-para-quem-ama-frio-e-natureza\/\" target=\"_blank\" rel=\"noreferrer noopener\">Revista Oeste.<\/a><\/p>\n\n\n\n<p>Al\u00e9m do apelo tur\u00edstico, Monte Verde se destaca por oferecer bons servi\u00e7os p\u00fablicos, escolas e transporte organizado. Bairros como Jardim das Montanhas s\u00e3o valorizados por aliar calma e f\u00e1cil acesso ao com\u00e9rcio, tornando a cidade atraente para moradia e turismo em qualquer \u00e9poca do ano.<\/p>\n\n\n\n<h2 class=\"wp-block-heading\">Por que Monte Verde \u00e9 a &#8220;su\u00ed\u00e7a mineira&#8221;?<\/h2>\n\n\n\n<p>O apelido \u201cSu\u00ed\u00e7a Mineira\u201d se consolidou gra\u00e7as ao clima ameno e \u00e0 arquitetura que faz refer\u00eancia \u00e0s vilas europeias. Desde as d\u00e9cadas de 1970 e 1980, essa identidade se fortaleceu junto ao crescimento do turismo, tornando-se marca registrada do destino.<\/p>\n\n\n\n<p>A influ\u00eancia europeia \u00e9 vis\u00edvel em diversos detalhes, como chal\u00e9s de madeira e estabelecimentos que remetem \u00e0 cultura alpina. Visitantes encontram:<\/p>\n\n\n\n<ul class=\"wp-block-list\">\n<li>Arquitetura t\u00edpica com telhados inclinados;<\/li>\n\n\n\n<li>Gastronomia com fondue, chocolates e cervejas artesanais;<\/li>\n\n\n\n<li>Loja de artesanato tem\u00e1ticas e caf\u00e9s aconchegantes.<\/li>\n<\/ul>\n\n\n\n<h2 class=\"wp-block-heading\">Qual \u00e9 o clima ideal para visitar a cidade?<\/h2>\n\n\n\n<p>Monte Verde oferece temperaturas m\u00e9dias entre 10\u00b0C e 22\u00b0C, perfeitas para quem aprecia o friozinho da serra. No inverno, entre junho e agosto, o destino atrai mais turistas devido ao clima ainda mais gelado e \u00e0s op\u00e7\u00f5es de lazer em ambientes aquecidos.<\/p>\n\n\n\n<p>No ver\u00e3o, de dezembro a fevereiro, a cidade fica mais tranquila e as chuvas s\u00e3o mais frequentes, favorecendo pre\u00e7os e passeios menos movimentados. Na primavera e outono, os dias floridos e o clima ameno proporcionam experi\u00eancias agrad\u00e1veis sem grande fluxo de turistas.<\/p>\n\n\n<div class=\"wp-block-image\">\n<figure class=\"aligncenter size-large\"><img loading=\"lazy\" decoding=\"async\" width=\"1024\" height=\"576\" src=\"https:\/\/www.em.com.br\/emfoco\/wp-content\/uploads\/2025\/10\/monte-verde_1759504012283-1024x576.jpg\" alt=\"A cidade mineira com clima europeu que conquista no primeiro dia\" class=\"wp-image-111127\" srcset=\"https:\/\/www.em.com.br\/emfoco\/wp-content\/uploads\/2025\/10\/monte-verde_1759504012283-1024x576.jpg 1024w, https:\/\/www.em.com.br\/emfoco\/wp-content\/uploads\/2025\/10\/monte-verde_1759504012283-300x169.jpg 300w, https:\/\/www.em.com.br\/emfoco\/wp-content\/uploads\/2025\/10\/monte-verde_1759504012283-768x432.jpg 768w, https:\/\/www.em.com.br\/emfoco\/wp-content\/uploads\/2025\/10\/monte-verde_1759504012283-750x422.jpg 750w, https:\/\/www.em.com.br\/emfoco\/wp-content\/uploads\/2025\/10\/monte-verde_1759504012283-1140x641.jpg 1140w, https:\/\/www.em.com.br\/emfoco\/wp-content\/uploads\/2025\/10\/monte-verde_1759504012283.jpg 1280w\" sizes=\"auto, (max-width: 1024px) 100vw, 1024px\" \/><figcaption class=\"wp-element-caption\">Essa vila mineira tem comida boa, frio gostoso e vista de tirar o f\u00f4lego (Cr\u00e9ditos: depositphotos.com \/ cesarvr)<\/figcaption><\/figure><\/div>\n\n\n<h2 class=\"wp-block-heading\">O que faz de Monte Verde um destino t\u00e3o especial?<\/h2>\n\n\n\n<p>Monte Verde \u00e9 requisitado tanto para viagens a dois quanto para aventuras em fam\u00edlia ou amigos. A oferta de hospedagens \u00e9 variada: pousadas charmosas, hot\u00e9is no centro e chal\u00e9s isolados garantem conforto em meio \u00e0 natureza.<\/p>\n\n\n\n<p>O diferencial est\u00e1 na hospitalidade mineira, que se une ao charme europeu para criar experi\u00eancias inesquec\u00edveis. <a href=\"https:\/\/www.em.com.br\/emfoco\/2025\/10\/02\/essa-cidade-com-menos-de-11-mil-habitantes-tem-trilhas-cachoeiras-e-um-festival-ao-ar-livre-de-graca\/\" target=\"_blank\" rel=\"noreferrer noopener\">O visitante pode curtir<\/a>:<\/p>\n\n\n\n<ul class=\"wp-block-list\">\n<li>Passeios de quadriciclo e trilhas na mata;<\/li>\n\n\n\n<li>Gastronomia regional e internacional em restaurantes acolhedores;<\/li>\n\n\n\n<li>Lojas de doces, vinhos e produtos locais.<\/li>\n<\/ul>\n\n\n\n<p>Independentemente da extens\u00e3o da estadia, Monte Verde convida ao contato com a natureza, relaxamento e momentos de puro encanto. O destino \u00e9 perfeito para quem procura paz, beleza natural e um clima europeu sem sair de Minas Gerais.<\/p>\n","protected":false},"excerpt":{"rendered":"<p>Localizada a cerca de 160 km de Belo Horizonte, Monte Verde encanta visitantes em busca de clima ameno, arquitetura alpina e belas paisagens da Serra da Mantiqueira. Esse charmoso distrito de Camanducaia, conhecido como \u201cSu\u00ed\u00e7a Mineira\u201d, \u00e9 ideal para quem quer um ref\u00fagio tranquilo, longe da rotina agitada das grandes cidades. Com boa infraestrutura urbana [&hellip;]<\/p>\n","protected":false},"author":10,"featured_media":111115,"comment_status":"open","ping_status":"open","sticky":false,"template":"","format":"standard","meta":{"jnews-multi-image_gallery":[],"jnews_single_post":{"format":"standard"},"jnews_primary_category":[],"jnews_social_meta":[],"jnews_override_counter":[],"footnotes":""},"categories":[26],"tags":[11179,207,157],"class_list":["post-111099","post","type-post","status-publish","format-standard","has-post-thumbnail","hentry","category-cidades","tag-cidade-2","tag-minas-gerais","tag-turismo"],"yoast_head":"<!-- This site is optimized with the Yoast SEO plugin v23.8 - https:\/\/yoast.com\/wordpress\/plugins\/seo\/ -->\n<title>A cidade mineira com clima europeu que conquista no primeiro dia - Estado de Minas - Em foco<\/title>\n<meta name=\"description\" content=\"Com clima frio, chal\u00e9s aconchegantes e comida t\u00edpica, essa cidade mineira \u00e9 perfeita pra curtir o inverno e descansar no meio da natureza.\" \/>\n<meta name=\"robots\" content=\"index, follow, max-snippet:-1, max-image-preview:large, max-video-preview:-1\" \/>\n<link rel=\"canonical\" href=\"https:\/\/www.em.com.br\/emfoco\/2025\/10\/03\/a-cidade-mineira-com-clima-europeu-que-conquista-no-primeiro-dia\/\" \/>\n<meta property=\"og:locale\" content=\"pt_BR\" \/>\n<meta property=\"og:type\" content=\"article\" \/>\n<meta property=\"og:title\" content=\"A cidade mineira com clima europeu que conquista no primeiro dia - Estado de Minas - Em foco\" \/>\n<meta property=\"og:description\" content=\"Com clima frio, chal\u00e9s aconchegantes e comida t\u00edpica, essa cidade mineira \u00e9 perfeita pra curtir o inverno e descansar no meio da natureza.\" \/>\n<meta property=\"og:url\" content=\"https:\/\/www.em.com.br\/emfoco\/2025\/10\/03\/a-cidade-mineira-com-clima-europeu-que-conquista-no-primeiro-dia\/\" \/>\n<meta property=\"og:site_name\" content=\"Estado de Minas - Em foco\" \/>\n<meta property=\"article:published_time\" content=\"2025-10-03T18:08:00+00:00\" \/>\n<meta property=\"article:modified_time\" content=\"2025-10-03T16:11:43+00:00\" \/>\n<meta property=\"og:image\" content=\"https:\/\/www.em.com.br\/emfoco\/wp-content\/uploads\/2025\/10\/monte-verde_1759503294100.jpg\" \/>\n\t<meta property=\"og:image:width\" content=\"1280\" \/>\n\t<meta property=\"og:image:height\" content=\"720\" \/>\n\t<meta property=\"og:image:type\" content=\"image\/jpeg\" \/>\n<meta name=\"author\" content=\"Patryck Reinehr\" \/>\n<meta name=\"twitter:card\" content=\"summary_large_image\" \/>\n<meta name=\"twitter:label1\" content=\"Escrito por\" \/>\n\t<meta name=\"twitter:data1\" content=\"Patryck Reinehr\" \/>\n\t<meta name=\"twitter:label2\" content=\"Est. tempo de leitura\" \/>\n\t<meta name=\"twitter:data2\" content=\"3 minutos\" \/>\n<!-- \/ Yoast SEO plugin. -->","yoast_head_json":{"title":"A cidade mineira com clima europeu que conquista no primeiro dia - Estado de Minas - Em foco","description":"Com clima frio, chal\u00e9s aconchegantes e comida t\u00edpica, essa cidade mineira \u00e9 perfeita pra curtir o inverno e descansar no meio da natureza.","robots":{"index":"index","follow":"follow","max-snippet":"max-snippet:-1","max-image-preview":"max-image-preview:large","max-video-preview":"max-video-preview:-1"},"canonical":"https:\/\/www.em.com.br\/emfoco\/2025\/10\/03\/a-cidade-mineira-com-clima-europeu-que-conquista-no-primeiro-dia\/","og_locale":"pt_BR","og_type":"article","og_title":"A cidade mineira com clima europeu que conquista no primeiro dia - Estado de Minas - Em foco","og_description":"Com clima frio, chal\u00e9s aconchegantes e comida t\u00edpica, essa cidade mineira \u00e9 perfeita pra curtir o inverno e descansar no meio da natureza.","og_url":"https:\/\/www.em.com.br\/emfoco\/2025\/10\/03\/a-cidade-mineira-com-clima-europeu-que-conquista-no-primeiro-dia\/","og_site_name":"Estado de Minas - Em foco","article_published_time":"2025-10-03T18:08:00+00:00","article_modified_time":"2025-10-03T16:11:43+00:00","og_image":[{"width":1280,"height":720,"url":"https:\/\/www.em.com.br\/emfoco\/wp-content\/uploads\/2025\/10\/monte-verde_1759503294100.jpg","type":"image\/jpeg"}],"author":"Patryck Reinehr","twitter_card":"summary_large_image","twitter_misc":{"Escrito por":"Patryck Reinehr","Est. tempo de leitura":"3 minutos"},"schema":{"@context":"https:\/\/schema.org","@graph":[{"@type":"WebPage","@id":"https:\/\/www.em.com.br\/emfoco\/2025\/10\/03\/a-cidade-mineira-com-clima-europeu-que-conquista-no-primeiro-dia\/","url":"https:\/\/www.em.com.br\/emfoco\/2025\/10\/03\/a-cidade-mineira-com-clima-europeu-que-conquista-no-primeiro-dia\/","name":"A cidade mineira com clima europeu que conquista no primeiro dia - Estado de Minas - Em foco","isPartOf":{"@id":"https:\/\/www.em.com.br\/emfoco\/#website"},"primaryImageOfPage":{"@id":"https:\/\/www.em.com.br\/emfoco\/2025\/10\/03\/a-cidade-mineira-com-clima-europeu-que-conquista-no-primeiro-dia\/#primaryimage"},"image":{"@id":"https:\/\/www.em.com.br\/emfoco\/2025\/10\/03\/a-cidade-mineira-com-clima-europeu-que-conquista-no-primeiro-dia\/#primaryimage"},"thumbnailUrl":"https:\/\/www.em.com.br\/emfoco\/wp-content\/uploads\/2025\/10\/monte-verde_1759503294100.jpg","datePublished":"2025-10-03T18:08:00+00:00","dateModified":"2025-10-03T16:11:43+00:00","author":{"@id":"https:\/\/www.em.com.br\/emfoco\/#\/schema\/person\/43407752bebcbbb4d0ec79deedc0d7ce"},"description":"Com clima frio, chal\u00e9s aconchegantes e comida t\u00edpica, essa cidade mineira \u00e9 perfeita pra curtir o inverno e descansar no meio da natureza.","breadcrumb":{"@id":"https:\/\/www.em.com.br\/emfoco\/2025\/10\/03\/a-cidade-mineira-com-clima-europeu-que-conquista-no-primeiro-dia\/#breadcrumb"},"inLanguage":"pt-BR","potentialAction":[{"@type":"ReadAction","target":["https:\/\/www.em.com.br\/emfoco\/2025\/10\/03\/a-cidade-mineira-com-clima-europeu-que-conquista-no-primeiro-dia\/"]}]},{"@type":"ImageObject","inLanguage":"pt-BR","@id":"https:\/\/www.em.com.br\/emfoco\/2025\/10\/03\/a-cidade-mineira-com-clima-europeu-que-conquista-no-primeiro-dia\/#primaryimage","url":"https:\/\/www.em.com.br\/emfoco\/wp-content\/uploads\/2025\/10\/monte-verde_1759503294100.jpg","contentUrl":"https:\/\/www.em.com.br\/emfoco\/wp-content\/uploads\/2025\/10\/monte-verde_1759503294100.jpg","width":1280,"height":720,"caption":"Casais e fam\u00edlias adoram esse cantinho frio com cara de Europa (Cr\u00e9ditos: depositphotos.com \/ pajunior1979)"},{"@type":"BreadcrumbList","@id":"https:\/\/www.em.com.br\/emfoco\/2025\/10\/03\/a-cidade-mineira-com-clima-europeu-que-conquista-no-primeiro-dia\/#breadcrumb","itemListElement":[{"@type":"ListItem","position":1,"name":"In\u00edcio","item":"https:\/\/www.em.com.br\/emfoco\/"},{"@type":"ListItem","position":2,"name":"A cidade mineira com clima europeu que conquista no primeiro dia"}]},{"@type":"WebSite","@id":"https:\/\/www.em.com.br\/emfoco\/#website","url":"https:\/\/www.em.com.br\/emfoco\/","name":"Estado de Minas - Em foco","description":"Acompanhe as \u00faltimas not\u00edcias e fique bem informado sobre tudo o que acontece em Minas Gerais, Brasil e no mundo.","potentialAction":[{"@type":"SearchAction","target":{"@type":"EntryPoint","urlTemplate":"https:\/\/www.em.com.br\/emfoco\/?s={search_term_string}"},"query-input":{"@type":"PropertyValueSpecification","valueRequired":true,"valueName":"search_term_string"}}],"inLanguage":"pt-BR"},{"@type":"Person","@id":"https:\/\/www.em.com.br\/emfoco\/#\/schema\/person\/43407752bebcbbb4d0ec79deedc0d7ce","name":"Patryck Reinehr","image":{"@type":"ImageObject","inLanguage":"pt-BR","@id":"https:\/\/www.em.com.br\/emfoco\/#\/schema\/person\/image\/","url":"https:\/\/secure.gravatar.com\/avatar\/570c7fb2898c0e2df0823196891bea88?s=96&d=mm&r=g","contentUrl":"https:\/\/secure.gravatar.com\/avatar\/570c7fb2898c0e2df0823196891bea88?s=96&d=mm&r=g","caption":"Patryck Reinehr"},"url":"https:\/\/www.em.com.br\/emfoco\/author\/patryckmyth\/"}]}},"_links":{"self":[{"href":"https:\/\/www.em.com.br\/emfoco\/wp-json\/wp\/v2\/posts\/111099","targetHints":{"allow":["GET"]}}],"collection":[{"href":"https:\/\/www.em.com.br\/emfoco\/wp-json\/wp\/v2\/posts"}],"about":[{"href":"https:\/\/www.em.com.br\/emfoco\/wp-json\/wp\/v2\/types\/post"}],"author":[{"embeddable":true,"href":"https:\/\/www.em.com.br\/emfoco\/wp-json\/wp\/v2\/users\/10"}],"replies":[{"embeddable":true,"href":"https:\/\/www.em.com.br\/emfoco\/wp-json\/wp\/v2\/comments?post=111099"}],"version-history":[{"count":1,"href":"https:\/\/www.em.com.br\/emfoco\/wp-json\/wp\/v2\/posts\/111099\/revisions"}],"predecessor-version":[{"id":111129,"href":"https:\/\/www.em.com.br\/emfoco\/wp-json\/wp\/v2\/posts\/111099\/revisions\/111129"}],"wp:featuredmedia":[{"embeddable":true,"href":"https:\/\/www.em.com.br\/emfoco\/wp-json\/wp\/v2\/media\/111115"}],"wp:attachment":[{"href":"https:\/\/www.em.com.br\/emfoco\/wp-json\/wp\/v2\/media?parent=111099"}],"wp:term":[{"taxonomy":"category","embeddable":true,"href":"https:\/\/www.em.com.br\/emfoco\/wp-json\/wp\/v2\/categories?post=111099"},{"taxonomy":"post_tag","embeddable":true,"href":"https:\/\/www.em.com.br\/emfoco\/wp-json\/wp\/v2\/tags?post=111099"}],"curies":[{"name":"wp","href":"https:\/\/api.w.org\/{rel}","templated":true}]}}