{"id":111088,"date":"2025-10-04T11:58:00","date_gmt":"2025-10-04T14:58:00","guid":{"rendered":"https:\/\/www.em.com.br\/emfoco\/?p=111088"},"modified":"2025-10-03T12:50:37","modified_gmt":"2025-10-03T15:50:37","slug":"comece-agora-mesmo-a-borrifar-vinagre-dentro-do-seu-forno-saiba-porque","status":"publish","type":"post","link":"https:\/\/www.em.com.br\/emfoco\/2025\/10\/04\/comece-agora-mesmo-a-borrifar-vinagre-dentro-do-seu-forno-saiba-porque\/","title":{"rendered":"Comece agora mesmo a borrifar vinagre dentro do seu forno, saiba porque"},"content":{"rendered":"\n<p>Voc\u00ea pode fazer muitas coisas com&nbsp;<strong>vinagre<\/strong>. Este produto \u00e9 \u00fatil para cozinhar, limpar, desinfetar e temperar receitas. Uma pr\u00e1tica surpreendente \u00e9 usar vinagre para limpar profundamente o forno, removendo sujeira acumulada e odores indesejados.<\/p>\n\n\n\n<ul class=\"wp-block-list\">\n<li>O vinagre \u00e9 eficaz na remo\u00e7\u00e3o de gordura e res\u00edduos pegajosos.<\/li>\n\n\n\n<li>O uso regular pode prevenir o ac\u00famulo excessivo de sujeira.<\/li>\n\n\n\n<li>Combinar vinagre com bicarbonato de s\u00f3dio potencializa o efeito de limpeza.<\/li>\n<\/ul>\n\n\n\n<h2 class=\"wp-block-heading\">O que torna o vinagre um limpa-forno eficaz?<\/h2>\n\n\n\n<p>Borrifar vinagre no interior do forno pode parecer\u00a0<strong>simples<\/strong>, mas \u00e9 extremamente eficaz na<a href=\"https:\/\/www.gov.br\/anvisa\/pt-br\/centraisdeconteudo\/publicacoes\/servicosdesaude\/publicacoes\/manual-de-limpeza-e-desinfeccao-de-superficies.pdf\/view\" target=\"_blank\" rel=\"noreferrer noopener\"> limpeza e desinfec\u00e7\u00e3o de superf\u00edcies <\/a>dom\u00e9sticas. Suas propriedades desengordurantes, desinfetantes e antif\u00fangicas fazem dele um aliado poderoso na remo\u00e7\u00e3o de sujeira do forno.<\/p>\n\n\n\n<h2 class=\"wp-block-heading\">Como realizar limpeza com vinagre?<\/h2>\n\n\n\n<p>Para limpar o forno com vinagre, misture&nbsp;<strong>partes iguais<\/strong>&nbsp;de vinagre branco destilado e \u00e1gua em um borrifador. Aplique na superf\u00edcie interna do forno, deixe agir por alguns minutos, e esfregue com uma esponja. Em locais como&nbsp;<strong>S\u00e3o Paulo<\/strong>&nbsp;e outras grandes cidades, onde o ar pode conter mais res\u00edduos, a limpeza frequente do forno \u00e9 ainda mais recomendada para evitar a contamina\u00e7\u00e3o dos alimentos.<\/p>\n\n\n\n<figure class=\"wp-block-image\"><img decoding=\"async\" src=\"https:\/\/www.em.com.br\/emfoco\/wp-content\/uploads\/2025\/05\/forno-eletrico_1746912090028-1024x576.jpg\" alt=\"\"\/><figcaption class=\"wp-element-caption\">Limpar o forno pode ser mais f\u00e1cil &#8211; Cr\u00e9ditos: depositphotos.com \/ AntonLozovoy<\/figcaption><\/figure>\n\n\n\n<h2 class=\"wp-block-heading\">Leia tamb\u00e9m: <a href=\"https:\/\/www.em.com.br\/emfoco\/2025\/09\/17\/usos-surpreendentes-do-vinagre-que-facilitam-a-limpeza-da-sua-casa\/\" target=\"_blank\" rel=\"noreferrer noopener\">Usos surpreendentes do vinagre que facilitam a limpeza da sua casa<\/a><\/h2>\n\n\n\n<h2 class=\"wp-block-heading\">Como potencializar os resultados usando bicarbonato de s\u00f3dio?<\/h2>\n\n\n\n<p>Para aumentar a efici\u00eancia, voc\u00ea pode criar uma pasta de vinagre e bicarbonato de s\u00f3dio. Este duo&nbsp;<strong>amolece<\/strong>&nbsp;e solta a sujeira resistente no forno. Experimente esse m\u00e9todo ap\u00f3s preparar receitas t\u00edpicas do Brasil, como p\u00e3o de queijo ou lasanha, que costumam deixar res\u00edduos mais dif\u00edceis de remover.<\/p>\n\n\n\n<h2 class=\"wp-block-heading\">Quais outros m\u00e9todos ajudam a manter o forno limpo?<\/h2>\n\n\n\n<p>Al\u00e9m de vinagre, o&nbsp;<strong>suco de lim\u00e3o<\/strong>&nbsp;pode neutralizar odores desagrad\u00e1veis. Aque\u00e7a um pouco de suco em um recipiente pr\u00f3prio para forno, permitindo que o vapor atinja todas as \u00e1reas do aparelho. Em algumas casas, o uso combinado de lim\u00e3o e vinagre proporciona ainda melhores resultados.<\/p>\n\n\n\n<h2 class=\"wp-block-heading\">Principais aprendizados e insights do artigo<\/h2>\n\n\n\n<ul class=\"wp-block-list\">\n<li>O vinagre \u00e9 um poderoso agente de limpeza para fornos, removendo gordura e res\u00edduos dif\u00edceis.<\/li>\n\n\n\n<li>O uso combinado de vinagre e bicarbonato de s\u00f3dio potencializa a remo\u00e7\u00e3o de sujeira.<\/li>\n\n\n\n<li>Alternativas como suco de lim\u00e3o ajudam a neutralizar odores e suavizar a sujeira.<\/li>\n\n\n\n<li>Cidades como S\u00e3o Paulo, Porto Alegre ou&nbsp;<strong>Rio de Janeiro<\/strong>&nbsp;podem demandar limpezas mais frequentes devido \u00e0 polui\u00e7\u00e3o urbana.<\/li>\n<\/ul>\n","protected":false},"excerpt":{"rendered":"<p>Voc\u00ea pode fazer muitas coisas com&nbsp;vinagre. Este produto \u00e9 \u00fatil para cozinhar, limpar, desinfetar e temperar receitas. Uma pr\u00e1tica surpreendente \u00e9 usar vinagre para limpar profundamente o forno, removendo sujeira acumulada e odores indesejados. O que torna o vinagre um limpa-forno eficaz? Borrifar vinagre no interior do forno pode parecer\u00a0simples, mas \u00e9 extremamente eficaz na [&hellip;]<\/p>\n","protected":false},"author":11,"featured_media":111159,"comment_status":"open","ping_status":"open","sticky":false,"template":"","format":"standard","meta":{"jnews-multi-image_gallery":[],"jnews_single_post":{"format":"standard"},"jnews_primary_category":[],"jnews_social_meta":[],"jnews_override_counter":[],"footnotes":""},"categories":[8819,1],"tags":[14569,3337,3890],"class_list":["post-111088","post","type-post","status-publish","format-standard","has-post-thumbnail","hentry","category-curiosidades","category-noticias","tag-forno","tag-limpeza","tag-vinagre"],"yoast_head":"<!-- This site is optimized with the Yoast SEO plugin v23.8 - https:\/\/yoast.com\/wordpress\/plugins\/seo\/ -->\n<title>Comece agora mesmo a borrifar vinagre dentro do seu forno, saiba porque - Estado de Minas - Em foco<\/title>\n<meta name=\"description\" content=\"Essa mistura poderosa com vinagre est\u00e1 ganhando espa\u00e7o nas casas brasileiras e mostra como a limpeza pode ser natural e eficiente.\" \/>\n<meta name=\"robots\" content=\"index, follow, max-snippet:-1, max-image-preview:large, max-video-preview:-1\" \/>\n<link rel=\"canonical\" href=\"https:\/\/www.em.com.br\/emfoco\/2025\/10\/04\/comece-agora-mesmo-a-borrifar-vinagre-dentro-do-seu-forno-saiba-porque\/\" \/>\n<meta property=\"og:locale\" content=\"pt_BR\" \/>\n<meta property=\"og:type\" content=\"article\" \/>\n<meta property=\"og:title\" content=\"Comece agora mesmo a borrifar vinagre dentro do seu forno, saiba porque - Estado de Minas - Em foco\" \/>\n<meta property=\"og:description\" content=\"Essa mistura poderosa com vinagre est\u00e1 ganhando espa\u00e7o nas casas brasileiras e mostra como a limpeza pode ser natural e eficiente.\" \/>\n<meta property=\"og:url\" content=\"https:\/\/www.em.com.br\/emfoco\/2025\/10\/04\/comece-agora-mesmo-a-borrifar-vinagre-dentro-do-seu-forno-saiba-porque\/\" \/>\n<meta property=\"og:site_name\" content=\"Estado de Minas - Em foco\" \/>\n<meta property=\"article:published_time\" content=\"2025-10-04T14:58:00+00:00\" \/>\n<meta property=\"article:modified_time\" content=\"2025-10-03T15:50:37+00:00\" \/>\n<meta property=\"og:image\" content=\"https:\/\/www.em.com.br\/emfoco\/wp-content\/uploads\/2025\/10\/limpar-o-forno_1759509775920.jpg\" \/>\n\t<meta property=\"og:image:width\" content=\"1280\" \/>\n\t<meta property=\"og:image:height\" content=\"720\" \/>\n\t<meta property=\"og:image:type\" content=\"image\/jpeg\" \/>\n<meta name=\"author\" content=\"Andre\u0301 Rangel\u00a0\" \/>\n<meta name=\"twitter:card\" content=\"summary_large_image\" \/>\n<meta name=\"twitter:label1\" content=\"Escrito por\" \/>\n\t<meta name=\"twitter:data1\" content=\"Andre\u0301 Rangel\u00a0\" \/>\n\t<meta name=\"twitter:label2\" content=\"Est. tempo de leitura\" \/>\n\t<meta name=\"twitter:data2\" content=\"3 minutos\" \/>\n<!-- \/ Yoast SEO plugin. -->","yoast_head_json":{"title":"Comece agora mesmo a borrifar vinagre dentro do seu forno, saiba porque - Estado de Minas - Em foco","description":"Essa mistura poderosa com vinagre est\u00e1 ganhando espa\u00e7o nas casas brasileiras e mostra como a limpeza pode ser natural e eficiente.","robots":{"index":"index","follow":"follow","max-snippet":"max-snippet:-1","max-image-preview":"max-image-preview:large","max-video-preview":"max-video-preview:-1"},"canonical":"https:\/\/www.em.com.br\/emfoco\/2025\/10\/04\/comece-agora-mesmo-a-borrifar-vinagre-dentro-do-seu-forno-saiba-porque\/","og_locale":"pt_BR","og_type":"article","og_title":"Comece agora mesmo a borrifar vinagre dentro do seu forno, saiba porque - Estado de Minas - Em foco","og_description":"Essa mistura poderosa com vinagre est\u00e1 ganhando espa\u00e7o nas casas brasileiras e mostra como a limpeza pode ser natural e eficiente.","og_url":"https:\/\/www.em.com.br\/emfoco\/2025\/10\/04\/comece-agora-mesmo-a-borrifar-vinagre-dentro-do-seu-forno-saiba-porque\/","og_site_name":"Estado de Minas - Em foco","article_published_time":"2025-10-04T14:58:00+00:00","article_modified_time":"2025-10-03T15:50:37+00:00","og_image":[{"width":1280,"height":720,"url":"https:\/\/www.em.com.br\/emfoco\/wp-content\/uploads\/2025\/10\/limpar-o-forno_1759509775920.jpg","type":"image\/jpeg"}],"author":"Andre\u0301 Rangel\u00a0","twitter_card":"summary_large_image","twitter_misc":{"Escrito por":"Andre\u0301 Rangel\u00a0","Est. tempo de leitura":"3 minutos"},"schema":{"@context":"https:\/\/schema.org","@graph":[{"@type":"WebPage","@id":"https:\/\/www.em.com.br\/emfoco\/2025\/10\/04\/comece-agora-mesmo-a-borrifar-vinagre-dentro-do-seu-forno-saiba-porque\/","url":"https:\/\/www.em.com.br\/emfoco\/2025\/10\/04\/comece-agora-mesmo-a-borrifar-vinagre-dentro-do-seu-forno-saiba-porque\/","name":"Comece agora mesmo a borrifar vinagre dentro do seu forno, saiba porque - Estado de Minas - Em foco","isPartOf":{"@id":"https:\/\/www.em.com.br\/emfoco\/#website"},"primaryImageOfPage":{"@id":"https:\/\/www.em.com.br\/emfoco\/2025\/10\/04\/comece-agora-mesmo-a-borrifar-vinagre-dentro-do-seu-forno-saiba-porque\/#primaryimage"},"image":{"@id":"https:\/\/www.em.com.br\/emfoco\/2025\/10\/04\/comece-agora-mesmo-a-borrifar-vinagre-dentro-do-seu-forno-saiba-porque\/#primaryimage"},"thumbnailUrl":"https:\/\/www.em.com.br\/emfoco\/wp-content\/uploads\/2025\/10\/limpar-o-forno_1759509775920.jpg","datePublished":"2025-10-04T14:58:00+00:00","dateModified":"2025-10-03T15:50:37+00:00","author":{"@id":"https:\/\/www.em.com.br\/emfoco\/#\/schema\/person\/60eda09c1fedf0d6891f4cef4b60b8b8"},"description":"Essa mistura poderosa com vinagre est\u00e1 ganhando espa\u00e7o nas casas brasileiras e mostra como a limpeza pode ser natural e eficiente.","breadcrumb":{"@id":"https:\/\/www.em.com.br\/emfoco\/2025\/10\/04\/comece-agora-mesmo-a-borrifar-vinagre-dentro-do-seu-forno-saiba-porque\/#breadcrumb"},"inLanguage":"pt-BR","potentialAction":[{"@type":"ReadAction","target":["https:\/\/www.em.com.br\/emfoco\/2025\/10\/04\/comece-agora-mesmo-a-borrifar-vinagre-dentro-do-seu-forno-saiba-porque\/"]}]},{"@type":"ImageObject","inLanguage":"pt-BR","@id":"https:\/\/www.em.com.br\/emfoco\/2025\/10\/04\/comece-agora-mesmo-a-borrifar-vinagre-dentro-do-seu-forno-saiba-porque\/#primaryimage","url":"https:\/\/www.em.com.br\/emfoco\/wp-content\/uploads\/2025\/10\/limpar-o-forno_1759509775920.jpg","contentUrl":"https:\/\/www.em.com.br\/emfoco\/wp-content\/uploads\/2025\/10\/limpar-o-forno_1759509775920.jpg","width":1280,"height":720,"caption":"Borrife vinagre - Cr\u00e9ditos: depositphotos.com \/ budabar"},{"@type":"BreadcrumbList","@id":"https:\/\/www.em.com.br\/emfoco\/2025\/10\/04\/comece-agora-mesmo-a-borrifar-vinagre-dentro-do-seu-forno-saiba-porque\/#breadcrumb","itemListElement":[{"@type":"ListItem","position":1,"name":"In\u00edcio","item":"https:\/\/www.em.com.br\/emfoco\/"},{"@type":"ListItem","position":2,"name":"Comece agora mesmo a borrifar vinagre dentro do seu forno, saiba porque"}]},{"@type":"WebSite","@id":"https:\/\/www.em.com.br\/emfoco\/#website","url":"https:\/\/www.em.com.br\/emfoco\/","name":"Estado de Minas - Em foco","description":"Acompanhe as \u00faltimas not\u00edcias e fique bem informado sobre tudo o que acontece em Minas Gerais, Brasil e no mundo.","potentialAction":[{"@type":"SearchAction","target":{"@type":"EntryPoint","urlTemplate":"https:\/\/www.em.com.br\/emfoco\/?s={search_term_string}"},"query-input":{"@type":"PropertyValueSpecification","valueRequired":true,"valueName":"search_term_string"}}],"inLanguage":"pt-BR"},{"@type":"Person","@id":"https:\/\/www.em.com.br\/emfoco\/#\/schema\/person\/60eda09c1fedf0d6891f4cef4b60b8b8","name":"Andre\u0301 Rangel\u00a0","image":{"@type":"ImageObject","inLanguage":"pt-BR","@id":"https:\/\/www.em.com.br\/emfoco\/#\/schema\/person\/image\/","url":"https:\/\/secure.gravatar.com\/avatar\/6234dc814c77c8ef6d8bba622c787efc?s=96&d=mm&r=g","contentUrl":"https:\/\/secure.gravatar.com\/avatar\/6234dc814c77c8ef6d8bba622c787efc?s=96&d=mm&r=g","caption":"Andre\u0301 Rangel\u00a0"},"url":"https:\/\/www.em.com.br\/emfoco\/author\/luizmyth\/"}]}},"_links":{"self":[{"href":"https:\/\/www.em.com.br\/emfoco\/wp-json\/wp\/v2\/posts\/111088","targetHints":{"allow":["GET"]}}],"collection":[{"href":"https:\/\/www.em.com.br\/emfoco\/wp-json\/wp\/v2\/posts"}],"about":[{"href":"https:\/\/www.em.com.br\/emfoco\/wp-json\/wp\/v2\/types\/post"}],"author":[{"embeddable":true,"href":"https:\/\/www.em.com.br\/emfoco\/wp-json\/wp\/v2\/users\/11"}],"replies":[{"embeddable":true,"href":"https:\/\/www.em.com.br\/emfoco\/wp-json\/wp\/v2\/comments?post=111088"}],"version-history":[{"count":3,"href":"https:\/\/www.em.com.br\/emfoco\/wp-json\/wp\/v2\/posts\/111088\/revisions"}],"predecessor-version":[{"id":111160,"href":"https:\/\/www.em.com.br\/emfoco\/wp-json\/wp\/v2\/posts\/111088\/revisions\/111160"}],"wp:featuredmedia":[{"embeddable":true,"href":"https:\/\/www.em.com.br\/emfoco\/wp-json\/wp\/v2\/media\/111159"}],"wp:attachment":[{"href":"https:\/\/www.em.com.br\/emfoco\/wp-json\/wp\/v2\/media?parent=111088"}],"wp:term":[{"taxonomy":"category","embeddable":true,"href":"https:\/\/www.em.com.br\/emfoco\/wp-json\/wp\/v2\/categories?post=111088"},{"taxonomy":"post_tag","embeddable":true,"href":"https:\/\/www.em.com.br\/emfoco\/wp-json\/wp\/v2\/tags?post=111088"}],"curies":[{"name":"wp","href":"https:\/\/api.w.org\/{rel}","templated":true}]}}