{"id":111082,"date":"2025-10-04T20:08:00","date_gmt":"2025-10-04T23:08:00","guid":{"rendered":"https:\/\/www.em.com.br\/emfoco\/?p=111082"},"modified":"2025-10-03T18:47:34","modified_gmt":"2025-10-03T21:47:34","slug":"voce-ja-ouviu-falar-no-pilates-que-redefine-o-emagrecimento","status":"publish","type":"post","link":"https:\/\/www.em.com.br\/emfoco\/2025\/10\/04\/voce-ja-ouviu-falar-no-pilates-que-redefine-o-emagrecimento\/","title":{"rendered":"Voc\u00ea j\u00e1 ouviu falar no Pilates que redefine o emagrecimento"},"content":{"rendered":"\n<p>Nos dias atuais, muitas pessoas buscam maneiras eficazes de alcan\u00e7ar um equil\u00edbrio entre sa\u00fade f\u00edsica e mental. O&nbsp;<strong>Pilates<\/strong>&nbsp;destaca-se como uma pr\u00e1tica que vai al\u00e9m do emagrecimento, oferecendo transforma\u00e7\u00e3o corporal e mental. Em&nbsp;<strong>2025<\/strong>, essa modalidade se renova com tend\u00eancias inovadoras que desafiam o tradicional e incluem propostas como o&nbsp;<strong>Hot Pilates<\/strong>.<\/p>\n\n\n\n<ul class=\"wp-block-list\">\n<li>T\u00e9cnicas modernas aumentam a efici\u00eancia dos resultados f\u00edsicos.<\/li>\n\n\n\n<li>Foco no fortalecimento muscular e na queima cal\u00f3rica gradual.<\/li>\n\n\n\n<li>Abordagens personalizadas para diferentes necessidades.<\/li>\n<\/ul>\n\n\n\n<h2 class=\"wp-block-heading\">Por que o pilates \u00e9 eficiente para emagrecer?<\/h2>\n\n\n\n<p>O <a href=\"https:\/\/nav.dasa.com.br\/blog\/pilates\" target=\"_blank\" rel=\"noreferrer noopener\">Pilates <\/a>\u00e9 conhecido por seus exerc\u00edcios de baixo impacto que n\u00e3o apenas ajudam na&nbsp;<strong>perda de peso<\/strong>, mas tamb\u00e9m fortalecem a musculatura profunda e aceleram o metabolismo. O uso de pr\u00e1ticas como controle postural e respira\u00e7\u00e3o consciente promove uma queima cal\u00f3rica eficaz sem causar danos \u00e0s articula\u00e7\u00f5es.<\/p>\n\n\n\n<figure class=\"wp-block-image\"><img decoding=\"async\" src=\"https:\/\/www.em.com.br\/emfoco\/wp-content\/uploads\/2025\/06\/Pilates-_1749596972404-1024x576.jpg\" alt=\"\"\/><figcaption class=\"wp-element-caption\">Pilates\u00a0&#8211; Cr\u00e9ditos: depositphotos.com \/ AllaSerebrina<\/figcaption><\/figure>\n\n\n\n<h2 class=\"wp-block-heading\">Como o pilates contribui para o bem-estar geral?<\/h2>\n\n\n\n<p>Al\u00e9m de auxiliar no emagrecimento, o Pilates \u00e9 fundamental para o&nbsp;<strong>bem-estar integral<\/strong>. Ele melhora a disposi\u00e7\u00e3o, aumenta a concentra\u00e7\u00e3o e acelera a recupera\u00e7\u00e3o ap\u00f3s atividades f\u00edsicas intensas, beneficiando tanto o corpo quanto a mente.<\/p>\n\n\n\n<h2 class=\"wp-block-heading\">Quais t\u00e9cnicas de pilates aceleram o metabolismo?<\/h2>\n\n\n\n<p>Para integrar o Pilates de maneira eficaz no processo de emagrecimento, \u00e9 crucial escolher os exerc\u00edcios adequados. Aqui est\u00e3o algumas t\u00e9cnicas que estimulam o metabolismo e tonificam o corpo:<\/p>\n\n\n\n<ul class=\"wp-block-list\">\n<li>Exerc\u00edcios de respira\u00e7\u00e3o controlada<\/li>\n\n\n\n<li>Posturas de alinhamento e alongamento<\/li>\n\n\n\n<li>Movimentos de fortalecimento do core<\/li>\n<\/ul>\n\n\n\n<p>A pr\u00e1tica regular desses exerc\u00edcios, associada \u00e0 respira\u00e7\u00e3o correta, pode aumentar significativamente a <a href=\"https:\/\/www.em.com.br\/emfoco\/2025\/08\/15\/este-cha-vermelho-pode-ser-seu-aliado-contra-hipertensao-e-gordura\/\" target=\"_blank\" rel=\"noreferrer noopener\">queima de gordura<\/a>, resultando em um corpo mais saud\u00e1vel e equilibrado.<\/p>\n\n\n\n<h2 class=\"wp-block-heading\">Como est\u00e1 a evolu\u00e7\u00e3o do mercado de pilates no Brasil?<\/h2>\n\n\n\n<p>Com um p\u00fablico cada vez mais exigente, o mercado de&nbsp;<strong>Pilates<\/strong>&nbsp;no&nbsp;<strong>Brasil<\/strong>&nbsp;vem se adaptando. Est\u00fadios como&nbsp;<strong>LevezaStudio<\/strong>&nbsp;e&nbsp;<strong>PilatesViva<\/strong>&nbsp;oferecem experi\u00eancias transformadoras, combinando conforto e efic\u00e1cia. Acompanhados por profissionais qualificados, praticantes podem perder peso de maneira saud\u00e1vel, alcan\u00e7ando resultados expressivos sem prejudicar a sa\u00fade.<\/p>\n\n\n\n<ul class=\"wp-block-list\">\n<li>Regularidade e t\u00e9cnica correta s\u00e3o fundamentais.<\/li>\n\n\n\n<li>Supervis\u00e3o profissional garante a seguran\u00e7a do treino.<\/li>\n\n\n\n<li>Ambientes sofisticados melhoram a experi\u00eancia do usu\u00e1rio.<\/li>\n<\/ul>\n\n\n\n<h2 class=\"wp-block-heading\">Quais s\u00e3o as tend\u00eancias futuras no mundo do pilates?<\/h2>\n\n\n\n<p>A pr\u00e1tica do Pilates continua a evoluir, integrando novas tend\u00eancias que promovem o equil\u00edbrio entre corpo e mente. Espera-se que o pr\u00f3ximo ciclo traga inova\u00e7\u00f5es como:<\/p>\n\n\n\n<ul class=\"wp-block-list\">\n<li>Integra\u00e7\u00e3o de tecnologia para monitorar o progresso individual, incluindo o uso de aplicativos dedicados ao acompanhamento do desempenho e dispositivos port\u00e1teis que registram o movimento corporal.<\/li>\n\n\n\n<li>Enfoque em t\u00e9cnicas de respira\u00e7\u00e3o avan\u00e7ada<\/li>\n\n\n\n<li>Aplica\u00e7\u00f5es de mobilidade articular aprimorada<\/li>\n<\/ul>\n\n\n\n<p>Essas tend\u00eancias ampliam o alcance do Pilates, especialmente quando combinadas com inova\u00e7\u00f5es j\u00e1 vistas em grandes cidades como&nbsp;<strong>S\u00e3o Paulo<\/strong>&nbsp;e&nbsp;<strong>Rio de Janeiro<\/strong>. Isso valoriza ainda mais a pr\u00e1tica como essencial para quem busca transforma\u00e7\u00e3o f\u00edsica e mental de forma inovadora e segura.<\/p>\n\n\n\n<h2 class=\"wp-block-heading\">Pilates: A pr\u00e1tica transformadora de 2025<\/h2>\n\n\n\n<ul class=\"wp-block-list\">\n<li>Pilates \u00e9 uma pr\u00e1tica eficaz para emagrecer saud\u00e1vel e equilibradamente.<\/li>\n\n\n\n<li>Exerc\u00edcios focados em respira\u00e7\u00e3o e fortalecimento influenciam positivamente a sa\u00fade integral.<\/li>\n\n\n\n<li>A crescente adapta\u00e7\u00e3o do mercado atende a um p\u00fablico exigente e diversificado, fator que se reflete na quantidade crescente de est\u00fadios em locais como&nbsp;<strong>Porto Alegre<\/strong>,&nbsp;<strong>Belo Horizonte<\/strong>&nbsp;e outras cidades brasileiras.<\/li>\n<\/ul>\n","protected":false},"excerpt":{"rendered":"<p>Nos dias atuais, muitas pessoas buscam maneiras eficazes de alcan\u00e7ar um equil\u00edbrio entre sa\u00fade f\u00edsica e mental. O&nbsp;Pilates&nbsp;destaca-se como uma pr\u00e1tica que vai al\u00e9m do emagrecimento, oferecendo transforma\u00e7\u00e3o corporal e mental. Em&nbsp;2025, essa modalidade se renova com tend\u00eancias inovadoras que desafiam o tradicional e incluem propostas como o&nbsp;Hot Pilates. Por que o pilates \u00e9 eficiente [&hellip;]<\/p>\n","protected":false},"author":11,"featured_media":58571,"comment_status":"open","ping_status":"open","sticky":false,"template":"","format":"standard","meta":{"jnews-multi-image_gallery":[],"jnews_single_post":{"format":"standard"},"jnews_primary_category":[],"jnews_social_meta":[],"jnews_override_counter":[],"footnotes":""},"categories":[8691,1],"tags":[711,10127,10147,12756],"class_list":["post-111082","post","type-post","status-publish","format-standard","has-post-thumbnail","hentry","category-bem-estar","category-noticias","tag-bem-estar","tag-emagrecer","tag-pilates","tag-saude-2"],"yoast_head":"<!-- This site is optimized with the Yoast SEO plugin v23.8 - https:\/\/yoast.com\/wordpress\/plugins\/seo\/ -->\n<title>Voc\u00ea j\u00e1 ouviu falar no Pilates que redefine o emagrecimento - Estado de Minas - Em foco<\/title>\n<meta name=\"description\" content=\"A nova vers\u00e3o do Pilates promete transformar seu corpo sem impacto. Veja como a t\u00e9cnica ajuda na queima cal\u00f3rica e melhora o bem-estar.\" \/>\n<meta name=\"robots\" content=\"index, follow, max-snippet:-1, max-image-preview:large, max-video-preview:-1\" \/>\n<link rel=\"canonical\" href=\"https:\/\/www.em.com.br\/emfoco\/2025\/10\/04\/voce-ja-ouviu-falar-no-pilates-que-redefine-o-emagrecimento\/\" \/>\n<meta property=\"og:locale\" content=\"pt_BR\" \/>\n<meta property=\"og:type\" content=\"article\" \/>\n<meta property=\"og:title\" content=\"Voc\u00ea j\u00e1 ouviu falar no Pilates que redefine o emagrecimento - Estado de Minas - Em foco\" \/>\n<meta property=\"og:description\" content=\"A nova vers\u00e3o do Pilates promete transformar seu corpo sem impacto. Veja como a t\u00e9cnica ajuda na queima cal\u00f3rica e melhora o bem-estar.\" \/>\n<meta property=\"og:url\" content=\"https:\/\/www.em.com.br\/emfoco\/2025\/10\/04\/voce-ja-ouviu-falar-no-pilates-que-redefine-o-emagrecimento\/\" \/>\n<meta property=\"og:site_name\" content=\"Estado de Minas - Em foco\" \/>\n<meta property=\"article:published_time\" content=\"2025-10-04T23:08:00+00:00\" \/>\n<meta property=\"article:modified_time\" content=\"2025-10-03T21:47:34+00:00\" \/>\n<meta property=\"og:image\" content=\"https:\/\/www.em.com.br\/emfoco\/wp-content\/uploads\/2025\/06\/bracos-pilates_1749597056704.jpg\" \/>\n\t<meta property=\"og:image:width\" content=\"1280\" \/>\n\t<meta property=\"og:image:height\" content=\"720\" \/>\n\t<meta property=\"og:image:type\" content=\"image\/jpeg\" \/>\n<meta name=\"author\" content=\"Andre\u0301 Rangel\u00a0\" \/>\n<meta name=\"twitter:card\" content=\"summary_large_image\" \/>\n<meta name=\"twitter:label1\" content=\"Escrito por\" \/>\n\t<meta name=\"twitter:data1\" content=\"Andre\u0301 Rangel\u00a0\" \/>\n\t<meta name=\"twitter:label2\" content=\"Est. tempo de leitura\" \/>\n\t<meta name=\"twitter:data2\" content=\"4 minutos\" \/>\n<!-- \/ Yoast SEO plugin. -->","yoast_head_json":{"title":"Voc\u00ea j\u00e1 ouviu falar no Pilates que redefine o emagrecimento - Estado de Minas - Em foco","description":"A nova vers\u00e3o do Pilates promete transformar seu corpo sem impacto. Veja como a t\u00e9cnica ajuda na queima cal\u00f3rica e melhora o bem-estar.","robots":{"index":"index","follow":"follow","max-snippet":"max-snippet:-1","max-image-preview":"max-image-preview:large","max-video-preview":"max-video-preview:-1"},"canonical":"https:\/\/www.em.com.br\/emfoco\/2025\/10\/04\/voce-ja-ouviu-falar-no-pilates-que-redefine-o-emagrecimento\/","og_locale":"pt_BR","og_type":"article","og_title":"Voc\u00ea j\u00e1 ouviu falar no Pilates que redefine o emagrecimento - Estado de Minas - Em foco","og_description":"A nova vers\u00e3o do Pilates promete transformar seu corpo sem impacto. Veja como a t\u00e9cnica ajuda na queima cal\u00f3rica e melhora o bem-estar.","og_url":"https:\/\/www.em.com.br\/emfoco\/2025\/10\/04\/voce-ja-ouviu-falar-no-pilates-que-redefine-o-emagrecimento\/","og_site_name":"Estado de Minas - Em foco","article_published_time":"2025-10-04T23:08:00+00:00","article_modified_time":"2025-10-03T21:47:34+00:00","og_image":[{"width":1280,"height":720,"url":"https:\/\/www.em.com.br\/emfoco\/wp-content\/uploads\/2025\/06\/bracos-pilates_1749597056704.jpg","type":"image\/jpeg"}],"author":"Andre\u0301 Rangel\u00a0","twitter_card":"summary_large_image","twitter_misc":{"Escrito por":"Andre\u0301 Rangel\u00a0","Est. tempo de leitura":"4 minutos"},"schema":{"@context":"https:\/\/schema.org","@graph":[{"@type":"WebPage","@id":"https:\/\/www.em.com.br\/emfoco\/2025\/10\/04\/voce-ja-ouviu-falar-no-pilates-que-redefine-o-emagrecimento\/","url":"https:\/\/www.em.com.br\/emfoco\/2025\/10\/04\/voce-ja-ouviu-falar-no-pilates-que-redefine-o-emagrecimento\/","name":"Voc\u00ea j\u00e1 ouviu falar no Pilates que redefine o emagrecimento - Estado de Minas - Em foco","isPartOf":{"@id":"https:\/\/www.em.com.br\/emfoco\/#website"},"primaryImageOfPage":{"@id":"https:\/\/www.em.com.br\/emfoco\/2025\/10\/04\/voce-ja-ouviu-falar-no-pilates-que-redefine-o-emagrecimento\/#primaryimage"},"image":{"@id":"https:\/\/www.em.com.br\/emfoco\/2025\/10\/04\/voce-ja-ouviu-falar-no-pilates-que-redefine-o-emagrecimento\/#primaryimage"},"thumbnailUrl":"https:\/\/www.em.com.br\/emfoco\/wp-content\/uploads\/2025\/06\/bracos-pilates_1749597056704.jpg","datePublished":"2025-10-04T23:08:00+00:00","dateModified":"2025-10-03T21:47:34+00:00","author":{"@id":"https:\/\/www.em.com.br\/emfoco\/#\/schema\/person\/60eda09c1fedf0d6891f4cef4b60b8b8"},"description":"A nova vers\u00e3o do Pilates promete transformar seu corpo sem impacto. Veja como a t\u00e9cnica ajuda na queima cal\u00f3rica e melhora o bem-estar.","breadcrumb":{"@id":"https:\/\/www.em.com.br\/emfoco\/2025\/10\/04\/voce-ja-ouviu-falar-no-pilates-que-redefine-o-emagrecimento\/#breadcrumb"},"inLanguage":"pt-BR","potentialAction":[{"@type":"ReadAction","target":["https:\/\/www.em.com.br\/emfoco\/2025\/10\/04\/voce-ja-ouviu-falar-no-pilates-que-redefine-o-emagrecimento\/"]}]},{"@type":"ImageObject","inLanguage":"pt-BR","@id":"https:\/\/www.em.com.br\/emfoco\/2025\/10\/04\/voce-ja-ouviu-falar-no-pilates-que-redefine-o-emagrecimento\/#primaryimage","url":"https:\/\/www.em.com.br\/emfoco\/wp-content\/uploads\/2025\/06\/bracos-pilates_1749597056704.jpg","contentUrl":"https:\/\/www.em.com.br\/emfoco\/wp-content\/uploads\/2025\/06\/bracos-pilates_1749597056704.jpg","width":1280,"height":720,"caption":"Pilates - Cr\u00e9ditos: depositphotos.com \/ IgorVetushko"},{"@type":"BreadcrumbList","@id":"https:\/\/www.em.com.br\/emfoco\/2025\/10\/04\/voce-ja-ouviu-falar-no-pilates-que-redefine-o-emagrecimento\/#breadcrumb","itemListElement":[{"@type":"ListItem","position":1,"name":"In\u00edcio","item":"https:\/\/www.em.com.br\/emfoco\/"},{"@type":"ListItem","position":2,"name":"Voc\u00ea j\u00e1 ouviu falar no Pilates que redefine o emagrecimento"}]},{"@type":"WebSite","@id":"https:\/\/www.em.com.br\/emfoco\/#website","url":"https:\/\/www.em.com.br\/emfoco\/","name":"Estado de Minas - Em foco","description":"Acompanhe as \u00faltimas not\u00edcias e fique bem informado sobre tudo o que acontece em Minas Gerais, Brasil e no mundo.","potentialAction":[{"@type":"SearchAction","target":{"@type":"EntryPoint","urlTemplate":"https:\/\/www.em.com.br\/emfoco\/?s={search_term_string}"},"query-input":{"@type":"PropertyValueSpecification","valueRequired":true,"valueName":"search_term_string"}}],"inLanguage":"pt-BR"},{"@type":"Person","@id":"https:\/\/www.em.com.br\/emfoco\/#\/schema\/person\/60eda09c1fedf0d6891f4cef4b60b8b8","name":"Andre\u0301 Rangel\u00a0","image":{"@type":"ImageObject","inLanguage":"pt-BR","@id":"https:\/\/www.em.com.br\/emfoco\/#\/schema\/person\/image\/","url":"https:\/\/secure.gravatar.com\/avatar\/6234dc814c77c8ef6d8bba622c787efc?s=96&d=mm&r=g","contentUrl":"https:\/\/secure.gravatar.com\/avatar\/6234dc814c77c8ef6d8bba622c787efc?s=96&d=mm&r=g","caption":"Andre\u0301 Rangel\u00a0"},"url":"https:\/\/www.em.com.br\/emfoco\/author\/luizmyth\/"}]}},"_links":{"self":[{"href":"https:\/\/www.em.com.br\/emfoco\/wp-json\/wp\/v2\/posts\/111082","targetHints":{"allow":["GET"]}}],"collection":[{"href":"https:\/\/www.em.com.br\/emfoco\/wp-json\/wp\/v2\/posts"}],"about":[{"href":"https:\/\/www.em.com.br\/emfoco\/wp-json\/wp\/v2\/types\/post"}],"author":[{"embeddable":true,"href":"https:\/\/www.em.com.br\/emfoco\/wp-json\/wp\/v2\/users\/11"}],"replies":[{"embeddable":true,"href":"https:\/\/www.em.com.br\/emfoco\/wp-json\/wp\/v2\/comments?post=111082"}],"version-history":[{"count":3,"href":"https:\/\/www.em.com.br\/emfoco\/wp-json\/wp\/v2\/posts\/111082\/revisions"}],"predecessor-version":[{"id":111335,"href":"https:\/\/www.em.com.br\/emfoco\/wp-json\/wp\/v2\/posts\/111082\/revisions\/111335"}],"wp:featuredmedia":[{"embeddable":true,"href":"https:\/\/www.em.com.br\/emfoco\/wp-json\/wp\/v2\/media\/58571"}],"wp:attachment":[{"href":"https:\/\/www.em.com.br\/emfoco\/wp-json\/wp\/v2\/media?parent=111082"}],"wp:term":[{"taxonomy":"category","embeddable":true,"href":"https:\/\/www.em.com.br\/emfoco\/wp-json\/wp\/v2\/categories?post=111082"},{"taxonomy":"post_tag","embeddable":true,"href":"https:\/\/www.em.com.br\/emfoco\/wp-json\/wp\/v2\/tags?post=111082"}],"curies":[{"name":"wp","href":"https:\/\/api.w.org\/{rel}","templated":true}]}}