{"id":11106,"date":"2025-01-31T13:40:00","date_gmt":"2025-01-31T16:40:00","guid":{"rendered":"https:\/\/www.em.com.br\/emfoco\/?p=11106"},"modified":"2025-01-29T21:22:54","modified_gmt":"2025-01-30T00:22:54","slug":"minas-gerais-brilha-no-enem-estado-lidera-em-redacoes-nota-1000","status":"publish","type":"post","link":"https:\/\/www.em.com.br\/emfoco\/2025\/01\/31\/minas-gerais-brilha-no-enem-estado-lidera-em-redacoes-nota-1000\/","title":{"rendered":"Minas Gerais brilha no Enem! Estado lidera em reda\u00e7\u00f5es nota 1000!"},"content":{"rendered":"\n<p>No <strong><a href=\"https:\/\/www.gov.br\/pt-br\/servicos\/fazer-o-exame-nacional-do-ensino-medio\" target=\"_blank\" rel=\"noreferrer noopener\">Exame Nacional do Ensino M\u00e9dio<\/a><\/strong> (Enem), Minas Gerais destacou-se como o estado com o maior n\u00famero de reda\u00e7\u00f5es com notas entre 950 e 1000. De acordo com informa\u00e7\u00f5es do Minist\u00e9rio da Educa\u00e7\u00e3o (MEC), um estudante de escola p\u00fablica mineira foi o \u00fanico do Brasil a atingir a nota m\u00e1xima de 1.000 na reda\u00e7\u00e3o.<\/p>\n\n\n\n<p>Dentre os 331 candidatos de Minas Gerais que alcan\u00e7aram notas de 980 a 1000, apenas 9% eram oriundos de institui\u00e7\u00f5es p\u00fablicas. Comparativamente, no Cear\u00e1, 16% dos alunos com essa pontua\u00e7\u00e3o vieram da rede p\u00fablica, sendo 32 de 200 estudantes.<\/p>\n\n\n\n<h2 class=\"wp-block-heading\">Qual a participa\u00e7\u00e3o das escolas p\u00fablicas nas notas mais altas?<\/h2>\n\n\n\n<p>A an\u00e1lise do desempenho por origem escolar revela uma disparidade significativa entre alunos de escolas p\u00fablicas e particulares. Em <strong><a href=\"https:\/\/www.em.com.br\/emfoco\/2025\/01\/01\/desvendando-os-segredos-de-minas-gerais-uma-viagem-inesquecivel\/\" target=\"_blank\" rel=\"noreferrer noopener\">Minas Gerais<\/a><\/strong>, das 331 notas mais altas, apenas 30 pertenciam a alunos de escolas p\u00fablicas. Este n\u00famero fica atr\u00e1s apenas do Cear\u00e1, onde 32 das 200 notas no mesmo espectro foram de alunos de escolas p\u00fablicas.<\/p>\n\n\n\n<p>A diferen\u00e7a entre redes de ensino tamb\u00e9m \u00e9 percept\u00edvel nas notas entre 950 e 980. De 4.397 estudantes mineiros que alcan\u00e7aram essa faixa, 590 eram de escolas p\u00fablicas, representando 13,4% do total. No Cear\u00e1, a participa\u00e7\u00e3o de alunos da rede p\u00fablica foi ainda maior, com 26,3% dos estudantes alcan\u00e7ando esse resultado.<\/p>\n\n\n\n<figure class=\"wp-block-image size-large\"><img loading=\"lazy\" decoding=\"async\" width=\"1024\" height=\"576\" src=\"https:\/\/www.em.com.br\/emfoco\/wp-content\/uploads\/2025\/01\/Enem_1737029578319-1024x576.jpg\" alt=\"Minas Gerais brilha no Enem! Estado lidera em reda\u00e7\u00f5es nota 1000!\" class=\"wp-image-11109\" srcset=\"https:\/\/www.em.com.br\/emfoco\/wp-content\/uploads\/2025\/01\/Enem_1737029578319-1024x576.jpg 1024w, https:\/\/www.em.com.br\/emfoco\/wp-content\/uploads\/2025\/01\/Enem_1737029578319-300x169.jpg 300w, https:\/\/www.em.com.br\/emfoco\/wp-content\/uploads\/2025\/01\/Enem_1737029578319-768x432.jpg 768w, https:\/\/www.em.com.br\/emfoco\/wp-content\/uploads\/2025\/01\/Enem_1737029578319-750x422.jpg 750w, https:\/\/www.em.com.br\/emfoco\/wp-content\/uploads\/2025\/01\/Enem_1737029578319-1140x641.jpg 1140w, https:\/\/www.em.com.br\/emfoco\/wp-content\/uploads\/2025\/01\/Enem_1737029578319.jpg 1280w\" sizes=\"auto, (max-width: 1024px) 100vw, 1024px\" \/><figcaption class=\"wp-element-caption\">Imagem Ilustrativa Enem &#8211; Cr\u00e9ditos: depositphotos.com \/ thenews2.com<\/figcaption><\/figure>\n\n\n\n<h2 class=\"wp-block-heading\">Como foi o desempenho por estado?<\/h2>\n\n\n\n<p>O ranking dos estados que obtiveram mais notas entre 980 e 1000 \u00e9 liderado por Minas Gerais, seguido por Rio de Janeiro, S\u00e3o Paulo, Cear\u00e1 e Bahia. Veja a distribui\u00e7\u00e3o:<\/p>\n\n\n\n<ul class=\"wp-block-list\">\n<li><strong>Minas Gerais:<\/strong> 331 (30 da rede p\u00fablica)<\/li>\n\n\n\n<li><strong>Rio de Janeiro:<\/strong> 236 (7 da rede p\u00fablica)<\/li>\n\n\n\n<li><strong>S\u00e3o Paulo:<\/strong> 234 (17 da rede p\u00fablica)<\/li>\n\n\n\n<li><strong>Cear\u00e1:<\/strong> 200 (32 da rede p\u00fablica)<\/li>\n\n\n\n<li><strong>Bahia:<\/strong> 125 (18 da rede p\u00fablica)<\/li>\n<\/ul>\n\n\n\n<p>No total, o Brasil teve 2.308 estudantes com notas entre 980 e 1000, dentre os quais 215 eram de escolas p\u00fablicas.<\/p>\n\n\n\n<h2 class=\"wp-block-heading\">Quais estados lideraram nas notas de 950 a 980?<\/h2>\n\n\n\n<p>Quando se trata de notas entre 950 e 980, o estado de Minas Gerais tamb\u00e9m lidera, seguido por S\u00e3o Paulo, Rio de Janeiro, Cear\u00e1 e Bahia. Observe a distribui\u00e7\u00e3o:<\/p>\n\n\n\n<ol class=\"wp-block-list\">\n<li><strong>Minas Gerais:<\/strong> 4.397 (590 da rede p\u00fablica)<\/li>\n\n\n\n<li><strong>S\u00e3o Paulo:<\/strong> 3.692 (322 da rede p\u00fablica)<\/li>\n\n\n\n<li><strong>Rio de Janeiro:<\/strong> 2.728 (191 da rede p\u00fablica)<\/li>\n\n\n\n<li><strong>Cear\u00e1:<\/strong> 2.398 (631 da rede p\u00fablica)<\/li>\n\n\n\n<li><strong>Bahia:<\/strong> 2.099 (269 da rede p\u00fablica)<\/li>\n<\/ol>\n\n\n\n<p>O Brasil registrou um total de 31.913 notas nessa faixa, sendo 4.483 de alunos de escolas p\u00fablicas.<\/p>\n","protected":false},"excerpt":{"rendered":"<p>No Exame Nacional do Ensino M\u00e9dio (Enem), Minas Gerais destacou-se como o estado com o maior n\u00famero de reda\u00e7\u00f5es com notas entre 950 e 1000. De acordo com informa\u00e7\u00f5es do Minist\u00e9rio da Educa\u00e7\u00e3o (MEC), um estudante de escola p\u00fablica mineira foi o \u00fanico do Brasil a atingir a nota m\u00e1xima de 1.000 na reda\u00e7\u00e3o. Dentre [&hellip;]<\/p>\n","protected":false},"author":5,"featured_media":11108,"comment_status":"open","ping_status":"open","sticky":false,"template":"","format":"standard","meta":{"jnews-multi-image_gallery":[],"jnews_single_post":{"format":"standard"},"jnews_primary_category":[],"jnews_social_meta":[],"jnews_override_counter":[],"footnotes":""},"categories":[26,1],"tags":[3575,207,3576,3577],"class_list":["post-11106","post","type-post","status-publish","format-standard","has-post-thumbnail","hentry","category-cidades","category-noticias","tag-enem","tag-minas-gerais","tag-notas","tag-notas-enem"],"yoast_head":"<!-- This site is optimized with the Yoast SEO plugin v23.8 - https:\/\/yoast.com\/wordpress\/plugins\/seo\/ -->\n<title>Minas Gerais brilha no Enem! Estado lidera em reda\u00e7\u00f5es nota 1000! - Estado de Minas - Em foco<\/title>\n<meta name=\"description\" content=\"Estudantes mineiros brilharam no Enem! Saiba como o estado se tornou refer\u00eancia em qualidade da educa\u00e7\u00e3o e desempenho na reda\u00e7\u00e3o.\" \/>\n<meta name=\"robots\" content=\"index, follow, max-snippet:-1, max-image-preview:large, max-video-preview:-1\" \/>\n<link rel=\"canonical\" href=\"https:\/\/www.em.com.br\/emfoco\/2025\/01\/31\/minas-gerais-brilha-no-enem-estado-lidera-em-redacoes-nota-1000\/\" \/>\n<meta property=\"og:locale\" content=\"pt_BR\" \/>\n<meta property=\"og:type\" content=\"article\" \/>\n<meta property=\"og:title\" content=\"Minas Gerais brilha no Enem! Estado lidera em reda\u00e7\u00f5es nota 1000! - Estado de Minas - Em foco\" \/>\n<meta property=\"og:description\" content=\"Estudantes mineiros brilharam no Enem! Saiba como o estado se tornou refer\u00eancia em qualidade da educa\u00e7\u00e3o e desempenho na reda\u00e7\u00e3o.\" \/>\n<meta property=\"og:url\" content=\"https:\/\/www.em.com.br\/emfoco\/2025\/01\/31\/minas-gerais-brilha-no-enem-estado-lidera-em-redacoes-nota-1000\/\" \/>\n<meta property=\"og:site_name\" content=\"Estado de Minas - Em foco\" \/>\n<meta property=\"article:published_time\" content=\"2025-01-31T16:40:00+00:00\" \/>\n<meta property=\"article:modified_time\" content=\"2025-01-30T00:22:54+00:00\" \/>\n<meta property=\"og:image\" content=\"https:\/\/www.em.com.br\/emfoco\/wp-content\/uploads\/2025\/01\/Enem_1737029470617.jpg\" \/>\n\t<meta property=\"og:image:width\" content=\"1280\" \/>\n\t<meta property=\"og:image:height\" content=\"720\" \/>\n\t<meta property=\"og:image:type\" content=\"image\/jpeg\" \/>\n<meta name=\"author\" content=\"N\u00fabia Rangel\" \/>\n<meta name=\"twitter:card\" content=\"summary_large_image\" \/>\n<meta name=\"twitter:label1\" content=\"Escrito por\" \/>\n\t<meta name=\"twitter:data1\" content=\"N\u00fabia Rangel\" \/>\n\t<meta name=\"twitter:label2\" content=\"Est. tempo de leitura\" \/>\n\t<meta name=\"twitter:data2\" content=\"3 minutos\" \/>\n<!-- \/ Yoast SEO plugin. -->","yoast_head_json":{"title":"Minas Gerais brilha no Enem! Estado lidera em reda\u00e7\u00f5es nota 1000! - Estado de Minas - Em foco","description":"Estudantes mineiros brilharam no Enem! Saiba como o estado se tornou refer\u00eancia em qualidade da educa\u00e7\u00e3o e desempenho na reda\u00e7\u00e3o.","robots":{"index":"index","follow":"follow","max-snippet":"max-snippet:-1","max-image-preview":"max-image-preview:large","max-video-preview":"max-video-preview:-1"},"canonical":"https:\/\/www.em.com.br\/emfoco\/2025\/01\/31\/minas-gerais-brilha-no-enem-estado-lidera-em-redacoes-nota-1000\/","og_locale":"pt_BR","og_type":"article","og_title":"Minas Gerais brilha no Enem! Estado lidera em reda\u00e7\u00f5es nota 1000! - Estado de Minas - Em foco","og_description":"Estudantes mineiros brilharam no Enem! Saiba como o estado se tornou refer\u00eancia em qualidade da educa\u00e7\u00e3o e desempenho na reda\u00e7\u00e3o.","og_url":"https:\/\/www.em.com.br\/emfoco\/2025\/01\/31\/minas-gerais-brilha-no-enem-estado-lidera-em-redacoes-nota-1000\/","og_site_name":"Estado de Minas - Em foco","article_published_time":"2025-01-31T16:40:00+00:00","article_modified_time":"2025-01-30T00:22:54+00:00","og_image":[{"width":1280,"height":720,"url":"https:\/\/www.em.com.br\/emfoco\/wp-content\/uploads\/2025\/01\/Enem_1737029470617.jpg","type":"image\/jpeg"}],"author":"N\u00fabia Rangel","twitter_card":"summary_large_image","twitter_misc":{"Escrito por":"N\u00fabia Rangel","Est. tempo de leitura":"3 minutos"},"schema":{"@context":"https:\/\/schema.org","@graph":[{"@type":"WebPage","@id":"https:\/\/www.em.com.br\/emfoco\/2025\/01\/31\/minas-gerais-brilha-no-enem-estado-lidera-em-redacoes-nota-1000\/","url":"https:\/\/www.em.com.br\/emfoco\/2025\/01\/31\/minas-gerais-brilha-no-enem-estado-lidera-em-redacoes-nota-1000\/","name":"Minas Gerais brilha no Enem! Estado lidera em reda\u00e7\u00f5es nota 1000! - Estado de Minas - Em foco","isPartOf":{"@id":"https:\/\/www.em.com.br\/emfoco\/#website"},"primaryImageOfPage":{"@id":"https:\/\/www.em.com.br\/emfoco\/2025\/01\/31\/minas-gerais-brilha-no-enem-estado-lidera-em-redacoes-nota-1000\/#primaryimage"},"image":{"@id":"https:\/\/www.em.com.br\/emfoco\/2025\/01\/31\/minas-gerais-brilha-no-enem-estado-lidera-em-redacoes-nota-1000\/#primaryimage"},"thumbnailUrl":"https:\/\/www.em.com.br\/emfoco\/wp-content\/uploads\/2025\/01\/Enem_1737029470617.jpg","datePublished":"2025-01-31T16:40:00+00:00","dateModified":"2025-01-30T00:22:54+00:00","author":{"@id":"https:\/\/www.em.com.br\/emfoco\/#\/schema\/person\/524437ef54f8a5d32591b143307f2e20"},"description":"Estudantes mineiros brilharam no Enem! Saiba como o estado se tornou refer\u00eancia em qualidade da educa\u00e7\u00e3o e desempenho na reda\u00e7\u00e3o.","breadcrumb":{"@id":"https:\/\/www.em.com.br\/emfoco\/2025\/01\/31\/minas-gerais-brilha-no-enem-estado-lidera-em-redacoes-nota-1000\/#breadcrumb"},"inLanguage":"pt-BR","potentialAction":[{"@type":"ReadAction","target":["https:\/\/www.em.com.br\/emfoco\/2025\/01\/31\/minas-gerais-brilha-no-enem-estado-lidera-em-redacoes-nota-1000\/"]}]},{"@type":"ImageObject","inLanguage":"pt-BR","@id":"https:\/\/www.em.com.br\/emfoco\/2025\/01\/31\/minas-gerais-brilha-no-enem-estado-lidera-em-redacoes-nota-1000\/#primaryimage","url":"https:\/\/www.em.com.br\/emfoco\/wp-content\/uploads\/2025\/01\/Enem_1737029470617.jpg","contentUrl":"https:\/\/www.em.com.br\/emfoco\/wp-content\/uploads\/2025\/01\/Enem_1737029470617.jpg","width":1280,"height":720,"caption":"Imagem Ilustrativa Enem - Cr\u00e9ditos: depositphotos.com \/ rafapress"},{"@type":"BreadcrumbList","@id":"https:\/\/www.em.com.br\/emfoco\/2025\/01\/31\/minas-gerais-brilha-no-enem-estado-lidera-em-redacoes-nota-1000\/#breadcrumb","itemListElement":[{"@type":"ListItem","position":1,"name":"In\u00edcio","item":"https:\/\/www.em.com.br\/emfoco\/"},{"@type":"ListItem","position":2,"name":"Minas Gerais brilha no Enem! Estado lidera em reda\u00e7\u00f5es nota 1000!"}]},{"@type":"WebSite","@id":"https:\/\/www.em.com.br\/emfoco\/#website","url":"https:\/\/www.em.com.br\/emfoco\/","name":"Estado de Minas - Em foco","description":"Acompanhe as \u00faltimas not\u00edcias e fique bem informado sobre tudo o que acontece em Minas Gerais, Brasil e no mundo.","potentialAction":[{"@type":"SearchAction","target":{"@type":"EntryPoint","urlTemplate":"https:\/\/www.em.com.br\/emfoco\/?s={search_term_string}"},"query-input":{"@type":"PropertyValueSpecification","valueRequired":true,"valueName":"search_term_string"}}],"inLanguage":"pt-BR"},{"@type":"Person","@id":"https:\/\/www.em.com.br\/emfoco\/#\/schema\/person\/524437ef54f8a5d32591b143307f2e20","name":"N\u00fabia Rangel","image":{"@type":"ImageObject","inLanguage":"pt-BR","@id":"https:\/\/www.em.com.br\/emfoco\/#\/schema\/person\/image\/","url":"https:\/\/secure.gravatar.com\/avatar\/47cff2827a5ba23c37e8068c86817ea4?s=96&d=mm&r=g","contentUrl":"https:\/\/secure.gravatar.com\/avatar\/47cff2827a5ba23c37e8068c86817ea4?s=96&d=mm&r=g","caption":"N\u00fabia Rangel"},"sameAs":["https:\/\/www.em.com.br\/emfoco\/"],"url":"https:\/\/www.em.com.br\/emfoco\/author\/nubiamyth\/"}]}},"_links":{"self":[{"href":"https:\/\/www.em.com.br\/emfoco\/wp-json\/wp\/v2\/posts\/11106","targetHints":{"allow":["GET"]}}],"collection":[{"href":"https:\/\/www.em.com.br\/emfoco\/wp-json\/wp\/v2\/posts"}],"about":[{"href":"https:\/\/www.em.com.br\/emfoco\/wp-json\/wp\/v2\/types\/post"}],"author":[{"embeddable":true,"href":"https:\/\/www.em.com.br\/emfoco\/wp-json\/wp\/v2\/users\/5"}],"replies":[{"embeddable":true,"href":"https:\/\/www.em.com.br\/emfoco\/wp-json\/wp\/v2\/comments?post=11106"}],"version-history":[{"count":2,"href":"https:\/\/www.em.com.br\/emfoco\/wp-json\/wp\/v2\/posts\/11106\/revisions"}],"predecessor-version":[{"id":11110,"href":"https:\/\/www.em.com.br\/emfoco\/wp-json\/wp\/v2\/posts\/11106\/revisions\/11110"}],"wp:featuredmedia":[{"embeddable":true,"href":"https:\/\/www.em.com.br\/emfoco\/wp-json\/wp\/v2\/media\/11108"}],"wp:attachment":[{"href":"https:\/\/www.em.com.br\/emfoco\/wp-json\/wp\/v2\/media?parent=11106"}],"wp:term":[{"taxonomy":"category","embeddable":true,"href":"https:\/\/www.em.com.br\/emfoco\/wp-json\/wp\/v2\/categories?post=11106"},{"taxonomy":"post_tag","embeddable":true,"href":"https:\/\/www.em.com.br\/emfoco\/wp-json\/wp\/v2\/tags?post=11106"}],"curies":[{"name":"wp","href":"https:\/\/api.w.org\/{rel}","templated":true}]}}