{"id":111041,"date":"2025-10-04T14:18:00","date_gmt":"2025-10-04T17:18:00","guid":{"rendered":"https:\/\/www.em.com.br\/emfoco\/?p=111041"},"modified":"2025-10-03T18:46:12","modified_gmt":"2025-10-03T21:46:12","slug":"atualizado-o-calendario-para-vacinacao-das-criancas","status":"publish","type":"post","link":"https:\/\/www.em.com.br\/emfoco\/2025\/10\/04\/atualizado-o-calendario-para-vacinacao-das-criancas\/","title":{"rendered":"Atualizado o calend\u00e1rio para vacina\u00e7\u00e3o das crian\u00e7as"},"content":{"rendered":"\n<p>No per\u00edodo de&nbsp;<strong>outubro a dezembro de 2025<\/strong>, o calend\u00e1rio de vacina\u00e7\u00e3o infantil do&nbsp;<strong>Minist\u00e9rio da Sa\u00fade<\/strong>&nbsp;inclui diversas imuniza\u00e7\u00f5es importantes. Garantir que a caderneta de vacina\u00e7\u00e3o esteja atualizada \u00e9 crucial para a sa\u00fade das crian\u00e7as. Vamos explorar as principais vacinas e a campanha de multivacina\u00e7\u00e3o para os pr\u00f3ximos meses.<\/p>\n\n\n\n<ul class=\"wp-block-list\">\n<li>Vacinas a partir de diferentes idades<\/li>\n\n\n\n<li>Campanha Nacional de Multivacina\u00e7\u00e3o<\/li>\n\n\n\n<li>Passos importantes para garantir a prote\u00e7\u00e3o infantil<\/li>\n<\/ul>\n\n\n\n<h2 class=\"wp-block-heading\">Quais vacinas infantis s\u00e3o aplicadas de outubro a dezembro?<\/h2>\n\n\n\n<figure class=\"wp-block-table\"><table class=\"has-fixed-layout\"><thead><tr><th>Idade \/ Per\u00edodo<\/th><th>Vacina<\/th><th>Doen\u00e7as Prevenidas<\/th><th>Observa\u00e7\u00f5es<\/th><\/tr><\/thead><tbody><tr><td>A partir de 6 meses<\/td><td>Influenza (Gripe)<\/td><td>Gripe\/Influenza<\/td><td>Atualizada anualmente conforme circula\u00e7\u00e3o do v\u00edrus<\/td><\/tr><tr><td>A partir de 6 meses*<\/td><td>COVID-19<\/td><td>COVID-19<\/td><td>Conforme orienta\u00e7\u00e3o do&nbsp;<strong>Minist\u00e9rio da Sa\u00fade<\/strong>&nbsp;e grupo de risco<\/td><\/tr><tr><td>9 meses<\/td><td>Febre Amarela<\/td><td>Febre Amarela<\/td><td>Pode ser antecipada em condi\u00e7\u00f5es especiais<\/td><\/tr><tr><td>12 meses<\/td><td>Meningoc\u00f3cica C (refor\u00e7o)<\/td><td>Meningite Meningoc\u00f3cica C<\/td><td>Primeiro refor\u00e7o<\/td><\/tr><tr><td>12 meses<\/td><td>Pneumoc\u00f3cica 10-valente (refor\u00e7o)<\/td><td>Pneumonia, Meningite, Otite<\/td><td>Primeiro refor\u00e7o<\/td><\/tr><tr><td>12 meses<\/td><td>Tr\u00edplice Viral (SCR)<\/td><td>Sarampo, Caxumba, Rub\u00e9ola<\/td><td>Primeira dose<\/td><\/tr><tr><td>15 meses<\/td><td>DTP (primeiro refor\u00e7o)<\/td><td>Difteria, T\u00e9tano, Coqueluche<\/td><td>Primeiro refor\u00e7o<\/td><\/tr><tr><td>15 meses<\/td><td>Poliomielite (primeiro refor\u00e7o)<\/td><td>Poliomielite<\/td><td>Primeiro refor\u00e7o<\/td><\/tr><tr><td>15 meses<\/td><td>Tetra Viral (refor\u00e7o)<\/td><td>Sarampo, Caxumba, Rub\u00e9ola, Catapora (Varicela)<\/td><td>Primeiro refor\u00e7o<\/td><\/tr><tr><td>4 anos<\/td><td>DTP (segundo refor\u00e7o)<\/td><td>Difteria, T\u00e9tano, Coqueluche<\/td><td>Segundo refor\u00e7o<\/td><\/tr><tr><td>9 a 14 anos<\/td><td>HPV<\/td><td>Papilomav\u00edrus Humano<\/td><td>Dose conforme cronograma nacional<\/td><\/tr><\/tbody><\/table><\/figure>\n\n\n\n<p><small>*COVID-19: conferir com a&nbsp;<strong>UBS<\/strong>&nbsp;o tipo de imunizante dispon\u00edvel.<\/small><\/p>\n\n\n\n<figure class=\"wp-block-image size-large\"><img loading=\"lazy\" decoding=\"async\" width=\"1024\" height=\"576\" src=\"https:\/\/www.em.com.br\/emfoco\/wp-content\/uploads\/2025\/10\/vacinacao-infantil_1759526387497-1024x576.jpg\" alt=\"\" class=\"wp-image-111293\" srcset=\"https:\/\/www.em.com.br\/emfoco\/wp-content\/uploads\/2025\/10\/vacinacao-infantil_1759526387497-1024x576.jpg 1024w, https:\/\/www.em.com.br\/emfoco\/wp-content\/uploads\/2025\/10\/vacinacao-infantil_1759526387497-300x169.jpg 300w, https:\/\/www.em.com.br\/emfoco\/wp-content\/uploads\/2025\/10\/vacinacao-infantil_1759526387497-768x432.jpg 768w, https:\/\/www.em.com.br\/emfoco\/wp-content\/uploads\/2025\/10\/vacinacao-infantil_1759526387497-750x422.jpg 750w, https:\/\/www.em.com.br\/emfoco\/wp-content\/uploads\/2025\/10\/vacinacao-infantil_1759526387497-1140x641.jpg 1140w, https:\/\/www.em.com.br\/emfoco\/wp-content\/uploads\/2025\/10\/vacinacao-infantil_1759526387497.jpg 1280w\" sizes=\"auto, (max-width: 1024px) 100vw, 1024px\" \/><figcaption class=\"wp-element-caption\">Vacina\u00e7\u00e3o infantil \u00e9 importante para sa\u00fade do seu filho &#8211; Calend\u00e1rio vacina\u00e7\u00e3o infantil &#8211; Cr\u00e9ditos: depositphotos.com \/ IgorVetushko<\/figcaption><\/figure>\n\n\n\n<h2 class=\"wp-block-heading\">Por que as vacinas aos 9 e 12 meses s\u00e3o importantes?<\/h2>\n\n\n\n<p>Aos 9 meses, a vacina\u00e7\u00e3o contra a<a href=\"https:\/\/www.gov.br\/saude\/pt-br\/assuntos\/saude-de-a-a-z\/f\/febre-amarela\" target=\"_blank\" rel=\"noreferrer noopener\">\u00a0<strong>febre amarela<\/strong><\/a>\u00a0\u00e9 iniciada, com possibilidade de antecipa\u00e7\u00e3o em condi\u00e7\u00f5es especiais. J\u00e1 aos 12 meses, refor\u00e7os de\u00a0<strong>meningoc\u00f3cica C<\/strong>\u00a0e\u00a0<strong>pneumoc\u00f3cica 10-valente<\/strong>\u00a0s\u00e3o administrados, al\u00e9m da\u00a0<strong>tr\u00edplice viral (SCR)<\/strong>, crucial contra sarampo, caxumba e rub\u00e9ola. A inclus\u00e3o da tr\u00edplice viral neste momento \u00e9 recomendada no\u00a0<strong>Brasil<\/strong>\u00a0desde o in\u00edcio da d\u00e9cada passada para assegurar prote\u00e7\u00e3o precoce.<\/p>\n\n\n\n<h2 class=\"wp-block-heading\">Quais cuidados seguir com vacinas ap\u00f3s 15 meses?<\/h2>\n\n\n\n<p>Com 15 meses, a crian\u00e7a deve receber o primeiro refor\u00e7o da&nbsp;<strong>DTP<\/strong>&nbsp;e da&nbsp;<strong>poliomielite<\/strong>. Adicionalmente, o refor\u00e7o com a&nbsp;<strong>tetra viral<\/strong>&nbsp;amplia a imuniza\u00e7\u00e3o incluindo catapora. Aos 4 anos, acontece o segundo refor\u00e7o da DTP. \u00c9 importante lembrar que todas as vacinas mencionadas s\u00e3o oferecidas gratuitamente nas redes p\u00fablicas de sa\u00fade como a&nbsp;<strong>UBS<\/strong>&nbsp;e unidades conveniadas pelo&nbsp;<strong>SUS<\/strong>.<\/p>\n\n\n\n<h2 class=\"wp-block-heading\">Como ser\u00e1 a campanha de multivacina\u00e7\u00e3o em 2025?<\/h2>\n\n\n\n<p>O\u00a0<strong>Minist\u00e9rio da Sa\u00fade<\/strong>\u00a0promove uma campanha nacional para\u00a0<strong>regularizar vacinas atrasadas<\/strong>\u00a0em menores de 15 anos. Este esfor\u00e7o foca na atualiza\u00e7\u00e3o de vacinas essenciais, como as contra\u00a0<strong>HPV<\/strong>, febre amarela e sarampo, fortalecendo a cobertura vacinal no pa\u00eds. Em estados como\u00a0<strong>S\u00e3o Paulo<\/strong>, a mobiliza\u00e7\u00e3o conta com parcerias entre secretarias municipais de sa\u00fade e escolas p\u00fablicas, ampliando o acesso para <a href=\"https:\/\/www.em.com.br\/emfoco\/2025\/10\/01\/especialista-alerta-sobre-bronquiolite-e-pneumonia-em-criancas\/\" target=\"_blank\" rel=\"noreferrer noopener\">crian\u00e7as <\/a>e adolescentes.<\/p>\n\n\n\n<h2 class=\"wp-block-heading\">O que fazer para proteger as crian\u00e7as?<\/h2>\n\n\n\n<ul class=\"wp-block-list\">\n<li>Verificar a caderneta de vacina\u00e7\u00e3o nas&nbsp;<strong>UBSs<\/strong>&nbsp;regularmente.<\/li>\n\n\n\n<li>Acompanhar as campanhas nacionais e se informar atrav\u00e9s do\u00a0<strong><a href=\"https:\/\/www.gov.br\/pt-br\" target=\"_blank\" rel=\"noreferrer noopener\">Portal Gov.br<\/a><\/strong>.<\/li>\n\n\n\n<li>Visitar a UBS mesmo que haja incertezas sobre o estado vacinal da crian\u00e7a.<\/li>\n<\/ul>\n\n\n\n<p>Garantir que as crian\u00e7as recebam essas vacinas no tempo certo \u00e9 essencial para prevenir surtos de doen\u00e7as e promover sa\u00fade p\u00fablica eficazmente. Mantenha-se atualizado e consulte sempre sua&nbsp;<strong>UBS<\/strong>&nbsp;local para mais informa\u00e7\u00f5es.<\/p>\n","protected":false},"excerpt":{"rendered":"<p>No per\u00edodo de&nbsp;outubro a dezembro de 2025, o calend\u00e1rio de vacina\u00e7\u00e3o infantil do&nbsp;Minist\u00e9rio da Sa\u00fade&nbsp;inclui diversas imuniza\u00e7\u00f5es importantes. Garantir que a caderneta de vacina\u00e7\u00e3o esteja atualizada \u00e9 crucial para a sa\u00fade das crian\u00e7as. Vamos explorar as principais vacinas e a campanha de multivacina\u00e7\u00e3o para os pr\u00f3ximos meses. Quais vacinas infantis s\u00e3o aplicadas de outubro a [&hellip;]<\/p>\n","protected":false},"author":11,"featured_media":111292,"comment_status":"open","ping_status":"open","sticky":false,"template":"","format":"standard","meta":{"jnews-multi-image_gallery":[],"jnews_single_post":{"format":"standard"},"jnews_primary_category":[],"jnews_social_meta":[],"jnews_override_counter":[],"footnotes":""},"categories":[1,9053],"tags":[787,1264,16998],"class_list":["post-111041","post","type-post","status-publish","format-standard","has-post-thumbnail","hentry","category-noticias","category-saude","tag-calendario","tag-vacinacao","tag-vacinacao-infantil"],"yoast_head":"<!-- This site is optimized with the Yoast SEO plugin v23.8 - https:\/\/yoast.com\/wordpress\/plugins\/seo\/ -->\n<title>Atualizado o calend\u00e1rio para vacina\u00e7\u00e3o das crian\u00e7as - Estado de Minas - Em foco<\/title>\n<meta name=\"description\" content=\"Atualizar a caderneta pode evitar riscos invis\u00edveis. Confira quais vacinas seu filho precisa tomar ainda este ano.\" \/>\n<meta name=\"robots\" content=\"index, follow, max-snippet:-1, max-image-preview:large, max-video-preview:-1\" \/>\n<link rel=\"canonical\" href=\"https:\/\/www.em.com.br\/emfoco\/2025\/10\/04\/atualizado-o-calendario-para-vacinacao-das-criancas\/\" \/>\n<meta property=\"og:locale\" content=\"pt_BR\" \/>\n<meta property=\"og:type\" content=\"article\" \/>\n<meta property=\"og:title\" content=\"Atualizado o calend\u00e1rio para vacina\u00e7\u00e3o das crian\u00e7as - Estado de Minas - Em foco\" \/>\n<meta property=\"og:description\" content=\"Atualizar a caderneta pode evitar riscos invis\u00edveis. Confira quais vacinas seu filho precisa tomar ainda este ano.\" \/>\n<meta property=\"og:url\" content=\"https:\/\/www.em.com.br\/emfoco\/2025\/10\/04\/atualizado-o-calendario-para-vacinacao-das-criancas\/\" \/>\n<meta property=\"og:site_name\" content=\"Estado de Minas - Em foco\" \/>\n<meta property=\"article:published_time\" content=\"2025-10-04T17:18:00+00:00\" \/>\n<meta property=\"article:modified_time\" content=\"2025-10-03T21:46:12+00:00\" \/>\n<meta property=\"og:image\" content=\"https:\/\/www.em.com.br\/emfoco\/wp-content\/uploads\/2025\/10\/vacinacao-infantil_1759526337599.jpg\" \/>\n\t<meta property=\"og:image:width\" content=\"1280\" \/>\n\t<meta property=\"og:image:height\" content=\"720\" \/>\n\t<meta property=\"og:image:type\" content=\"image\/jpeg\" \/>\n<meta name=\"author\" content=\"Andre\u0301 Rangel\u00a0\" \/>\n<meta name=\"twitter:card\" content=\"summary_large_image\" \/>\n<meta name=\"twitter:label1\" content=\"Escrito por\" \/>\n\t<meta name=\"twitter:data1\" content=\"Andre\u0301 Rangel\u00a0\" \/>\n\t<meta name=\"twitter:label2\" content=\"Est. tempo de leitura\" \/>\n\t<meta name=\"twitter:data2\" content=\"4 minutos\" \/>\n<!-- \/ Yoast SEO plugin. -->","yoast_head_json":{"title":"Atualizado o calend\u00e1rio para vacina\u00e7\u00e3o das crian\u00e7as - Estado de Minas - Em foco","description":"Atualizar a caderneta pode evitar riscos invis\u00edveis. Confira quais vacinas seu filho precisa tomar ainda este ano.","robots":{"index":"index","follow":"follow","max-snippet":"max-snippet:-1","max-image-preview":"max-image-preview:large","max-video-preview":"max-video-preview:-1"},"canonical":"https:\/\/www.em.com.br\/emfoco\/2025\/10\/04\/atualizado-o-calendario-para-vacinacao-das-criancas\/","og_locale":"pt_BR","og_type":"article","og_title":"Atualizado o calend\u00e1rio para vacina\u00e7\u00e3o das crian\u00e7as - Estado de Minas - Em foco","og_description":"Atualizar a caderneta pode evitar riscos invis\u00edveis. Confira quais vacinas seu filho precisa tomar ainda este ano.","og_url":"https:\/\/www.em.com.br\/emfoco\/2025\/10\/04\/atualizado-o-calendario-para-vacinacao-das-criancas\/","og_site_name":"Estado de Minas - Em foco","article_published_time":"2025-10-04T17:18:00+00:00","article_modified_time":"2025-10-03T21:46:12+00:00","og_image":[{"width":1280,"height":720,"url":"https:\/\/www.em.com.br\/emfoco\/wp-content\/uploads\/2025\/10\/vacinacao-infantil_1759526337599.jpg","type":"image\/jpeg"}],"author":"Andre\u0301 Rangel\u00a0","twitter_card":"summary_large_image","twitter_misc":{"Escrito por":"Andre\u0301 Rangel\u00a0","Est. tempo de leitura":"4 minutos"},"schema":{"@context":"https:\/\/schema.org","@graph":[{"@type":"WebPage","@id":"https:\/\/www.em.com.br\/emfoco\/2025\/10\/04\/atualizado-o-calendario-para-vacinacao-das-criancas\/","url":"https:\/\/www.em.com.br\/emfoco\/2025\/10\/04\/atualizado-o-calendario-para-vacinacao-das-criancas\/","name":"Atualizado o calend\u00e1rio para vacina\u00e7\u00e3o das crian\u00e7as - Estado de Minas - Em foco","isPartOf":{"@id":"https:\/\/www.em.com.br\/emfoco\/#website"},"primaryImageOfPage":{"@id":"https:\/\/www.em.com.br\/emfoco\/2025\/10\/04\/atualizado-o-calendario-para-vacinacao-das-criancas\/#primaryimage"},"image":{"@id":"https:\/\/www.em.com.br\/emfoco\/2025\/10\/04\/atualizado-o-calendario-para-vacinacao-das-criancas\/#primaryimage"},"thumbnailUrl":"https:\/\/www.em.com.br\/emfoco\/wp-content\/uploads\/2025\/10\/vacinacao-infantil_1759526337599.jpg","datePublished":"2025-10-04T17:18:00+00:00","dateModified":"2025-10-03T21:46:12+00:00","author":{"@id":"https:\/\/www.em.com.br\/emfoco\/#\/schema\/person\/60eda09c1fedf0d6891f4cef4b60b8b8"},"description":"Atualizar a caderneta pode evitar riscos invis\u00edveis. Confira quais vacinas seu filho precisa tomar ainda este ano.","breadcrumb":{"@id":"https:\/\/www.em.com.br\/emfoco\/2025\/10\/04\/atualizado-o-calendario-para-vacinacao-das-criancas\/#breadcrumb"},"inLanguage":"pt-BR","potentialAction":[{"@type":"ReadAction","target":["https:\/\/www.em.com.br\/emfoco\/2025\/10\/04\/atualizado-o-calendario-para-vacinacao-das-criancas\/"]}]},{"@type":"ImageObject","inLanguage":"pt-BR","@id":"https:\/\/www.em.com.br\/emfoco\/2025\/10\/04\/atualizado-o-calendario-para-vacinacao-das-criancas\/#primaryimage","url":"https:\/\/www.em.com.br\/emfoco\/wp-content\/uploads\/2025\/10\/vacinacao-infantil_1759526337599.jpg","contentUrl":"https:\/\/www.em.com.br\/emfoco\/wp-content\/uploads\/2025\/10\/vacinacao-infantil_1759526337599.jpg","width":1280,"height":720,"caption":"Calend\u00e1rio vacina\u00e7\u00e3o infantil - Cr\u00e9ditos: depositphotos.com \/ IgorVetushko"},{"@type":"BreadcrumbList","@id":"https:\/\/www.em.com.br\/emfoco\/2025\/10\/04\/atualizado-o-calendario-para-vacinacao-das-criancas\/#breadcrumb","itemListElement":[{"@type":"ListItem","position":1,"name":"In\u00edcio","item":"https:\/\/www.em.com.br\/emfoco\/"},{"@type":"ListItem","position":2,"name":"Atualizado o calend\u00e1rio para vacina\u00e7\u00e3o das crian\u00e7as"}]},{"@type":"WebSite","@id":"https:\/\/www.em.com.br\/emfoco\/#website","url":"https:\/\/www.em.com.br\/emfoco\/","name":"Estado de Minas - Em foco","description":"Acompanhe as \u00faltimas not\u00edcias e fique bem informado sobre tudo o que acontece em Minas Gerais, Brasil e no mundo.","potentialAction":[{"@type":"SearchAction","target":{"@type":"EntryPoint","urlTemplate":"https:\/\/www.em.com.br\/emfoco\/?s={search_term_string}"},"query-input":{"@type":"PropertyValueSpecification","valueRequired":true,"valueName":"search_term_string"}}],"inLanguage":"pt-BR"},{"@type":"Person","@id":"https:\/\/www.em.com.br\/emfoco\/#\/schema\/person\/60eda09c1fedf0d6891f4cef4b60b8b8","name":"Andre\u0301 Rangel\u00a0","image":{"@type":"ImageObject","inLanguage":"pt-BR","@id":"https:\/\/www.em.com.br\/emfoco\/#\/schema\/person\/image\/","url":"https:\/\/secure.gravatar.com\/avatar\/6234dc814c77c8ef6d8bba622c787efc?s=96&d=mm&r=g","contentUrl":"https:\/\/secure.gravatar.com\/avatar\/6234dc814c77c8ef6d8bba622c787efc?s=96&d=mm&r=g","caption":"Andre\u0301 Rangel\u00a0"},"url":"https:\/\/www.em.com.br\/emfoco\/author\/luizmyth\/"}]}},"_links":{"self":[{"href":"https:\/\/www.em.com.br\/emfoco\/wp-json\/wp\/v2\/posts\/111041","targetHints":{"allow":["GET"]}}],"collection":[{"href":"https:\/\/www.em.com.br\/emfoco\/wp-json\/wp\/v2\/posts"}],"about":[{"href":"https:\/\/www.em.com.br\/emfoco\/wp-json\/wp\/v2\/types\/post"}],"author":[{"embeddable":true,"href":"https:\/\/www.em.com.br\/emfoco\/wp-json\/wp\/v2\/users\/11"}],"replies":[{"embeddable":true,"href":"https:\/\/www.em.com.br\/emfoco\/wp-json\/wp\/v2\/comments?post=111041"}],"version-history":[{"count":4,"href":"https:\/\/www.em.com.br\/emfoco\/wp-json\/wp\/v2\/posts\/111041\/revisions"}],"predecessor-version":[{"id":111294,"href":"https:\/\/www.em.com.br\/emfoco\/wp-json\/wp\/v2\/posts\/111041\/revisions\/111294"}],"wp:featuredmedia":[{"embeddable":true,"href":"https:\/\/www.em.com.br\/emfoco\/wp-json\/wp\/v2\/media\/111292"}],"wp:attachment":[{"href":"https:\/\/www.em.com.br\/emfoco\/wp-json\/wp\/v2\/media?parent=111041"}],"wp:term":[{"taxonomy":"category","embeddable":true,"href":"https:\/\/www.em.com.br\/emfoco\/wp-json\/wp\/v2\/categories?post=111041"},{"taxonomy":"post_tag","embeddable":true,"href":"https:\/\/www.em.com.br\/emfoco\/wp-json\/wp\/v2\/tags?post=111041"}],"curies":[{"name":"wp","href":"https:\/\/api.w.org\/{rel}","templated":true}]}}