{"id":11103,"date":"2025-01-31T14:20:00","date_gmt":"2025-01-31T17:20:00","guid":{"rendered":"https:\/\/www.em.com.br\/emfoco\/?p=11103"},"modified":"2025-01-29T21:22:59","modified_gmt":"2025-01-30T00:22:59","slug":"o-destino-turistico-que-mais-cresce-no-brasil-e-impulsiona-a-economia","status":"publish","type":"post","link":"https:\/\/www.em.com.br\/emfoco\/2025\/01\/31\/o-destino-turistico-que-mais-cresce-no-brasil-e-impulsiona-a-economia\/","title":{"rendered":"O destino tur\u00edstico que mais cresce no Brasil e impulsiona a economia."},"content":{"rendered":"\n<p>Minas Gerais encerrou 2024 com um marco not\u00e1vel: a lideran\u00e7a no turismo brasileiro pelo segundo ano consecutivo. O estado recebeu mais de 32 milh\u00f5es de visitantes ao longo do ano, tornando-se um dos principais destinos do pa\u00eds. Destes turistas, cerca de 42,6 mil eram provenientes de outros pa\u00edses, indicando um crescimento de 10,6% em rela\u00e7\u00e3o a 2023, segundo dados do IBGE e do <strong><a href=\"https:\/\/www.gov.br\/turismo\/pt-br\" target=\"_blank\" rel=\"noreferrer noopener\">Minist\u00e9rio do Turismo<\/a><\/strong>.<\/p>\n\n\n\n<p>O turismo em Minas Gerais, em 2024, n\u00e3o apenas atraiu milh\u00f5es, mas tamb\u00e9m desempenhou um papel crucial na economia local. O setor foi respons\u00e1vel por cerca de 7% do Produto Interno Bruto (PIB) do estado, al\u00e9m de criar aproximadamente 20 mil empregos diretos at\u00e9 outubro. Eventos como o Carnaval da Liberdade foram um espet\u00e1culo \u00e0 parte, movimentando R$ 5 bilh\u00f5es e gerando mais de 100 mil empregos tempor\u00e1rios.<\/p>\n\n\n\n<h2 class=\"wp-block-heading\">Como Minas Gerais Alcan\u00e7ou o Sucesso no Turismo?<\/h2>\n\n\n\n<p>Minas Gerais tem investido em diversas iniciativas para integrar turismo e sustentabilidade, valorizando a rica natureza, cultura e gastronomia local. Um dos destaques \u00e9 o Plano Diretor do Turismo Verde, que inclui o Selo Turismo Verde Minas. A regi\u00e3o da Serra da Canastra e o Circuito das \u00c1guas s\u00e3o exemplo de destinos que equilibram aventura, beleza natural e culin\u00e1ria t\u00edpica, atraindo visitantes de todo o mundo.<\/p>\n\n\n\n<p>O desenvolvimento de servi\u00e7os de hotelaria, com\u00e9rcio e outras atividades associadas ao turismo tamb\u00e9m refletiu os esfor\u00e7os de promo\u00e7\u00e3o do estado como um destino atrativo. A taxa de ocupa\u00e7\u00e3o de hot\u00e9is foi significativa, com <strong><a href=\"https:\/\/www.em.com.br\/emfoco\/2024\/12\/01\/viver-em-belo-horizonte-cultura-mobilidade-e-qualidade-de-vida\/\" target=\"_blank\" rel=\"noreferrer noopener\">Belo Horizonte<\/a><\/strong> alcan\u00e7ando 62,83% e o interior 49,62%. Iniciativas como o programa Meu Neg\u00f3cio \u00e9 Carnaval incentivaram empreendedores locais a maximizar as oportunidades durante as festividades.<\/p>\n\n\n\n<figure class=\"wp-block-image size-full\"><img loading=\"lazy\" decoding=\"async\" width=\"1024\" height=\"577\" src=\"https:\/\/www.em.com.br\/emfoco\/wp-content\/uploads\/2024\/11\/image-4-e1732621896169.png\" alt=\"Projeto de Lei em Belo Horizonte: Al\u00edvio ou Pol\u00eamica no Transporte P\u00fablico?\" class=\"wp-image-1499\" srcset=\"https:\/\/www.em.com.br\/emfoco\/wp-content\/uploads\/2024\/11\/image-4-e1732621896169.png 1024w, https:\/\/www.em.com.br\/emfoco\/wp-content\/uploads\/2024\/11\/image-4-e1732621896169-300x169.png 300w, https:\/\/www.em.com.br\/emfoco\/wp-content\/uploads\/2024\/11\/image-4-e1732621896169-768x433.png 768w, https:\/\/www.em.com.br\/emfoco\/wp-content\/uploads\/2024\/11\/image-4-e1732621896169-750x423.png 750w\" sizes=\"auto, (max-width: 1024px) 100vw, 1024px\" \/><figcaption class=\"wp-element-caption\">Belo Horizonte &#8211; Cr\u00e9ditos: Flickr<\/figcaption><\/figure>\n\n\n\n<h2 class=\"wp-block-heading\">Quais S\u00e3o os Impactos Culturais e Patrimoniais?<\/h2>\n\n\n\n<p>O reconhecimento cultural internacional tamb\u00e9m foi um destaque. Em 2024, o &#8220;Modo de Fazer Queijo Minas Artesanal&#8221; foi reconhecido pela Unesco como Patrim\u00f4nio Cultural Imaterial da Humanidade. Esse tipo de reconhecimento ressalta a import\u00e2ncia da tradi\u00e7\u00e3o e inova\u00e7\u00e3o que Minas oferece em seu cen\u00e1rio tur\u00edstico.<\/p>\n\n\n\n<p>Al\u00e9m disso, atra\u00e7\u00f5es como o Parque Inhotim e os Parques Estaduais viram um aumento significativo nas visitas, demonstrando o equil\u00edbrio entre a preserva\u00e7\u00e3o cultural e o entretenimento. Tais locais s\u00e3o fundamentais para atrair turistas interessados em experi\u00eancias que v\u00e3o al\u00e9m do turismo convencional.<\/p>\n\n\n\n<h2 class=\"wp-block-heading\">A Cultura e a Hist\u00f3ria como Pontes para o Futuro<\/h2>\n\n\n\n<p>A diversidade cultural em Minas Gerais tamb\u00e9m \u00e9 demonstrada nos eventos religiosos e culturais espalhados por suas cidades. Durante a Semana Santa, por exemplo, cerca de 500 mil pessoas visitaram 600 cidades focadas na f\u00e9 e hist\u00f3ria, reafirmando a capacidade do estado em oferecer um turismo plural.<\/p>\n\n\n\n<p>Com gestores como S\u00e9rgio Lopes e organiza\u00e7\u00f5es como Sebrae Minas, lideradas por Marcelo de Souza e Silva, o estado conseguiu transformar o setor tur\u00edstico em uma experi\u00eancia que n\u00e3o apenas atrai visitantes, mas tamb\u00e9m gera oportunidades para as comunidades locais.<\/p>\n\n\n\n<p>O futuro do turismo em Minas Gerais parece promissor, com seus esfor\u00e7os cont\u00ednuos em promover pr\u00e1ticas sustent\u00e1veis e experi\u00eancias aut\u00eanticas. Minas n\u00e3o \u00e9 apenas um destino de viagem; \u00e9 uma experi\u00eancia rica que conecta pessoas e oportunidades de neg\u00f3cio, integrada ao desenvolvimento econ\u00f4mico regional.<\/p>\n","protected":false},"excerpt":{"rendered":"<p>Minas Gerais encerrou 2024 com um marco not\u00e1vel: a lideran\u00e7a no turismo brasileiro pelo segundo ano consecutivo. O estado recebeu mais de 32 milh\u00f5es de visitantes ao longo do ano, tornando-se um dos principais destinos do pa\u00eds. Destes turistas, cerca de 42,6 mil eram provenientes de outros pa\u00edses, indicando um crescimento de 10,6% em rela\u00e7\u00e3o [&hellip;]<\/p>\n","protected":false},"author":5,"featured_media":6730,"comment_status":"open","ping_status":"open","sticky":false,"template":"","format":"standard","meta":{"jnews-multi-image_gallery":[],"jnews_single_post":{"format":"standard"},"jnews_primary_category":[],"jnews_social_meta":[],"jnews_override_counter":[],"footnotes":""},"categories":[26,1],"tags":[1176,3574,207],"class_list":["post-11103","post","type-post","status-publish","format-standard","has-post-thumbnail","hentry","category-cidades","category-noticias","tag-economia-brasileira","tag-economia-mineira","tag-minas-gerais"],"yoast_head":"<!-- This site is optimized with the Yoast SEO plugin v23.8 - https:\/\/yoast.com\/wordpress\/plugins\/seo\/ -->\n<title>O destino tur\u00edstico que mais cresce no Brasil e impulsiona a economia. - Estado de Minas - Em foco<\/title>\n<meta name=\"description\" content=\"Conhe\u00e7a os n\u00fameros que comprovam o sucesso do turismo em Minas Gerais e como isso impactou a economia local.\" \/>\n<meta name=\"robots\" content=\"index, follow, max-snippet:-1, max-image-preview:large, max-video-preview:-1\" \/>\n<link rel=\"canonical\" href=\"https:\/\/www.em.com.br\/emfoco\/2025\/01\/31\/o-destino-turistico-que-mais-cresce-no-brasil-e-impulsiona-a-economia\/\" \/>\n<meta property=\"og:locale\" content=\"pt_BR\" \/>\n<meta property=\"og:type\" content=\"article\" \/>\n<meta property=\"og:title\" content=\"O destino tur\u00edstico que mais cresce no Brasil e impulsiona a economia. - Estado de Minas - Em foco\" \/>\n<meta property=\"og:description\" content=\"Conhe\u00e7a os n\u00fameros que comprovam o sucesso do turismo em Minas Gerais e como isso impactou a economia local.\" \/>\n<meta property=\"og:url\" content=\"https:\/\/www.em.com.br\/emfoco\/2025\/01\/31\/o-destino-turistico-que-mais-cresce-no-brasil-e-impulsiona-a-economia\/\" \/>\n<meta property=\"og:site_name\" content=\"Estado de Minas - Em foco\" \/>\n<meta property=\"article:published_time\" content=\"2025-01-31T17:20:00+00:00\" \/>\n<meta property=\"article:modified_time\" content=\"2025-01-30T00:22:59+00:00\" \/>\n<meta property=\"og:image\" content=\"https:\/\/www.em.com.br\/emfoco\/wp-content\/uploads\/2024\/12\/Economia_1735224185515.jpg\" \/>\n\t<meta property=\"og:image:width\" content=\"1280\" \/>\n\t<meta property=\"og:image:height\" content=\"720\" \/>\n\t<meta property=\"og:image:type\" content=\"image\/jpeg\" \/>\n<meta name=\"author\" content=\"N\u00fabia Rangel\" \/>\n<meta name=\"twitter:card\" content=\"summary_large_image\" \/>\n<meta name=\"twitter:label1\" content=\"Escrito por\" \/>\n\t<meta name=\"twitter:data1\" content=\"N\u00fabia Rangel\" \/>\n\t<meta name=\"twitter:label2\" content=\"Est. tempo de leitura\" \/>\n\t<meta name=\"twitter:data2\" content=\"4 minutos\" \/>\n<!-- \/ Yoast SEO plugin. -->","yoast_head_json":{"title":"O destino tur\u00edstico que mais cresce no Brasil e impulsiona a economia. - Estado de Minas - Em foco","description":"Conhe\u00e7a os n\u00fameros que comprovam o sucesso do turismo em Minas Gerais e como isso impactou a economia local.","robots":{"index":"index","follow":"follow","max-snippet":"max-snippet:-1","max-image-preview":"max-image-preview:large","max-video-preview":"max-video-preview:-1"},"canonical":"https:\/\/www.em.com.br\/emfoco\/2025\/01\/31\/o-destino-turistico-que-mais-cresce-no-brasil-e-impulsiona-a-economia\/","og_locale":"pt_BR","og_type":"article","og_title":"O destino tur\u00edstico que mais cresce no Brasil e impulsiona a economia. - Estado de Minas - Em foco","og_description":"Conhe\u00e7a os n\u00fameros que comprovam o sucesso do turismo em Minas Gerais e como isso impactou a economia local.","og_url":"https:\/\/www.em.com.br\/emfoco\/2025\/01\/31\/o-destino-turistico-que-mais-cresce-no-brasil-e-impulsiona-a-economia\/","og_site_name":"Estado de Minas - Em foco","article_published_time":"2025-01-31T17:20:00+00:00","article_modified_time":"2025-01-30T00:22:59+00:00","og_image":[{"width":1280,"height":720,"url":"https:\/\/www.em.com.br\/emfoco\/wp-content\/uploads\/2024\/12\/Economia_1735224185515.jpg","type":"image\/jpeg"}],"author":"N\u00fabia Rangel","twitter_card":"summary_large_image","twitter_misc":{"Escrito por":"N\u00fabia Rangel","Est. tempo de leitura":"4 minutos"},"schema":{"@context":"https:\/\/schema.org","@graph":[{"@type":"WebPage","@id":"https:\/\/www.em.com.br\/emfoco\/2025\/01\/31\/o-destino-turistico-que-mais-cresce-no-brasil-e-impulsiona-a-economia\/","url":"https:\/\/www.em.com.br\/emfoco\/2025\/01\/31\/o-destino-turistico-que-mais-cresce-no-brasil-e-impulsiona-a-economia\/","name":"O destino tur\u00edstico que mais cresce no Brasil e impulsiona a economia. - Estado de Minas - Em foco","isPartOf":{"@id":"https:\/\/www.em.com.br\/emfoco\/#website"},"primaryImageOfPage":{"@id":"https:\/\/www.em.com.br\/emfoco\/2025\/01\/31\/o-destino-turistico-que-mais-cresce-no-brasil-e-impulsiona-a-economia\/#primaryimage"},"image":{"@id":"https:\/\/www.em.com.br\/emfoco\/2025\/01\/31\/o-destino-turistico-que-mais-cresce-no-brasil-e-impulsiona-a-economia\/#primaryimage"},"thumbnailUrl":"https:\/\/www.em.com.br\/emfoco\/wp-content\/uploads\/2024\/12\/Economia_1735224185515.jpg","datePublished":"2025-01-31T17:20:00+00:00","dateModified":"2025-01-30T00:22:59+00:00","author":{"@id":"https:\/\/www.em.com.br\/emfoco\/#\/schema\/person\/524437ef54f8a5d32591b143307f2e20"},"description":"Conhe\u00e7a os n\u00fameros que comprovam o sucesso do turismo em Minas Gerais e como isso impactou a economia local.","breadcrumb":{"@id":"https:\/\/www.em.com.br\/emfoco\/2025\/01\/31\/o-destino-turistico-que-mais-cresce-no-brasil-e-impulsiona-a-economia\/#breadcrumb"},"inLanguage":"pt-BR","potentialAction":[{"@type":"ReadAction","target":["https:\/\/www.em.com.br\/emfoco\/2025\/01\/31\/o-destino-turistico-que-mais-cresce-no-brasil-e-impulsiona-a-economia\/"]}]},{"@type":"ImageObject","inLanguage":"pt-BR","@id":"https:\/\/www.em.com.br\/emfoco\/2025\/01\/31\/o-destino-turistico-que-mais-cresce-no-brasil-e-impulsiona-a-economia\/#primaryimage","url":"https:\/\/www.em.com.br\/emfoco\/wp-content\/uploads\/2024\/12\/Economia_1735224185515.jpg","contentUrl":"https:\/\/www.em.com.br\/emfoco\/wp-content\/uploads\/2024\/12\/Economia_1735224185515.jpg","width":1280,"height":720,"caption":"Imagem Ilustrativa de Economia - Cr\u00e9ditos: depositphotos.com \/ dapor2560"},{"@type":"BreadcrumbList","@id":"https:\/\/www.em.com.br\/emfoco\/2025\/01\/31\/o-destino-turistico-que-mais-cresce-no-brasil-e-impulsiona-a-economia\/#breadcrumb","itemListElement":[{"@type":"ListItem","position":1,"name":"In\u00edcio","item":"https:\/\/www.em.com.br\/emfoco\/"},{"@type":"ListItem","position":2,"name":"O destino tur\u00edstico que mais cresce no Brasil e impulsiona a economia."}]},{"@type":"WebSite","@id":"https:\/\/www.em.com.br\/emfoco\/#website","url":"https:\/\/www.em.com.br\/emfoco\/","name":"Estado de Minas - Em foco","description":"Acompanhe as \u00faltimas not\u00edcias e fique bem informado sobre tudo o que acontece em Minas Gerais, Brasil e no mundo.","potentialAction":[{"@type":"SearchAction","target":{"@type":"EntryPoint","urlTemplate":"https:\/\/www.em.com.br\/emfoco\/?s={search_term_string}"},"query-input":{"@type":"PropertyValueSpecification","valueRequired":true,"valueName":"search_term_string"}}],"inLanguage":"pt-BR"},{"@type":"Person","@id":"https:\/\/www.em.com.br\/emfoco\/#\/schema\/person\/524437ef54f8a5d32591b143307f2e20","name":"N\u00fabia Rangel","image":{"@type":"ImageObject","inLanguage":"pt-BR","@id":"https:\/\/www.em.com.br\/emfoco\/#\/schema\/person\/image\/","url":"https:\/\/secure.gravatar.com\/avatar\/47cff2827a5ba23c37e8068c86817ea4?s=96&d=mm&r=g","contentUrl":"https:\/\/secure.gravatar.com\/avatar\/47cff2827a5ba23c37e8068c86817ea4?s=96&d=mm&r=g","caption":"N\u00fabia Rangel"},"sameAs":["https:\/\/www.em.com.br\/emfoco\/"],"url":"https:\/\/www.em.com.br\/emfoco\/author\/nubiamyth\/"}]}},"_links":{"self":[{"href":"https:\/\/www.em.com.br\/emfoco\/wp-json\/wp\/v2\/posts\/11103","targetHints":{"allow":["GET"]}}],"collection":[{"href":"https:\/\/www.em.com.br\/emfoco\/wp-json\/wp\/v2\/posts"}],"about":[{"href":"https:\/\/www.em.com.br\/emfoco\/wp-json\/wp\/v2\/types\/post"}],"author":[{"embeddable":true,"href":"https:\/\/www.em.com.br\/emfoco\/wp-json\/wp\/v2\/users\/5"}],"replies":[{"embeddable":true,"href":"https:\/\/www.em.com.br\/emfoco\/wp-json\/wp\/v2\/comments?post=11103"}],"version-history":[{"count":2,"href":"https:\/\/www.em.com.br\/emfoco\/wp-json\/wp\/v2\/posts\/11103\/revisions"}],"predecessor-version":[{"id":11105,"href":"https:\/\/www.em.com.br\/emfoco\/wp-json\/wp\/v2\/posts\/11103\/revisions\/11105"}],"wp:featuredmedia":[{"embeddable":true,"href":"https:\/\/www.em.com.br\/emfoco\/wp-json\/wp\/v2\/media\/6730"}],"wp:attachment":[{"href":"https:\/\/www.em.com.br\/emfoco\/wp-json\/wp\/v2\/media?parent=11103"}],"wp:term":[{"taxonomy":"category","embeddable":true,"href":"https:\/\/www.em.com.br\/emfoco\/wp-json\/wp\/v2\/categories?post=11103"},{"taxonomy":"post_tag","embeddable":true,"href":"https:\/\/www.em.com.br\/emfoco\/wp-json\/wp\/v2\/tags?post=11103"}],"curies":[{"name":"wp","href":"https:\/\/api.w.org\/{rel}","templated":true}]}}