{"id":110929,"date":"2025-10-04T10:58:00","date_gmt":"2025-10-04T13:58:00","guid":{"rendered":"https:\/\/www.em.com.br\/emfoco\/?p=110929"},"modified":"2025-10-02T20:08:16","modified_gmt":"2025-10-02T23:08:16","slug":"nova-lei-da-licenca-maternidade-garante-mais-cuidado-para-o-bebe","status":"publish","type":"post","link":"https:\/\/www.em.com.br\/emfoco\/2025\/10\/04\/nova-lei-da-licenca-maternidade-garante-mais-cuidado-para-o-bebe\/","title":{"rendered":"Nova lei da licen\u00e7a-maternidade garante mais cuidado para o beb\u00ea"},"content":{"rendered":"\n<p>A recente aprova\u00e7\u00e3o de novas regras para a concess\u00e3o de licen\u00e7a-maternidade e sal\u00e1rio-maternidade no Brasil, sancionada pelo presidente <strong>Luiz In\u00e1cio Lula da Silva<\/strong>, trouxe mudan\u00e7as significativas para casos de interna\u00e7\u00e3o prolongada da m\u00e3e ou do rec\u00e9m-nascido. Essa nova legisla\u00e7\u00e3o estabelece que, em situa\u00e7\u00f5es onde a interna\u00e7\u00e3o dura mais de duas semanas, tanto a licen\u00e7a-maternidade quanto o sal\u00e1rio podem ser estendidos em <strong>at\u00e9 120 dias<\/strong>. Este per\u00edodo come\u00e7a a ser contado a partir da data de alta hospitalar, seja da m\u00e3e ou do beb\u00ea, priorizando aquele que sair por \u00faltimo.<\/p>\n\n\n\n<p>O diferencial desta nova norma \u00e9 que ela altera o marco inicial da contagem dos benef\u00edcios. Anteriormente, o per\u00edodo de licen\u00e7a come\u00e7ava a partir do parto. Com a nova regulamenta\u00e7\u00e3o, o foco se desloca para a alta hospitalar, oferecendo \u00e0 m\u00e3e e ao rec\u00e9m-nascido um tempo de adapta\u00e7\u00e3o e cuidado ampliado. Isto \u00e9 particularmente importante nos primeiros meses de vida do beb\u00ea, considerados cruciais para o desenvolvimento inicial. Especialistas na \u00e1rea do <strong>Direito do Trabalho<\/strong> salientam que esta mudan\u00e7a vem alinhar o <strong>Brasil <\/strong>\u00e0s pr\u00e1ticas j\u00e1 observadas em algumas decis\u00f5es judiciais anteriores, formalizando uma abordagem mais humanizada.<\/p>\n\n\n\n<h2 class=\"wp-block-heading\">Como funcionam os novos crit\u00e9rios para a licen\u00e7a-maternidade?<\/h2>\n\n\n<div class=\"wp-block-image\">\n<figure class=\"aligncenter size-large\"><img loading=\"lazy\" decoding=\"async\" width=\"1024\" height=\"576\" src=\"https:\/\/www.em.com.br\/emfoco\/wp-content\/uploads\/2025\/06\/gravida-trabalhando_1749545919753-1024x576.jpg\" alt=\"O que a mulher de neg\u00f3cios precisa saber sobre o MEI em 2025\" class=\"wp-image-58540\" srcset=\"https:\/\/www.em.com.br\/emfoco\/wp-content\/uploads\/2025\/06\/gravida-trabalhando_1749545919753-1024x576.jpg 1024w, https:\/\/www.em.com.br\/emfoco\/wp-content\/uploads\/2025\/06\/gravida-trabalhando_1749545919753-300x169.jpg 300w, https:\/\/www.em.com.br\/emfoco\/wp-content\/uploads\/2025\/06\/gravida-trabalhando_1749545919753-768x432.jpg 768w, https:\/\/www.em.com.br\/emfoco\/wp-content\/uploads\/2025\/06\/gravida-trabalhando_1749545919753-750x422.jpg 750w, https:\/\/www.em.com.br\/emfoco\/wp-content\/uploads\/2025\/06\/gravida-trabalhando_1749545919753-1140x641.jpg 1140w, https:\/\/www.em.com.br\/emfoco\/wp-content\/uploads\/2025\/06\/gravida-trabalhando_1749545919753.jpg 1280w\" sizes=\"auto, (max-width: 1024px) 100vw, 1024px\" \/><figcaption class=\"wp-element-caption\">Mulher gr\u00e1vida trabalhando de casa &#8211; Cr\u00e9ditos: depositphotos.com \/ konstantynov<\/figcaption><\/figure><\/div>\n\n\n<p>Com a san\u00e7\u00e3o das novas regras, a din\u00e2mica de concess\u00e3o da <a href=\"https:\/\/www.camara.leg.br\/noticias\/1206025-lei-amplia-licenca-maternidade-apos-internacoes-prolongadas\/\" target=\"_blank\" rel=\"noreferrer noopener\">licen\u00e7a-maternidade<\/a> foi ajustada para melhor atender situa\u00e7\u00f5es complexas de sa\u00fade que envolvam longas interna\u00e7\u00f5es. Isso significa que, caso a m\u00e3e ou seu beb\u00ea permane\u00e7am hospitalizados por um per\u00edodo superior a duas semanas, a licen\u00e7a come\u00e7ar\u00e1 a ser contada apenas ap\u00f3s a alta, proporcionando mais tempo para o estabelecimento do v\u00ednculo e cuidado necess\u00e1rio ao rec\u00e9m-nascido.<\/p>\n\n\n\n<p>Al\u00e9m disso, o impacto n\u00e3o recai unicamente sobre as fam\u00edlias beneficiadas, mas tamb\u00e9m sobre as empresas e o <strong>Instituto Nacional do Seguro Social<\/strong> (INSS), que are da log\u00edstica do pagamento do sal\u00e1rio-maternidade. O empregador \u00e9 respons\u00e1vel por pagar inicialmente esse benef\u00edcio, contudo, tem direito a compensar esse valor nas contribui\u00e7\u00f5es previdenci\u00e1rias subsequentes. Para categorias de seguradas especiais, como empregadas dom\u00e9sticas, o sal\u00e1rio-maternidade \u00e9 diretamente pago pelo <strong>INSS<\/strong>.<\/p>\n\n\n\n<h2 class=\"wp-block-heading\">O que muda para as empresas com as novas regras?<\/h2>\n\n\n\n<p>Para as empresas, a nova legisla\u00e7\u00e3o n\u00e3o s\u00f3 requer ajustamentos nas pr\u00e1ticas administrativas, mas tamb\u00e9m oferece mais clareza quanto \u00e0s suas obriga\u00e7\u00f5es legais. O pagamento inicial do sal\u00e1rio-maternidade pelas empresas pode ser deduzido nas contribui\u00e7\u00f5es futuras ao <strong>INSS<\/strong>, evitando, assim, uma sobrecarga financeira. Esta estrutura busca garantir um equil\u00edbrio saud\u00e1vel entre os direitos das trabalhadoras e a capacidade de compliance das empresas.<\/p>\n\n\n\n<ul class=\"wp-block-list\">\n<li>Pagamento inicial do sal\u00e1rio-maternidade pela empresa.<\/li>\n\n\n\n<li>Compensa\u00e7\u00e3o futura com o <strong>INSS<\/strong>.<\/li>\n\n\n\n<li>Alinhamento com pr\u00e1ticas jur\u00eddicas preexistentes.<\/li>\n<\/ul>\n\n\n\n<p>Leia mais: <a href=\"https:\/\/www.em.com.br\/emfoco\/2025\/08\/24\/saiba-como-receber-o-salario-maternidade-na-adocao\/\" target=\"_blank\" rel=\"noreferrer noopener\">Saiba como receber o sal\u00e1rio-maternidade na ado\u00e7\u00e3o<\/a><\/p>\n\n\n\n<h2 class=\"wp-block-heading\">Quais s\u00e3o os impactos sociais da nova licen\u00e7a-maternidade?<\/h2>\n\n\n\n<p>A implementa\u00e7\u00e3o dessa nova regra pode ter repercuss\u00f5es sociais significativas, especialmente no que diz respeito ao fortalecimento dos la\u00e7os familiares e ao desenvolvimento saud\u00e1vel na primeira inf\u00e2ncia. Com mais tempo dispon\u00edvel para cuidados p\u00f3s-parto, espera-se um impacto enriquecedor na qualidade de vida tanto das m\u00e3es quanto dos beb\u00eas. <\/p>\n\n\n\n<p>Este \u00e9 um passo importante na dire\u00e7\u00e3o de pol\u00edticas p\u00fablicas que reconhecem e valorizam o papel essencial das mulheres na sociedade, garantindo que suas necessidades sejam atendidas de forma justa e equitativa. A san\u00e7\u00e3o da nova legisla\u00e7\u00e3o representa um avan\u00e7o significativo na promo\u00e7\u00e3o dos direitos das m\u00e3es trabalhadoras no <strong>Brasil<\/strong>.<\/p>\n","protected":false},"excerpt":{"rendered":"<p>A recente aprova\u00e7\u00e3o de novas regras para a concess\u00e3o de licen\u00e7a-maternidade e sal\u00e1rio-maternidade no Brasil, sancionada pelo presidente Luiz In\u00e1cio Lula da Silva, trouxe mudan\u00e7as significativas para casos de interna\u00e7\u00e3o prolongada da m\u00e3e ou do rec\u00e9m-nascido. Essa nova legisla\u00e7\u00e3o estabelece que, em situa\u00e7\u00f5es onde a interna\u00e7\u00e3o dura mais de duas semanas, tanto a licen\u00e7a-maternidade quanto [&hellip;]<\/p>\n","protected":false},"author":20,"featured_media":54996,"comment_status":"open","ping_status":"open","sticky":false,"template":"","format":"standard","meta":{"jnews-multi-image_gallery":[],"jnews_single_post":{"format":"standard"},"jnews_primary_category":[],"jnews_social_meta":[],"jnews_override_counter":[],"footnotes":""},"categories":[28,1],"tags":[174,10286,8281],"class_list":["post-110929","post","type-post","status-publish","format-standard","has-post-thumbnail","hentry","category-economia","category-noticias","tag-inss","tag-licenca-maternidade","tag-maes"],"yoast_head":"<!-- This site is optimized with the Yoast SEO plugin v23.8 - https:\/\/yoast.com\/wordpress\/plugins\/seo\/ -->\n<title>Nova lei da licen\u00e7a-maternidade garante mais cuidado para o beb\u00ea - Estado de Minas - Em foco<\/title>\n<meta name=\"description\" content=\"A nova lei da licen\u00e7a-maternidade estende o benef\u00edcio ap\u00f3s 14 dias de interna\u00e7\u00e3o. Garanta 120 dias de cuidado e seguran\u00e7a para o seu beb\u00ea.\" \/>\n<meta name=\"robots\" content=\"index, follow, max-snippet:-1, max-image-preview:large, max-video-preview:-1\" \/>\n<link rel=\"canonical\" href=\"https:\/\/www.em.com.br\/emfoco\/2025\/10\/04\/nova-lei-da-licenca-maternidade-garante-mais-cuidado-para-o-bebe\/\" \/>\n<meta property=\"og:locale\" content=\"pt_BR\" \/>\n<meta property=\"og:type\" content=\"article\" \/>\n<meta property=\"og:title\" content=\"Nova lei da licen\u00e7a-maternidade garante mais cuidado para o beb\u00ea - Estado de Minas - Em foco\" \/>\n<meta property=\"og:description\" content=\"A nova lei da licen\u00e7a-maternidade estende o benef\u00edcio ap\u00f3s 14 dias de interna\u00e7\u00e3o. Garanta 120 dias de cuidado e seguran\u00e7a para o seu beb\u00ea.\" \/>\n<meta property=\"og:url\" content=\"https:\/\/www.em.com.br\/emfoco\/2025\/10\/04\/nova-lei-da-licenca-maternidade-garante-mais-cuidado-para-o-bebe\/\" \/>\n<meta property=\"og:site_name\" content=\"Estado de Minas - Em foco\" \/>\n<meta property=\"article:published_time\" content=\"2025-10-04T13:58:00+00:00\" \/>\n<meta property=\"article:modified_time\" content=\"2025-10-02T23:08:16+00:00\" \/>\n<meta property=\"og:image\" content=\"https:\/\/www.em.com.br\/emfoco\/wp-content\/uploads\/2025\/06\/bolsa-familia_1748976654013.jpg\" \/>\n\t<meta property=\"og:image:width\" content=\"1280\" \/>\n\t<meta property=\"og:image:height\" content=\"720\" \/>\n\t<meta property=\"og:image:type\" content=\"image\/jpeg\" \/>\n<meta name=\"author\" content=\"Ingrid Diniz\" \/>\n<meta name=\"twitter:card\" content=\"summary_large_image\" \/>\n<meta name=\"twitter:label1\" content=\"Escrito por\" \/>\n\t<meta name=\"twitter:data1\" content=\"Ingrid Diniz\" \/>\n\t<meta name=\"twitter:label2\" content=\"Est. tempo de leitura\" \/>\n\t<meta name=\"twitter:data2\" content=\"4 minutos\" \/>\n<!-- \/ Yoast SEO plugin. -->","yoast_head_json":{"title":"Nova lei da licen\u00e7a-maternidade garante mais cuidado para o beb\u00ea - Estado de Minas - Em foco","description":"A nova lei da licen\u00e7a-maternidade estende o benef\u00edcio ap\u00f3s 14 dias de interna\u00e7\u00e3o. Garanta 120 dias de cuidado e seguran\u00e7a para o seu beb\u00ea.","robots":{"index":"index","follow":"follow","max-snippet":"max-snippet:-1","max-image-preview":"max-image-preview:large","max-video-preview":"max-video-preview:-1"},"canonical":"https:\/\/www.em.com.br\/emfoco\/2025\/10\/04\/nova-lei-da-licenca-maternidade-garante-mais-cuidado-para-o-bebe\/","og_locale":"pt_BR","og_type":"article","og_title":"Nova lei da licen\u00e7a-maternidade garante mais cuidado para o beb\u00ea - Estado de Minas - Em foco","og_description":"A nova lei da licen\u00e7a-maternidade estende o benef\u00edcio ap\u00f3s 14 dias de interna\u00e7\u00e3o. Garanta 120 dias de cuidado e seguran\u00e7a para o seu beb\u00ea.","og_url":"https:\/\/www.em.com.br\/emfoco\/2025\/10\/04\/nova-lei-da-licenca-maternidade-garante-mais-cuidado-para-o-bebe\/","og_site_name":"Estado de Minas - Em foco","article_published_time":"2025-10-04T13:58:00+00:00","article_modified_time":"2025-10-02T23:08:16+00:00","og_image":[{"width":1280,"height":720,"url":"https:\/\/www.em.com.br\/emfoco\/wp-content\/uploads\/2025\/06\/bolsa-familia_1748976654013.jpg","type":"image\/jpeg"}],"author":"Ingrid Diniz","twitter_card":"summary_large_image","twitter_misc":{"Escrito por":"Ingrid Diniz","Est. tempo de leitura":"4 minutos"},"schema":{"@context":"https:\/\/schema.org","@graph":[{"@type":"WebPage","@id":"https:\/\/www.em.com.br\/emfoco\/2025\/10\/04\/nova-lei-da-licenca-maternidade-garante-mais-cuidado-para-o-bebe\/","url":"https:\/\/www.em.com.br\/emfoco\/2025\/10\/04\/nova-lei-da-licenca-maternidade-garante-mais-cuidado-para-o-bebe\/","name":"Nova lei da licen\u00e7a-maternidade garante mais cuidado para o beb\u00ea - Estado de Minas - Em foco","isPartOf":{"@id":"https:\/\/www.em.com.br\/emfoco\/#website"},"primaryImageOfPage":{"@id":"https:\/\/www.em.com.br\/emfoco\/2025\/10\/04\/nova-lei-da-licenca-maternidade-garante-mais-cuidado-para-o-bebe\/#primaryimage"},"image":{"@id":"https:\/\/www.em.com.br\/emfoco\/2025\/10\/04\/nova-lei-da-licenca-maternidade-garante-mais-cuidado-para-o-bebe\/#primaryimage"},"thumbnailUrl":"https:\/\/www.em.com.br\/emfoco\/wp-content\/uploads\/2025\/06\/bolsa-familia_1748976654013.jpg","datePublished":"2025-10-04T13:58:00+00:00","dateModified":"2025-10-02T23:08:16+00:00","author":{"@id":"https:\/\/www.em.com.br\/emfoco\/#\/schema\/person\/649e610b4eb8fff87ff394e54fe17b2b"},"description":"A nova lei da licen\u00e7a-maternidade estende o benef\u00edcio ap\u00f3s 14 dias de interna\u00e7\u00e3o. Garanta 120 dias de cuidado e seguran\u00e7a para o seu beb\u00ea.","breadcrumb":{"@id":"https:\/\/www.em.com.br\/emfoco\/2025\/10\/04\/nova-lei-da-licenca-maternidade-garante-mais-cuidado-para-o-bebe\/#breadcrumb"},"inLanguage":"pt-BR","potentialAction":[{"@type":"ReadAction","target":["https:\/\/www.em.com.br\/emfoco\/2025\/10\/04\/nova-lei-da-licenca-maternidade-garante-mais-cuidado-para-o-bebe\/"]}]},{"@type":"ImageObject","inLanguage":"pt-BR","@id":"https:\/\/www.em.com.br\/emfoco\/2025\/10\/04\/nova-lei-da-licenca-maternidade-garante-mais-cuidado-para-o-bebe\/#primaryimage","url":"https:\/\/www.em.com.br\/emfoco\/wp-content\/uploads\/2025\/06\/bolsa-familia_1748976654013.jpg","contentUrl":"https:\/\/www.em.com.br\/emfoco\/wp-content\/uploads\/2025\/06\/bolsa-familia_1748976654013.jpg","width":1280,"height":720,"caption":"Governo n\u00e3o paga d\u00e9cimo terceiro do Bolsa Fam\u00edlia, mas mant\u00e9m benef\u00edcios regulares - Cr\u00e9ditos: depositphotos.com \/ AllaSerebrina"},{"@type":"BreadcrumbList","@id":"https:\/\/www.em.com.br\/emfoco\/2025\/10\/04\/nova-lei-da-licenca-maternidade-garante-mais-cuidado-para-o-bebe\/#breadcrumb","itemListElement":[{"@type":"ListItem","position":1,"name":"In\u00edcio","item":"https:\/\/www.em.com.br\/emfoco\/"},{"@type":"ListItem","position":2,"name":"Nova lei da licen\u00e7a-maternidade garante mais cuidado para o beb\u00ea"}]},{"@type":"WebSite","@id":"https:\/\/www.em.com.br\/emfoco\/#website","url":"https:\/\/www.em.com.br\/emfoco\/","name":"Estado de Minas - Em foco","description":"Acompanhe as \u00faltimas not\u00edcias e fique bem informado sobre tudo o que acontece em Minas Gerais, Brasil e no mundo.","potentialAction":[{"@type":"SearchAction","target":{"@type":"EntryPoint","urlTemplate":"https:\/\/www.em.com.br\/emfoco\/?s={search_term_string}"},"query-input":{"@type":"PropertyValueSpecification","valueRequired":true,"valueName":"search_term_string"}}],"inLanguage":"pt-BR"},{"@type":"Person","@id":"https:\/\/www.em.com.br\/emfoco\/#\/schema\/person\/649e610b4eb8fff87ff394e54fe17b2b","name":"Ingrid Diniz","image":{"@type":"ImageObject","inLanguage":"pt-BR","@id":"https:\/\/www.em.com.br\/emfoco\/#\/schema\/person\/image\/","url":"https:\/\/secure.gravatar.com\/avatar\/a3baa1449ec5c39b4c42babc9d4f3951?s=96&d=mm&r=g","contentUrl":"https:\/\/secure.gravatar.com\/avatar\/a3baa1449ec5c39b4c42babc9d4f3951?s=96&d=mm&r=g","caption":"Ingrid Diniz"},"sameAs":["https:\/\/www.em.com.br\/"],"url":"https:\/\/www.em.com.br\/emfoco\/author\/ingridmyth\/"}]}},"_links":{"self":[{"href":"https:\/\/www.em.com.br\/emfoco\/wp-json\/wp\/v2\/posts\/110929","targetHints":{"allow":["GET"]}}],"collection":[{"href":"https:\/\/www.em.com.br\/emfoco\/wp-json\/wp\/v2\/posts"}],"about":[{"href":"https:\/\/www.em.com.br\/emfoco\/wp-json\/wp\/v2\/types\/post"}],"author":[{"embeddable":true,"href":"https:\/\/www.em.com.br\/emfoco\/wp-json\/wp\/v2\/users\/20"}],"replies":[{"embeddable":true,"href":"https:\/\/www.em.com.br\/emfoco\/wp-json\/wp\/v2\/comments?post=110929"}],"version-history":[{"count":2,"href":"https:\/\/www.em.com.br\/emfoco\/wp-json\/wp\/v2\/posts\/110929\/revisions"}],"predecessor-version":[{"id":110960,"href":"https:\/\/www.em.com.br\/emfoco\/wp-json\/wp\/v2\/posts\/110929\/revisions\/110960"}],"wp:featuredmedia":[{"embeddable":true,"href":"https:\/\/www.em.com.br\/emfoco\/wp-json\/wp\/v2\/media\/54996"}],"wp:attachment":[{"href":"https:\/\/www.em.com.br\/emfoco\/wp-json\/wp\/v2\/media?parent=110929"}],"wp:term":[{"taxonomy":"category","embeddable":true,"href":"https:\/\/www.em.com.br\/emfoco\/wp-json\/wp\/v2\/categories?post=110929"},{"taxonomy":"post_tag","embeddable":true,"href":"https:\/\/www.em.com.br\/emfoco\/wp-json\/wp\/v2\/tags?post=110929"}],"curies":[{"name":"wp","href":"https:\/\/api.w.org\/{rel}","templated":true}]}}