{"id":110914,"date":"2025-10-03T10:38:00","date_gmt":"2025-10-03T13:38:00","guid":{"rendered":"https:\/\/www.em.com.br\/emfoco\/?p=110914"},"modified":"2025-10-02T18:56:07","modified_gmt":"2025-10-02T21:56:07","slug":"secretaria-de-saude-divulga-dados-da-doenca-que-ja-tem-29-casos-confirmado-saiba-prevenir","status":"publish","type":"post","link":"https:\/\/www.em.com.br\/emfoco\/2025\/10\/03\/secretaria-de-saude-divulga-dados-da-doenca-que-ja-tem-29-casos-confirmado-saiba-prevenir\/","title":{"rendered":"Secretaria de Sa\u00fade divulga dados da doen\u00e7a que j\u00e1 tem 29 casos confirmado, saiba prevenir"},"content":{"rendered":"\n<p>Os casos de\u00a0<strong>febre maculosa<\/strong>\u00a0em\u00a0<strong>Minas Gerais<\/strong>\u00a0t\u00eam atingido principalmente jovens do sexo masculino, <a href=\"https:\/\/www.saude.mg.gov.br\/noticias\/febre-maculosa\/#:~:text=Febre%2C%20dor%20de%20cabe%C3%A7a%20intensa,casos%20da%20doen%C3%A7a%20no%20estado.\" target=\"_blank\" rel=\"noreferrer noopener\">conforme o \u00faltimo boletim, divulgado no dia 1\u00ba de outubro<\/a>, da\u00a0<strong>Secretaria de Estado de Sa\u00fade de Minas Gerais<\/strong>\u00a0(SES-MG). Ao todo, 29 casos foram confirmados desde o \u00faltimo levantamento, com quatro mortes registradas. A seguir, destacamos pontos essenciais sobre a doen\u00e7a:<\/p>\n\n\n\n<ul class=\"wp-block-list\">\n<li><strong>Transmiss\u00e3o:<\/strong>\u00a0A febre maculosa \u00e9 transmitida pelo carrapato-estrela.<\/li>\n\n\n\n<li><strong>Preven\u00e7\u00e3o:<\/strong>\u00a0Medidas de higiene ambiental podem reduzir o risco.<\/li>\n\n\n\n<li><strong>Tratamento:<\/strong>\u00a0Antibi\u00f3ticos s\u00e3o eficazes se administrados precocemente.<\/li>\n<\/ul>\n\n\n\n<h2 class=\"wp-block-heading\">O que \u00e9 a febre maculosa e como ela \u00e9 transmitida?<\/h2>\n\n\n\n<p>A\u00a0<strong>febre maculosa<\/strong>\u00a0\u00e9 uma doen\u00e7a infecciosa grave, transmitida atrav\u00e9s do<strong> carrapato-estrela<\/strong> (<em>Amblyomma sculptum<\/em>). Esses carrapatos atuam como vetores ao se alimentarem de sangue de animais dom\u00e9sticos e silvestres.<\/p>\n\n\n\n<p>A exposi\u00e7\u00e3o maior ocorre em \u00e1reas rurais ou pr\u00f3ximas a ambientes naturalmente preservados, como em munic\u00edpios do interior de <strong>Minas Gerais<\/strong>, onde a intera\u00e7\u00e3o com esses carrapatos \u00e9 mais prov\u00e1vel. A doen\u00e7a est\u00e1 presente tamb\u00e9m em outros estados do <strong>Brasil<\/strong>, como S\u00e3o Paulo e Rio de Janeiro, mas Minas Gerais tem destaque em n\u00famero de casos neste ano.<\/p>\n\n\n\n<h2 class=\"wp-block-heading\">Como prevenir a febre maculosa?<\/h2>\n\n\n\n<p>Para reduzir o risco de transmiss\u00e3o, a&nbsp;<strong>vigil\u00e2ncia ambiental<\/strong>&nbsp;\u00e9 essencial. Manter ambientes limpos, com gramados podados e a devida limpeza urbana \u00e9 uma das principais medidas preventivas.<\/p>\n\n\n\n<figure class=\"wp-block-image\"><img decoding=\"async\" src=\"https:\/\/www.em.com.br\/emfoco\/wp-content\/uploads\/2025\/06\/febre-amarela-_1751325187691-1024x576.jpg\" alt=\"\"\/><figcaption class=\"wp-element-caption\">Saiba como se prevenir &#8211; Cr\u00e9ditos: depositphotos.com \/ Ischukigor<\/figcaption><\/figure>\n\n\n\n<p>Especialistas recomendam o uso de roupas claras, de mangas compridas, e a aplica\u00e7\u00e3o de repelentes \u00e0 base de icaridina para prevenir a infesta\u00e7\u00e3o por carrapatos. Em \u00e1reas urbanas, \u00e9 importante seguir orienta\u00e7\u00f5es das Secretarias Municipais de Sa\u00fade, especialmente durante eventos rurais ou temporadas de maior incid\u00eancia da doen\u00e7a.<\/p>\n\n\n\n<h2 class=\"wp-block-heading\">Qual \u00e9 o tratamento indicado para a febre maculosa?<\/h2>\n\n\n\n<p>Antibi\u00f3ticos est\u00e3o dispon\u00edveis na rede p\u00fablica e s\u00e3o essenciais para o tratamento da febre maculosa se administrados precocemente. Os casos graves ocorrem geralmente pela demora em buscar atendimento m\u00e9dico ap\u00f3s os primeiros sintomas.<\/p>\n\n\n\n<p>Conforme orienta\u00e7\u00f5es das autoridades de sa\u00fade, remover <a href=\"https:\/\/www.em.com.br\/emfoco\/2025\/09\/15\/essas-plantas-poderosas-sao-ideais-para-afastar-pulgas-e-carrapatos\/\" target=\"_blank\" rel=\"noreferrer noopener\">carrapatos <\/a>do corpo o mais r\u00e1pido poss\u00edvel pode evitar a transmiss\u00e3o da doen\u00e7a. O diagn\u00f3stico r\u00e1pido, principalmente em cidades do interior onde h\u00e1 hist\u00f3rico recente de casos, \u00e9 fundamental para o sucesso do tratamento.<\/p>\n\n\n\n<h2 class=\"wp-block-heading\">Como est\u00e3o os n\u00fameros e as tend\u00eancias recentes?<\/h2>\n\n\n\n<p>Apesar de preocupantes, os n\u00fameros deste ano mostram uma redu\u00e7\u00e3o em compara\u00e7\u00e3o aos anos anteriores. Em&nbsp;<strong>2024<\/strong>, foram registrados 95 casos com quatro mortes, enquanto em 2023, 90 casos e 20 mortes ocorreram.<\/p>\n\n\n\n<p>O acompanhamento cont\u00ednuo e a capacita\u00e7\u00e3o das equipes de sa\u00fade t\u00eam sido fundamentais para essa melhoria. Al\u00e9m disso, campanhas de preven\u00e7\u00e3o organizadas pela Secretaria de <strong>Estado de Sa\u00fade de Minas Gerais<\/strong> t\u00eam fortalecido a conscientiza\u00e7\u00e3o, especialmente no m\u00eas de junho.<\/p>\n\n\n\n<h2 class=\"wp-block-heading\">Quais s\u00e3o as principais medidas de preven\u00e7\u00e3o e sa\u00fade?<\/h2>\n\n\n\n<ul class=\"wp-block-list\">\n<li>Use roupas e cal\u00e7ados adequados em \u00e1reas de risco.<\/li>\n\n\n\n<li>Examine seu corpo e animais de estima\u00e7\u00e3o ap\u00f3s passeios em \u00e1reas infestas por carrapatos.<\/li>\n\n\n\n<li>Utilize carrapaticidas em animais dom\u00e9sticos conforme a orienta\u00e7\u00e3o do veterin\u00e1rio.<\/li>\n\n\n\n<li>Evite frequentar \u00e1reas conhecidas por altos \u00edndices de infesta\u00e7\u00e3o durante per\u00edodos de surto, especialmente em munic\u00edpios de Minas Gerais.<\/li>\n<\/ul>\n\n\n\n<h2 class=\"wp-block-heading\">Febre maculosa: quais s\u00e3o os principais alertas?<\/h2>\n\n\n\n<ul class=\"wp-block-list\">\n<li>A febre maculosa \u00e9 transmitida por carrapatos e afeta principalmente jovens.<\/li>\n\n\n\n<li>Medidas de preven\u00e7\u00e3o s\u00e3o cruciais para evitar novos casos.<\/li>\n\n\n\n<li>Tratamento precoce com antibi\u00f3ticos pode salvar vidas.<\/li>\n\n\n\n<li>Em caso de sintomas como febre alta, dor de cabe\u00e7a intensa e manchas pelo corpo ap\u00f3s contato com \u00e1reas de risco, procure imediatamente a unidade de sa\u00fade mais pr\u00f3xima.<\/li>\n<\/ul>\n","protected":false},"excerpt":{"rendered":"<p>Os casos de\u00a0febre maculosa\u00a0em\u00a0Minas Gerais\u00a0t\u00eam atingido principalmente jovens do sexo masculino, conforme o \u00faltimo boletim, divulgado no dia 1\u00ba de outubro, da\u00a0Secretaria de Estado de Sa\u00fade de Minas Gerais\u00a0(SES-MG). Ao todo, 29 casos foram confirmados desde o \u00faltimo levantamento, com quatro mortes registradas. A seguir, destacamos pontos essenciais sobre a doen\u00e7a: O que \u00e9 a [&hellip;]<\/p>\n","protected":false},"author":11,"featured_media":59341,"comment_status":"open","ping_status":"open","sticky":false,"template":"","format":"standard","meta":{"jnews-multi-image_gallery":[],"jnews_single_post":{"format":"standard"},"jnews_primary_category":[],"jnews_social_meta":[],"jnews_override_counter":[],"footnotes":""},"categories":[1,9053],"tags":[8462,8973,16951,913],"class_list":["post-110914","post","type-post","status-publish","format-standard","has-post-thumbnail","hentry","category-noticias","category-saude","tag-carrapato","tag-febre","tag-febre-maculosa","tag-prevencao"],"yoast_head":"<!-- This site is optimized with the Yoast SEO plugin v23.8 - https:\/\/yoast.com\/wordpress\/plugins\/seo\/ -->\n<title>Secretaria de Sa\u00fade divulga dados da doen\u00e7a que j\u00e1 tem 29 casos confirmado, saiba prevenir - Estado de Minas - Em foco<\/title>\n<meta name=\"description\" content=\"Minas Gerais registra novos casos segundo a Secret\u00e1ria de Sa\u00fade em 2025. Saiba como se proteger e quais os sintomas mais perigosos.\" \/>\n<meta name=\"robots\" content=\"index, follow, max-snippet:-1, max-image-preview:large, max-video-preview:-1\" \/>\n<link rel=\"canonical\" href=\"https:\/\/www.em.com.br\/emfoco\/2025\/10\/03\/secretaria-de-saude-divulga-dados-da-doenca-que-ja-tem-29-casos-confirmado-saiba-prevenir\/\" \/>\n<meta property=\"og:locale\" content=\"pt_BR\" \/>\n<meta property=\"og:type\" content=\"article\" \/>\n<meta property=\"og:title\" content=\"Secretaria de Sa\u00fade divulga dados da doen\u00e7a que j\u00e1 tem 29 casos confirmado, saiba prevenir - Estado de Minas - Em foco\" \/>\n<meta property=\"og:description\" content=\"Minas Gerais registra novos casos segundo a Secret\u00e1ria de Sa\u00fade em 2025. Saiba como se proteger e quais os sintomas mais perigosos.\" \/>\n<meta property=\"og:url\" content=\"https:\/\/www.em.com.br\/emfoco\/2025\/10\/03\/secretaria-de-saude-divulga-dados-da-doenca-que-ja-tem-29-casos-confirmado-saiba-prevenir\/\" \/>\n<meta property=\"og:site_name\" content=\"Estado de Minas - Em foco\" \/>\n<meta property=\"article:published_time\" content=\"2025-10-03T13:38:00+00:00\" \/>\n<meta property=\"article:modified_time\" content=\"2025-10-02T21:56:07+00:00\" \/>\n<meta property=\"og:image\" content=\"https:\/\/www.em.com.br\/emfoco\/wp-content\/uploads\/2025\/06\/febre_1749733428552.jpg\" \/>\n\t<meta property=\"og:image:width\" content=\"1280\" \/>\n\t<meta property=\"og:image:height\" content=\"720\" \/>\n\t<meta property=\"og:image:type\" content=\"image\/jpeg\" \/>\n<meta name=\"author\" content=\"Andre\u0301 Rangel\u00a0\" \/>\n<meta name=\"twitter:card\" content=\"summary_large_image\" \/>\n<meta name=\"twitter:label1\" content=\"Escrito por\" \/>\n\t<meta name=\"twitter:data1\" content=\"Andre\u0301 Rangel\u00a0\" \/>\n\t<meta name=\"twitter:label2\" content=\"Est. tempo de leitura\" \/>\n\t<meta name=\"twitter:data2\" content=\"4 minutos\" \/>\n<!-- \/ Yoast SEO plugin. -->","yoast_head_json":{"title":"Secretaria de Sa\u00fade divulga dados da doen\u00e7a que j\u00e1 tem 29 casos confirmado, saiba prevenir - Estado de Minas - Em foco","description":"Minas Gerais registra novos casos segundo a Secret\u00e1ria de Sa\u00fade em 2025. Saiba como se proteger e quais os sintomas mais perigosos.","robots":{"index":"index","follow":"follow","max-snippet":"max-snippet:-1","max-image-preview":"max-image-preview:large","max-video-preview":"max-video-preview:-1"},"canonical":"https:\/\/www.em.com.br\/emfoco\/2025\/10\/03\/secretaria-de-saude-divulga-dados-da-doenca-que-ja-tem-29-casos-confirmado-saiba-prevenir\/","og_locale":"pt_BR","og_type":"article","og_title":"Secretaria de Sa\u00fade divulga dados da doen\u00e7a que j\u00e1 tem 29 casos confirmado, saiba prevenir - Estado de Minas - Em foco","og_description":"Minas Gerais registra novos casos segundo a Secret\u00e1ria de Sa\u00fade em 2025. Saiba como se proteger e quais os sintomas mais perigosos.","og_url":"https:\/\/www.em.com.br\/emfoco\/2025\/10\/03\/secretaria-de-saude-divulga-dados-da-doenca-que-ja-tem-29-casos-confirmado-saiba-prevenir\/","og_site_name":"Estado de Minas - Em foco","article_published_time":"2025-10-03T13:38:00+00:00","article_modified_time":"2025-10-02T21:56:07+00:00","og_image":[{"width":1280,"height":720,"url":"https:\/\/www.em.com.br\/emfoco\/wp-content\/uploads\/2025\/06\/febre_1749733428552.jpg","type":"image\/jpeg"}],"author":"Andre\u0301 Rangel\u00a0","twitter_card":"summary_large_image","twitter_misc":{"Escrito por":"Andre\u0301 Rangel\u00a0","Est. tempo de leitura":"4 minutos"},"schema":{"@context":"https:\/\/schema.org","@graph":[{"@type":"WebPage","@id":"https:\/\/www.em.com.br\/emfoco\/2025\/10\/03\/secretaria-de-saude-divulga-dados-da-doenca-que-ja-tem-29-casos-confirmado-saiba-prevenir\/","url":"https:\/\/www.em.com.br\/emfoco\/2025\/10\/03\/secretaria-de-saude-divulga-dados-da-doenca-que-ja-tem-29-casos-confirmado-saiba-prevenir\/","name":"Secretaria de Sa\u00fade divulga dados da doen\u00e7a que j\u00e1 tem 29 casos confirmado, saiba prevenir - Estado de Minas - Em foco","isPartOf":{"@id":"https:\/\/www.em.com.br\/emfoco\/#website"},"primaryImageOfPage":{"@id":"https:\/\/www.em.com.br\/emfoco\/2025\/10\/03\/secretaria-de-saude-divulga-dados-da-doenca-que-ja-tem-29-casos-confirmado-saiba-prevenir\/#primaryimage"},"image":{"@id":"https:\/\/www.em.com.br\/emfoco\/2025\/10\/03\/secretaria-de-saude-divulga-dados-da-doenca-que-ja-tem-29-casos-confirmado-saiba-prevenir\/#primaryimage"},"thumbnailUrl":"https:\/\/www.em.com.br\/emfoco\/wp-content\/uploads\/2025\/06\/febre_1749733428552.jpg","datePublished":"2025-10-03T13:38:00+00:00","dateModified":"2025-10-02T21:56:07+00:00","author":{"@id":"https:\/\/www.em.com.br\/emfoco\/#\/schema\/person\/60eda09c1fedf0d6891f4cef4b60b8b8"},"description":"Minas Gerais registra novos casos segundo a Secret\u00e1ria de Sa\u00fade em 2025. Saiba como se proteger e quais os sintomas mais perigosos.","breadcrumb":{"@id":"https:\/\/www.em.com.br\/emfoco\/2025\/10\/03\/secretaria-de-saude-divulga-dados-da-doenca-que-ja-tem-29-casos-confirmado-saiba-prevenir\/#breadcrumb"},"inLanguage":"pt-BR","potentialAction":[{"@type":"ReadAction","target":["https:\/\/www.em.com.br\/emfoco\/2025\/10\/03\/secretaria-de-saude-divulga-dados-da-doenca-que-ja-tem-29-casos-confirmado-saiba-prevenir\/"]}]},{"@type":"ImageObject","inLanguage":"pt-BR","@id":"https:\/\/www.em.com.br\/emfoco\/2025\/10\/03\/secretaria-de-saude-divulga-dados-da-doenca-que-ja-tem-29-casos-confirmado-saiba-prevenir\/#primaryimage","url":"https:\/\/www.em.com.br\/emfoco\/wp-content\/uploads\/2025\/06\/febre_1749733428552.jpg","contentUrl":"https:\/\/www.em.com.br\/emfoco\/wp-content\/uploads\/2025\/06\/febre_1749733428552.jpg","width":1280,"height":720,"caption":"Homem com febre - Cr\u00e9ditos: depositphotos.com \/ HayDmitriy"},{"@type":"BreadcrumbList","@id":"https:\/\/www.em.com.br\/emfoco\/2025\/10\/03\/secretaria-de-saude-divulga-dados-da-doenca-que-ja-tem-29-casos-confirmado-saiba-prevenir\/#breadcrumb","itemListElement":[{"@type":"ListItem","position":1,"name":"In\u00edcio","item":"https:\/\/www.em.com.br\/emfoco\/"},{"@type":"ListItem","position":2,"name":"Secretaria de Sa\u00fade divulga dados da doen\u00e7a que j\u00e1 tem 29 casos confirmado, saiba prevenir"}]},{"@type":"WebSite","@id":"https:\/\/www.em.com.br\/emfoco\/#website","url":"https:\/\/www.em.com.br\/emfoco\/","name":"Estado de Minas - Em foco","description":"Acompanhe as \u00faltimas not\u00edcias e fique bem informado sobre tudo o que acontece em Minas Gerais, Brasil e no mundo.","potentialAction":[{"@type":"SearchAction","target":{"@type":"EntryPoint","urlTemplate":"https:\/\/www.em.com.br\/emfoco\/?s={search_term_string}"},"query-input":{"@type":"PropertyValueSpecification","valueRequired":true,"valueName":"search_term_string"}}],"inLanguage":"pt-BR"},{"@type":"Person","@id":"https:\/\/www.em.com.br\/emfoco\/#\/schema\/person\/60eda09c1fedf0d6891f4cef4b60b8b8","name":"Andre\u0301 Rangel\u00a0","image":{"@type":"ImageObject","inLanguage":"pt-BR","@id":"https:\/\/www.em.com.br\/emfoco\/#\/schema\/person\/image\/","url":"https:\/\/secure.gravatar.com\/avatar\/6234dc814c77c8ef6d8bba622c787efc?s=96&d=mm&r=g","contentUrl":"https:\/\/secure.gravatar.com\/avatar\/6234dc814c77c8ef6d8bba622c787efc?s=96&d=mm&r=g","caption":"Andre\u0301 Rangel\u00a0"},"url":"https:\/\/www.em.com.br\/emfoco\/author\/luizmyth\/"}]}},"_links":{"self":[{"href":"https:\/\/www.em.com.br\/emfoco\/wp-json\/wp\/v2\/posts\/110914","targetHints":{"allow":["GET"]}}],"collection":[{"href":"https:\/\/www.em.com.br\/emfoco\/wp-json\/wp\/v2\/posts"}],"about":[{"href":"https:\/\/www.em.com.br\/emfoco\/wp-json\/wp\/v2\/types\/post"}],"author":[{"embeddable":true,"href":"https:\/\/www.em.com.br\/emfoco\/wp-json\/wp\/v2\/users\/11"}],"replies":[{"embeddable":true,"href":"https:\/\/www.em.com.br\/emfoco\/wp-json\/wp\/v2\/comments?post=110914"}],"version-history":[{"count":4,"href":"https:\/\/www.em.com.br\/emfoco\/wp-json\/wp\/v2\/posts\/110914\/revisions"}],"predecessor-version":[{"id":110925,"href":"https:\/\/www.em.com.br\/emfoco\/wp-json\/wp\/v2\/posts\/110914\/revisions\/110925"}],"wp:featuredmedia":[{"embeddable":true,"href":"https:\/\/www.em.com.br\/emfoco\/wp-json\/wp\/v2\/media\/59341"}],"wp:attachment":[{"href":"https:\/\/www.em.com.br\/emfoco\/wp-json\/wp\/v2\/media?parent=110914"}],"wp:term":[{"taxonomy":"category","embeddable":true,"href":"https:\/\/www.em.com.br\/emfoco\/wp-json\/wp\/v2\/categories?post=110914"},{"taxonomy":"post_tag","embeddable":true,"href":"https:\/\/www.em.com.br\/emfoco\/wp-json\/wp\/v2\/tags?post=110914"}],"curies":[{"name":"wp","href":"https:\/\/api.w.org\/{rel}","templated":true}]}}