{"id":110879,"date":"2025-10-06T07:18:00","date_gmt":"2025-10-06T10:18:00","guid":{"rendered":"https:\/\/www.em.com.br\/emfoco\/?p=110879"},"modified":"2025-10-02T17:39:04","modified_gmt":"2025-10-02T20:39:04","slug":"como-cultivar-hortela-fresca-em-casa-e-aproveitar-todos-seus-beneficios","status":"publish","type":"post","link":"https:\/\/www.em.com.br\/emfoco\/2025\/10\/06\/como-cultivar-hortela-fresca-em-casa-e-aproveitar-todos-seus-beneficios\/","title":{"rendered":"Como cultivar hortel\u00e3 fresca em casa e aproveitar todos seus benef\u00edcios"},"content":{"rendered":"\n<p>Ter <strong>hortel\u00e3 fresca<\/strong> em casa \u00e9 uma forma pr\u00e1tica e natural de melhorar a digest\u00e3o e aliviar problemas respirat\u00f3rios. Al\u00e9m disso, a planta \u00e9 f\u00e1cil de cultivar e se adapta bem a diferentes ambientes.<\/p>\n\n\n\n<ul class=\"wp-block-list\">\n<li>Melhora digestiva e al\u00edvio de azia<\/li>\n\n\n\n<li>Facilidade de cultivo em vasos e hortas<\/li>\n\n\n\n<li>Benef\u00edcios para respira\u00e7\u00e3o e bem-estar<\/li>\n<\/ul>\n\n\n\n<h2 class=\"wp-block-heading\">Por que a hortel\u00e3 \u00e9 t\u00e3o importante para digest\u00e3o e respira\u00e7\u00e3o?<\/h2>\n\n\n\n<p>A hortel\u00e3 possui \u00f3leos essenciais que auxiliam na digest\u00e3o e ajudam a relaxar o sistema respirat\u00f3rio. <strong>O consumo regular pode reduzir gases e aliviar sintomas de azia<\/strong>, tornando as refei\u00e7\u00f5es mais leves.<\/p>\n\n\n\n<p>No sistema respirat\u00f3rio, suas propriedades refrescantes ajudam a abrir as vias a\u00e9reas. Por isso, o uso de ch\u00e1s e inala\u00e7\u00f5es com hortel\u00e3 pode trazer conforto para quem sofre com congest\u00e3o nasal ou resfriados.<\/p>\n\n\n\n<figure class=\"wp-block-image size-large\"><img loading=\"lazy\" decoding=\"async\" width=\"1024\" height=\"576\" src=\"https:\/\/www.em.com.br\/emfoco\/wp-content\/uploads\/2025\/10\/Digestao_1759437269139-1024x576.jpg\" alt=\"Como cultivar hortel\u00e3 fresca em casa e aproveitar todos seus benef\u00edcios\" class=\"wp-image-110888\" srcset=\"https:\/\/www.em.com.br\/emfoco\/wp-content\/uploads\/2025\/10\/Digestao_1759437269139-1024x576.jpg 1024w, https:\/\/www.em.com.br\/emfoco\/wp-content\/uploads\/2025\/10\/Digestao_1759437269139-300x169.jpg 300w, https:\/\/www.em.com.br\/emfoco\/wp-content\/uploads\/2025\/10\/Digestao_1759437269139-768x432.jpg 768w, https:\/\/www.em.com.br\/emfoco\/wp-content\/uploads\/2025\/10\/Digestao_1759437269139-750x422.jpg 750w, https:\/\/www.em.com.br\/emfoco\/wp-content\/uploads\/2025\/10\/Digestao_1759437269139-1140x641.jpg 1140w, https:\/\/www.em.com.br\/emfoco\/wp-content\/uploads\/2025\/10\/Digestao_1759437269139.jpg 1280w\" sizes=\"auto, (max-width: 1024px) 100vw, 1024px\" \/><figcaption class=\"wp-element-caption\">Melhora digestiva que alivia azia e n\u00e1useas naturalmente &#8211; Cr\u00e9ditos: depositphotos.com \/ macniak<\/figcaption><\/figure>\n\n\n\n<h2 class=\"wp-block-heading\">Quais s\u00e3o os principais benef\u00edcios da hortel\u00e3 no dia a dia?<\/h2>\n\n\n\n<p>Al\u00e9m do uso culin\u00e1rio, a hortel\u00e3 tamb\u00e9m est\u00e1 associada a <a href=\"https:\/\/www.tuasaude.com\/beneficios-do-cha-de-hortela\/\" target=\"_blank\" rel=\"noreferrer noopener\">benef\u00edcios para a sa\u00fade<\/a>. Entre os mais conhecidos, destacam-se:<\/p>\n\n\n\n<ul class=\"wp-block-list\">\n<li>Auxilia na digest\u00e3o e combate n\u00e1useas<\/li>\n\n\n\n<li>Ajuda a aliviar dores de cabe\u00e7a leves<\/li>\n\n\n\n<li>Melhora o h\u00e1lito de forma natural<\/li>\n\n\n\n<li>Contribui para reduzir sintomas de gripe e resfriado<\/li>\n<\/ul>\n\n\n\n<h2 class=\"wp-block-heading\">Como cultivar hortel\u00e3 fresca em casa de forma simples?<\/h2>\n\n\n\n<p>O cultivo da hortel\u00e3 \u00e9 considerado um dos mais f\u00e1ceis, ideal para iniciantes. Ela cresce rapidamente em vasos e canteiros, adaptando-se bem em ambientes internos e externos.<\/p>\n\n\n\n<p><strong>O segredo est\u00e1 em manter a planta em local iluminado e reg\u00e1-la com frequ\u00eancia moderada<\/strong>, evitando encharcamento. Assim, suas folhas permanecem verdes e arom\u00e1ticas por mais tempo.<\/p>\n\n\n\n<figure class=\"wp-block-image size-large\"><img loading=\"lazy\" decoding=\"async\" width=\"1024\" height=\"576\" src=\"https:\/\/www.em.com.br\/emfoco\/wp-content\/uploads\/2025\/10\/Hortela_1759437301468-1024x576.jpg\" alt=\"Como cultivar hortel\u00e3 fresca em casa e aproveitar todos seus benef\u00edcios\" class=\"wp-image-110890\" srcset=\"https:\/\/www.em.com.br\/emfoco\/wp-content\/uploads\/2025\/10\/Hortela_1759437301468-1024x576.jpg 1024w, https:\/\/www.em.com.br\/emfoco\/wp-content\/uploads\/2025\/10\/Hortela_1759437301468-300x169.jpg 300w, https:\/\/www.em.com.br\/emfoco\/wp-content\/uploads\/2025\/10\/Hortela_1759437301468-768x432.jpg 768w, https:\/\/www.em.com.br\/emfoco\/wp-content\/uploads\/2025\/10\/Hortela_1759437301468-750x422.jpg 750w, https:\/\/www.em.com.br\/emfoco\/wp-content\/uploads\/2025\/10\/Hortela_1759437301468-1140x641.jpg 1140w, https:\/\/www.em.com.br\/emfoco\/wp-content\/uploads\/2025\/10\/Hortela_1759437301468.jpg 1280w\" sizes=\"auto, (max-width: 1024px) 100vw, 1024px\" \/><figcaption class=\"wp-element-caption\">Facilidade de cultivo que traz sa\u00fade para dentro de casa &#8211; Cr\u00e9ditos: depositphotos.com \/ Andrelix<\/figcaption><\/figure>\n\n\n\n<p><em>Leia mais: <a href=\"https:\/\/www.em.com.br\/emfoco\/2025\/09\/30\/chas-que-ajudam-a-reduzir-a-ansiedade-e-garantir-noites-de-sono-reparador\/\" target=\"_blank\" rel=\"noreferrer noopener\">Ch\u00e1s que ajudam a reduzir a ansiedade e garantir noites de sono reparador<\/a><\/em><\/p>\n\n\n\n<h2 class=\"wp-block-heading\">Quais cuidados s\u00e3o essenciais para manter a hortel\u00e3 saud\u00e1vel?<\/h2>\n\n\n\n<p>A hortel\u00e3 precisa de poda regular para estimular novos brotos e evitar que as folhas fiquem amareladas. Esse cuidado tamb\u00e9m ajuda a controlar o crescimento da planta.<\/p>\n\n\n\n<p>Outro ponto importante \u00e9 manter o solo levemente \u00famido. Exposi\u00e7\u00e3o direta ao sol forte por longos per\u00edodos pode prejudicar o desenvolvimento, ent\u00e3o \u00e9 melhor optar por meia-sombra.<\/p>\n\n\n\n<h2 class=\"wp-block-heading\">Quais dicas extras ajudam no uso da hortel\u00e3 em casa?<\/h2>\n\n\n\n<p>Com pequenas pr\u00e1ticas, \u00e9 poss\u00edvel aproveitar ainda mais a hortel\u00e3 no dia a dia. Veja algumas ideias \u00fateis:<\/p>\n\n\n\n<ul class=\"wp-block-list\">\n<li>Coloque folhas frescas em \u00e1gua ou sucos para refrescar<\/li>\n\n\n\n<li>Use em ch\u00e1s relaxantes antes de dormir<\/li>\n\n\n\n<li>Prepare inala\u00e7\u00f5es com hortel\u00e3 para aliviar congest\u00e3o<\/li>\n<\/ul>\n","protected":false},"excerpt":{"rendered":"<p>Ter hortel\u00e3 fresca em casa \u00e9 uma forma pr\u00e1tica e natural de melhorar a digest\u00e3o e aliviar problemas respirat\u00f3rios. Al\u00e9m disso, a planta \u00e9 f\u00e1cil de cultivar e se adapta bem a diferentes ambientes. Por que a hortel\u00e3 \u00e9 t\u00e3o importante para digest\u00e3o e respira\u00e7\u00e3o? A hortel\u00e3 possui \u00f3leos essenciais que auxiliam na digest\u00e3o e [&hellip;]<\/p>\n","protected":false},"author":13,"featured_media":110887,"comment_status":"open","ping_status":"open","sticky":false,"template":"","format":"standard","meta":{"jnews-multi-image_gallery":[],"jnews_single_post":{"format":"standard"},"jnews_primary_category":[],"jnews_social_meta":[],"jnews_override_counter":[],"footnotes":""},"categories":[8819],"tags":[4205,3981,3358],"class_list":["post-110879","post","type-post","status-publish","format-standard","has-post-thumbnail","hentry","category-curiosidades","tag-digestao","tag-hortela","tag-jardinagem"],"yoast_head":"<!-- This site is optimized with the Yoast SEO plugin v23.8 - https:\/\/yoast.com\/wordpress\/plugins\/seo\/ -->\n<title>Como cultivar hortel\u00e3 fresca em casa e aproveitar todos seus benef\u00edcios - Estado de Minas - Em foco<\/title>\n<meta name=\"description\" content=\"A hortel\u00e3 ajuda na digest\u00e3o, melhora a respira\u00e7\u00e3o e ainda \u00e9 f\u00e1cil de cultivar em casa. Veja como aproveitar seus benef\u00edcios.\" \/>\n<meta name=\"robots\" content=\"index, follow, max-snippet:-1, max-image-preview:large, max-video-preview:-1\" \/>\n<link rel=\"canonical\" href=\"https:\/\/www.em.com.br\/emfoco\/2025\/10\/06\/como-cultivar-hortela-fresca-em-casa-e-aproveitar-todos-seus-beneficios\/\" \/>\n<meta property=\"og:locale\" content=\"pt_BR\" \/>\n<meta property=\"og:type\" content=\"article\" \/>\n<meta property=\"og:title\" content=\"Como cultivar hortel\u00e3 fresca em casa e aproveitar todos seus benef\u00edcios - Estado de Minas - Em foco\" \/>\n<meta property=\"og:description\" content=\"A hortel\u00e3 ajuda na digest\u00e3o, melhora a respira\u00e7\u00e3o e ainda \u00e9 f\u00e1cil de cultivar em casa. Veja como aproveitar seus benef\u00edcios.\" \/>\n<meta property=\"og:url\" content=\"https:\/\/www.em.com.br\/emfoco\/2025\/10\/06\/como-cultivar-hortela-fresca-em-casa-e-aproveitar-todos-seus-beneficios\/\" \/>\n<meta property=\"og:site_name\" content=\"Estado de Minas - Em foco\" \/>\n<meta property=\"article:published_time\" content=\"2025-10-06T10:18:00+00:00\" \/>\n<meta property=\"article:modified_time\" content=\"2025-10-02T20:39:04+00:00\" \/>\n<meta property=\"og:image\" content=\"https:\/\/www.em.com.br\/emfoco\/wp-content\/uploads\/2025\/10\/hortela-_1759437231488.jpg\" \/>\n\t<meta property=\"og:image:width\" content=\"1280\" \/>\n\t<meta property=\"og:image:height\" content=\"720\" \/>\n\t<meta property=\"og:image:type\" content=\"image\/jpeg\" \/>\n<meta name=\"author\" content=\"Gabriel Martins\" \/>\n<meta name=\"twitter:card\" content=\"summary_large_image\" \/>\n<meta name=\"twitter:label1\" content=\"Escrito por\" \/>\n\t<meta name=\"twitter:data1\" content=\"Gabriel Martins\" \/>\n\t<meta name=\"twitter:label2\" content=\"Est. tempo de leitura\" \/>\n\t<meta name=\"twitter:data2\" content=\"3 minutos\" \/>\n<!-- \/ Yoast SEO plugin. -->","yoast_head_json":{"title":"Como cultivar hortel\u00e3 fresca em casa e aproveitar todos seus benef\u00edcios - Estado de Minas - Em foco","description":"A hortel\u00e3 ajuda na digest\u00e3o, melhora a respira\u00e7\u00e3o e ainda \u00e9 f\u00e1cil de cultivar em casa. Veja como aproveitar seus benef\u00edcios.","robots":{"index":"index","follow":"follow","max-snippet":"max-snippet:-1","max-image-preview":"max-image-preview:large","max-video-preview":"max-video-preview:-1"},"canonical":"https:\/\/www.em.com.br\/emfoco\/2025\/10\/06\/como-cultivar-hortela-fresca-em-casa-e-aproveitar-todos-seus-beneficios\/","og_locale":"pt_BR","og_type":"article","og_title":"Como cultivar hortel\u00e3 fresca em casa e aproveitar todos seus benef\u00edcios - Estado de Minas - Em foco","og_description":"A hortel\u00e3 ajuda na digest\u00e3o, melhora a respira\u00e7\u00e3o e ainda \u00e9 f\u00e1cil de cultivar em casa. Veja como aproveitar seus benef\u00edcios.","og_url":"https:\/\/www.em.com.br\/emfoco\/2025\/10\/06\/como-cultivar-hortela-fresca-em-casa-e-aproveitar-todos-seus-beneficios\/","og_site_name":"Estado de Minas - Em foco","article_published_time":"2025-10-06T10:18:00+00:00","article_modified_time":"2025-10-02T20:39:04+00:00","og_image":[{"width":1280,"height":720,"url":"https:\/\/www.em.com.br\/emfoco\/wp-content\/uploads\/2025\/10\/hortela-_1759437231488.jpg","type":"image\/jpeg"}],"author":"Gabriel Martins","twitter_card":"summary_large_image","twitter_misc":{"Escrito por":"Gabriel Martins","Est. tempo de leitura":"3 minutos"},"schema":{"@context":"https:\/\/schema.org","@graph":[{"@type":"WebPage","@id":"https:\/\/www.em.com.br\/emfoco\/2025\/10\/06\/como-cultivar-hortela-fresca-em-casa-e-aproveitar-todos-seus-beneficios\/","url":"https:\/\/www.em.com.br\/emfoco\/2025\/10\/06\/como-cultivar-hortela-fresca-em-casa-e-aproveitar-todos-seus-beneficios\/","name":"Como cultivar hortel\u00e3 fresca em casa e aproveitar todos seus benef\u00edcios - Estado de Minas - Em foco","isPartOf":{"@id":"https:\/\/www.em.com.br\/emfoco\/#website"},"primaryImageOfPage":{"@id":"https:\/\/www.em.com.br\/emfoco\/2025\/10\/06\/como-cultivar-hortela-fresca-em-casa-e-aproveitar-todos-seus-beneficios\/#primaryimage"},"image":{"@id":"https:\/\/www.em.com.br\/emfoco\/2025\/10\/06\/como-cultivar-hortela-fresca-em-casa-e-aproveitar-todos-seus-beneficios\/#primaryimage"},"thumbnailUrl":"https:\/\/www.em.com.br\/emfoco\/wp-content\/uploads\/2025\/10\/hortela-_1759437231488.jpg","datePublished":"2025-10-06T10:18:00+00:00","dateModified":"2025-10-02T20:39:04+00:00","author":{"@id":"https:\/\/www.em.com.br\/emfoco\/#\/schema\/person\/1c9ddeab18b98abeffef834667bcf08a"},"description":"A hortel\u00e3 ajuda na digest\u00e3o, melhora a respira\u00e7\u00e3o e ainda \u00e9 f\u00e1cil de cultivar em casa. Veja como aproveitar seus benef\u00edcios.","breadcrumb":{"@id":"https:\/\/www.em.com.br\/emfoco\/2025\/10\/06\/como-cultivar-hortela-fresca-em-casa-e-aproveitar-todos-seus-beneficios\/#breadcrumb"},"inLanguage":"pt-BR","potentialAction":[{"@type":"ReadAction","target":["https:\/\/www.em.com.br\/emfoco\/2025\/10\/06\/como-cultivar-hortela-fresca-em-casa-e-aproveitar-todos-seus-beneficios\/"]}]},{"@type":"ImageObject","inLanguage":"pt-BR","@id":"https:\/\/www.em.com.br\/emfoco\/2025\/10\/06\/como-cultivar-hortela-fresca-em-casa-e-aproveitar-todos-seus-beneficios\/#primaryimage","url":"https:\/\/www.em.com.br\/emfoco\/wp-content\/uploads\/2025\/10\/hortela-_1759437231488.jpg","contentUrl":"https:\/\/www.em.com.br\/emfoco\/wp-content\/uploads\/2025\/10\/hortela-_1759437231488.jpg","width":1280,"height":720,"caption":"Folhas arom\u00e1ticas que ajudam a combater dores de cabe\u00e7a leves - Cr\u00e9ditos: depositphotos.com \/ anskuw"},{"@type":"BreadcrumbList","@id":"https:\/\/www.em.com.br\/emfoco\/2025\/10\/06\/como-cultivar-hortela-fresca-em-casa-e-aproveitar-todos-seus-beneficios\/#breadcrumb","itemListElement":[{"@type":"ListItem","position":1,"name":"In\u00edcio","item":"https:\/\/www.em.com.br\/emfoco\/"},{"@type":"ListItem","position":2,"name":"Como cultivar hortel\u00e3 fresca em casa e aproveitar todos seus benef\u00edcios"}]},{"@type":"WebSite","@id":"https:\/\/www.em.com.br\/emfoco\/#website","url":"https:\/\/www.em.com.br\/emfoco\/","name":"Estado de Minas - Em foco","description":"Acompanhe as \u00faltimas not\u00edcias e fique bem informado sobre tudo o que acontece em Minas Gerais, Brasil e no mundo.","potentialAction":[{"@type":"SearchAction","target":{"@type":"EntryPoint","urlTemplate":"https:\/\/www.em.com.br\/emfoco\/?s={search_term_string}"},"query-input":{"@type":"PropertyValueSpecification","valueRequired":true,"valueName":"search_term_string"}}],"inLanguage":"pt-BR"},{"@type":"Person","@id":"https:\/\/www.em.com.br\/emfoco\/#\/schema\/person\/1c9ddeab18b98abeffef834667bcf08a","name":"Gabriel Martins","image":{"@type":"ImageObject","inLanguage":"pt-BR","@id":"https:\/\/www.em.com.br\/emfoco\/#\/schema\/person\/image\/","url":"https:\/\/secure.gravatar.com\/avatar\/f0f1e2efdfd88f1ad2cb08c5c2731e50?s=96&d=mm&r=g","contentUrl":"https:\/\/secure.gravatar.com\/avatar\/f0f1e2efdfd88f1ad2cb08c5c2731e50?s=96&d=mm&r=g","caption":"Gabriel Martins"},"sameAs":["https:\/\/www.em.com.br\/emfoco\/"],"url":"https:\/\/www.em.com.br\/emfoco\/author\/gabrielmartinsmyth\/"}]}},"_links":{"self":[{"href":"https:\/\/www.em.com.br\/emfoco\/wp-json\/wp\/v2\/posts\/110879","targetHints":{"allow":["GET"]}}],"collection":[{"href":"https:\/\/www.em.com.br\/emfoco\/wp-json\/wp\/v2\/posts"}],"about":[{"href":"https:\/\/www.em.com.br\/emfoco\/wp-json\/wp\/v2\/types\/post"}],"author":[{"embeddable":true,"href":"https:\/\/www.em.com.br\/emfoco\/wp-json\/wp\/v2\/users\/13"}],"replies":[{"embeddable":true,"href":"https:\/\/www.em.com.br\/emfoco\/wp-json\/wp\/v2\/comments?post=110879"}],"version-history":[{"count":1,"href":"https:\/\/www.em.com.br\/emfoco\/wp-json\/wp\/v2\/posts\/110879\/revisions"}],"predecessor-version":[{"id":110892,"href":"https:\/\/www.em.com.br\/emfoco\/wp-json\/wp\/v2\/posts\/110879\/revisions\/110892"}],"wp:featuredmedia":[{"embeddable":true,"href":"https:\/\/www.em.com.br\/emfoco\/wp-json\/wp\/v2\/media\/110887"}],"wp:attachment":[{"href":"https:\/\/www.em.com.br\/emfoco\/wp-json\/wp\/v2\/media?parent=110879"}],"wp:term":[{"taxonomy":"category","embeddable":true,"href":"https:\/\/www.em.com.br\/emfoco\/wp-json\/wp\/v2\/categories?post=110879"},{"taxonomy":"post_tag","embeddable":true,"href":"https:\/\/www.em.com.br\/emfoco\/wp-json\/wp\/v2\/tags?post=110879"}],"curies":[{"name":"wp","href":"https:\/\/api.w.org\/{rel}","templated":true}]}}