{"id":110832,"date":"2025-10-05T15:28:00","date_gmt":"2025-10-05T18:28:00","guid":{"rendered":"https:\/\/www.em.com.br\/emfoco\/?p=110832"},"modified":"2025-10-02T16:46:48","modified_gmt":"2025-10-02T19:46:48","slug":"como-acertar-na-escolha-entre-cortinas-e-persianas-para-sua-casa","status":"publish","type":"post","link":"https:\/\/www.em.com.br\/emfoco\/2025\/10\/05\/como-acertar-na-escolha-entre-cortinas-e-persianas-para-sua-casa\/","title":{"rendered":"Como acertar na escolha entre cortinas e persianas para sua casa"},"content":{"rendered":"\n<p>Na hora de decorar, muitos ficam em d\u00favida entre cortinas ou persianas. Cada op\u00e7\u00e3o traz estilo, praticidade e diferentes vantagens para o ambiente.<\/p>\n\n\n\n<ul class=\"wp-block-list\">\n<li>Diferen\u00e7as entre cortinas e persianas<\/li>\n\n\n\n<li>Dicas para escolher a ideal<\/li>\n\n\n\n<li>Ambientes onde cada uma combina mais<\/li>\n<\/ul>\n\n\n\n<h2 class=\"wp-block-heading\">O que muda entre cortinas e persianas na decora\u00e7\u00e3o?<\/h2>\n\n\n\n<p><strong>Cortinas ou persianas<\/strong> impactam diretamente no visual e na funcionalidade dos espa\u00e7os. As cortinas trazem aconchego, enquanto as persianas oferecem praticidade e modernidade.<\/p>\n\n\n\n<p>A principal diferen\u00e7a est\u00e1 na adapta\u00e7\u00e3o: cortinas s\u00e3o vers\u00e1teis em tecidos e estilos, j\u00e1 as persianas se destacam em ambientes que exigem mais controle de luminosidade e f\u00e1cil limpeza.<\/p>\n\n\n\n<figure class=\"wp-block-image size-large\"><img loading=\"lazy\" decoding=\"async\" width=\"1024\" height=\"576\" src=\"https:\/\/www.em.com.br\/emfoco\/wp-content\/uploads\/2025\/10\/persianas-em-casa_1759434143878-1024x576.jpg\" alt=\"Como acertar na escolha entre cortinas e persianas para sua casa\" class=\"wp-image-110847\" srcset=\"https:\/\/www.em.com.br\/emfoco\/wp-content\/uploads\/2025\/10\/persianas-em-casa_1759434143878-1024x576.jpg 1024w, https:\/\/www.em.com.br\/emfoco\/wp-content\/uploads\/2025\/10\/persianas-em-casa_1759434143878-300x169.jpg 300w, https:\/\/www.em.com.br\/emfoco\/wp-content\/uploads\/2025\/10\/persianas-em-casa_1759434143878-768x432.jpg 768w, https:\/\/www.em.com.br\/emfoco\/wp-content\/uploads\/2025\/10\/persianas-em-casa_1759434143878-750x422.jpg 750w, https:\/\/www.em.com.br\/emfoco\/wp-content\/uploads\/2025\/10\/persianas-em-casa_1759434143878-1140x641.jpg 1140w, https:\/\/www.em.com.br\/emfoco\/wp-content\/uploads\/2025\/10\/persianas-em-casa_1759434143878.jpg 1280w\" sizes=\"auto, (max-width: 1024px) 100vw, 1024px\" \/><figcaption class=\"wp-element-caption\">Prote\u00e7\u00e3o solar que valoriza o ambiente e economiza energia &#8211; Cr\u00e9ditos: depositphotos.com \/ vicnt2815<\/figcaption><\/figure>\n\n\n\n<h2 class=\"wp-block-heading\">Quais s\u00e3o as principais vantagens de cada op\u00e7\u00e3o?<\/h2>\n\n\n\n<p>Ambas t\u00eam benef\u00edcios que podem valorizar o ambiente. Confira os destaques:<\/p>\n\n\n\n<ul class=\"wp-block-list\">\n<li>Cortinas: aconchego, variedade de tecidos e isolamento ac\u00fastico<\/li>\n\n\n\n<li>Persianas: praticidade, f\u00e1cil limpeza e controle da luminosidade<\/li>\n\n\n\n<li>Modelos modernos permitem combina\u00e7\u00f5es de cortina com persiana<\/li>\n<\/ul>\n\n\n\n<h2 class=\"wp-block-heading\">Como escolher entre cortina ou persiana para sua casa?<\/h2>\n\n\n\n<p>O segredo est\u00e1 em observar o estilo de decora\u00e7\u00e3o, o n\u00edvel de manuten\u00e7\u00e3o desejado e a funcionalidade. <strong>Quem busca aconchego tende a escolher cortinas, enquanto quem quer praticidade prefere persianas<\/strong>.<\/p>\n\n\n\n<p>Al\u00e9m disso, o tamanho das janelas influencia: v\u00e3os amplos favorecem cortinas, enquanto janelas menores se adaptam melhor \u00e0s persianas.<\/p>\n\n\n\n<figure class=\"wp-block-image size-large\"><img loading=\"lazy\" decoding=\"async\" width=\"1024\" height=\"576\" src=\"https:\/\/www.em.com.br\/emfoco\/wp-content\/uploads\/2025\/10\/persianas-em-casa_1759434172154-1024x576.jpg\" alt=\"Como acertar na escolha entre cortinas e persianas para sua casa\" class=\"wp-image-110848\" srcset=\"https:\/\/www.em.com.br\/emfoco\/wp-content\/uploads\/2025\/10\/persianas-em-casa_1759434172154-1024x576.jpg 1024w, https:\/\/www.em.com.br\/emfoco\/wp-content\/uploads\/2025\/10\/persianas-em-casa_1759434172154-300x169.jpg 300w, https:\/\/www.em.com.br\/emfoco\/wp-content\/uploads\/2025\/10\/persianas-em-casa_1759434172154-768x432.jpg 768w, https:\/\/www.em.com.br\/emfoco\/wp-content\/uploads\/2025\/10\/persianas-em-casa_1759434172154-750x422.jpg 750w, https:\/\/www.em.com.br\/emfoco\/wp-content\/uploads\/2025\/10\/persianas-em-casa_1759434172154-1140x641.jpg 1140w, https:\/\/www.em.com.br\/emfoco\/wp-content\/uploads\/2025\/10\/persianas-em-casa_1759434172154.jpg 1280w\" sizes=\"auto, (max-width: 1024px) 100vw, 1024px\" \/><figcaption class=\"wp-element-caption\">Facilidade de limpeza que garante praticidade no dia a dia &#8211; Cr\u00e9ditos: depositphotos.com \/ jrphoto<\/figcaption><\/figure>\n\n\n\n<p><em>Leia mais: <a href=\"https:\/\/www.em.com.br\/emfoco\/2025\/09\/07\/truques-de-iluminacao-que-ajudam-a-valorizar-qualquer-ambiente\/\" target=\"_blank\" rel=\"noreferrer noopener\">Truques de ilumina\u00e7\u00e3o que ajudam a valorizar qualquer ambiente<\/a><\/em><\/p>\n\n\n\n<h2 class=\"wp-block-heading\">Em quais ambientes cortinas e persianas funcionam melhor?<\/h2>\n\n\n\n<p>Cortinas combinam com quartos e salas, onde trazem <a href=\"https:\/\/revistacasaejardim.globo.com\/Casa-e-Jardim\/Decoracao\/noticia\/2019\/01\/13-dicas-para-deixar-sua-casa-com-um-visual-mais-luxuoso.html\" target=\"_blank\" rel=\"noreferrer noopener\">eleg\u00e2ncia e conforto visual<\/a>. Persianas s\u00e3o mais pr\u00e1ticas em cozinhas, escrit\u00f3rios e banheiros, locais que pedem facilidade de limpeza.<\/p>\n\n\n\n<p>Tamb\u00e9m \u00e9 poss\u00edvel mesclar: cortinas leves em conjunto com persianas podem criar um efeito sofisticado, equilibrando est\u00e9tica e funcionalidade.<\/p>\n\n\n\n<h2 class=\"wp-block-heading\">Quais dicas extras ajudam na escolha final?<\/h2>\n\n\n\n<p>Alguns pontos pr\u00e1ticos podem tornar a decis\u00e3o mais simples e acertada:<\/p>\n\n\n\n<ul class=\"wp-block-list\">\n<li>Avalie a incid\u00eancia de luz natural antes de decidir<\/li>\n\n\n\n<li>Considere a paleta de cores do ambiente<\/li>\n\n\n\n<li>Pense na manuten\u00e7\u00e3o e na durabilidade do material<\/li>\n<\/ul>\n","protected":false},"excerpt":{"rendered":"<p>Na hora de decorar, muitos ficam em d\u00favida entre cortinas ou persianas. Cada op\u00e7\u00e3o traz estilo, praticidade e diferentes vantagens para o ambiente. O que muda entre cortinas e persianas na decora\u00e7\u00e3o? Cortinas ou persianas impactam diretamente no visual e na funcionalidade dos espa\u00e7os. As cortinas trazem aconchego, enquanto as persianas oferecem praticidade e modernidade. [&hellip;]<\/p>\n","protected":false},"author":13,"featured_media":110846,"comment_status":"open","ping_status":"open","sticky":false,"template":"","format":"standard","meta":{"jnews-multi-image_gallery":[],"jnews_single_post":{"format":"standard"},"jnews_primary_category":[],"jnews_social_meta":[],"jnews_override_counter":[],"footnotes":""},"categories":[8819],"tags":[15546,4687,2180],"class_list":["post-110832","post","type-post","status-publish","format-standard","has-post-thumbnail","hentry","category-curiosidades","tag-cortinas","tag-decoracao","tag-modernidade"],"yoast_head":"<!-- This site is optimized with the Yoast SEO plugin v23.8 - https:\/\/yoast.com\/wordpress\/plugins\/seo\/ -->\n<title>Como acertar na escolha entre cortinas e persianas para sua casa - Estado de Minas - Em foco<\/title>\n<meta name=\"description\" content=\"Cortina ou persiana? Veja como escolher a melhor op\u00e7\u00e3o para seu ambiente com estilo, conforto e praticidade.\" \/>\n<meta name=\"robots\" content=\"index, follow, max-snippet:-1, max-image-preview:large, max-video-preview:-1\" \/>\n<link rel=\"canonical\" href=\"https:\/\/www.em.com.br\/emfoco\/2025\/10\/05\/como-acertar-na-escolha-entre-cortinas-e-persianas-para-sua-casa\/\" \/>\n<meta property=\"og:locale\" content=\"pt_BR\" \/>\n<meta property=\"og:type\" content=\"article\" \/>\n<meta property=\"og:title\" content=\"Como acertar na escolha entre cortinas e persianas para sua casa - Estado de Minas - Em foco\" \/>\n<meta property=\"og:description\" content=\"Cortina ou persiana? Veja como escolher a melhor op\u00e7\u00e3o para seu ambiente com estilo, conforto e praticidade.\" \/>\n<meta property=\"og:url\" content=\"https:\/\/www.em.com.br\/emfoco\/2025\/10\/05\/como-acertar-na-escolha-entre-cortinas-e-persianas-para-sua-casa\/\" \/>\n<meta property=\"og:site_name\" content=\"Estado de Minas - Em foco\" \/>\n<meta property=\"article:published_time\" content=\"2025-10-05T18:28:00+00:00\" \/>\n<meta property=\"article:modified_time\" content=\"2025-10-02T19:46:48+00:00\" \/>\n<meta property=\"og:image\" content=\"https:\/\/www.em.com.br\/emfoco\/wp-content\/uploads\/2025\/10\/Cortinas-em-casa_1759434103034.jpg\" \/>\n\t<meta property=\"og:image:width\" content=\"1280\" \/>\n\t<meta property=\"og:image:height\" content=\"720\" \/>\n\t<meta property=\"og:image:type\" content=\"image\/jpeg\" \/>\n<meta name=\"author\" content=\"Gabriel Martins\" \/>\n<meta name=\"twitter:card\" content=\"summary_large_image\" \/>\n<meta name=\"twitter:label1\" content=\"Escrito por\" \/>\n\t<meta name=\"twitter:data1\" content=\"Gabriel Martins\" \/>\n\t<meta name=\"twitter:label2\" content=\"Est. tempo de leitura\" \/>\n\t<meta name=\"twitter:data2\" content=\"3 minutos\" \/>\n<!-- \/ Yoast SEO plugin. -->","yoast_head_json":{"title":"Como acertar na escolha entre cortinas e persianas para sua casa - Estado de Minas - Em foco","description":"Cortina ou persiana? Veja como escolher a melhor op\u00e7\u00e3o para seu ambiente com estilo, conforto e praticidade.","robots":{"index":"index","follow":"follow","max-snippet":"max-snippet:-1","max-image-preview":"max-image-preview:large","max-video-preview":"max-video-preview:-1"},"canonical":"https:\/\/www.em.com.br\/emfoco\/2025\/10\/05\/como-acertar-na-escolha-entre-cortinas-e-persianas-para-sua-casa\/","og_locale":"pt_BR","og_type":"article","og_title":"Como acertar na escolha entre cortinas e persianas para sua casa - Estado de Minas - Em foco","og_description":"Cortina ou persiana? Veja como escolher a melhor op\u00e7\u00e3o para seu ambiente com estilo, conforto e praticidade.","og_url":"https:\/\/www.em.com.br\/emfoco\/2025\/10\/05\/como-acertar-na-escolha-entre-cortinas-e-persianas-para-sua-casa\/","og_site_name":"Estado de Minas - Em foco","article_published_time":"2025-10-05T18:28:00+00:00","article_modified_time":"2025-10-02T19:46:48+00:00","og_image":[{"width":1280,"height":720,"url":"https:\/\/www.em.com.br\/emfoco\/wp-content\/uploads\/2025\/10\/Cortinas-em-casa_1759434103034.jpg","type":"image\/jpeg"}],"author":"Gabriel Martins","twitter_card":"summary_large_image","twitter_misc":{"Escrito por":"Gabriel Martins","Est. tempo de leitura":"3 minutos"},"schema":{"@context":"https:\/\/schema.org","@graph":[{"@type":"WebPage","@id":"https:\/\/www.em.com.br\/emfoco\/2025\/10\/05\/como-acertar-na-escolha-entre-cortinas-e-persianas-para-sua-casa\/","url":"https:\/\/www.em.com.br\/emfoco\/2025\/10\/05\/como-acertar-na-escolha-entre-cortinas-e-persianas-para-sua-casa\/","name":"Como acertar na escolha entre cortinas e persianas para sua casa - Estado de Minas - Em foco","isPartOf":{"@id":"https:\/\/www.em.com.br\/emfoco\/#website"},"primaryImageOfPage":{"@id":"https:\/\/www.em.com.br\/emfoco\/2025\/10\/05\/como-acertar-na-escolha-entre-cortinas-e-persianas-para-sua-casa\/#primaryimage"},"image":{"@id":"https:\/\/www.em.com.br\/emfoco\/2025\/10\/05\/como-acertar-na-escolha-entre-cortinas-e-persianas-para-sua-casa\/#primaryimage"},"thumbnailUrl":"https:\/\/www.em.com.br\/emfoco\/wp-content\/uploads\/2025\/10\/Cortinas-em-casa_1759434103034.jpg","datePublished":"2025-10-05T18:28:00+00:00","dateModified":"2025-10-02T19:46:48+00:00","author":{"@id":"https:\/\/www.em.com.br\/emfoco\/#\/schema\/person\/1c9ddeab18b98abeffef834667bcf08a"},"description":"Cortina ou persiana? Veja como escolher a melhor op\u00e7\u00e3o para seu ambiente com estilo, conforto e praticidade.","breadcrumb":{"@id":"https:\/\/www.em.com.br\/emfoco\/2025\/10\/05\/como-acertar-na-escolha-entre-cortinas-e-persianas-para-sua-casa\/#breadcrumb"},"inLanguage":"pt-BR","potentialAction":[{"@type":"ReadAction","target":["https:\/\/www.em.com.br\/emfoco\/2025\/10\/05\/como-acertar-na-escolha-entre-cortinas-e-persianas-para-sua-casa\/"]}]},{"@type":"ImageObject","inLanguage":"pt-BR","@id":"https:\/\/www.em.com.br\/emfoco\/2025\/10\/05\/como-acertar-na-escolha-entre-cortinas-e-persianas-para-sua-casa\/#primaryimage","url":"https:\/\/www.em.com.br\/emfoco\/wp-content\/uploads\/2025\/10\/Cortinas-em-casa_1759434103034.jpg","contentUrl":"https:\/\/www.em.com.br\/emfoco\/wp-content\/uploads\/2025\/10\/Cortinas-em-casa_1759434103034.jpg","width":1280,"height":720,"caption":"Controle de luminosidade que cria ambientes mais agrad\u00e1veis - Cr\u00e9ditos: depositphotos.com \/ Y-Boychenko"},{"@type":"BreadcrumbList","@id":"https:\/\/www.em.com.br\/emfoco\/2025\/10\/05\/como-acertar-na-escolha-entre-cortinas-e-persianas-para-sua-casa\/#breadcrumb","itemListElement":[{"@type":"ListItem","position":1,"name":"In\u00edcio","item":"https:\/\/www.em.com.br\/emfoco\/"},{"@type":"ListItem","position":2,"name":"Como acertar na escolha entre cortinas e persianas para sua casa"}]},{"@type":"WebSite","@id":"https:\/\/www.em.com.br\/emfoco\/#website","url":"https:\/\/www.em.com.br\/emfoco\/","name":"Estado de Minas - Em foco","description":"Acompanhe as \u00faltimas not\u00edcias e fique bem informado sobre tudo o que acontece em Minas Gerais, Brasil e no mundo.","potentialAction":[{"@type":"SearchAction","target":{"@type":"EntryPoint","urlTemplate":"https:\/\/www.em.com.br\/emfoco\/?s={search_term_string}"},"query-input":{"@type":"PropertyValueSpecification","valueRequired":true,"valueName":"search_term_string"}}],"inLanguage":"pt-BR"},{"@type":"Person","@id":"https:\/\/www.em.com.br\/emfoco\/#\/schema\/person\/1c9ddeab18b98abeffef834667bcf08a","name":"Gabriel Martins","image":{"@type":"ImageObject","inLanguage":"pt-BR","@id":"https:\/\/www.em.com.br\/emfoco\/#\/schema\/person\/image\/","url":"https:\/\/secure.gravatar.com\/avatar\/f0f1e2efdfd88f1ad2cb08c5c2731e50?s=96&d=mm&r=g","contentUrl":"https:\/\/secure.gravatar.com\/avatar\/f0f1e2efdfd88f1ad2cb08c5c2731e50?s=96&d=mm&r=g","caption":"Gabriel Martins"},"sameAs":["https:\/\/www.em.com.br\/emfoco\/"],"url":"https:\/\/www.em.com.br\/emfoco\/author\/gabrielmartinsmyth\/"}]}},"_links":{"self":[{"href":"https:\/\/www.em.com.br\/emfoco\/wp-json\/wp\/v2\/posts\/110832","targetHints":{"allow":["GET"]}}],"collection":[{"href":"https:\/\/www.em.com.br\/emfoco\/wp-json\/wp\/v2\/posts"}],"about":[{"href":"https:\/\/www.em.com.br\/emfoco\/wp-json\/wp\/v2\/types\/post"}],"author":[{"embeddable":true,"href":"https:\/\/www.em.com.br\/emfoco\/wp-json\/wp\/v2\/users\/13"}],"replies":[{"embeddable":true,"href":"https:\/\/www.em.com.br\/emfoco\/wp-json\/wp\/v2\/comments?post=110832"}],"version-history":[{"count":1,"href":"https:\/\/www.em.com.br\/emfoco\/wp-json\/wp\/v2\/posts\/110832\/revisions"}],"predecessor-version":[{"id":110849,"href":"https:\/\/www.em.com.br\/emfoco\/wp-json\/wp\/v2\/posts\/110832\/revisions\/110849"}],"wp:featuredmedia":[{"embeddable":true,"href":"https:\/\/www.em.com.br\/emfoco\/wp-json\/wp\/v2\/media\/110846"}],"wp:attachment":[{"href":"https:\/\/www.em.com.br\/emfoco\/wp-json\/wp\/v2\/media?parent=110832"}],"wp:term":[{"taxonomy":"category","embeddable":true,"href":"https:\/\/www.em.com.br\/emfoco\/wp-json\/wp\/v2\/categories?post=110832"},{"taxonomy":"post_tag","embeddable":true,"href":"https:\/\/www.em.com.br\/emfoco\/wp-json\/wp\/v2\/tags?post=110832"}],"curies":[{"name":"wp","href":"https:\/\/api.w.org\/{rel}","templated":true}]}}