{"id":110766,"date":"2025-10-03T18:58:00","date_gmt":"2025-10-03T21:58:00","guid":{"rendered":"https:\/\/www.em.com.br\/emfoco\/?p=110766"},"modified":"2025-10-02T14:55:20","modified_gmt":"2025-10-02T17:55:20","slug":"praticas-familiares-positivas-que-fortalecem-a-autonomia-e-a-saude-emocional-da-crianca","status":"publish","type":"post","link":"https:\/\/www.em.com.br\/emfoco\/2025\/10\/03\/praticas-familiares-positivas-que-fortalecem-a-autonomia-e-a-saude-emocional-da-crianca\/","title":{"rendered":"Pr\u00e1ticas familiares positivas que fortalecem a autonomia e a sa\u00fade emocional da crian\u00e7a"},"content":{"rendered":"\n<p>\u00c9 essencial que os pais, em especial as m\u00e3es, estejam cientes de que certas atitudes e comportamentos podem influenciar muito o desenvolvimento e a sa\u00fade emocional de suas crian\u00e7as. Embora o amor materno seja um instinto natural de prote\u00e7\u00e3o, algumas pr\u00e1ticas, quando exacerbadas, podem resultar em efeitos adversos no progresso infantil. Reconhecer quais atitudes auxiliam ou prejudicam o crescimento saud\u00e1vel do filho \u00e9 fundamental para garantir seu bem-estar.<\/p>\n\n\n\n<p>O cuidado materno precisa equilibrar limites e independ\u00eancia, prevenindo excessos que comprometam a autonomia da crian\u00e7a. Adotar comportamentos mais conscientes e flex\u00edveis favorece um desenvolvimento infantil mais saud\u00e1vel e prepara a crian\u00e7a para os desafios da vida adulta.<\/p>\n\n\n\n<h2 class=\"wp-block-heading\">Superprote\u00e7\u00e3o e controle excessivo<\/h2>\n\n\n<div class=\"wp-block-image\">\n<figure class=\"aligncenter size-large\"><img loading=\"lazy\" decoding=\"async\" width=\"1024\" height=\"576\" src=\"https:\/\/www.em.com.br\/emfoco\/wp-content\/uploads\/2025\/09\/familia-crianca_1756566166448-1024x576.jpg\" alt=\"Minas pode ter lei para proteger crian\u00e7as e adolescentes na internet\" class=\"wp-image-101470\" srcset=\"https:\/\/www.em.com.br\/emfoco\/wp-content\/uploads\/2025\/09\/familia-crianca_1756566166448-1024x576.jpg 1024w, https:\/\/www.em.com.br\/emfoco\/wp-content\/uploads\/2025\/09\/familia-crianca_1756566166448-300x169.jpg 300w, https:\/\/www.em.com.br\/emfoco\/wp-content\/uploads\/2025\/09\/familia-crianca_1756566166448-768x432.jpg 768w, https:\/\/www.em.com.br\/emfoco\/wp-content\/uploads\/2025\/09\/familia-crianca_1756566166448-750x422.jpg 750w, https:\/\/www.em.com.br\/emfoco\/wp-content\/uploads\/2025\/09\/familia-crianca_1756566166448-1140x641.jpg 1140w, https:\/\/www.em.com.br\/emfoco\/wp-content\/uploads\/2025\/09\/familia-crianca_1756566166448.jpg 1280w\" sizes=\"auto, (max-width: 1024px) 100vw, 1024px\" \/><figcaption class=\"wp-element-caption\">Fam\u00edlia feliz no sof\u00e1 &#8211; Cr\u00e9ditos: depositphotos.com \/ TarasMalyarevich<\/figcaption><\/figure><\/div>\n\n\n<p>M\u00e3es superprotetoras acabam dificultando a aquisi\u00e7\u00e3o de <strong>autonomia e autoconfian\u00e7a na crian\u00e7a<\/strong>, impedindo que ela desenvolva habilidades para resolver problemas por conta pr\u00f3pria. Esse excesso de controle faz com que as crian\u00e7as se tornem dependentes e tenham dificuldade em lidar com frustra\u00e7\u00f5es cotidianas.<\/p>\n\n\n\n<p>A longo prazo, indiv\u00edduos criados em ambientes superprotetores podem apresentar inseguran\u00e7a, ansiedade e depend\u00eancia emocional, afetando a capacidade de socializa\u00e7\u00e3o e o desenvolvimento de compet\u00eancias motoras essenciais.<\/p>\n\n\n\n<h2 class=\"wp-block-heading\">Cr\u00edticas e cobran\u00e7as excessivas<\/h2>\n\n\n\n<p>O h\u00e1bito de criticar e comparar a crian\u00e7a a padr\u00f5es inalcan\u00e7\u00e1veis prejudica a autoestima e pode desencadear problemas emocionais, como <strong><a href=\"https:\/\/www.gov.br\/saude\/pt-br\/assuntos\/saude-de-a-a-z\/s\/saude-mental\" target=\"_blank\" rel=\"noreferrer noopener\">ansiedade e depress\u00e3o<\/a><\/strong>. Tal cobran\u00e7a impede que ela se sinta segura para experimentar, errar e aprender ao longo do processo de crescimento.<\/p>\n\n\n\n<p>Viver sob press\u00e3o constante e julgamentos dificulta o desenvolvimento da criatividade e da autonomia, fazendo com que a crian\u00e7a evite desafios e tema o fracasso, o que impacta negativamente sua sa\u00fade mental.<\/p>\n\n\n\n<h2 class=\"wp-block-heading\">Falta de comunica\u00e7\u00e3o e valida\u00e7\u00e3o emocional<\/h2>\n\n\n\n<p>A aus\u00eancia de di\u00e1logo aberto e da valida\u00e7\u00e3o dos sentimentos compromete a forma\u00e7\u00e3o do v\u00ednculo afetivo entre m\u00e3e e filho. Crian\u00e7as que n\u00e3o t\u00eam suporte emocional sentem-se <strong>isoladas <\/strong>e desenvolvem dificuldades de relacionamento com os outros.<\/p>\n\n\n\n<p>Essa desconex\u00e3o pode evoluir para problemas mais graves, como comportamento agressivo, transtornos depressivos e dificuldade em expressar emo\u00e7\u00f5es de forma saud\u00e1vel, afetando suas rela\u00e7\u00f5es futuras.<\/p>\n\n\n\n<h2 class=\"wp-block-heading\">Influ\u00eancia dos h\u00e1bitos familiares no desenvolvimento infantil<\/h2>\n\n\n\n<p>No ambiente familiar, atitudes como exemplo, <strong>rotina saud\u00e1vel<\/strong> e envolvimento nas atividades da crian\u00e7a contribuem de forma significativa para o seu desenvolvimento global. Pr\u00e1ticas positivas fortalecem os la\u00e7os familiares e incentivam a crian\u00e7a a explorar e aprender.<\/p>\n\n\n\n<p>Al\u00e9m disso, incentivar a participa\u00e7\u00e3o da crian\u00e7a em decis\u00f5es simples do dia a dia promove o senso de responsabilidade e pertencimento, essenciais para a maturidade emocional e social.<\/p>\n\n\n\n<p>Leia mais: <a href=\"https:\/\/www.em.com.br\/emfoco\/2025\/09\/28\/cidades-mineiras-que-toda-mae-deve-levar-seus-filhos\/\" target=\"_blank\" rel=\"noreferrer noopener\">Cidades mineiras que toda m\u00e3e deve levar seus filhos<\/a><\/p>\n\n\n\n<h2 class=\"wp-block-heading\">Solu\u00e7\u00f5es e estrat\u00e9gias para um desenvolvimento saud\u00e1vel<\/h2>\n\n\n\n<p>Promover uma comunica\u00e7\u00e3o respeitosa e estimular a independ\u00eancia s\u00e3o fundamentais para o crescimento emocional equilibrado. A empatia, o incentivo \u00e0 express\u00e3o dos sentimentos e o apoio constante ajudam no fortalecimento da autoestima infantil.<\/p>\n\n\n\n<p>Buscar informa\u00e7\u00f5es, rever pr\u00e1ticas parentais e criar uma rede de apoio s\u00e3o atitudes que auxiliam m\u00e3es no desafio de educar, tornando o processo mais leve e seguro para todos os envolvidos, e garantindo uma base s\u00f3lida para o desenvolvimento saud\u00e1vel dos filhos.<\/p>\n","protected":false},"excerpt":{"rendered":"<p>\u00c9 essencial que os pais, em especial as m\u00e3es, estejam cientes de que certas atitudes e comportamentos podem influenciar muito o desenvolvimento e a sa\u00fade emocional de suas crian\u00e7as. Embora o amor materno seja um instinto natural de prote\u00e7\u00e3o, algumas pr\u00e1ticas, quando exacerbadas, podem resultar em efeitos adversos no progresso infantil. Reconhecer quais atitudes auxiliam [&hellip;]<\/p>\n","protected":false},"author":20,"featured_media":57205,"comment_status":"open","ping_status":"open","sticky":false,"template":"","format":"standard","meta":{"jnews-multi-image_gallery":[],"jnews_single_post":{"format":"standard"},"jnews_primary_category":[],"jnews_social_meta":[],"jnews_override_counter":[],"footnotes":""},"categories":[28,1],"tags":[16927,6746,4930,16926],"class_list":["post-110766","post","type-post","status-publish","format-standard","has-post-thumbnail","hentry","category-economia","category-noticias","tag-autoestima-da-crianca","tag-desenvolvimento-infantil","tag-saude-emocional","tag-superprotecao-materna"],"yoast_head":"<!-- This site is optimized with the Yoast SEO plugin v23.8 - https:\/\/yoast.com\/wordpress\/plugins\/seo\/ -->\n<title>Pr\u00e1ticas familiares positivas que fortalecem a autonomia e a sa\u00fade emocional da crian\u00e7a - Estado de Minas - Em foco<\/title>\n<meta name=\"description\" content=\"O comportamento dos pais influencia diretamente a sa\u00fade emocional das crian\u00e7as. Conhe\u00e7a as pr\u00e1ticas que favorecem um crescimento saud\u00e1vel.\" \/>\n<meta name=\"robots\" content=\"index, follow, max-snippet:-1, max-image-preview:large, max-video-preview:-1\" \/>\n<link rel=\"canonical\" href=\"https:\/\/www.em.com.br\/emfoco\/2025\/10\/03\/praticas-familiares-positivas-que-fortalecem-a-autonomia-e-a-saude-emocional-da-crianca\/\" \/>\n<meta property=\"og:locale\" content=\"pt_BR\" \/>\n<meta property=\"og:type\" content=\"article\" \/>\n<meta property=\"og:title\" content=\"Pr\u00e1ticas familiares positivas que fortalecem a autonomia e a sa\u00fade emocional da crian\u00e7a - Estado de Minas - Em foco\" \/>\n<meta property=\"og:description\" content=\"O comportamento dos pais influencia diretamente a sa\u00fade emocional das crian\u00e7as. Conhe\u00e7a as pr\u00e1ticas que favorecem um crescimento saud\u00e1vel.\" \/>\n<meta property=\"og:url\" content=\"https:\/\/www.em.com.br\/emfoco\/2025\/10\/03\/praticas-familiares-positivas-que-fortalecem-a-autonomia-e-a-saude-emocional-da-crianca\/\" \/>\n<meta property=\"og:site_name\" content=\"Estado de Minas - Em foco\" \/>\n<meta property=\"article:published_time\" content=\"2025-10-03T21:58:00+00:00\" \/>\n<meta property=\"article:modified_time\" content=\"2025-10-02T17:55:20+00:00\" \/>\n<meta property=\"og:image\" content=\"https:\/\/www.em.com.br\/emfoco\/wp-content\/uploads\/2025\/06\/pais_1749223248432.jpg\" \/>\n\t<meta property=\"og:image:width\" content=\"1280\" \/>\n\t<meta property=\"og:image:height\" content=\"720\" \/>\n\t<meta property=\"og:image:type\" content=\"image\/jpeg\" \/>\n<meta name=\"author\" content=\"Ingrid Diniz\" \/>\n<meta name=\"twitter:card\" content=\"summary_large_image\" \/>\n<meta name=\"twitter:label1\" content=\"Escrito por\" \/>\n\t<meta name=\"twitter:data1\" content=\"Ingrid Diniz\" \/>\n\t<meta name=\"twitter:label2\" content=\"Est. tempo de leitura\" \/>\n\t<meta name=\"twitter:data2\" content=\"4 minutos\" \/>\n<!-- \/ Yoast SEO plugin. -->","yoast_head_json":{"title":"Pr\u00e1ticas familiares positivas que fortalecem a autonomia e a sa\u00fade emocional da crian\u00e7a - Estado de Minas - Em foco","description":"O comportamento dos pais influencia diretamente a sa\u00fade emocional das crian\u00e7as. Conhe\u00e7a as pr\u00e1ticas que favorecem um crescimento saud\u00e1vel.","robots":{"index":"index","follow":"follow","max-snippet":"max-snippet:-1","max-image-preview":"max-image-preview:large","max-video-preview":"max-video-preview:-1"},"canonical":"https:\/\/www.em.com.br\/emfoco\/2025\/10\/03\/praticas-familiares-positivas-que-fortalecem-a-autonomia-e-a-saude-emocional-da-crianca\/","og_locale":"pt_BR","og_type":"article","og_title":"Pr\u00e1ticas familiares positivas que fortalecem a autonomia e a sa\u00fade emocional da crian\u00e7a - Estado de Minas - Em foco","og_description":"O comportamento dos pais influencia diretamente a sa\u00fade emocional das crian\u00e7as. Conhe\u00e7a as pr\u00e1ticas que favorecem um crescimento saud\u00e1vel.","og_url":"https:\/\/www.em.com.br\/emfoco\/2025\/10\/03\/praticas-familiares-positivas-que-fortalecem-a-autonomia-e-a-saude-emocional-da-crianca\/","og_site_name":"Estado de Minas - Em foco","article_published_time":"2025-10-03T21:58:00+00:00","article_modified_time":"2025-10-02T17:55:20+00:00","og_image":[{"width":1280,"height":720,"url":"https:\/\/www.em.com.br\/emfoco\/wp-content\/uploads\/2025\/06\/pais_1749223248432.jpg","type":"image\/jpeg"}],"author":"Ingrid Diniz","twitter_card":"summary_large_image","twitter_misc":{"Escrito por":"Ingrid Diniz","Est. tempo de leitura":"4 minutos"},"schema":{"@context":"https:\/\/schema.org","@graph":[{"@type":"WebPage","@id":"https:\/\/www.em.com.br\/emfoco\/2025\/10\/03\/praticas-familiares-positivas-que-fortalecem-a-autonomia-e-a-saude-emocional-da-crianca\/","url":"https:\/\/www.em.com.br\/emfoco\/2025\/10\/03\/praticas-familiares-positivas-que-fortalecem-a-autonomia-e-a-saude-emocional-da-crianca\/","name":"Pr\u00e1ticas familiares positivas que fortalecem a autonomia e a sa\u00fade emocional da crian\u00e7a - Estado de Minas - Em foco","isPartOf":{"@id":"https:\/\/www.em.com.br\/emfoco\/#website"},"primaryImageOfPage":{"@id":"https:\/\/www.em.com.br\/emfoco\/2025\/10\/03\/praticas-familiares-positivas-que-fortalecem-a-autonomia-e-a-saude-emocional-da-crianca\/#primaryimage"},"image":{"@id":"https:\/\/www.em.com.br\/emfoco\/2025\/10\/03\/praticas-familiares-positivas-que-fortalecem-a-autonomia-e-a-saude-emocional-da-crianca\/#primaryimage"},"thumbnailUrl":"https:\/\/www.em.com.br\/emfoco\/wp-content\/uploads\/2025\/06\/pais_1749223248432.jpg","datePublished":"2025-10-03T21:58:00+00:00","dateModified":"2025-10-02T17:55:20+00:00","author":{"@id":"https:\/\/www.em.com.br\/emfoco\/#\/schema\/person\/649e610b4eb8fff87ff394e54fe17b2b"},"description":"O comportamento dos pais influencia diretamente a sa\u00fade emocional das crian\u00e7as. Conhe\u00e7a as pr\u00e1ticas que favorecem um crescimento saud\u00e1vel.","breadcrumb":{"@id":"https:\/\/www.em.com.br\/emfoco\/2025\/10\/03\/praticas-familiares-positivas-que-fortalecem-a-autonomia-e-a-saude-emocional-da-crianca\/#breadcrumb"},"inLanguage":"pt-BR","potentialAction":[{"@type":"ReadAction","target":["https:\/\/www.em.com.br\/emfoco\/2025\/10\/03\/praticas-familiares-positivas-que-fortalecem-a-autonomia-e-a-saude-emocional-da-crianca\/"]}]},{"@type":"ImageObject","inLanguage":"pt-BR","@id":"https:\/\/www.em.com.br\/emfoco\/2025\/10\/03\/praticas-familiares-positivas-que-fortalecem-a-autonomia-e-a-saude-emocional-da-crianca\/#primaryimage","url":"https:\/\/www.em.com.br\/emfoco\/wp-content\/uploads\/2025\/06\/pais_1749223248432.jpg","contentUrl":"https:\/\/www.em.com.br\/emfoco\/wp-content\/uploads\/2025\/06\/pais_1749223248432.jpg","width":1280,"height":720,"caption":"Fam\u00edlia - Cr\u00e9ditos: depositphotos.com \/ EdZbarzhyvetsky"},{"@type":"BreadcrumbList","@id":"https:\/\/www.em.com.br\/emfoco\/2025\/10\/03\/praticas-familiares-positivas-que-fortalecem-a-autonomia-e-a-saude-emocional-da-crianca\/#breadcrumb","itemListElement":[{"@type":"ListItem","position":1,"name":"In\u00edcio","item":"https:\/\/www.em.com.br\/emfoco\/"},{"@type":"ListItem","position":2,"name":"Pr\u00e1ticas familiares positivas que fortalecem a autonomia e a sa\u00fade emocional da crian\u00e7a"}]},{"@type":"WebSite","@id":"https:\/\/www.em.com.br\/emfoco\/#website","url":"https:\/\/www.em.com.br\/emfoco\/","name":"Estado de Minas - Em foco","description":"Acompanhe as \u00faltimas not\u00edcias e fique bem informado sobre tudo o que acontece em Minas Gerais, Brasil e no mundo.","potentialAction":[{"@type":"SearchAction","target":{"@type":"EntryPoint","urlTemplate":"https:\/\/www.em.com.br\/emfoco\/?s={search_term_string}"},"query-input":{"@type":"PropertyValueSpecification","valueRequired":true,"valueName":"search_term_string"}}],"inLanguage":"pt-BR"},{"@type":"Person","@id":"https:\/\/www.em.com.br\/emfoco\/#\/schema\/person\/649e610b4eb8fff87ff394e54fe17b2b","name":"Ingrid Diniz","image":{"@type":"ImageObject","inLanguage":"pt-BR","@id":"https:\/\/www.em.com.br\/emfoco\/#\/schema\/person\/image\/","url":"https:\/\/secure.gravatar.com\/avatar\/a3baa1449ec5c39b4c42babc9d4f3951?s=96&d=mm&r=g","contentUrl":"https:\/\/secure.gravatar.com\/avatar\/a3baa1449ec5c39b4c42babc9d4f3951?s=96&d=mm&r=g","caption":"Ingrid Diniz"},"sameAs":["https:\/\/www.em.com.br\/"],"url":"https:\/\/www.em.com.br\/emfoco\/author\/ingridmyth\/"}]}},"_links":{"self":[{"href":"https:\/\/www.em.com.br\/emfoco\/wp-json\/wp\/v2\/posts\/110766","targetHints":{"allow":["GET"]}}],"collection":[{"href":"https:\/\/www.em.com.br\/emfoco\/wp-json\/wp\/v2\/posts"}],"about":[{"href":"https:\/\/www.em.com.br\/emfoco\/wp-json\/wp\/v2\/types\/post"}],"author":[{"embeddable":true,"href":"https:\/\/www.em.com.br\/emfoco\/wp-json\/wp\/v2\/users\/20"}],"replies":[{"embeddable":true,"href":"https:\/\/www.em.com.br\/emfoco\/wp-json\/wp\/v2\/comments?post=110766"}],"version-history":[{"count":1,"href":"https:\/\/www.em.com.br\/emfoco\/wp-json\/wp\/v2\/posts\/110766\/revisions"}],"predecessor-version":[{"id":110791,"href":"https:\/\/www.em.com.br\/emfoco\/wp-json\/wp\/v2\/posts\/110766\/revisions\/110791"}],"wp:featuredmedia":[{"embeddable":true,"href":"https:\/\/www.em.com.br\/emfoco\/wp-json\/wp\/v2\/media\/57205"}],"wp:attachment":[{"href":"https:\/\/www.em.com.br\/emfoco\/wp-json\/wp\/v2\/media?parent=110766"}],"wp:term":[{"taxonomy":"category","embeddable":true,"href":"https:\/\/www.em.com.br\/emfoco\/wp-json\/wp\/v2\/categories?post=110766"},{"taxonomy":"post_tag","embeddable":true,"href":"https:\/\/www.em.com.br\/emfoco\/wp-json\/wp\/v2\/tags?post=110766"}],"curies":[{"name":"wp","href":"https:\/\/api.w.org\/{rel}","templated":true}]}}