{"id":110733,"date":"2025-10-03T06:38:00","date_gmt":"2025-10-03T09:38:00","guid":{"rendered":"https:\/\/www.em.com.br\/emfoco\/?p=110733"},"modified":"2025-10-02T12:08:43","modified_gmt":"2025-10-02T15:08:43","slug":"os-superalimentos-mais-poderosos-para-a-saude-da-mulher-pos-menopausa","status":"publish","type":"post","link":"https:\/\/www.em.com.br\/emfoco\/2025\/10\/03\/os-superalimentos-mais-poderosos-para-a-saude-da-mulher-pos-menopausa\/","title":{"rendered":"Os superalimentos mais poderosos para a sa\u00fade da mulher p\u00f3s-menopausa"},"content":{"rendered":"\n<p>Ap\u00f3s a menopausa, a sa\u00fade da mulher frequentemente perde relev\u00e2ncia, e muitos dos desafios enfrentados por elas s\u00e3o vistos apenas como &#8220;envelhecimento natural&#8221;. <strong>No entanto, a sa\u00fade p\u00f3s-menopausa traz uma s\u00e9rie de complica\u00e7\u00f5es pr\u00f3prias que v\u00e3o desde a perda \u00f3ssea e a anemia at\u00e9 desequil\u00edbrios hormonais e dist\u00farbios do sono<\/strong>. O que geralmente \u00e9 negligenciado \u00e9 o quanto disso tudo pode ser gerido ou prevenido com a alimenta\u00e7\u00e3o adequada. \u00c9 vital que as filhas incentivem suas m\u00e3es a priorizarem sua sa\u00fade, dado que sua dieta desempenha um papel crucial em apoiar seu bem-estar geral durante esta fase da vida.<\/p>\n\n\n\n<p>A nutricionista <strong>Deepsikha Jain<\/strong>, especialista em <strong>Nutri\u00e7\u00e3o em Sa\u00fade P\u00fablica Global e Educadora Nacional em Diabetes<\/strong>, destaca quatro superalimentos essenciais que todas as filhas devem incentivar suas m\u00e3es a incluir em suas dietas. Repletos de vitaminas, minerais e antioxidantes, esses alimentos n\u00e3o apenas aliviam os sintomas da <strong>p\u00f3s-menopausa<\/strong>, mas tamb\u00e9m ajudam a gerir complica\u00e7\u00f5es como a osteoporose, assegurando ossos mais fortes e uma sa\u00fade mais s\u00f3lida a longo prazo.<\/p>\n\n\n\n<h2 class=\"wp-block-heading\">Quais s\u00e3o os superalimentos essenciais para mulheres p\u00f3s-menopausa?<\/h2>\n\n\n\n<p><strong>Flaxseeds<\/strong>, <strong>ou sementes de linha\u00e7a, s\u00e3o um excelente exemplo de superalimento para essa fase<\/strong>. Essas sementes cont\u00eam fitoestrog\u00eanios, que ajudam no equil\u00edbrio hormonal. De acordo com Deepsikha Jain, elas s\u00e3o ben\u00e9ficas para mulheres que est\u00e3o passando pela menopausa, pois ajudam a controlar os sintomas associados. Ela afirma que &#8220;elas s\u00e3o \u00f3timas para sua m\u00e3e porque t\u00eam fitoestrog\u00eanios que realmente ajudam a equilibrar os horm\u00f4nios, diminuindo os sintomas da menopausa&#8221;. Al\u00e9m disso, estudos recentes conduzidos no <strong>Brasil<\/strong> t\u00eam mostrado que a inclus\u00e3o regular de <strong>sementes de linha\u00e7a <\/strong>na alimenta\u00e7\u00e3o pode favorecer a sa\u00fade cardiovascular dessas mulheres, um fator importante considerando o aumento do risco de doen\u00e7as card\u00edacas ap\u00f3s a menopausa.<\/p>\n\n\n<div class=\"wp-block-image\">\n<figure class=\"aligncenter size-large\"><img loading=\"lazy\" decoding=\"async\" width=\"1024\" height=\"576\" src=\"https:\/\/www.em.com.br\/emfoco\/wp-content\/uploads\/2025\/08\/chocolate_1755916349777-1024x576.jpg\" alt=\"4 alimentos que pareciam vil\u00f5es mas s\u00e3o cheios de benef\u00edcios\" class=\"wp-image-95759\" srcset=\"https:\/\/www.em.com.br\/emfoco\/wp-content\/uploads\/2025\/08\/chocolate_1755916349777-1024x576.jpg 1024w, https:\/\/www.em.com.br\/emfoco\/wp-content\/uploads\/2025\/08\/chocolate_1755916349777-300x169.jpg 300w, https:\/\/www.em.com.br\/emfoco\/wp-content\/uploads\/2025\/08\/chocolate_1755916349777-768x432.jpg 768w, https:\/\/www.em.com.br\/emfoco\/wp-content\/uploads\/2025\/08\/chocolate_1755916349777-750x422.jpg 750w, https:\/\/www.em.com.br\/emfoco\/wp-content\/uploads\/2025\/08\/chocolate_1755916349777-1140x641.jpg 1140w, https:\/\/www.em.com.br\/emfoco\/wp-content\/uploads\/2025\/08\/chocolate_1755916349777.jpg 1280w\" sizes=\"auto, (max-width: 1024px) 100vw, 1024px\" \/><figcaption class=\"wp-element-caption\">O chocolate amargo, al\u00e9m de ser rico em antioxidantes que melhoram a circula\u00e7\u00e3o cerebral- Cr\u00e9ditos: depositphotos.com \/ serezniy<\/figcaption><\/figure><\/div>\n\n\n<h2 class=\"wp-block-heading\">Como o ragi pode ajudar a fortalecer os ossos?<\/h2>\n\n\n\n<p>Outro superalimento importante \u00e9 o ragi (ou pain\u00e7o-de-dedo), uma fonte excelente de c\u00e1lcio que ajuda a prevenir a perda \u00f3ssea e reduz o risco de osteoporose p\u00f3s-menopausa. <a href=\"https:\/\/wjpr.s3.ap-south-1.amazonaws.com\/article_issue\/9c099a19926e1d9b85e3835fb49b635f.pdf\" target=\"_blank\" rel=\"noopener\">Um estudo publicado no World Journal of Pharmaceutical Research corrobora esses benef\u00edcios<\/a>. Incorporar ragi na dieta auxilia em articula\u00e7\u00f5es mais saud\u00e1veis e ossos mais fortes, segundo a explica\u00e7\u00e3o de Deepsikha Jain. <strong>Vale lembrar que, al\u00e9m do ragi, outros alimentos ricos em c\u00e1lcio, como o br\u00f3colis e os derivados do leite, tamb\u00e9m s\u00e3o recomendados por profissionais da \u00e1rea de sa\u00fade nutricional no Brasil para mulheres nesta fase da vida.<\/strong><\/p>\n\n\n\n<p>Leia tamb\u00e9m: <a href=\"https:\/\/www.em.com.br\/emfoco\/2025\/09\/29\/7-exercicios-simples-que-ativam-o-metabolismo-por-horas\/\" target=\"_blank\" rel=\"noopener\">7 exerc\u00edcios simples que ativam o metabolismo por horas<\/a><\/p>\n\n\n\n<h2 class=\"wp-block-heading\">O chocolate amargo oferece benef\u00edcios al\u00e9m do sabor?<\/h2>\n\n\n\n<p>O <strong>chocolate amargo, al\u00e9m de ser rico em antioxidantes que melhoram a circula\u00e7\u00e3o cerebral, oferece efeitos que melhoram o humor<\/strong>, gra\u00e7as a produtos qu\u00edmicos naturais que liberam endorfinas na corrente sangu\u00ednea, conforme um artigo da <strong>Home Care Assistance<\/strong>. Deepsikha Jain ressalta que o chocolate amargo &#8220;ajuda a impulsionar <strong>horm\u00f4nios<\/strong> <strong>felizes <\/strong>e \u00e9 tamb\u00e9m rico em magn\u00e9sio, o que ajudar\u00e1 sua m\u00e3e a dormir melhor&#8221;. Al\u00e9m disso, pesquisas realizadas em <strong>2023<\/strong> demonstram que o consumo moderado de chocolate amargo pode contribuir para a redu\u00e7\u00e3o dos n\u00edveis de estresse, outro fator relevante na sa\u00fade p\u00f3s-menopausa.<\/p>\n\n\n\n<h2 class=\"wp-block-heading\">Por que \u00e9 fundamental cuidar dos n\u00edveis de ferro nessa etapa?<\/h2>\n\n\n\n<p>Segundo a nutricionista, <strong>muitas mulheres mais velhas enfrentam baixos n\u00edveis de ferro<\/strong>, tornando-se vulner\u00e1veis \u00e0 anemia e problemas de sa\u00fade relacionados. Ela recomenda a inclus\u00e3o de beterrabas ou t\u00e2maras na dieta, pois s\u00e3o ricas em ferro e ajudam a prevenir a anemia. Al\u00e9m das op\u00e7\u00f5es citadas por Deepsikha Jain, profissionais do <strong>Minist\u00e9rio da Sa\u00fade<\/strong> recomendam ainda a combina\u00e7\u00e3o de alimentos ricos em vitamina C, como a laranja, para melhorar a absor\u00e7\u00e3o de ferro dos alimentos de origem vegetal.<\/p>\n\n\n\n<p>Este artigo tem como objetivo informar e n\u00e3o substitui o aconselhamento m\u00e9dico profissional. Baseia-se em conte\u00fado gerado pelo usu\u00e1rio nas redes sociais, e as informa\u00e7\u00f5es n\u00e3o foram verificadas de forma independente por especialistas do HT. Manter uma dieta rica em nutrientes \u00e9 fundamental para assegurar uma vida saud\u00e1vel e plena mesmo ap\u00f3s a menopausa.<\/p>\n","protected":false},"excerpt":{"rendered":"<p>Ap\u00f3s a menopausa, a sa\u00fade da mulher frequentemente perde relev\u00e2ncia, e muitos dos desafios enfrentados por elas s\u00e3o vistos apenas como &#8220;envelhecimento natural&#8221;. No entanto, a sa\u00fade p\u00f3s-menopausa traz uma s\u00e9rie de complica\u00e7\u00f5es pr\u00f3prias que v\u00e3o desde a perda \u00f3ssea e a anemia at\u00e9 desequil\u00edbrios hormonais e dist\u00farbios do sono. O que geralmente \u00e9 negligenciado [&hellip;]<\/p>\n","protected":false},"author":9,"featured_media":22351,"comment_status":"open","ping_status":"open","sticky":false,"template":"","format":"standard","meta":{"jnews-multi-image_gallery":[],"jnews_single_post":{"format":"standard"},"jnews_primary_category":[],"jnews_social_meta":[],"jnews_override_counter":[],"footnotes":""},"categories":[8691,9053],"tags":[3509,15665,6098,11203],"class_list":["post-110733","post","type-post","status-publish","format-standard","has-post-thumbnail","hentry","category-bem-estar","category-saude","tag-nutricao","tag-pos-menopausa","tag-saude-da-mulher","tag-superalimentos"],"yoast_head":"<!-- This site is optimized with the Yoast SEO plugin v23.8 - https:\/\/yoast.com\/wordpress\/plugins\/seo\/ -->\n<title>Os superalimentos mais poderosos para a sa\u00fade da mulher p\u00f3s-menopausa<\/title>\n<meta name=\"description\" content=\"Equilibre horm\u00f4nios, previna a osteoporose e combata a anemia com a ajuda de alimentos funcionais na menopausa.\" \/>\n<meta name=\"robots\" content=\"index, follow, max-snippet:-1, max-image-preview:large, max-video-preview:-1\" \/>\n<link rel=\"canonical\" href=\"https:\/\/www.em.com.br\/emfoco\/2025\/10\/03\/os-superalimentos-mais-poderosos-para-a-saude-da-mulher-pos-menopausa\/\" \/>\n<meta property=\"og:locale\" content=\"pt_BR\" \/>\n<meta property=\"og:type\" content=\"article\" \/>\n<meta property=\"og:title\" content=\"Os superalimentos mais poderosos para a sa\u00fade da mulher p\u00f3s-menopausa\" \/>\n<meta property=\"og:description\" content=\"Equilibre horm\u00f4nios, previna a osteoporose e combata a anemia com a ajuda de alimentos funcionais na menopausa.\" \/>\n<meta property=\"og:url\" content=\"https:\/\/www.em.com.br\/emfoco\/2025\/10\/03\/os-superalimentos-mais-poderosos-para-a-saude-da-mulher-pos-menopausa\/\" \/>\n<meta property=\"og:site_name\" content=\"Estado de Minas - Em foco\" \/>\n<meta property=\"article:published_time\" content=\"2025-10-03T09:38:00+00:00\" \/>\n<meta property=\"article:modified_time\" content=\"2025-10-02T15:08:43+00:00\" \/>\n<meta property=\"og:image\" content=\"https:\/\/www.em.com.br\/emfoco\/wp-content\/uploads\/2025\/02\/pele-na-menopausa_1740408772505.jpg\" \/>\n\t<meta property=\"og:image:width\" content=\"1279\" \/>\n\t<meta property=\"og:image:height\" content=\"720\" \/>\n\t<meta property=\"og:image:type\" content=\"image\/jpeg\" \/>\n<meta name=\"author\" content=\"Daniely Cardoso\" \/>\n<meta name=\"twitter:card\" content=\"summary_large_image\" \/>\n<meta name=\"twitter:label1\" content=\"Escrito por\" \/>\n\t<meta name=\"twitter:data1\" content=\"Daniely Cardoso\" \/>\n\t<meta name=\"twitter:label2\" content=\"Est. tempo de leitura\" \/>\n\t<meta name=\"twitter:data2\" content=\"5 minutos\" \/>\n<!-- \/ Yoast SEO plugin. -->","yoast_head_json":{"title":"Os superalimentos mais poderosos para a sa\u00fade da mulher p\u00f3s-menopausa","description":"Equilibre horm\u00f4nios, previna a osteoporose e combata a anemia com a ajuda de alimentos funcionais na menopausa.","robots":{"index":"index","follow":"follow","max-snippet":"max-snippet:-1","max-image-preview":"max-image-preview:large","max-video-preview":"max-video-preview:-1"},"canonical":"https:\/\/www.em.com.br\/emfoco\/2025\/10\/03\/os-superalimentos-mais-poderosos-para-a-saude-da-mulher-pos-menopausa\/","og_locale":"pt_BR","og_type":"article","og_title":"Os superalimentos mais poderosos para a sa\u00fade da mulher p\u00f3s-menopausa","og_description":"Equilibre horm\u00f4nios, previna a osteoporose e combata a anemia com a ajuda de alimentos funcionais na menopausa.","og_url":"https:\/\/www.em.com.br\/emfoco\/2025\/10\/03\/os-superalimentos-mais-poderosos-para-a-saude-da-mulher-pos-menopausa\/","og_site_name":"Estado de Minas - Em foco","article_published_time":"2025-10-03T09:38:00+00:00","article_modified_time":"2025-10-02T15:08:43+00:00","og_image":[{"width":1279,"height":720,"url":"https:\/\/www.em.com.br\/emfoco\/wp-content\/uploads\/2025\/02\/pele-na-menopausa_1740408772505.jpg","type":"image\/jpeg"}],"author":"Daniely Cardoso","twitter_card":"summary_large_image","twitter_misc":{"Escrito por":"Daniely Cardoso","Est. tempo de leitura":"5 minutos"},"schema":{"@context":"https:\/\/schema.org","@graph":[{"@type":"WebPage","@id":"https:\/\/www.em.com.br\/emfoco\/2025\/10\/03\/os-superalimentos-mais-poderosos-para-a-saude-da-mulher-pos-menopausa\/","url":"https:\/\/www.em.com.br\/emfoco\/2025\/10\/03\/os-superalimentos-mais-poderosos-para-a-saude-da-mulher-pos-menopausa\/","name":"Os superalimentos mais poderosos para a sa\u00fade da mulher p\u00f3s-menopausa","isPartOf":{"@id":"https:\/\/www.em.com.br\/emfoco\/#website"},"primaryImageOfPage":{"@id":"https:\/\/www.em.com.br\/emfoco\/2025\/10\/03\/os-superalimentos-mais-poderosos-para-a-saude-da-mulher-pos-menopausa\/#primaryimage"},"image":{"@id":"https:\/\/www.em.com.br\/emfoco\/2025\/10\/03\/os-superalimentos-mais-poderosos-para-a-saude-da-mulher-pos-menopausa\/#primaryimage"},"thumbnailUrl":"https:\/\/www.em.com.br\/emfoco\/wp-content\/uploads\/2025\/02\/pele-na-menopausa_1740408772505.jpg","datePublished":"2025-10-03T09:38:00+00:00","dateModified":"2025-10-02T15:08:43+00:00","author":{"@id":"https:\/\/www.em.com.br\/emfoco\/#\/schema\/person\/0a8186d72f2c3a5c6276d90b41f271a0"},"description":"Equilibre horm\u00f4nios, previna a osteoporose e combata a anemia com a ajuda de alimentos funcionais na menopausa.","breadcrumb":{"@id":"https:\/\/www.em.com.br\/emfoco\/2025\/10\/03\/os-superalimentos-mais-poderosos-para-a-saude-da-mulher-pos-menopausa\/#breadcrumb"},"inLanguage":"pt-BR","potentialAction":[{"@type":"ReadAction","target":["https:\/\/www.em.com.br\/emfoco\/2025\/10\/03\/os-superalimentos-mais-poderosos-para-a-saude-da-mulher-pos-menopausa\/"]}]},{"@type":"ImageObject","inLanguage":"pt-BR","@id":"https:\/\/www.em.com.br\/emfoco\/2025\/10\/03\/os-superalimentos-mais-poderosos-para-a-saude-da-mulher-pos-menopausa\/#primaryimage","url":"https:\/\/www.em.com.br\/emfoco\/wp-content\/uploads\/2025\/02\/pele-na-menopausa_1740408772505.jpg","contentUrl":"https:\/\/www.em.com.br\/emfoco\/wp-content\/uploads\/2025\/02\/pele-na-menopausa_1740408772505.jpg","width":1279,"height":720,"caption":"Cuidados com a pele - Cr\u00e9ditos: depositphotos.com \/ Milkos"},{"@type":"BreadcrumbList","@id":"https:\/\/www.em.com.br\/emfoco\/2025\/10\/03\/os-superalimentos-mais-poderosos-para-a-saude-da-mulher-pos-menopausa\/#breadcrumb","itemListElement":[{"@type":"ListItem","position":1,"name":"In\u00edcio","item":"https:\/\/www.em.com.br\/emfoco\/"},{"@type":"ListItem","position":2,"name":"Os superalimentos mais poderosos para a sa\u00fade da mulher p\u00f3s-menopausa"}]},{"@type":"WebSite","@id":"https:\/\/www.em.com.br\/emfoco\/#website","url":"https:\/\/www.em.com.br\/emfoco\/","name":"Estado de Minas - Em foco","description":"Acompanhe as \u00faltimas not\u00edcias e fique bem informado sobre tudo o que acontece em Minas Gerais, Brasil e no mundo.","potentialAction":[{"@type":"SearchAction","target":{"@type":"EntryPoint","urlTemplate":"https:\/\/www.em.com.br\/emfoco\/?s={search_term_string}"},"query-input":{"@type":"PropertyValueSpecification","valueRequired":true,"valueName":"search_term_string"}}],"inLanguage":"pt-BR"},{"@type":"Person","@id":"https:\/\/www.em.com.br\/emfoco\/#\/schema\/person\/0a8186d72f2c3a5c6276d90b41f271a0","name":"Daniely Cardoso","image":{"@type":"ImageObject","inLanguage":"pt-BR","@id":"https:\/\/www.em.com.br\/emfoco\/#\/schema\/person\/image\/","url":"https:\/\/secure.gravatar.com\/avatar\/4b80ddbd124d1f071b626d52d62e5dff?s=96&d=mm&r=g","contentUrl":"https:\/\/secure.gravatar.com\/avatar\/4b80ddbd124d1f071b626d52d62e5dff?s=96&d=mm&r=g","caption":"Daniely Cardoso"},"url":"https:\/\/www.em.com.br\/emfoco\/author\/danielymyth\/"}]}},"_links":{"self":[{"href":"https:\/\/www.em.com.br\/emfoco\/wp-json\/wp\/v2\/posts\/110733","targetHints":{"allow":["GET"]}}],"collection":[{"href":"https:\/\/www.em.com.br\/emfoco\/wp-json\/wp\/v2\/posts"}],"about":[{"href":"https:\/\/www.em.com.br\/emfoco\/wp-json\/wp\/v2\/types\/post"}],"author":[{"embeddable":true,"href":"https:\/\/www.em.com.br\/emfoco\/wp-json\/wp\/v2\/users\/9"}],"replies":[{"embeddable":true,"href":"https:\/\/www.em.com.br\/emfoco\/wp-json\/wp\/v2\/comments?post=110733"}],"version-history":[{"count":1,"href":"https:\/\/www.em.com.br\/emfoco\/wp-json\/wp\/v2\/posts\/110733\/revisions"}],"predecessor-version":[{"id":110735,"href":"https:\/\/www.em.com.br\/emfoco\/wp-json\/wp\/v2\/posts\/110733\/revisions\/110735"}],"wp:featuredmedia":[{"embeddable":true,"href":"https:\/\/www.em.com.br\/emfoco\/wp-json\/wp\/v2\/media\/22351"}],"wp:attachment":[{"href":"https:\/\/www.em.com.br\/emfoco\/wp-json\/wp\/v2\/media?parent=110733"}],"wp:term":[{"taxonomy":"category","embeddable":true,"href":"https:\/\/www.em.com.br\/emfoco\/wp-json\/wp\/v2\/categories?post=110733"},{"taxonomy":"post_tag","embeddable":true,"href":"https:\/\/www.em.com.br\/emfoco\/wp-json\/wp\/v2\/tags?post=110733"}],"curies":[{"name":"wp","href":"https:\/\/api.w.org\/{rel}","templated":true}]}}