{"id":110697,"date":"2025-10-03T22:48:33","date_gmt":"2025-10-04T01:48:33","guid":{"rendered":"https:\/\/www.em.com.br\/emfoco\/?p=110697"},"modified":"2025-10-02T19:22:42","modified_gmt":"2025-10-02T22:22:42","slug":"pouca-gente-sabe-mas-tatuagens-carregam-significados-fortes","status":"publish","type":"post","link":"https:\/\/www.em.com.br\/emfoco\/2025\/10\/03\/pouca-gente-sabe-mas-tatuagens-carregam-significados-fortes\/","title":{"rendered":"Pouca gente sabe, mas tatuagens carregam significados fortes"},"content":{"rendered":"\n<p>As tatuagens s\u00e3o uma express\u00e3o pessoal que pode refletir a <strong>personalidade<\/strong>, <strong>emo\u00e7\u00f5es<\/strong> e <strong>cren\u00e7as<\/strong> de uma pessoa. Um estudo realizado pelo <strong>Pew Research Center<\/strong> descobriu que cerca de <strong>32%<\/strong> dos adultos americanos possuem pelo menos uma tatuagem. A pesquisa aponta que as pessoas se tatuam por raz\u00f5es pessoais significativas.<\/p>\n\n\n\n<ul class=\"wp-block-list\">\n<li><strong>Tatuagens<\/strong> s\u00e3o usadas para <strong>comemorar<\/strong> algu\u00e9m especial ou um evento importante.<\/li>\n\n\n\n<li>Fortalecem a <strong>confian\u00e7a<\/strong> na apar\u00eancia pessoal.<\/li>\n\n\n\n<li>Podem ser mal interpretadas ao tentar desvendar a <strong>personalidade<\/strong>.<\/li>\n<\/ul>\n\n\n\n<h2 class=\"wp-block-heading\">As tatuagens refletem realmente a personalidade?<\/h2>\n\n\n\n<p>Os <strong>pesquisadores<\/strong> examinaram <strong>274 adultos tatuados<\/strong> para determinar se as suas <strong>tatuagens<\/strong> refletiam a <strong>personalidade<\/strong>. Durante o estudo, foram tiradas fotos de v\u00e1rios <strong>tatuagens<\/strong> em diferentes partes do corpo.<\/p>\n\n\n\n<p>Essas imagens foram avaliadas por especialistas em <strong>psicologia<\/strong>, que receberam explica\u00e7\u00f5es sobre o <strong>significado<\/strong> de cada <strong>tatuagem<\/strong>. Eles classificaram as pessoas com base na <strong>extrovers\u00e3o<\/strong>, <strong>cordialidade<\/strong> e <strong>abertura a novas experi\u00eancias<\/strong>.<\/p>\n\n\n\n<h2 class=\"wp-block-heading\">Os julgamentos baseados em tatuagens s\u00e3o precisos?<\/h2>\n\n\n\n<p>O estudo revelou que embora as <strong>tatuagens<\/strong> possam ser associadas a caracter\u00edsticas como <strong>extrovers\u00e3o<\/strong> e <strong>amabilidade<\/strong> por suas cores e estilos, estas impress\u00f5es s\u00e3o frequentemente imprecisas. As avalia\u00e7\u00f5es visuais n\u00e3o correspondem \u00e0 <strong>personalidade real<\/strong> de quem as possui.<a href=\"https:\/\/pepsic.bvsalud.org\/scielo.php?script=sci_arttext&amp;pid=S0101-31062016000100013\" target=\"_blank\" rel=\"noreferrer noopener\"> Pesquisas recentes <\/a>tamb\u00e9m sugerem que fatores culturais e sociais impactam diretamente como as <strong>tatuagens<\/strong> s\u00e3o vistas, variando bastante de acordo com o contexto.<\/p>\n\n\n<div class=\"wp-block-image\">\n<figure class=\"aligncenter size-large\"><img loading=\"lazy\" decoding=\"async\" width=\"1024\" height=\"576\" src=\"https:\/\/www.em.com.br\/emfoco\/wp-content\/uploads\/2025\/10\/pessoa-tatuagem-_1759415970143-1024x576.jpg\" alt=\"\" class=\"wp-image-110717\" srcset=\"https:\/\/www.em.com.br\/emfoco\/wp-content\/uploads\/2025\/10\/pessoa-tatuagem-_1759415970143-1024x576.jpg 1024w, https:\/\/www.em.com.br\/emfoco\/wp-content\/uploads\/2025\/10\/pessoa-tatuagem-_1759415970143-300x169.jpg 300w, https:\/\/www.em.com.br\/emfoco\/wp-content\/uploads\/2025\/10\/pessoa-tatuagem-_1759415970143-768x432.jpg 768w, https:\/\/www.em.com.br\/emfoco\/wp-content\/uploads\/2025\/10\/pessoa-tatuagem-_1759415970143-750x422.jpg 750w, https:\/\/www.em.com.br\/emfoco\/wp-content\/uploads\/2025\/10\/pessoa-tatuagem-_1759415970143-1140x642.jpg 1140w, https:\/\/www.em.com.br\/emfoco\/wp-content\/uploads\/2025\/10\/pessoa-tatuagem-_1759415970143.jpg 1279w\" sizes=\"auto, (max-width: 1024px) 100vw, 1024px\" \/><figcaption class=\"wp-element-caption\">Os especialistas sugerem que para compreender verdadeiramente o que as tatuagens &#8211; Cr\u00e9ditos: depositphotos.com \/ serezniy<\/figcaption><\/figure><\/div>\n\n\n<p><em>Dica r\u00e1pida:<\/em> antes de <strong>julgar<\/strong> algu\u00e9m com base em suas <strong>tatuagens<\/strong>, tome tempo para conhecer a hist\u00f3ria pessoal por tr\u00e1s da arte.<\/p>\n\n\n\n<p>Leia tamb\u00e9m: <a href=\"https:\/\/www.em.com.br\/emfoco\/2025\/10\/01\/o-que-significa-as-manchas-brancas-nas-unhas\/\" target=\"_blank\" rel=\"noopener\">O que significa as manchas brancas nas unhas?<\/a><\/p>\n\n\n\n<h2 class=\"wp-block-heading\">Como compreender o <strong>significado pessoal<\/strong> das <strong>tatuagens<\/strong>?<\/h2>\n\n\n\n<p>Os especialistas sugerem que para compreender verdadeiramente o que as <strong>tatuagens<\/strong> revelam sobre uma pessoa, \u00e9 essencial conhecer a <strong>hist\u00f3ria<\/strong> por tr\u00e1s delas, em vez de se basear apenas em <strong>julgamentos superficiais<\/strong>.<\/p>\n\n\n\n<p>Uma <strong>tatuagem<\/strong> pode refletir <strong>sentimentos profundos<\/strong> experienciados em determinado momento, mas n\u00e3o necessariamente revela a <strong>personalidade<\/strong> ou o comportamento cont\u00ednuo de uma pessoa. Muitas vezes, elas tamb\u00e9m marcam fases importantes ou simbolizam transforma\u00e7\u00e3o e autoconhecimento.<\/p>\n\n\n\n<h2 class=\"wp-block-heading\">O que aprendemos com este <strong>estudo<\/strong>?<\/h2>\n\n\n\n<ul class=\"wp-block-list\">\n<li>As tatuagens s\u00e3o mais significativas quando acompanhadas da <strong>hist\u00f3ria pessoal<\/strong> por tr\u00e1s delas.<\/li>\n\n\n\n<li><strong>Julgar<\/strong> a <strong>personalidade<\/strong> com base apenas em <strong>tatuagens<\/strong> pode levar a conclus\u00f5es erradas.<\/li>\n\n\n\n<li>O <strong>contexto<\/strong> e a <strong>narrativa<\/strong> por tr\u00e1s da tatuagem s\u00e3o cruciais para seu entendimento.<\/li>\n<\/ul>\n\n\n\n<p><\/p>\n","protected":false},"excerpt":{"rendered":"<p>As tatuagens s\u00e3o uma express\u00e3o pessoal que pode refletir a personalidade, emo\u00e7\u00f5es e cren\u00e7as de uma pessoa. Um estudo realizado pelo Pew Research Center descobriu que cerca de 32% dos adultos americanos possuem pelo menos uma tatuagem. A pesquisa aponta que as pessoas se tatuam por raz\u00f5es pessoais significativas. As tatuagens refletem realmente a personalidade? [&hellip;]<\/p>\n","protected":false},"author":9,"featured_media":110719,"comment_status":"open","ping_status":"open","sticky":false,"template":"","format":"standard","meta":{"jnews-multi-image_gallery":[],"jnews_single_post":{"format":"standard"},"jnews_primary_category":[],"jnews_social_meta":[],"jnews_override_counter":[],"footnotes":""},"categories":[8819,1],"tags":[4552,16913,5174],"class_list":["post-110697","post","type-post","status-publish","format-standard","has-post-thumbnail","hentry","category-curiosidades","category-noticias","tag-personalidade","tag-pessoas-tatuadas","tag-tatuagem"],"yoast_head":"<!-- This site is optimized with the Yoast SEO plugin v23.8 - https:\/\/yoast.com\/wordpress\/plugins\/seo\/ -->\n<title>Pouca gente sabe, mas tatuagens carregam significados fortes<\/title>\n<meta name=\"description\" content=\"As tatuagens carregam hist\u00f3rias e significados pessoais. Saiba se elas realmente revelam tra\u00e7os de personalidade ou se isso \u00e9 apenas mito.\" \/>\n<meta name=\"robots\" content=\"index, follow, max-snippet:-1, max-image-preview:large, max-video-preview:-1\" \/>\n<link rel=\"canonical\" href=\"https:\/\/www.em.com.br\/emfoco\/2025\/10\/03\/pouca-gente-sabe-mas-tatuagens-carregam-significados-fortes\/\" \/>\n<meta property=\"og:locale\" content=\"pt_BR\" \/>\n<meta property=\"og:type\" content=\"article\" \/>\n<meta property=\"og:title\" content=\"Pouca gente sabe, mas tatuagens carregam significados fortes\" \/>\n<meta property=\"og:description\" content=\"As tatuagens carregam hist\u00f3rias e significados pessoais. Saiba se elas realmente revelam tra\u00e7os de personalidade ou se isso \u00e9 apenas mito.\" \/>\n<meta property=\"og:url\" content=\"https:\/\/www.em.com.br\/emfoco\/2025\/10\/03\/pouca-gente-sabe-mas-tatuagens-carregam-significados-fortes\/\" \/>\n<meta property=\"og:site_name\" content=\"Estado de Minas - Em foco\" \/>\n<meta property=\"article:published_time\" content=\"2025-10-04T01:48:33+00:00\" \/>\n<meta property=\"article:modified_time\" content=\"2025-10-02T22:22:42+00:00\" \/>\n<meta property=\"og:image\" content=\"https:\/\/www.em.com.br\/emfoco\/wp-content\/uploads\/2025\/10\/pessoa-tatuagem-_1759416049586.jpg\" \/>\n\t<meta property=\"og:image:width\" content=\"1280\" \/>\n\t<meta property=\"og:image:height\" content=\"720\" \/>\n\t<meta property=\"og:image:type\" content=\"image\/jpeg\" \/>\n<meta name=\"author\" content=\"Daniely Cardoso\" \/>\n<meta name=\"twitter:card\" content=\"summary_large_image\" \/>\n<meta name=\"twitter:label1\" content=\"Escrito por\" \/>\n\t<meta name=\"twitter:data1\" content=\"Daniely Cardoso\" \/>\n\t<meta name=\"twitter:label2\" content=\"Est. tempo de leitura\" \/>\n\t<meta name=\"twitter:data2\" content=\"3 minutos\" \/>\n<!-- \/ Yoast SEO plugin. -->","yoast_head_json":{"title":"Pouca gente sabe, mas tatuagens carregam significados fortes","description":"As tatuagens carregam hist\u00f3rias e significados pessoais. Saiba se elas realmente revelam tra\u00e7os de personalidade ou se isso \u00e9 apenas mito.","robots":{"index":"index","follow":"follow","max-snippet":"max-snippet:-1","max-image-preview":"max-image-preview:large","max-video-preview":"max-video-preview:-1"},"canonical":"https:\/\/www.em.com.br\/emfoco\/2025\/10\/03\/pouca-gente-sabe-mas-tatuagens-carregam-significados-fortes\/","og_locale":"pt_BR","og_type":"article","og_title":"Pouca gente sabe, mas tatuagens carregam significados fortes","og_description":"As tatuagens carregam hist\u00f3rias e significados pessoais. Saiba se elas realmente revelam tra\u00e7os de personalidade ou se isso \u00e9 apenas mito.","og_url":"https:\/\/www.em.com.br\/emfoco\/2025\/10\/03\/pouca-gente-sabe-mas-tatuagens-carregam-significados-fortes\/","og_site_name":"Estado de Minas - Em foco","article_published_time":"2025-10-04T01:48:33+00:00","article_modified_time":"2025-10-02T22:22:42+00:00","og_image":[{"width":1280,"height":720,"url":"https:\/\/www.em.com.br\/emfoco\/wp-content\/uploads\/2025\/10\/pessoa-tatuagem-_1759416049586.jpg","type":"image\/jpeg"}],"author":"Daniely Cardoso","twitter_card":"summary_large_image","twitter_misc":{"Escrito por":"Daniely Cardoso","Est. tempo de leitura":"3 minutos"},"schema":{"@context":"https:\/\/schema.org","@graph":[{"@type":"WebPage","@id":"https:\/\/www.em.com.br\/emfoco\/2025\/10\/03\/pouca-gente-sabe-mas-tatuagens-carregam-significados-fortes\/","url":"https:\/\/www.em.com.br\/emfoco\/2025\/10\/03\/pouca-gente-sabe-mas-tatuagens-carregam-significados-fortes\/","name":"Pouca gente sabe, mas tatuagens carregam significados fortes","isPartOf":{"@id":"https:\/\/www.em.com.br\/emfoco\/#website"},"primaryImageOfPage":{"@id":"https:\/\/www.em.com.br\/emfoco\/2025\/10\/03\/pouca-gente-sabe-mas-tatuagens-carregam-significados-fortes\/#primaryimage"},"image":{"@id":"https:\/\/www.em.com.br\/emfoco\/2025\/10\/03\/pouca-gente-sabe-mas-tatuagens-carregam-significados-fortes\/#primaryimage"},"thumbnailUrl":"https:\/\/www.em.com.br\/emfoco\/wp-content\/uploads\/2025\/10\/pessoa-tatuagem-_1759416049586.jpg","datePublished":"2025-10-04T01:48:33+00:00","dateModified":"2025-10-02T22:22:42+00:00","author":{"@id":"https:\/\/www.em.com.br\/emfoco\/#\/schema\/person\/0a8186d72f2c3a5c6276d90b41f271a0"},"description":"As tatuagens carregam hist\u00f3rias e significados pessoais. Saiba se elas realmente revelam tra\u00e7os de personalidade ou se isso \u00e9 apenas mito.","breadcrumb":{"@id":"https:\/\/www.em.com.br\/emfoco\/2025\/10\/03\/pouca-gente-sabe-mas-tatuagens-carregam-significados-fortes\/#breadcrumb"},"inLanguage":"pt-BR","potentialAction":[{"@type":"ReadAction","target":["https:\/\/www.em.com.br\/emfoco\/2025\/10\/03\/pouca-gente-sabe-mas-tatuagens-carregam-significados-fortes\/"]}]},{"@type":"ImageObject","inLanguage":"pt-BR","@id":"https:\/\/www.em.com.br\/emfoco\/2025\/10\/03\/pouca-gente-sabe-mas-tatuagens-carregam-significados-fortes\/#primaryimage","url":"https:\/\/www.em.com.br\/emfoco\/wp-content\/uploads\/2025\/10\/pessoa-tatuagem-_1759416049586.jpg","contentUrl":"https:\/\/www.em.com.br\/emfoco\/wp-content\/uploads\/2025\/10\/pessoa-tatuagem-_1759416049586.jpg","width":1280,"height":720,"caption":"Explica\u00e7\u00f5es sobre o significado de cada tatuagem - Cr\u00e9ditos: depositphotos.com \/ alesealesphoto"},{"@type":"BreadcrumbList","@id":"https:\/\/www.em.com.br\/emfoco\/2025\/10\/03\/pouca-gente-sabe-mas-tatuagens-carregam-significados-fortes\/#breadcrumb","itemListElement":[{"@type":"ListItem","position":1,"name":"In\u00edcio","item":"https:\/\/www.em.com.br\/emfoco\/"},{"@type":"ListItem","position":2,"name":"Pouca gente sabe, mas tatuagens carregam significados fortes"}]},{"@type":"WebSite","@id":"https:\/\/www.em.com.br\/emfoco\/#website","url":"https:\/\/www.em.com.br\/emfoco\/","name":"Estado de Minas - Em foco","description":"Acompanhe as \u00faltimas not\u00edcias e fique bem informado sobre tudo o que acontece em Minas Gerais, Brasil e no mundo.","potentialAction":[{"@type":"SearchAction","target":{"@type":"EntryPoint","urlTemplate":"https:\/\/www.em.com.br\/emfoco\/?s={search_term_string}"},"query-input":{"@type":"PropertyValueSpecification","valueRequired":true,"valueName":"search_term_string"}}],"inLanguage":"pt-BR"},{"@type":"Person","@id":"https:\/\/www.em.com.br\/emfoco\/#\/schema\/person\/0a8186d72f2c3a5c6276d90b41f271a0","name":"Daniely Cardoso","image":{"@type":"ImageObject","inLanguage":"pt-BR","@id":"https:\/\/www.em.com.br\/emfoco\/#\/schema\/person\/image\/","url":"https:\/\/secure.gravatar.com\/avatar\/4b80ddbd124d1f071b626d52d62e5dff?s=96&d=mm&r=g","contentUrl":"https:\/\/secure.gravatar.com\/avatar\/4b80ddbd124d1f071b626d52d62e5dff?s=96&d=mm&r=g","caption":"Daniely Cardoso"},"url":"https:\/\/www.em.com.br\/emfoco\/author\/danielymyth\/"}]}},"_links":{"self":[{"href":"https:\/\/www.em.com.br\/emfoco\/wp-json\/wp\/v2\/posts\/110697","targetHints":{"allow":["GET"]}}],"collection":[{"href":"https:\/\/www.em.com.br\/emfoco\/wp-json\/wp\/v2\/posts"}],"about":[{"href":"https:\/\/www.em.com.br\/emfoco\/wp-json\/wp\/v2\/types\/post"}],"author":[{"embeddable":true,"href":"https:\/\/www.em.com.br\/emfoco\/wp-json\/wp\/v2\/users\/9"}],"replies":[{"embeddable":true,"href":"https:\/\/www.em.com.br\/emfoco\/wp-json\/wp\/v2\/comments?post=110697"}],"version-history":[{"count":3,"href":"https:\/\/www.em.com.br\/emfoco\/wp-json\/wp\/v2\/posts\/110697\/revisions"}],"predecessor-version":[{"id":110940,"href":"https:\/\/www.em.com.br\/emfoco\/wp-json\/wp\/v2\/posts\/110697\/revisions\/110940"}],"wp:featuredmedia":[{"embeddable":true,"href":"https:\/\/www.em.com.br\/emfoco\/wp-json\/wp\/v2\/media\/110719"}],"wp:attachment":[{"href":"https:\/\/www.em.com.br\/emfoco\/wp-json\/wp\/v2\/media?parent=110697"}],"wp:term":[{"taxonomy":"category","embeddable":true,"href":"https:\/\/www.em.com.br\/emfoco\/wp-json\/wp\/v2\/categories?post=110697"},{"taxonomy":"post_tag","embeddable":true,"href":"https:\/\/www.em.com.br\/emfoco\/wp-json\/wp\/v2\/tags?post=110697"}],"curies":[{"name":"wp","href":"https:\/\/api.w.org\/{rel}","templated":true}]}}