{"id":11058,"date":"2025-01-16T08:19:00","date_gmt":"2025-01-16T11:19:00","guid":{"rendered":"https:\/\/www.em.com.br\/emfoco\/?p=11058"},"modified":"2025-01-16T05:20:38","modified_gmt":"2025-01-16T08:20:38","slug":"idosos-que-estao-acima-dos-60-anos-tem-direito-a-novo-beneficio-em-2025-entenda","status":"publish","type":"post","link":"https:\/\/www.em.com.br\/emfoco\/2025\/01\/16\/idosos-que-estao-acima-dos-60-anos-tem-direito-a-novo-beneficio-em-2025-entenda\/","title":{"rendered":"Idosos que est\u00e3o acima dos 60 anos t\u00eam direito a novo benef\u00edcio em 2025; Entenda!"},"content":{"rendered":"\n<p>No Brasil, a legisla\u00e7\u00e3o proporciona uma s\u00e9rie de garantias aos idosos, visando assegurar uma vida digna e facilitar sua inclus\u00e3o social. A partir dos 60 anos, in\u00fameros benef\u00edcios s\u00e3o concedidos para promover uma participa\u00e7\u00e3o ativa na sociedade. Entre eles, destaca-se a gratuidade no transporte coletivo urbano, que busca eliminar barreiras \u00e0 mobilidade e fomentar a presen\u00e7a em atividades culturais e sociais.<\/p>\n\n\n\n<p>O Estatuto do Idoso, institu\u00eddo pela Lei n\u00ba 10.741\/2003, \u00e9 a principal legisla\u00e7\u00e3o que consolida esses direitos. Ele foi criado com o intuito de promover o bem-estar e a inclus\u00e3o plena dos idosos, assegurando que tenham acesso a benef\u00edcios que v\u00e3o al\u00e9m do transporte, promovendo, assim, uma vida mais ativa e integrada.<\/p>\n\n\n\n<h2 class=\"wp-block-heading\">Qual \u00e9 o Papel da Carteira do Idoso?<\/h2>\n\n\n\n<p>A Carteira do Idoso \u00e9 fundamental para que essa popula\u00e7\u00e3o acesse seus direitos de forma pr\u00e1tica. Este documento permite usufruir de transporte interestadual gratuito ou com desconto e facilita o acesso a diversos servi\u00e7os sociais. Servindo como comprova\u00e7\u00e3o documental, a Carteira do Idoso \u00e9 concebida para garantir que esses direitos sejam reconhecidos e respeitados.<\/p>\n\n\n\n<p>Al\u00e9m das facilidades no transporte, a Carteira do Idoso assegura o acesso a outros benef\u00edcios previstos em lei, funcionando como instrumento vital para a prote\u00e7\u00e3o dos direitos legais dos idosos.<\/p>\n\n\n\n<figure class=\"wp-block-image size-large\"><img loading=\"lazy\" decoding=\"async\" width=\"1024\" height=\"576\" src=\"https:\/\/www.em.com.br\/emfoco\/wp-content\/uploads\/2024\/12\/idoso-beneficio-Creditos-depositphotos.com-lucidwaters-1024x576.jpg\" alt=\"idoso - benef\u00edcio - Cr\u00e9ditos depositphotos.com lucidwaters\" class=\"wp-image-2810\" srcset=\"https:\/\/www.em.com.br\/emfoco\/wp-content\/uploads\/2024\/12\/idoso-beneficio-Creditos-depositphotos.com-lucidwaters-1024x576.jpg 1024w, https:\/\/www.em.com.br\/emfoco\/wp-content\/uploads\/2024\/12\/idoso-beneficio-Creditos-depositphotos.com-lucidwaters-300x169.jpg 300w, https:\/\/www.em.com.br\/emfoco\/wp-content\/uploads\/2024\/12\/idoso-beneficio-Creditos-depositphotos.com-lucidwaters-768x432.jpg 768w, https:\/\/www.em.com.br\/emfoco\/wp-content\/uploads\/2024\/12\/idoso-beneficio-Creditos-depositphotos.com-lucidwaters-750x422.jpg 750w, https:\/\/www.em.com.br\/emfoco\/wp-content\/uploads\/2024\/12\/idoso-beneficio-Creditos-depositphotos.com-lucidwaters-1140x641.jpg 1140w, https:\/\/www.em.com.br\/emfoco\/wp-content\/uploads\/2024\/12\/idoso-beneficio-Creditos-depositphotos.com-lucidwaters.jpg 1280w\" sizes=\"auto, (max-width: 1024px) 100vw, 1024px\" \/><figcaption class=\"wp-element-caption\">idoso &#8211; benef\u00edcio &#8211; Cr\u00e9ditos depositphotos.com lucidwaters<\/figcaption><\/figure>\n\n\n\n<h2 class=\"wp-block-heading\">Como Solicitar a Carteira do Idoso?<\/h2>\n\n\n\n<p>O processo de emiss\u00e3o da Carteira do Idoso \u00e9 simplificado e pode ser realizado online. O interessado deve seguir alguns passos para obt\u00ea-la:<\/p>\n\n\n\n<ul class=\"wp-block-list\">\n<li>Acesse o portal governamental espec\u00edfico para a emiss\u00e3o da Carteira do Idoso.<\/li>\n\n\n\n<li>Preencha o formul\u00e1rio com informa\u00e7\u00f5es pessoais solicitadas.<\/li>\n\n\n\n<li>Crie uma conta na plataforma Gov.BR, caso ainda n\u00e3o possua.<\/li>\n\n\n\n<li>Disponha de documentos como RG, CPF e um comprovante de resid\u00eancia recente.<\/li>\n\n\n\n<li>Submeta os dados e documentos requisitados para an\u00e1lise.<\/li>\n<\/ul>\n\n\n\n<p>Ap\u00f3s a aprova\u00e7\u00e3o, a Carteira do Idoso pode ser baixada e dever\u00e1 ser apresentada junto com um documento de identidade com foto quando necess\u00e1rio.<\/p>\n\n\n\n<h2 class=\"wp-block-heading\">Quais s\u00e3o os Benef\u00edcios Atribu\u00eddos aos Idosos?<\/h2>\n\n\n\n<p>Al\u00e9m da gratuidade nos transportes, os idosos desfrutam de v\u00e1rios outros benef\u00edcios no Brasil, os quais s\u00e3o parte de pol\u00edticas p\u00fablicas abrangentes. Dentre eles, destacam-se os descontos em eventos culturais, atendimento preferencial em estabelecimentos p\u00fablicos e privados, e outros direitos sociais relevantes.<\/p>\n\n\n\n<ol class=\"wp-block-list\">\n<li><strong>Benef\u00edcio de Presta\u00e7\u00e3o Continuada (BPC):<\/strong> Concede um sal\u00e1rio m\u00ednimo mensal para idosos a partir de 65 anos, ou pessoas com defici\u00eancia, que n\u00e3o possuam meios de subsist\u00eancia.<\/li>\n\n\n\n<li><strong>Isen\u00e7\u00e3o do Imposto de Renda:<\/strong> Em determinadas situa\u00e7\u00f5es, os idosos podem ser isentos desse tributo.<\/li>\n\n\n\n<li><strong>Acesso preferencial \u00e0 sa\u00fade:<\/strong> Atendimento priorit\u00e1rio no Sistema \u00danico de Sa\u00fade (SUS) e acesso a medicamentos gratuitos.<\/li>\n\n\n\n<li><strong>Prote\u00e7\u00e3o contra a discrimina\u00e7\u00e3o:<\/strong> Legisla\u00e7\u00e3o que assegura dignidade e respeito, vedando discrimina\u00e7\u00e3o por idade.<\/li>\n\n\n\n<li><strong>Participa\u00e7\u00e3o cultural:<\/strong> Descontos e acesso facilitado a atividades culturais e de lazer, reafirmando seu direito ao bem-estar.<\/li>\n<\/ol>\n\n\n\n<h2 class=\"wp-block-heading\">Como Promover a Inclus\u00e3o dos Idosos na Sociedade?<\/h2>\n\n\n\n<p>A fim de promover uma sociedade mais inclusiva para os idosos, \u00e9 essencial o cont\u00ednuo desenvolvimento de pol\u00edticas p\u00fablicas e o fomento de iniciativas nas esferas de sa\u00fade, habita\u00e7\u00e3o e economia. Investimentos em educa\u00e7\u00e3o digital e infraestrutura segura e acess\u00edvel s\u00e3o cruciais para ampliar a autonomia e a qualidade de vida da popula\u00e7\u00e3o idosa.<\/p>\n\n\n\n<p>A inclus\u00e3o efetiva dos idosos n\u00e3o apenas melhora seu bem-estar, mas tamb\u00e9m refor\u00e7a valores sociais de respeito e dignidade, garantindo que possam desempenhar um papel ativo e significativo em suas comunidades.<\/p>\n","protected":false},"excerpt":{"rendered":"<p>No Brasil, a legisla\u00e7\u00e3o proporciona uma s\u00e9rie de garantias aos idosos, visando assegurar uma vida digna e facilitar sua inclus\u00e3o social. A partir dos 60 anos, in\u00fameros benef\u00edcios s\u00e3o concedidos para promover uma participa\u00e7\u00e3o ativa na sociedade<\/p>\n","protected":false},"author":2,"featured_media":1397,"comment_status":"open","ping_status":"open","sticky":false,"template":"","format":"standard","meta":{"jnews-multi-image_gallery":[],"jnews_single_post":{"format":"standard"},"jnews_primary_category":[],"jnews_social_meta":[],"jnews_override_counter":[],"footnotes":""},"categories":[28,1],"tags":[256,1342,490,1010,415,1600],"class_list":["post-11058","post","type-post","status-publish","format-standard","has-post-thumbnail","hentry","category-economia","category-noticias","tag-beneficios","tag-direitos","tag-idoso","tag-previdencia","tag-saude","tag-transportes"],"yoast_head":"<!-- This site is optimized with the Yoast SEO plugin v23.8 - https:\/\/yoast.com\/wordpress\/plugins\/seo\/ -->\n<title>Idosos que est\u00e3o acima dos 60 anos t\u00eam direito a novo benef\u00edcio em 2025; Entenda! - Estado de Minas - Em foco<\/title>\n<meta name=\"description\" content=\"No Brasil, a legisla\u00e7\u00e3o proporciona uma s\u00e9rie de garantias aos idosos, visando assegurar uma vida digna e facilitar sua inclus\u00e3o social. A partir dos 60 anos, in\u00fameros benef\u00edcios s\u00e3o concedidos para promover uma participa\u00e7\u00e3o ativa na sociedade\" \/>\n<meta name=\"robots\" content=\"index, follow, max-snippet:-1, max-image-preview:large, max-video-preview:-1\" \/>\n<link rel=\"canonical\" href=\"https:\/\/www.em.com.br\/emfoco\/2025\/01\/16\/idosos-que-estao-acima-dos-60-anos-tem-direito-a-novo-beneficio-em-2025-entenda\/\" \/>\n<meta property=\"og:locale\" content=\"pt_BR\" \/>\n<meta property=\"og:type\" content=\"article\" \/>\n<meta property=\"og:title\" content=\"Idosos que est\u00e3o acima dos 60 anos t\u00eam direito a novo benef\u00edcio em 2025; Entenda! - Estado de Minas - Em foco\" \/>\n<meta property=\"og:description\" content=\"No Brasil, a legisla\u00e7\u00e3o proporciona uma s\u00e9rie de garantias aos idosos, visando assegurar uma vida digna e facilitar sua inclus\u00e3o social. A partir dos 60 anos, in\u00fameros benef\u00edcios s\u00e3o concedidos para promover uma participa\u00e7\u00e3o ativa na sociedade\" \/>\n<meta property=\"og:url\" content=\"https:\/\/www.em.com.br\/emfoco\/2025\/01\/16\/idosos-que-estao-acima-dos-60-anos-tem-direito-a-novo-beneficio-em-2025-entenda\/\" \/>\n<meta property=\"og:site_name\" content=\"Estado de Minas - Em foco\" \/>\n<meta property=\"article:published_time\" content=\"2025-01-16T11:19:00+00:00\" \/>\n<meta property=\"article:modified_time\" content=\"2025-01-16T08:20:38+00:00\" \/>\n<meta property=\"og:image\" content=\"https:\/\/www.em.com.br\/emfoco\/wp-content\/uploads\/2024\/11\/lula-presidente-feriado-Creditos-depositphotos.com-thenews2.com_.jpg\" \/>\n\t<meta property=\"og:image:width\" content=\"1280\" \/>\n\t<meta property=\"og:image:height\" content=\"720\" \/>\n\t<meta property=\"og:image:type\" content=\"image\/jpeg\" \/>\n<meta name=\"author\" content=\"Guilherme\" \/>\n<meta name=\"twitter:card\" content=\"summary_large_image\" \/>\n<meta name=\"twitter:label1\" content=\"Escrito por\" \/>\n\t<meta name=\"twitter:data1\" content=\"Guilherme\" \/>\n\t<meta name=\"twitter:label2\" content=\"Est. tempo de leitura\" \/>\n\t<meta name=\"twitter:data2\" content=\"4 minutos\" \/>\n<!-- \/ Yoast SEO plugin. -->","yoast_head_json":{"title":"Idosos que est\u00e3o acima dos 60 anos t\u00eam direito a novo benef\u00edcio em 2025; Entenda! - Estado de Minas - Em foco","description":"No Brasil, a legisla\u00e7\u00e3o proporciona uma s\u00e9rie de garantias aos idosos, visando assegurar uma vida digna e facilitar sua inclus\u00e3o social. A partir dos 60 anos, in\u00fameros benef\u00edcios s\u00e3o concedidos para promover uma participa\u00e7\u00e3o ativa na sociedade","robots":{"index":"index","follow":"follow","max-snippet":"max-snippet:-1","max-image-preview":"max-image-preview:large","max-video-preview":"max-video-preview:-1"},"canonical":"https:\/\/www.em.com.br\/emfoco\/2025\/01\/16\/idosos-que-estao-acima-dos-60-anos-tem-direito-a-novo-beneficio-em-2025-entenda\/","og_locale":"pt_BR","og_type":"article","og_title":"Idosos que est\u00e3o acima dos 60 anos t\u00eam direito a novo benef\u00edcio em 2025; Entenda! - Estado de Minas - Em foco","og_description":"No Brasil, a legisla\u00e7\u00e3o proporciona uma s\u00e9rie de garantias aos idosos, visando assegurar uma vida digna e facilitar sua inclus\u00e3o social. A partir dos 60 anos, in\u00fameros benef\u00edcios s\u00e3o concedidos para promover uma participa\u00e7\u00e3o ativa na sociedade","og_url":"https:\/\/www.em.com.br\/emfoco\/2025\/01\/16\/idosos-que-estao-acima-dos-60-anos-tem-direito-a-novo-beneficio-em-2025-entenda\/","og_site_name":"Estado de Minas - Em foco","article_published_time":"2025-01-16T11:19:00+00:00","article_modified_time":"2025-01-16T08:20:38+00:00","og_image":[{"width":1280,"height":720,"url":"https:\/\/www.em.com.br\/emfoco\/wp-content\/uploads\/2024\/11\/lula-presidente-feriado-Creditos-depositphotos.com-thenews2.com_.jpg","type":"image\/jpeg"}],"author":"Guilherme","twitter_card":"summary_large_image","twitter_misc":{"Escrito por":"Guilherme","Est. tempo de leitura":"4 minutos"},"schema":{"@context":"https:\/\/schema.org","@graph":[{"@type":"WebPage","@id":"https:\/\/www.em.com.br\/emfoco\/2025\/01\/16\/idosos-que-estao-acima-dos-60-anos-tem-direito-a-novo-beneficio-em-2025-entenda\/","url":"https:\/\/www.em.com.br\/emfoco\/2025\/01\/16\/idosos-que-estao-acima-dos-60-anos-tem-direito-a-novo-beneficio-em-2025-entenda\/","name":"Idosos que est\u00e3o acima dos 60 anos t\u00eam direito a novo benef\u00edcio em 2025; Entenda! - Estado de Minas - Em foco","isPartOf":{"@id":"https:\/\/www.em.com.br\/emfoco\/#website"},"primaryImageOfPage":{"@id":"https:\/\/www.em.com.br\/emfoco\/2025\/01\/16\/idosos-que-estao-acima-dos-60-anos-tem-direito-a-novo-beneficio-em-2025-entenda\/#primaryimage"},"image":{"@id":"https:\/\/www.em.com.br\/emfoco\/2025\/01\/16\/idosos-que-estao-acima-dos-60-anos-tem-direito-a-novo-beneficio-em-2025-entenda\/#primaryimage"},"thumbnailUrl":"https:\/\/www.em.com.br\/emfoco\/wp-content\/uploads\/2024\/11\/lula-presidente-feriado-Creditos-depositphotos.com-thenews2.com_.jpg","datePublished":"2025-01-16T11:19:00+00:00","dateModified":"2025-01-16T08:20:38+00:00","author":{"@id":"https:\/\/www.em.com.br\/emfoco\/#\/schema\/person\/097c4a57cc4dc96be3b74aaf7185dd84"},"description":"No Brasil, a legisla\u00e7\u00e3o proporciona uma s\u00e9rie de garantias aos idosos, visando assegurar uma vida digna e facilitar sua inclus\u00e3o social. A partir dos 60 anos, in\u00fameros benef\u00edcios s\u00e3o concedidos para promover uma participa\u00e7\u00e3o ativa na sociedade","breadcrumb":{"@id":"https:\/\/www.em.com.br\/emfoco\/2025\/01\/16\/idosos-que-estao-acima-dos-60-anos-tem-direito-a-novo-beneficio-em-2025-entenda\/#breadcrumb"},"inLanguage":"pt-BR","potentialAction":[{"@type":"ReadAction","target":["https:\/\/www.em.com.br\/emfoco\/2025\/01\/16\/idosos-que-estao-acima-dos-60-anos-tem-direito-a-novo-beneficio-em-2025-entenda\/"]}]},{"@type":"ImageObject","inLanguage":"pt-BR","@id":"https:\/\/www.em.com.br\/emfoco\/2025\/01\/16\/idosos-que-estao-acima-dos-60-anos-tem-direito-a-novo-beneficio-em-2025-entenda\/#primaryimage","url":"https:\/\/www.em.com.br\/emfoco\/wp-content\/uploads\/2024\/11\/lula-presidente-feriado-Creditos-depositphotos.com-thenews2.com_.jpg","contentUrl":"https:\/\/www.em.com.br\/emfoco\/wp-content\/uploads\/2024\/11\/lula-presidente-feriado-Creditos-depositphotos.com-thenews2.com_.jpg","width":1280,"height":720,"caption":"lula presidente - feriado - Cr\u00e9ditos depositphotos.com thenews2.com"},{"@type":"BreadcrumbList","@id":"https:\/\/www.em.com.br\/emfoco\/2025\/01\/16\/idosos-que-estao-acima-dos-60-anos-tem-direito-a-novo-beneficio-em-2025-entenda\/#breadcrumb","itemListElement":[{"@type":"ListItem","position":1,"name":"In\u00edcio","item":"https:\/\/www.em.com.br\/emfoco\/"},{"@type":"ListItem","position":2,"name":"Idosos que est\u00e3o acima dos 60 anos t\u00eam direito a novo benef\u00edcio em 2025; Entenda!"}]},{"@type":"WebSite","@id":"https:\/\/www.em.com.br\/emfoco\/#website","url":"https:\/\/www.em.com.br\/emfoco\/","name":"Estado de Minas - Em foco","description":"Acompanhe as \u00faltimas not\u00edcias e fique bem informado sobre tudo o que acontece em Minas Gerais, Brasil e no mundo.","potentialAction":[{"@type":"SearchAction","target":{"@type":"EntryPoint","urlTemplate":"https:\/\/www.em.com.br\/emfoco\/?s={search_term_string}"},"query-input":{"@type":"PropertyValueSpecification","valueRequired":true,"valueName":"search_term_string"}}],"inLanguage":"pt-BR"},{"@type":"Person","@id":"https:\/\/www.em.com.br\/emfoco\/#\/schema\/person\/097c4a57cc4dc96be3b74aaf7185dd84","name":"Guilherme","image":{"@type":"ImageObject","inLanguage":"pt-BR","@id":"https:\/\/www.em.com.br\/emfoco\/#\/schema\/person\/image\/","url":"https:\/\/secure.gravatar.com\/avatar\/6a059d20d980bdeb1d1d6b0fa2b4633c?s=96&d=mm&r=g","contentUrl":"https:\/\/secure.gravatar.com\/avatar\/6a059d20d980bdeb1d1d6b0fa2b4633c?s=96&d=mm&r=g","caption":"Guilherme"},"url":"https:\/\/www.em.com.br\/emfoco\/author\/guilhermemyth\/"}]}},"_links":{"self":[{"href":"https:\/\/www.em.com.br\/emfoco\/wp-json\/wp\/v2\/posts\/11058","targetHints":{"allow":["GET"]}}],"collection":[{"href":"https:\/\/www.em.com.br\/emfoco\/wp-json\/wp\/v2\/posts"}],"about":[{"href":"https:\/\/www.em.com.br\/emfoco\/wp-json\/wp\/v2\/types\/post"}],"author":[{"embeddable":true,"href":"https:\/\/www.em.com.br\/emfoco\/wp-json\/wp\/v2\/users\/2"}],"replies":[{"embeddable":true,"href":"https:\/\/www.em.com.br\/emfoco\/wp-json\/wp\/v2\/comments?post=11058"}],"version-history":[{"count":3,"href":"https:\/\/www.em.com.br\/emfoco\/wp-json\/wp\/v2\/posts\/11058\/revisions"}],"predecessor-version":[{"id":11061,"href":"https:\/\/www.em.com.br\/emfoco\/wp-json\/wp\/v2\/posts\/11058\/revisions\/11061"}],"wp:featuredmedia":[{"embeddable":true,"href":"https:\/\/www.em.com.br\/emfoco\/wp-json\/wp\/v2\/media\/1397"}],"wp:attachment":[{"href":"https:\/\/www.em.com.br\/emfoco\/wp-json\/wp\/v2\/media?parent=11058"}],"wp:term":[{"taxonomy":"category","embeddable":true,"href":"https:\/\/www.em.com.br\/emfoco\/wp-json\/wp\/v2\/categories?post=11058"},{"taxonomy":"post_tag","embeddable":true,"href":"https:\/\/www.em.com.br\/emfoco\/wp-json\/wp\/v2\/tags?post=11058"}],"curies":[{"name":"wp","href":"https:\/\/api.w.org\/{rel}","templated":true}]}}