{"id":110572,"date":"2025-10-04T06:48:00","date_gmt":"2025-10-04T09:48:00","guid":{"rendered":"https:\/\/www.em.com.br\/emfoco\/?p=110572"},"modified":"2025-10-01T22:53:15","modified_gmt":"2025-10-02T01:53:15","slug":"aparelho-comum-esta-detonando-sua-conta-de-luz-e-ninguem-percebe","status":"publish","type":"post","link":"https:\/\/www.em.com.br\/emfoco\/2025\/10\/04\/aparelho-comum-esta-detonando-sua-conta-de-luz-e-ninguem-percebe\/","title":{"rendered":"Aparelho comum est\u00e1 detonando sua conta de luz e ningu\u00e9m percebe"},"content":{"rendered":"\n<p>Um eletrodom\u00e9stico comum em muitas cozinhas pode gastar tanta energia quanto dezenas de geladeiras ligadas ao mesmo tempo, surpreendendo pelo impacto na conta de luz.<\/p>\n\n\n\n<ul class=\"wp-block-list\">\n<li>Consumo equivalente a at\u00e9 65 geladeiras ligadas<\/li>\n\n\n\n<li>Uso frequente eleva o valor da fatura mensal<\/li>\n\n\n\n<li>Dicas pr\u00e1ticas para reduzir esse gasto invis\u00edvel<\/li>\n<\/ul>\n\n\n\n<h2 class=\"wp-block-heading\">Qual \u00e9 o eletrodom\u00e9stico que mais consome energia em casa?<\/h2>\n\n\n\n<p><strong>O forno el\u00e9trico est\u00e1 entre os campe\u00f5es de consumo energ\u00e9tico<\/strong>, superando at\u00e9 aparelhos considerados mais potentes. Quando usado em pot\u00eancia m\u00e1xima, pode equivaler ao gasto de 65 geladeiras funcionando ao mesmo tempo.<\/p>\n\n\n\n<p>Esse n\u00famero chama a aten\u00e7\u00e3o porque o forno parece inofensivo no uso di\u00e1rio, mas seu funcionamento constante para manter altas temperaturas <a href=\"https:\/\/solucoes.edp.com.br\/blog\/aparelhos-que-mais-consomem-energia-eletrica\/\" target=\"_blank\" rel=\"noreferrer noopener\">exige muita eletricidade<\/a>.<\/p>\n\n\n\n<figure class=\"wp-block-image size-large\"><img loading=\"lazy\" decoding=\"async\" width=\"1024\" height=\"576\" src=\"https:\/\/www.em.com.br\/emfoco\/wp-content\/uploads\/2025\/10\/Forno-eletrico_1759330489642-1024x576.jpg\" alt=\"Esse aparelho discreto pode gastar mais energia que 65 geladeiras ligadas\" class=\"wp-image-110346\" srcset=\"https:\/\/www.em.com.br\/emfoco\/wp-content\/uploads\/2025\/10\/Forno-eletrico_1759330489642-1024x576.jpg 1024w, https:\/\/www.em.com.br\/emfoco\/wp-content\/uploads\/2025\/10\/Forno-eletrico_1759330489642-300x169.jpg 300w, https:\/\/www.em.com.br\/emfoco\/wp-content\/uploads\/2025\/10\/Forno-eletrico_1759330489642-768x432.jpg 768w, https:\/\/www.em.com.br\/emfoco\/wp-content\/uploads\/2025\/10\/Forno-eletrico_1759330489642-750x422.jpg 750w, https:\/\/www.em.com.br\/emfoco\/wp-content\/uploads\/2025\/10\/Forno-eletrico_1759330489642-1140x641.jpg 1140w, https:\/\/www.em.com.br\/emfoco\/wp-content\/uploads\/2025\/10\/Forno-eletrico_1759330489642.jpg 1280w\" sizes=\"auto, (max-width: 1024px) 100vw, 1024px\" \/><figcaption class=\"wp-element-caption\">Pot\u00eancia concentrada que eleva a fatura de energia dom\u00e9stica &#8211; Cr\u00e9ditos: depositphotos.com \/ AntonLozovoy<\/figcaption><\/figure>\n\n\n\n<h2 class=\"wp-block-heading\">Por que o forno el\u00e9trico gasta tanta energia?<\/h2>\n\n\n\n<p>O segredo do alto consumo est\u00e1 nas resist\u00eancias internas que precisam aquecer rapidamente e manter a temperatura est\u00e1vel durante o preparo dos alimentos.<\/p>\n\n\n\n<ul class=\"wp-block-list\">\n<li>Pot\u00eancia m\u00e9dia entre 1.500 e 3.000 watts<\/li>\n\n\n\n<li>Uso prolongado em assados e receitas demoradas<\/li>\n\n\n\n<li>Necessidade de manter calor constante no interior<\/li>\n<\/ul>\n\n\n\n<h2 class=\"wp-block-heading\">Quanto isso representa na conta de luz do m\u00eas?<\/h2>\n\n\n\n<p>Dependendo da frequ\u00eancia de uso, o forno el\u00e9trico pode representar at\u00e9 25% da conta de energia em resid\u00eancias que cozinham diariamente com ele.<\/p>\n\n\n\n<p><strong>O tempo de uso \u00e9 o fator que mais pesa na fatura<\/strong>, j\u00e1 que assados longos exigem horas de funcionamento cont\u00ednuo em altas temperaturas.<\/p>\n\n\n\n<figure class=\"wp-block-image size-large\"><img loading=\"lazy\" decoding=\"async\" width=\"1024\" height=\"576\" src=\"https:\/\/www.em.com.br\/emfoco\/wp-content\/uploads\/2025\/09\/Forno-eletrico_1758747704401-1024x576.jpg\" alt=\"O eletrodom\u00e9stico que consome mais que v\u00e1rias geladeiras e pesa na conta de luz\" class=\"wp-image-107862\" srcset=\"https:\/\/www.em.com.br\/emfoco\/wp-content\/uploads\/2025\/09\/Forno-eletrico_1758747704401-1024x576.jpg 1024w, https:\/\/www.em.com.br\/emfoco\/wp-content\/uploads\/2025\/09\/Forno-eletrico_1758747704401-300x169.jpg 300w, https:\/\/www.em.com.br\/emfoco\/wp-content\/uploads\/2025\/09\/Forno-eletrico_1758747704401-768x432.jpg 768w, https:\/\/www.em.com.br\/emfoco\/wp-content\/uploads\/2025\/09\/Forno-eletrico_1758747704401-750x422.jpg 750w, https:\/\/www.em.com.br\/emfoco\/wp-content\/uploads\/2025\/09\/Forno-eletrico_1758747704401-1140x641.jpg 1140w, https:\/\/www.em.com.br\/emfoco\/wp-content\/uploads\/2025\/09\/Forno-eletrico_1758747704401.jpg 1280w\" sizes=\"auto, (max-width: 1024px) 100vw, 1024px\" \/><figcaption class=\"wp-element-caption\">Manuten\u00e7\u00e3o da temperatura ideal sem desperd\u00edcio de energia &#8211; Cr\u00e9ditos: depositphotos.com \/ serezniy<\/figcaption><\/figure>\n\n\n\n<p><em>Leia mais: <a href=\"https:\/\/www.em.com.br\/emfoco\/2025\/09\/28\/economize-ate-90-na-conta-de-luz-investindo-em-energia-solar\/\" target=\"_blank\" rel=\"noreferrer noopener\">Economize at\u00e9 90% na conta de luz investindo em energia solar<\/a><\/em><\/p>\n\n\n\n<h2 class=\"wp-block-heading\">Existe alternativa ao forno el\u00e9trico tradicional?<\/h2>\n\n\n\n<p>Muitos consumidores optam por fornos a g\u00e1s ou at\u00e9 mesmo air fryers, que conseguem preparar alimentos de forma mais r\u00e1pida e com menor gasto energ\u00e9tico.<\/p>\n\n\n\n<p>No entanto, o forno el\u00e9trico ainda \u00e9 preferido por quem valoriza praticidade e uniformidade no preparo de receitas, mesmo com maior custo na conta de luz.<\/p>\n\n\n\n<h2 class=\"wp-block-heading\">Quais s\u00e3o as melhores dicas para economizar com o forno?<\/h2>\n\n\n\n<p>Mesmo gastando muito, algumas atitudes podem reduzir o impacto do forno el\u00e9trico no or\u00e7amento mensal. Veja algumas:<\/p>\n\n\n\n<ul class=\"wp-block-list\">\n<li>Evite abrir a porta durante o preparo para n\u00e3o perder calor<\/li>\n\n\n\n<li>Use formas e travessas adequadas para agilizar o cozimento<\/li>\n\n\n\n<li>Prepare mais de um prato ao mesmo tempo para otimizar o uso<\/li>\n<\/ul>\n\n\n\n<p><\/p>\n","protected":false},"excerpt":{"rendered":"<p>Um eletrodom\u00e9stico comum em muitas cozinhas pode gastar tanta energia quanto dezenas de geladeiras ligadas ao mesmo tempo, surpreendendo pelo impacto na conta de luz. Qual \u00e9 o eletrodom\u00e9stico que mais consome energia em casa? O forno el\u00e9trico est\u00e1 entre os campe\u00f5es de consumo energ\u00e9tico, superando at\u00e9 aparelhos considerados mais potentes. Quando usado em pot\u00eancia [&hellip;]<\/p>\n","protected":false},"author":13,"featured_media":110344,"comment_status":"open","ping_status":"open","sticky":false,"template":"","format":"standard","meta":{"jnews-multi-image_gallery":[],"jnews_single_post":{"format":"standard"},"jnews_primary_category":[],"jnews_social_meta":[],"jnews_override_counter":[],"footnotes":""},"categories":[8819],"tags":[16886,6071,8506],"class_list":["post-110572","post","type-post","status-publish","format-standard","has-post-thumbnail","hentry","category-curiosidades","tag-conta-de-energia","tag-eletrodomestico","tag-forno-eletrico"],"yoast_head":"<!-- This site is optimized with the Yoast SEO plugin v23.8 - https:\/\/yoast.com\/wordpress\/plugins\/seo\/ -->\n<title>Aparelho comum est\u00e1 detonando sua conta de luz e ningu\u00e9m percebe - Estado de Minas - Em foco<\/title>\n<meta name=\"description\" content=\"Um aparelho discreto pode gastar como 65 geladeiras ligadas e pesar na conta. Veja como reduzir esse consumo sem abrir m\u00e3o da praticidade.\" \/>\n<meta name=\"robots\" content=\"index, follow, max-snippet:-1, max-image-preview:large, max-video-preview:-1\" \/>\n<link rel=\"canonical\" href=\"https:\/\/www.em.com.br\/emfoco\/2025\/10\/04\/aparelho-comum-esta-detonando-sua-conta-de-luz-e-ninguem-percebe\/\" \/>\n<meta property=\"og:locale\" content=\"pt_BR\" \/>\n<meta property=\"og:type\" content=\"article\" \/>\n<meta property=\"og:title\" content=\"Aparelho comum est\u00e1 detonando sua conta de luz e ningu\u00e9m percebe - Estado de Minas - Em foco\" \/>\n<meta property=\"og:description\" content=\"Um aparelho discreto pode gastar como 65 geladeiras ligadas e pesar na conta. Veja como reduzir esse consumo sem abrir m\u00e3o da praticidade.\" \/>\n<meta property=\"og:url\" content=\"https:\/\/www.em.com.br\/emfoco\/2025\/10\/04\/aparelho-comum-esta-detonando-sua-conta-de-luz-e-ninguem-percebe\/\" \/>\n<meta property=\"og:site_name\" content=\"Estado de Minas - Em foco\" \/>\n<meta property=\"article:published_time\" content=\"2025-10-04T09:48:00+00:00\" \/>\n<meta property=\"article:modified_time\" content=\"2025-10-02T01:53:15+00:00\" \/>\n<meta property=\"og:image\" content=\"https:\/\/www.em.com.br\/emfoco\/wp-content\/uploads\/2025\/10\/Forno-eletrico_1759330404140.jpg\" \/>\n\t<meta property=\"og:image:width\" content=\"1279\" \/>\n\t<meta property=\"og:image:height\" content=\"720\" \/>\n\t<meta property=\"og:image:type\" content=\"image\/jpeg\" \/>\n<meta name=\"author\" content=\"Gabriel Martins\" \/>\n<meta name=\"twitter:card\" content=\"summary_large_image\" \/>\n<meta name=\"twitter:label1\" content=\"Escrito por\" \/>\n\t<meta name=\"twitter:data1\" content=\"Gabriel Martins\" \/>\n\t<meta name=\"twitter:label2\" content=\"Est. tempo de leitura\" \/>\n\t<meta name=\"twitter:data2\" content=\"3 minutos\" \/>\n<!-- \/ Yoast SEO plugin. -->","yoast_head_json":{"title":"Aparelho comum est\u00e1 detonando sua conta de luz e ningu\u00e9m percebe - Estado de Minas - Em foco","description":"Um aparelho discreto pode gastar como 65 geladeiras ligadas e pesar na conta. Veja como reduzir esse consumo sem abrir m\u00e3o da praticidade.","robots":{"index":"index","follow":"follow","max-snippet":"max-snippet:-1","max-image-preview":"max-image-preview:large","max-video-preview":"max-video-preview:-1"},"canonical":"https:\/\/www.em.com.br\/emfoco\/2025\/10\/04\/aparelho-comum-esta-detonando-sua-conta-de-luz-e-ninguem-percebe\/","og_locale":"pt_BR","og_type":"article","og_title":"Aparelho comum est\u00e1 detonando sua conta de luz e ningu\u00e9m percebe - Estado de Minas - Em foco","og_description":"Um aparelho discreto pode gastar como 65 geladeiras ligadas e pesar na conta. Veja como reduzir esse consumo sem abrir m\u00e3o da praticidade.","og_url":"https:\/\/www.em.com.br\/emfoco\/2025\/10\/04\/aparelho-comum-esta-detonando-sua-conta-de-luz-e-ninguem-percebe\/","og_site_name":"Estado de Minas - Em foco","article_published_time":"2025-10-04T09:48:00+00:00","article_modified_time":"2025-10-02T01:53:15+00:00","og_image":[{"width":1279,"height":720,"url":"https:\/\/www.em.com.br\/emfoco\/wp-content\/uploads\/2025\/10\/Forno-eletrico_1759330404140.jpg","type":"image\/jpeg"}],"author":"Gabriel Martins","twitter_card":"summary_large_image","twitter_misc":{"Escrito por":"Gabriel Martins","Est. tempo de leitura":"3 minutos"},"schema":{"@context":"https:\/\/schema.org","@graph":[{"@type":"WebPage","@id":"https:\/\/www.em.com.br\/emfoco\/2025\/10\/04\/aparelho-comum-esta-detonando-sua-conta-de-luz-e-ninguem-percebe\/","url":"https:\/\/www.em.com.br\/emfoco\/2025\/10\/04\/aparelho-comum-esta-detonando-sua-conta-de-luz-e-ninguem-percebe\/","name":"Aparelho comum est\u00e1 detonando sua conta de luz e ningu\u00e9m percebe - Estado de Minas - Em foco","isPartOf":{"@id":"https:\/\/www.em.com.br\/emfoco\/#website"},"primaryImageOfPage":{"@id":"https:\/\/www.em.com.br\/emfoco\/2025\/10\/04\/aparelho-comum-esta-detonando-sua-conta-de-luz-e-ninguem-percebe\/#primaryimage"},"image":{"@id":"https:\/\/www.em.com.br\/emfoco\/2025\/10\/04\/aparelho-comum-esta-detonando-sua-conta-de-luz-e-ninguem-percebe\/#primaryimage"},"thumbnailUrl":"https:\/\/www.em.com.br\/emfoco\/wp-content\/uploads\/2025\/10\/Forno-eletrico_1759330404140.jpg","datePublished":"2025-10-04T09:48:00+00:00","dateModified":"2025-10-02T01:53:15+00:00","author":{"@id":"https:\/\/www.em.com.br\/emfoco\/#\/schema\/person\/1c9ddeab18b98abeffef834667bcf08a"},"description":"Um aparelho discreto pode gastar como 65 geladeiras ligadas e pesar na conta. Veja como reduzir esse consumo sem abrir m\u00e3o da praticidade.","breadcrumb":{"@id":"https:\/\/www.em.com.br\/emfoco\/2025\/10\/04\/aparelho-comum-esta-detonando-sua-conta-de-luz-e-ninguem-percebe\/#breadcrumb"},"inLanguage":"pt-BR","potentialAction":[{"@type":"ReadAction","target":["https:\/\/www.em.com.br\/emfoco\/2025\/10\/04\/aparelho-comum-esta-detonando-sua-conta-de-luz-e-ninguem-percebe\/"]}]},{"@type":"ImageObject","inLanguage":"pt-BR","@id":"https:\/\/www.em.com.br\/emfoco\/2025\/10\/04\/aparelho-comum-esta-detonando-sua-conta-de-luz-e-ninguem-percebe\/#primaryimage","url":"https:\/\/www.em.com.br\/emfoco\/wp-content\/uploads\/2025\/10\/Forno-eletrico_1759330404140.jpg","contentUrl":"https:\/\/www.em.com.br\/emfoco\/wp-content\/uploads\/2025\/10\/Forno-eletrico_1759330404140.jpg","width":1279,"height":720,"caption":"Standby oculto que mant\u00e9m o forno consumindo energia mesmo parado - Cr\u00e9ditos: depositphotos.com \/ starush"},{"@type":"BreadcrumbList","@id":"https:\/\/www.em.com.br\/emfoco\/2025\/10\/04\/aparelho-comum-esta-detonando-sua-conta-de-luz-e-ninguem-percebe\/#breadcrumb","itemListElement":[{"@type":"ListItem","position":1,"name":"In\u00edcio","item":"https:\/\/www.em.com.br\/emfoco\/"},{"@type":"ListItem","position":2,"name":"Aparelho comum est\u00e1 detonando sua conta de luz e ningu\u00e9m percebe"}]},{"@type":"WebSite","@id":"https:\/\/www.em.com.br\/emfoco\/#website","url":"https:\/\/www.em.com.br\/emfoco\/","name":"Estado de Minas - Em foco","description":"Acompanhe as \u00faltimas not\u00edcias e fique bem informado sobre tudo o que acontece em Minas Gerais, Brasil e no mundo.","potentialAction":[{"@type":"SearchAction","target":{"@type":"EntryPoint","urlTemplate":"https:\/\/www.em.com.br\/emfoco\/?s={search_term_string}"},"query-input":{"@type":"PropertyValueSpecification","valueRequired":true,"valueName":"search_term_string"}}],"inLanguage":"pt-BR"},{"@type":"Person","@id":"https:\/\/www.em.com.br\/emfoco\/#\/schema\/person\/1c9ddeab18b98abeffef834667bcf08a","name":"Gabriel Martins","image":{"@type":"ImageObject","inLanguage":"pt-BR","@id":"https:\/\/www.em.com.br\/emfoco\/#\/schema\/person\/image\/","url":"https:\/\/secure.gravatar.com\/avatar\/f0f1e2efdfd88f1ad2cb08c5c2731e50?s=96&d=mm&r=g","contentUrl":"https:\/\/secure.gravatar.com\/avatar\/f0f1e2efdfd88f1ad2cb08c5c2731e50?s=96&d=mm&r=g","caption":"Gabriel Martins"},"sameAs":["https:\/\/www.em.com.br\/emfoco\/"],"url":"https:\/\/www.em.com.br\/emfoco\/author\/gabrielmartinsmyth\/"}]}},"_links":{"self":[{"href":"https:\/\/www.em.com.br\/emfoco\/wp-json\/wp\/v2\/posts\/110572","targetHints":{"allow":["GET"]}}],"collection":[{"href":"https:\/\/www.em.com.br\/emfoco\/wp-json\/wp\/v2\/posts"}],"about":[{"href":"https:\/\/www.em.com.br\/emfoco\/wp-json\/wp\/v2\/types\/post"}],"author":[{"embeddable":true,"href":"https:\/\/www.em.com.br\/emfoco\/wp-json\/wp\/v2\/users\/13"}],"replies":[{"embeddable":true,"href":"https:\/\/www.em.com.br\/emfoco\/wp-json\/wp\/v2\/comments?post=110572"}],"version-history":[{"count":1,"href":"https:\/\/www.em.com.br\/emfoco\/wp-json\/wp\/v2\/posts\/110572\/revisions"}],"predecessor-version":[{"id":110578,"href":"https:\/\/www.em.com.br\/emfoco\/wp-json\/wp\/v2\/posts\/110572\/revisions\/110578"}],"wp:featuredmedia":[{"embeddable":true,"href":"https:\/\/www.em.com.br\/emfoco\/wp-json\/wp\/v2\/media\/110344"}],"wp:attachment":[{"href":"https:\/\/www.em.com.br\/emfoco\/wp-json\/wp\/v2\/media?parent=110572"}],"wp:term":[{"taxonomy":"category","embeddable":true,"href":"https:\/\/www.em.com.br\/emfoco\/wp-json\/wp\/v2\/categories?post=110572"},{"taxonomy":"post_tag","embeddable":true,"href":"https:\/\/www.em.com.br\/emfoco\/wp-json\/wp\/v2\/tags?post=110572"}],"curies":[{"name":"wp","href":"https:\/\/api.w.org\/{rel}","templated":true}]}}