{"id":110465,"date":"2025-10-04T09:38:00","date_gmt":"2025-10-04T12:38:00","guid":{"rendered":"https:\/\/www.em.com.br\/emfoco\/?p=110465"},"modified":"2025-10-01T16:51:01","modified_gmt":"2025-10-01T19:51:01","slug":"pacientes-com-obesidade-extrema-relatam-humilhacoes-chocantes","status":"publish","type":"post","link":"https:\/\/www.em.com.br\/emfoco\/2025\/10\/04\/pacientes-com-obesidade-extrema-relatam-humilhacoes-chocantes\/","title":{"rendered":"Pacientes com obesidade extrema relatam humilha\u00e7\u00f5es chocantes"},"content":{"rendered":"\n<p>Pessoas com obesidade grave enfrentam barreiras m\u00e9dicas que v\u00e3o al\u00e9m das condi\u00e7\u00f5es de sa\u00fade, revelando falhas estruturais e preconceito no atendimento cl\u00ednico.<\/p>\n\n\n\n<ul class=\"wp-block-list\">\n<li>41% das cl\u00ednicas se recusaram a atender pacientes com obesidade extrema<\/li>\n\n\n\n<li>Faltam equipamentos adequados para cuidados b\u00e1sicos<\/li>\n\n\n\n<li>Estigma afeta exames preventivos e rastreamento de c\u00e2ncer<\/li>\n<\/ul>\n\n\n\n<h2 class=\"wp-block-heading\">Por que pacientes com obesidade grave sofrem mais discrimina\u00e7\u00e3o m\u00e9dica?<\/h2>\n\n\n\n<p><strong>Pessoas com obesidade grave encontram rejei\u00e7\u00e3o at\u00e9 mesmo em consultas m\u00e9dicas<\/strong>, com cl\u00ednicas alegando limita\u00e7\u00f5es de espa\u00e7o ou equipamentos. Esse comportamento aprofunda o estigma e compromete a dignidade do atendimento.<\/p>\n\n\n\n<p>Segundo especialistas, a recusa de atendimento cria barreiras adicionais para quem j\u00e1 enfrenta desafios di\u00e1rios, tornando consultas que deveriam ser seguras em experi\u00eancias constrangedoras e humilhantes.<\/p>\n\n\n\n<figure class=\"wp-block-image size-large\"><img loading=\"lazy\" decoding=\"async\" width=\"1024\" height=\"576\" src=\"https:\/\/www.em.com.br\/emfoco\/wp-content\/uploads\/2025\/10\/Consultorio-medico_1759348006845-1024x576.jpg\" alt=\"Pacientes com obesidade extrema relatam humilha\u00e7\u00f5es chocantes\" class=\"wp-image-110473\" srcset=\"https:\/\/www.em.com.br\/emfoco\/wp-content\/uploads\/2025\/10\/Consultorio-medico_1759348006845-1024x576.jpg 1024w, https:\/\/www.em.com.br\/emfoco\/wp-content\/uploads\/2025\/10\/Consultorio-medico_1759348006845-300x169.jpg 300w, https:\/\/www.em.com.br\/emfoco\/wp-content\/uploads\/2025\/10\/Consultorio-medico_1759348006845-768x432.jpg 768w, https:\/\/www.em.com.br\/emfoco\/wp-content\/uploads\/2025\/10\/Consultorio-medico_1759348006845-750x422.jpg 750w, https:\/\/www.em.com.br\/emfoco\/wp-content\/uploads\/2025\/10\/Consultorio-medico_1759348006845-1140x641.jpg 1140w, https:\/\/www.em.com.br\/emfoco\/wp-content\/uploads\/2025\/10\/Consultorio-medico_1759348006845.jpg 1280w\" sizes=\"auto, (max-width: 1024px) 100vw, 1024px\" \/><figcaption class=\"wp-element-caption\">Atendimento humanizado que respeita corpos diversos &#8211; Cr\u00e9ditos: depositphotos.com \/ IgorVetushko<\/figcaption><\/figure>\n\n\n\n<h2 class=\"wp-block-heading\">Quais fatores mais limitam o acesso de pacientes em cl\u00ednicas?<\/h2>\n\n\n\n<p>As pesquisas mostram que muitas cl\u00ednicas n\u00e3o est\u00e3o preparadas para receber pacientes com <a href=\"https:\/\/drfelipemalafaia.com.br\/imc-2\/\" target=\"_blank\" rel=\"noreferrer noopener\">\u00edndice de massa corporal (IMC) elevado<\/a>. O problema vai al\u00e9m do preconceito e envolve tamb\u00e9m falhas estruturais.<\/p>\n\n\n\n<ul class=\"wp-block-list\">\n<li>Mesas e cadeiras de exame sem suporte adequado<\/li>\n\n\n\n<li>Corredores e portas estreitos para acomodar pacientes<\/li>\n\n\n\n<li>Aventais pequenos, sem ajuste ao corpo<\/li>\n<\/ul>\n\n\n\n<h2 class=\"wp-block-heading\">Como a falta de exames preventivos agrava os riscos de sa\u00fade?<\/h2>\n\n\n\n<p>Pessoas com obesidade grave t\u00eam duas a tr\u00eas vezes mais chances de desenvolver problemas s\u00e9rios, mas muitas acabam evitando consultas por medo de discrimina\u00e7\u00e3o. Essa evas\u00e3o impacta diretamente na preven\u00e7\u00e3o.<\/p>\n\n\n\n<p><strong>Atrasos em exames de rotina podem levar a diagn\u00f3sticos tardios<\/strong>, especialmente no rastreamento de c\u00e2ncer, dificultando o in\u00edcio de tratamentos em est\u00e1gios iniciais da doen\u00e7a.<\/p>\n\n\n\n<figure class=\"wp-block-image size-large\"><img loading=\"lazy\" decoding=\"async\" width=\"1024\" height=\"576\" src=\"https:\/\/www.em.com.br\/emfoco\/wp-content\/uploads\/2025\/09\/Gordura-da-barriga_1759155256489-1024x576.jpg\" alt=\"Como reduzir a gordura da barriga que causa inflama\u00e7\u00e3o com h\u00e1bitos simples\" class=\"wp-image-109424\" srcset=\"https:\/\/www.em.com.br\/emfoco\/wp-content\/uploads\/2025\/09\/Gordura-da-barriga_1759155256489-1024x576.jpg 1024w, https:\/\/www.em.com.br\/emfoco\/wp-content\/uploads\/2025\/09\/Gordura-da-barriga_1759155256489-300x169.jpg 300w, https:\/\/www.em.com.br\/emfoco\/wp-content\/uploads\/2025\/09\/Gordura-da-barriga_1759155256489-768x432.jpg 768w, https:\/\/www.em.com.br\/emfoco\/wp-content\/uploads\/2025\/09\/Gordura-da-barriga_1759155256489-750x422.jpg 750w, https:\/\/www.em.com.br\/emfoco\/wp-content\/uploads\/2025\/09\/Gordura-da-barriga_1759155256489-1140x641.jpg 1140w, https:\/\/www.em.com.br\/emfoco\/wp-content\/uploads\/2025\/09\/Gordura-da-barriga_1759155256489.jpg 1280w\" sizes=\"auto, (max-width: 1024px) 100vw, 1024px\" \/><figcaption class=\"wp-element-caption\">Inclus\u00e3o de exames preventivos que salvam vidas &#8211; Cr\u00e9ditos: depositphotos.com \/ Elnur_<\/figcaption><\/figure>\n\n\n\n<p><em>Leia mais: <a href=\"https:\/\/www.em.com.br\/emfoco\/2025\/09\/30\/como-reduzir-a-gordura-da-barriga-que-causa-inflamacao-com-habitos-simples\/\" target=\"_blank\" rel=\"noreferrer noopener\">Como reduzir a gordura da barriga que causa inflama\u00e7\u00e3o com h\u00e1bitos simples<\/a><\/em><\/p>\n\n\n\n<h2 class=\"wp-block-heading\">O que mostrou o estudo ao testar diferentes especialidades m\u00e9dicas?<\/h2>\n\n\n\n<p>Pesquisadores usaram a estrat\u00e9gia de \u201ccliente secreto\u201d para agendar consultas de um paciente fict\u00edcio com obesidade grave em diversas especialidades m\u00e9dicas. O resultado mostrou padr\u00f5es preocupantes.<\/p>\n\n\n\n<p>Cl\u00ednicas de otorrinolaringologia foram as que mais negaram atendimento, enquanto endocrinologistas se mostraram mais preparados. Ainda assim, 16% dos consult\u00f3rios sugeriram solu\u00e7\u00f5es humilhantes, como atender o paciente em p\u00e9.<\/p>\n\n\n\n<h2 class=\"wp-block-heading\">Quais medidas podem melhorar o atendimento a pessoas com obesidade?<\/h2>\n\n\n\n<p>Para reduzir desigualdades no cuidado, especialistas defendem que cl\u00ednicas adotem protocolos e equipamentos adaptados, al\u00e9m de treinamentos para profissionais da sa\u00fade. Algumas medidas j\u00e1 est\u00e3o dispon\u00edveis.<\/p>\n\n\n\n<ul class=\"wp-block-list\">\n<li>Uso de lista de verifica\u00e7\u00e3o para preparar ambientes cl\u00ednicos<\/li>\n\n\n\n<li>Investimento em mobili\u00e1rio e instrumentos com maior capacidade<\/li>\n\n\n\n<li>Capacita\u00e7\u00e3o para combater preconceitos e garantir dignidade no atendimento<\/li>\n<\/ul>\n","protected":false},"excerpt":{"rendered":"<p>Pessoas com obesidade grave enfrentam barreiras m\u00e9dicas que v\u00e3o al\u00e9m das condi\u00e7\u00f5es de sa\u00fade, revelando falhas estruturais e preconceito no atendimento cl\u00ednico. Por que pacientes com obesidade grave sofrem mais discrimina\u00e7\u00e3o m\u00e9dica? Pessoas com obesidade grave encontram rejei\u00e7\u00e3o at\u00e9 mesmo em consultas m\u00e9dicas, com cl\u00ednicas alegando limita\u00e7\u00f5es de espa\u00e7o ou equipamentos. Esse comportamento aprofunda o [&hellip;]<\/p>\n","protected":false},"author":13,"featured_media":110472,"comment_status":"open","ping_status":"open","sticky":false,"template":"","format":"standard","meta":{"jnews-multi-image_gallery":[],"jnews_single_post":{"format":"standard"},"jnews_primary_category":[],"jnews_social_meta":[],"jnews_override_counter":[],"footnotes":""},"categories":[9053],"tags":[16882,16881,5718],"class_list":["post-110465","post","type-post","status-publish","format-standard","has-post-thumbnail","hentry","category-saude","tag-consultas-medicas","tag-discriminacao-medica","tag-obesidade"],"yoast_head":"<!-- This site is optimized with the Yoast SEO plugin v23.8 - https:\/\/yoast.com\/wordpress\/plugins\/seo\/ -->\n<title>Pacientes com obesidade extrema relatam humilha\u00e7\u00f5es chocantes - Estado de Minas - Em foco<\/title>\n<meta name=\"description\" content=\"Cl\u00ednicas est\u00e3o recusando atendimento a pessoas com obesidade grave e o motivo vai al\u00e9m do preconceito. Entenda o que est\u00e1 por tr\u00e1s disso.\" \/>\n<meta name=\"robots\" content=\"index, follow, max-snippet:-1, max-image-preview:large, max-video-preview:-1\" \/>\n<link rel=\"canonical\" href=\"https:\/\/www.em.com.br\/emfoco\/2025\/10\/04\/pacientes-com-obesidade-extrema-relatam-humilhacoes-chocantes\/\" \/>\n<meta property=\"og:locale\" content=\"pt_BR\" \/>\n<meta property=\"og:type\" content=\"article\" \/>\n<meta property=\"og:title\" content=\"Pacientes com obesidade extrema relatam humilha\u00e7\u00f5es chocantes - Estado de Minas - Em foco\" \/>\n<meta property=\"og:description\" content=\"Cl\u00ednicas est\u00e3o recusando atendimento a pessoas com obesidade grave e o motivo vai al\u00e9m do preconceito. Entenda o que est\u00e1 por tr\u00e1s disso.\" \/>\n<meta property=\"og:url\" content=\"https:\/\/www.em.com.br\/emfoco\/2025\/10\/04\/pacientes-com-obesidade-extrema-relatam-humilhacoes-chocantes\/\" \/>\n<meta property=\"og:site_name\" content=\"Estado de Minas - Em foco\" \/>\n<meta property=\"article:published_time\" content=\"2025-10-04T12:38:00+00:00\" \/>\n<meta property=\"article:modified_time\" content=\"2025-10-01T19:51:01+00:00\" \/>\n<meta property=\"og:image\" content=\"https:\/\/www.em.com.br\/emfoco\/wp-content\/uploads\/2025\/10\/obesidade-_1759347965157.jpg\" \/>\n\t<meta property=\"og:image:width\" content=\"1280\" \/>\n\t<meta property=\"og:image:height\" content=\"720\" \/>\n\t<meta property=\"og:image:type\" content=\"image\/jpeg\" \/>\n<meta name=\"author\" content=\"Gabriel Martins\" \/>\n<meta name=\"twitter:card\" content=\"summary_large_image\" \/>\n<meta name=\"twitter:label1\" content=\"Escrito por\" \/>\n\t<meta name=\"twitter:data1\" content=\"Gabriel Martins\" \/>\n\t<meta name=\"twitter:label2\" content=\"Est. tempo de leitura\" \/>\n\t<meta name=\"twitter:data2\" content=\"3 minutos\" \/>\n<!-- \/ Yoast SEO plugin. -->","yoast_head_json":{"title":"Pacientes com obesidade extrema relatam humilha\u00e7\u00f5es chocantes - Estado de Minas - Em foco","description":"Cl\u00ednicas est\u00e3o recusando atendimento a pessoas com obesidade grave e o motivo vai al\u00e9m do preconceito. Entenda o que est\u00e1 por tr\u00e1s disso.","robots":{"index":"index","follow":"follow","max-snippet":"max-snippet:-1","max-image-preview":"max-image-preview:large","max-video-preview":"max-video-preview:-1"},"canonical":"https:\/\/www.em.com.br\/emfoco\/2025\/10\/04\/pacientes-com-obesidade-extrema-relatam-humilhacoes-chocantes\/","og_locale":"pt_BR","og_type":"article","og_title":"Pacientes com obesidade extrema relatam humilha\u00e7\u00f5es chocantes - Estado de Minas - Em foco","og_description":"Cl\u00ednicas est\u00e3o recusando atendimento a pessoas com obesidade grave e o motivo vai al\u00e9m do preconceito. Entenda o que est\u00e1 por tr\u00e1s disso.","og_url":"https:\/\/www.em.com.br\/emfoco\/2025\/10\/04\/pacientes-com-obesidade-extrema-relatam-humilhacoes-chocantes\/","og_site_name":"Estado de Minas - Em foco","article_published_time":"2025-10-04T12:38:00+00:00","article_modified_time":"2025-10-01T19:51:01+00:00","og_image":[{"width":1280,"height":720,"url":"https:\/\/www.em.com.br\/emfoco\/wp-content\/uploads\/2025\/10\/obesidade-_1759347965157.jpg","type":"image\/jpeg"}],"author":"Gabriel Martins","twitter_card":"summary_large_image","twitter_misc":{"Escrito por":"Gabriel Martins","Est. tempo de leitura":"3 minutos"},"schema":{"@context":"https:\/\/schema.org","@graph":[{"@type":"WebPage","@id":"https:\/\/www.em.com.br\/emfoco\/2025\/10\/04\/pacientes-com-obesidade-extrema-relatam-humilhacoes-chocantes\/","url":"https:\/\/www.em.com.br\/emfoco\/2025\/10\/04\/pacientes-com-obesidade-extrema-relatam-humilhacoes-chocantes\/","name":"Pacientes com obesidade extrema relatam humilha\u00e7\u00f5es chocantes - Estado de Minas - Em foco","isPartOf":{"@id":"https:\/\/www.em.com.br\/emfoco\/#website"},"primaryImageOfPage":{"@id":"https:\/\/www.em.com.br\/emfoco\/2025\/10\/04\/pacientes-com-obesidade-extrema-relatam-humilhacoes-chocantes\/#primaryimage"},"image":{"@id":"https:\/\/www.em.com.br\/emfoco\/2025\/10\/04\/pacientes-com-obesidade-extrema-relatam-humilhacoes-chocantes\/#primaryimage"},"thumbnailUrl":"https:\/\/www.em.com.br\/emfoco\/wp-content\/uploads\/2025\/10\/obesidade-_1759347965157.jpg","datePublished":"2025-10-04T12:38:00+00:00","dateModified":"2025-10-01T19:51:01+00:00","author":{"@id":"https:\/\/www.em.com.br\/emfoco\/#\/schema\/person\/1c9ddeab18b98abeffef834667bcf08a"},"description":"Cl\u00ednicas est\u00e3o recusando atendimento a pessoas com obesidade grave e o motivo vai al\u00e9m do preconceito. Entenda o que est\u00e1 por tr\u00e1s disso.","breadcrumb":{"@id":"https:\/\/www.em.com.br\/emfoco\/2025\/10\/04\/pacientes-com-obesidade-extrema-relatam-humilhacoes-chocantes\/#breadcrumb"},"inLanguage":"pt-BR","potentialAction":[{"@type":"ReadAction","target":["https:\/\/www.em.com.br\/emfoco\/2025\/10\/04\/pacientes-com-obesidade-extrema-relatam-humilhacoes-chocantes\/"]}]},{"@type":"ImageObject","inLanguage":"pt-BR","@id":"https:\/\/www.em.com.br\/emfoco\/2025\/10\/04\/pacientes-com-obesidade-extrema-relatam-humilhacoes-chocantes\/#primaryimage","url":"https:\/\/www.em.com.br\/emfoco\/wp-content\/uploads\/2025\/10\/obesidade-_1759347965157.jpg","contentUrl":"https:\/\/www.em.com.br\/emfoco\/wp-content\/uploads\/2025\/10\/obesidade-_1759347965157.jpg","width":1280,"height":720,"caption":"Equipamentos adequados que garantem dignidade no cuidado - Cr\u00e9ditos: depositphotos.com \/ FussSergei"},{"@type":"BreadcrumbList","@id":"https:\/\/www.em.com.br\/emfoco\/2025\/10\/04\/pacientes-com-obesidade-extrema-relatam-humilhacoes-chocantes\/#breadcrumb","itemListElement":[{"@type":"ListItem","position":1,"name":"In\u00edcio","item":"https:\/\/www.em.com.br\/emfoco\/"},{"@type":"ListItem","position":2,"name":"Pacientes com obesidade extrema relatam humilha\u00e7\u00f5es chocantes"}]},{"@type":"WebSite","@id":"https:\/\/www.em.com.br\/emfoco\/#website","url":"https:\/\/www.em.com.br\/emfoco\/","name":"Estado de Minas - Em foco","description":"Acompanhe as \u00faltimas not\u00edcias e fique bem informado sobre tudo o que acontece em Minas Gerais, Brasil e no mundo.","potentialAction":[{"@type":"SearchAction","target":{"@type":"EntryPoint","urlTemplate":"https:\/\/www.em.com.br\/emfoco\/?s={search_term_string}"},"query-input":{"@type":"PropertyValueSpecification","valueRequired":true,"valueName":"search_term_string"}}],"inLanguage":"pt-BR"},{"@type":"Person","@id":"https:\/\/www.em.com.br\/emfoco\/#\/schema\/person\/1c9ddeab18b98abeffef834667bcf08a","name":"Gabriel Martins","image":{"@type":"ImageObject","inLanguage":"pt-BR","@id":"https:\/\/www.em.com.br\/emfoco\/#\/schema\/person\/image\/","url":"https:\/\/secure.gravatar.com\/avatar\/f0f1e2efdfd88f1ad2cb08c5c2731e50?s=96&d=mm&r=g","contentUrl":"https:\/\/secure.gravatar.com\/avatar\/f0f1e2efdfd88f1ad2cb08c5c2731e50?s=96&d=mm&r=g","caption":"Gabriel Martins"},"sameAs":["https:\/\/www.em.com.br\/emfoco\/"],"url":"https:\/\/www.em.com.br\/emfoco\/author\/gabrielmartinsmyth\/"}]}},"_links":{"self":[{"href":"https:\/\/www.em.com.br\/emfoco\/wp-json\/wp\/v2\/posts\/110465","targetHints":{"allow":["GET"]}}],"collection":[{"href":"https:\/\/www.em.com.br\/emfoco\/wp-json\/wp\/v2\/posts"}],"about":[{"href":"https:\/\/www.em.com.br\/emfoco\/wp-json\/wp\/v2\/types\/post"}],"author":[{"embeddable":true,"href":"https:\/\/www.em.com.br\/emfoco\/wp-json\/wp\/v2\/users\/13"}],"replies":[{"embeddable":true,"href":"https:\/\/www.em.com.br\/emfoco\/wp-json\/wp\/v2\/comments?post=110465"}],"version-history":[{"count":1,"href":"https:\/\/www.em.com.br\/emfoco\/wp-json\/wp\/v2\/posts\/110465\/revisions"}],"predecessor-version":[{"id":110474,"href":"https:\/\/www.em.com.br\/emfoco\/wp-json\/wp\/v2\/posts\/110465\/revisions\/110474"}],"wp:featuredmedia":[{"embeddable":true,"href":"https:\/\/www.em.com.br\/emfoco\/wp-json\/wp\/v2\/media\/110472"}],"wp:attachment":[{"href":"https:\/\/www.em.com.br\/emfoco\/wp-json\/wp\/v2\/media?parent=110465"}],"wp:term":[{"taxonomy":"category","embeddable":true,"href":"https:\/\/www.em.com.br\/emfoco\/wp-json\/wp\/v2\/categories?post=110465"},{"taxonomy":"post_tag","embeddable":true,"href":"https:\/\/www.em.com.br\/emfoco\/wp-json\/wp\/v2\/tags?post=110465"}],"curies":[{"name":"wp","href":"https:\/\/api.w.org\/{rel}","templated":true}]}}