{"id":110402,"date":"2025-10-03T19:08:00","date_gmt":"2025-10-03T22:08:00","guid":{"rendered":"https:\/\/www.em.com.br\/emfoco\/?p=110402"},"modified":"2025-10-01T14:10:00","modified_gmt":"2025-10-01T17:10:00","slug":"as-5-cores-mais-desejadas-da-primavera-verao-que-vao-dominar-os-looks","status":"publish","type":"post","link":"https:\/\/www.em.com.br\/emfoco\/2025\/10\/03\/as-5-cores-mais-desejadas-da-primavera-verao-que-vao-dominar-os-looks\/","title":{"rendered":"As 5 cores mais desejadas da primavera-ver\u00e3o que v\u00e3o dominar os looks"},"content":{"rendered":"\n<p>A temporada de primavera-ver\u00e3o 2025 promete trazer cores vibrantes e leves de volta ao guarda-roupa. Descubra quais tonalidades ser\u00e3o tend\u00eancia e como us\u00e1-las para transformar seus looks de forma simples e pr\u00e1tica.<\/p>\n\n\n\n<ul class=\"wp-block-list\">\n<li>Paleta inspirada em frescor e energia<\/li>\n\n\n\n<li>Cores que combinam com diferentes estilos<\/li>\n\n\n\n<li>Tend\u00eancia f\u00e1cil de adaptar no dia a dia<\/li>\n<\/ul>\n\n\n\n<h2 class=\"wp-block-heading\">Por que as cores da temporada influenciam tanto os looks?<\/h2>\n\n\n\n<p>As cores definem o tom das produ\u00e7\u00f5es e ajudam a transmitir sensa\u00e7\u00f5es. Em 2025, a moda traz de volta <a href=\"https:\/\/blog.mariafilo.com.br\/cores-do-verao\/\" target=\"_blank\" rel=\"noreferrer noopener\">tons que equilibram leveza e ousadia<\/a>, perfeitos para climas mais quentes e combina\u00e7\u00f5es criativas.<\/p>\n\n\n\n<p><strong>A escolha da paleta reflete o esp\u00edrito do momento<\/strong>, unindo frescor, vitalidade e praticidade. Isso garante que as pe\u00e7as sigam estilos atuais, mas sem perder a versatilidade para diferentes ocasi\u00f5es.<\/p>\n\n\n\n<figure class=\"wp-block-image size-large\"><img loading=\"lazy\" decoding=\"async\" width=\"1024\" height=\"576\" src=\"https:\/\/www.em.com.br\/emfoco\/wp-content\/uploads\/2025\/10\/Paleta-de-cores-de-roupa_1759338312091-1024x576.jpg\" alt=\"As 5 cores mais desejadas da primavera-ver\u00e3o que v\u00e3o dominar os looks\" class=\"wp-image-110408\" srcset=\"https:\/\/www.em.com.br\/emfoco\/wp-content\/uploads\/2025\/10\/Paleta-de-cores-de-roupa_1759338312091-1024x576.jpg 1024w, https:\/\/www.em.com.br\/emfoco\/wp-content\/uploads\/2025\/10\/Paleta-de-cores-de-roupa_1759338312091-300x169.jpg 300w, https:\/\/www.em.com.br\/emfoco\/wp-content\/uploads\/2025\/10\/Paleta-de-cores-de-roupa_1759338312091-768x432.jpg 768w, https:\/\/www.em.com.br\/emfoco\/wp-content\/uploads\/2025\/10\/Paleta-de-cores-de-roupa_1759338312091-750x422.jpg 750w, https:\/\/www.em.com.br\/emfoco\/wp-content\/uploads\/2025\/10\/Paleta-de-cores-de-roupa_1759338312091-1140x641.jpg 1140w, https:\/\/www.em.com.br\/emfoco\/wp-content\/uploads\/2025\/10\/Paleta-de-cores-de-roupa_1759338312091.jpg 1280w\" sizes=\"auto, (max-width: 1024px) 100vw, 1024px\" \/><figcaption class=\"wp-element-caption\">Combina\u00e7\u00e3o de cores que transmite leveza e vitalidade aos looks &#8211; Cr\u00e9ditos: depositphotos.com \/ HayDmitriy<\/figcaption><\/figure>\n\n\n\n<h2 class=\"wp-block-heading\">Quais s\u00e3o as 5 cores que voc\u00ea precisa tirar do arm\u00e1rio?<\/h2>\n\n\n\n<p>A moda da primavera-ver\u00e3o 2025 aposta em tonalidades que j\u00e1 est\u00e3o ganhando for\u00e7a nas passarelas e devem invadir as ruas nos pr\u00f3ximos meses. Confira as cinco cores que prometem destaque:<\/p>\n\n\n\n<ul class=\"wp-block-list\">\n<li><strong>Verde-lima<\/strong>, fresco e cheio de energia<\/li>\n\n\n\n<li><strong>Azul celeste<\/strong>, suave e vers\u00e1til<\/li>\n\n\n\n<li><strong>Laranja vibrante<\/strong>, s\u00edmbolo de vitalidade<\/li>\n\n\n\n<li><strong>Rosa pastel<\/strong>, rom\u00e2ntico e delicado<\/li>\n\n\n\n<li><strong>Amarelo iluminado<\/strong>, associado \u00e0 alegria<\/li>\n<\/ul>\n\n\n\n<h2 class=\"wp-block-heading\">Como adaptar essas cores ao dia a dia?<\/h2>\n\n\n\n<p>Mesmo quem prefere looks discretos pode incluir os tons da esta\u00e7\u00e3o em pequenos detalhes. A estrat\u00e9gia \u00e9 apostar em acess\u00f3rios, bolsas ou cal\u00e7ados para experimentar a paleta sem sair da zona de conforto.<\/p>\n\n\n\n<p><strong>Usar as cores em pontos estrat\u00e9gicos garante estilo sem exagero<\/strong>, permitindo que cada pessoa adapte as tend\u00eancias \u00e0 sua identidade visual de forma natural e pr\u00e1tica.<\/p>\n\n\n\n<figure class=\"wp-block-image size-large\"><img loading=\"lazy\" decoding=\"async\" width=\"1024\" height=\"576\" src=\"https:\/\/www.em.com.br\/emfoco\/wp-content\/uploads\/2025\/10\/Paleta-de-cores-de-roupa_1759338360755-1024x576.jpg\" alt=\"As 5 cores mais desejadas da primavera-ver\u00e3o que v\u00e3o dominar os looks\" class=\"wp-image-110410\" srcset=\"https:\/\/www.em.com.br\/emfoco\/wp-content\/uploads\/2025\/10\/Paleta-de-cores-de-roupa_1759338360755-1024x576.jpg 1024w, https:\/\/www.em.com.br\/emfoco\/wp-content\/uploads\/2025\/10\/Paleta-de-cores-de-roupa_1759338360755-300x169.jpg 300w, https:\/\/www.em.com.br\/emfoco\/wp-content\/uploads\/2025\/10\/Paleta-de-cores-de-roupa_1759338360755-768x432.jpg 768w, https:\/\/www.em.com.br\/emfoco\/wp-content\/uploads\/2025\/10\/Paleta-de-cores-de-roupa_1759338360755-750x422.jpg 750w, https:\/\/www.em.com.br\/emfoco\/wp-content\/uploads\/2025\/10\/Paleta-de-cores-de-roupa_1759338360755-1140x641.jpg 1140w, https:\/\/www.em.com.br\/emfoco\/wp-content\/uploads\/2025\/10\/Paleta-de-cores-de-roupa_1759338360755.jpg 1280w\" sizes=\"auto, (max-width: 1024px) 100vw, 1024px\" \/><figcaption class=\"wp-element-caption\">Est\u00edmulo visual que valoriza o estilo pessoal com tons vibrantes &#8211; Cr\u00e9ditos: depositphotos.com \/ galiaromaniv88@gmail.com<\/figcaption><\/figure>\n\n\n\n<p><em>Leia mais: <a href=\"https:\/\/www.em.com.br\/emfoco\/2025\/08\/30\/os-melhores-looks-para-passear-com-seu-cachorro-com-muito-estilo\/\" target=\"_blank\" rel=\"noreferrer noopener\">Os melhores looks para passear com seu cachorro com muito estilo<\/a><\/em><\/p>\n\n\n\n<h2 class=\"wp-block-heading\">Essas cores combinam entre si em produ\u00e7\u00f5es \u00fanicas?<\/h2>\n\n\n\n<p>Sim, a paleta da esta\u00e7\u00e3o foi pensada para dialogar entre si. \u00c9 poss\u00edvel misturar laranja e azul, por exemplo, para criar um contraste marcante. J\u00e1 verde e amarelo trazem frescor e energia aos looks mais casuais.<\/p>\n\n\n\n<p><strong>A harmonia entre as cinco tonalidades \u00e9 o que torna essa tend\u00eancia t\u00e3o vers\u00e1til<\/strong>, oferecendo combina\u00e7\u00f5es criativas sem perder a leveza caracter\u00edstica da esta\u00e7\u00e3o.<\/p>\n\n\n\n<h2 class=\"wp-block-heading\">Quais dicas pr\u00e1ticas ajudam a usar as cores com estilo?<\/h2>\n\n\n\n<p>Para acertar na produ\u00e7\u00e3o, \u00e9 importante equilibrar intensidade e contexto. Isso evita exageros e garante que as cores realmente valorizem o look em qualquer situa\u00e7\u00e3o.<\/p>\n\n\n\n<ul class=\"wp-block-list\">\n<li>Combine tons vibrantes com neutros para balancear<\/li>\n\n\n\n<li>Invista em acess\u00f3rios coloridos antes de apostar em pe\u00e7as grandes<\/li>\n\n\n\n<li>Explore combina\u00e7\u00f5es inusitadas para criar identidade pr\u00f3pria<\/li>\n<\/ul>\n","protected":false},"excerpt":{"rendered":"<p>A temporada de primavera-ver\u00e3o 2025 promete trazer cores vibrantes e leves de volta ao guarda-roupa. Descubra quais tonalidades ser\u00e3o tend\u00eancia e como us\u00e1-las para transformar seus looks de forma simples e pr\u00e1tica. Por que as cores da temporada influenciam tanto os looks? As cores definem o tom das produ\u00e7\u00f5es e ajudam a transmitir sensa\u00e7\u00f5es. Em [&hellip;]<\/p>\n","protected":false},"author":13,"featured_media":110407,"comment_status":"open","ping_status":"open","sticky":false,"template":"","format":"standard","meta":{"jnews-multi-image_gallery":[],"jnews_single_post":{"format":"standard"},"jnews_primary_category":[],"jnews_social_meta":[],"jnews_override_counter":[],"footnotes":""},"categories":[8819],"tags":[7063,7305,4952,15942],"class_list":["post-110402","post","type-post","status-publish","format-standard","has-post-thumbnail","hentry","category-curiosidades","tag-looks","tag-primavera-verao","tag-roupas","tag-tendencias-de-cores"],"yoast_head":"<!-- This site is optimized with the Yoast SEO plugin v23.8 - https:\/\/yoast.com\/wordpress\/plugins\/seo\/ -->\n<title>As 5 cores mais desejadas da primavera-ver\u00e3o que v\u00e3o dominar os looks - Estado de Minas - Em foco<\/title>\n<meta name=\"description\" content=\"Quer um visual leve e moderno sem esfor\u00e7o? Veja como as cores do ver\u00e3o 2025 est\u00e3o conquistando as ruas e inspirando produ\u00e7\u00f5es criativas.\" \/>\n<meta name=\"robots\" content=\"index, follow, max-snippet:-1, max-image-preview:large, max-video-preview:-1\" \/>\n<link rel=\"canonical\" href=\"https:\/\/www.em.com.br\/emfoco\/2025\/10\/03\/as-5-cores-mais-desejadas-da-primavera-verao-que-vao-dominar-os-looks\/\" \/>\n<meta property=\"og:locale\" content=\"pt_BR\" \/>\n<meta property=\"og:type\" content=\"article\" \/>\n<meta property=\"og:title\" content=\"As 5 cores mais desejadas da primavera-ver\u00e3o que v\u00e3o dominar os looks - Estado de Minas - Em foco\" \/>\n<meta property=\"og:description\" content=\"Quer um visual leve e moderno sem esfor\u00e7o? Veja como as cores do ver\u00e3o 2025 est\u00e3o conquistando as ruas e inspirando produ\u00e7\u00f5es criativas.\" \/>\n<meta property=\"og:url\" content=\"https:\/\/www.em.com.br\/emfoco\/2025\/10\/03\/as-5-cores-mais-desejadas-da-primavera-verao-que-vao-dominar-os-looks\/\" \/>\n<meta property=\"og:site_name\" content=\"Estado de Minas - Em foco\" \/>\n<meta property=\"article:published_time\" content=\"2025-10-03T22:08:00+00:00\" \/>\n<meta property=\"article:modified_time\" content=\"2025-10-01T17:10:00+00:00\" \/>\n<meta property=\"og:image\" content=\"https:\/\/www.em.com.br\/emfoco\/wp-content\/uploads\/2025\/10\/image-1-1.png\" \/>\n\t<meta property=\"og:image:width\" content=\"1320\" \/>\n\t<meta property=\"og:image:height\" content=\"720\" \/>\n\t<meta property=\"og:image:type\" content=\"image\/png\" \/>\n<meta name=\"author\" content=\"Gabriel Martins\" \/>\n<meta name=\"twitter:card\" content=\"summary_large_image\" \/>\n<meta name=\"twitter:label1\" content=\"Escrito por\" \/>\n\t<meta name=\"twitter:data1\" content=\"Gabriel Martins\" \/>\n\t<meta name=\"twitter:label2\" content=\"Est. tempo de leitura\" \/>\n\t<meta name=\"twitter:data2\" content=\"3 minutos\" \/>\n<!-- \/ Yoast SEO plugin. -->","yoast_head_json":{"title":"As 5 cores mais desejadas da primavera-ver\u00e3o que v\u00e3o dominar os looks - Estado de Minas - Em foco","description":"Quer um visual leve e moderno sem esfor\u00e7o? Veja como as cores do ver\u00e3o 2025 est\u00e3o conquistando as ruas e inspirando produ\u00e7\u00f5es criativas.","robots":{"index":"index","follow":"follow","max-snippet":"max-snippet:-1","max-image-preview":"max-image-preview:large","max-video-preview":"max-video-preview:-1"},"canonical":"https:\/\/www.em.com.br\/emfoco\/2025\/10\/03\/as-5-cores-mais-desejadas-da-primavera-verao-que-vao-dominar-os-looks\/","og_locale":"pt_BR","og_type":"article","og_title":"As 5 cores mais desejadas da primavera-ver\u00e3o que v\u00e3o dominar os looks - Estado de Minas - Em foco","og_description":"Quer um visual leve e moderno sem esfor\u00e7o? Veja como as cores do ver\u00e3o 2025 est\u00e3o conquistando as ruas e inspirando produ\u00e7\u00f5es criativas.","og_url":"https:\/\/www.em.com.br\/emfoco\/2025\/10\/03\/as-5-cores-mais-desejadas-da-primavera-verao-que-vao-dominar-os-looks\/","og_site_name":"Estado de Minas - Em foco","article_published_time":"2025-10-03T22:08:00+00:00","article_modified_time":"2025-10-01T17:10:00+00:00","og_image":[{"width":1320,"height":720,"url":"https:\/\/www.em.com.br\/emfoco\/wp-content\/uploads\/2025\/10\/image-1-1.png","type":"image\/png"}],"author":"Gabriel Martins","twitter_card":"summary_large_image","twitter_misc":{"Escrito por":"Gabriel Martins","Est. tempo de leitura":"3 minutos"},"schema":{"@context":"https:\/\/schema.org","@graph":[{"@type":"WebPage","@id":"https:\/\/www.em.com.br\/emfoco\/2025\/10\/03\/as-5-cores-mais-desejadas-da-primavera-verao-que-vao-dominar-os-looks\/","url":"https:\/\/www.em.com.br\/emfoco\/2025\/10\/03\/as-5-cores-mais-desejadas-da-primavera-verao-que-vao-dominar-os-looks\/","name":"As 5 cores mais desejadas da primavera-ver\u00e3o que v\u00e3o dominar os looks - Estado de Minas - Em foco","isPartOf":{"@id":"https:\/\/www.em.com.br\/emfoco\/#website"},"primaryImageOfPage":{"@id":"https:\/\/www.em.com.br\/emfoco\/2025\/10\/03\/as-5-cores-mais-desejadas-da-primavera-verao-que-vao-dominar-os-looks\/#primaryimage"},"image":{"@id":"https:\/\/www.em.com.br\/emfoco\/2025\/10\/03\/as-5-cores-mais-desejadas-da-primavera-verao-que-vao-dominar-os-looks\/#primaryimage"},"thumbnailUrl":"https:\/\/www.em.com.br\/emfoco\/wp-content\/uploads\/2025\/10\/image-1-1.png","datePublished":"2025-10-03T22:08:00+00:00","dateModified":"2025-10-01T17:10:00+00:00","author":{"@id":"https:\/\/www.em.com.br\/emfoco\/#\/schema\/person\/1c9ddeab18b98abeffef834667bcf08a"},"description":"Quer um visual leve e moderno sem esfor\u00e7o? Veja como as cores do ver\u00e3o 2025 est\u00e3o conquistando as ruas e inspirando produ\u00e7\u00f5es criativas.","breadcrumb":{"@id":"https:\/\/www.em.com.br\/emfoco\/2025\/10\/03\/as-5-cores-mais-desejadas-da-primavera-verao-que-vao-dominar-os-looks\/#breadcrumb"},"inLanguage":"pt-BR","potentialAction":[{"@type":"ReadAction","target":["https:\/\/www.em.com.br\/emfoco\/2025\/10\/03\/as-5-cores-mais-desejadas-da-primavera-verao-que-vao-dominar-os-looks\/"]}]},{"@type":"ImageObject","inLanguage":"pt-BR","@id":"https:\/\/www.em.com.br\/emfoco\/2025\/10\/03\/as-5-cores-mais-desejadas-da-primavera-verao-que-vao-dominar-os-looks\/#primaryimage","url":"https:\/\/www.em.com.br\/emfoco\/wp-content\/uploads\/2025\/10\/image-1-1.png","contentUrl":"https:\/\/www.em.com.br\/emfoco\/wp-content\/uploads\/2025\/10\/image-1-1.png","width":1320,"height":720,"caption":"Harmonia de cores que favorece produ\u00e7\u00f5es criativas e vers\u00e1teis"},{"@type":"BreadcrumbList","@id":"https:\/\/www.em.com.br\/emfoco\/2025\/10\/03\/as-5-cores-mais-desejadas-da-primavera-verao-que-vao-dominar-os-looks\/#breadcrumb","itemListElement":[{"@type":"ListItem","position":1,"name":"In\u00edcio","item":"https:\/\/www.em.com.br\/emfoco\/"},{"@type":"ListItem","position":2,"name":"As 5 cores mais desejadas da primavera-ver\u00e3o que v\u00e3o dominar os looks"}]},{"@type":"WebSite","@id":"https:\/\/www.em.com.br\/emfoco\/#website","url":"https:\/\/www.em.com.br\/emfoco\/","name":"Estado de Minas - Em foco","description":"Acompanhe as \u00faltimas not\u00edcias e fique bem informado sobre tudo o que acontece em Minas Gerais, Brasil e no mundo.","potentialAction":[{"@type":"SearchAction","target":{"@type":"EntryPoint","urlTemplate":"https:\/\/www.em.com.br\/emfoco\/?s={search_term_string}"},"query-input":{"@type":"PropertyValueSpecification","valueRequired":true,"valueName":"search_term_string"}}],"inLanguage":"pt-BR"},{"@type":"Person","@id":"https:\/\/www.em.com.br\/emfoco\/#\/schema\/person\/1c9ddeab18b98abeffef834667bcf08a","name":"Gabriel Martins","image":{"@type":"ImageObject","inLanguage":"pt-BR","@id":"https:\/\/www.em.com.br\/emfoco\/#\/schema\/person\/image\/","url":"https:\/\/secure.gravatar.com\/avatar\/f0f1e2efdfd88f1ad2cb08c5c2731e50?s=96&d=mm&r=g","contentUrl":"https:\/\/secure.gravatar.com\/avatar\/f0f1e2efdfd88f1ad2cb08c5c2731e50?s=96&d=mm&r=g","caption":"Gabriel Martins"},"sameAs":["https:\/\/www.em.com.br\/emfoco\/"],"url":"https:\/\/www.em.com.br\/emfoco\/author\/gabrielmartinsmyth\/"}]}},"_links":{"self":[{"href":"https:\/\/www.em.com.br\/emfoco\/wp-json\/wp\/v2\/posts\/110402","targetHints":{"allow":["GET"]}}],"collection":[{"href":"https:\/\/www.em.com.br\/emfoco\/wp-json\/wp\/v2\/posts"}],"about":[{"href":"https:\/\/www.em.com.br\/emfoco\/wp-json\/wp\/v2\/types\/post"}],"author":[{"embeddable":true,"href":"https:\/\/www.em.com.br\/emfoco\/wp-json\/wp\/v2\/users\/13"}],"replies":[{"embeddable":true,"href":"https:\/\/www.em.com.br\/emfoco\/wp-json\/wp\/v2\/comments?post=110402"}],"version-history":[{"count":1,"href":"https:\/\/www.em.com.br\/emfoco\/wp-json\/wp\/v2\/posts\/110402\/revisions"}],"predecessor-version":[{"id":110411,"href":"https:\/\/www.em.com.br\/emfoco\/wp-json\/wp\/v2\/posts\/110402\/revisions\/110411"}],"wp:featuredmedia":[{"embeddable":true,"href":"https:\/\/www.em.com.br\/emfoco\/wp-json\/wp\/v2\/media\/110407"}],"wp:attachment":[{"href":"https:\/\/www.em.com.br\/emfoco\/wp-json\/wp\/v2\/media?parent=110402"}],"wp:term":[{"taxonomy":"category","embeddable":true,"href":"https:\/\/www.em.com.br\/emfoco\/wp-json\/wp\/v2\/categories?post=110402"},{"taxonomy":"post_tag","embeddable":true,"href":"https:\/\/www.em.com.br\/emfoco\/wp-json\/wp\/v2\/tags?post=110402"}],"curies":[{"name":"wp","href":"https:\/\/api.w.org\/{rel}","templated":true}]}}