{"id":110351,"date":"2025-10-02T22:48:22","date_gmt":"2025-10-03T01:48:22","guid":{"rendered":"https:\/\/www.em.com.br\/emfoco\/?p=110351"},"modified":"2025-10-01T13:07:42","modified_gmt":"2025-10-01T16:07:42","slug":"a-pratica-ancestral-que-ajuda-a-liberar-medos-e-ansiedades","status":"publish","type":"post","link":"https:\/\/www.em.com.br\/emfoco\/2025\/10\/02\/a-pratica-ancestral-que-ajuda-a-liberar-medos-e-ansiedades\/","title":{"rendered":"A pr\u00e1tica ancestral que ajuda a liberar medos e ansiedades"},"content":{"rendered":"\n<p>O <strong>ritual do \u00fatero<\/strong> \u00e9 uma pr\u00e1tica ancestral que visa a cura e o empoderamento do feminino ao reconectar as mulheres com suas ra\u00edzes e energias ancestrais. Trata-se de um <strong>processo simb\u00f3lico<\/strong> que busca honrar e liberar as mem\u00f3rias de dor e despertar um caminho de transforma\u00e7\u00e3o interna.<\/p>\n\n\n\n<ul class=\"wp-block-list\">\n<li>Conex\u00e3o simb\u00f3lica com sete gera\u00e7\u00f5es passadas.<\/li>\n\n\n\n<li>Medita\u00e7\u00e3o guiada e visualiza\u00e7\u00f5es.<\/li>\n\n\n\n<li>Resgate de mem\u00f3rias e limpeza energ\u00e9tica.<\/li>\n<\/ul>\n\n\n\n<h2 class=\"wp-block-heading\">O que \u00e9 o ritual do \u00fatero?<\/h2>\n\n\n\n<p>O <strong>Ritual do \u00datero<\/strong> \u00e9 uma cerim\u00f4nia simb\u00f3lica e energ\u00e9tica que convida as <a href=\"https:\/\/www.em.com.br\/emfoco\/2025\/09\/30\/a-condicao-invisivel-que-afeta-cada-vez-mais-as-mulheres-jovens\/\" target=\"_blank\" rel=\"noopener\">mulheres<\/a> a revisitar suas ancestralidades atrav\u00e9s de uma medita\u00e7\u00e3o guiada. Sete espa\u00e7os s\u00e3o visualizados, representando cada um, uma gera\u00e7\u00e3o do passado. Segundo a mentora hol\u00edstica <strong>Maria Laura Barros<\/strong>, <strong>o \u00fatero \u00e9 visto n\u00e3o apenas como um \u00f3rg\u00e3o f\u00edsico<\/strong>, mas tamb\u00e9m como um espa\u00e7o energ\u00e9tico que guarda mem\u00f3rias ancestrais. Essa pr\u00e1tica, originada na <strong>Am\u00e9rica do Sul<\/strong> e popularizada no <strong>Brasil<\/strong>, fortalece la\u00e7os de comunidade entre mulheres de diferentes cidades e pa\u00edses que partilham da busca pelo autoconhecimento.<\/p>\n\n\n\n<h2 class=\"wp-block-heading\">Quais benef\u00edcios as participantes podem sentir com essa cerim\u00f4nia?<\/h2>\n\n\n\n<p>A pr\u00e1tica oferece um espa\u00e7o simb\u00f3lico de cura e conex\u00e3o. Ao participar do rito, muitas mulheres relatam sentir uma <strong>sensa\u00e7\u00e3o de equil\u00edbrio e paz interior<\/strong>. Essa experi\u00eancia proporciona a libera\u00e7\u00e3o de bloqueios emocionais e permite que o <a href=\"https:\/\/santajoana.com.br\/glossario\/utero\/\" target=\"_blank\" rel=\"noreferrer noopener\">\u00fatero <\/a>seja ressignificado como um espa\u00e7o de cria\u00e7\u00e3o e n\u00e3o de medo ou dor.<\/p>\n\n\n<div class=\"wp-block-image\">\n<figure class=\"aligncenter size-large\"><img loading=\"lazy\" decoding=\"async\" width=\"1024\" height=\"576\" src=\"https:\/\/www.em.com.br\/emfoco\/wp-content\/uploads\/2025\/10\/meditacao-guiada_1759334793480-1024x576.jpg\" alt=\"\" class=\"wp-image-110368\" srcset=\"https:\/\/www.em.com.br\/emfoco\/wp-content\/uploads\/2025\/10\/meditacao-guiada_1759334793480-1024x576.jpg 1024w, https:\/\/www.em.com.br\/emfoco\/wp-content\/uploads\/2025\/10\/meditacao-guiada_1759334793480-300x169.jpg 300w, https:\/\/www.em.com.br\/emfoco\/wp-content\/uploads\/2025\/10\/meditacao-guiada_1759334793480-768x432.jpg 768w, https:\/\/www.em.com.br\/emfoco\/wp-content\/uploads\/2025\/10\/meditacao-guiada_1759334793480-750x422.jpg 750w, https:\/\/www.em.com.br\/emfoco\/wp-content\/uploads\/2025\/10\/meditacao-guiada_1759334793480-1140x641.jpg 1140w, https:\/\/www.em.com.br\/emfoco\/wp-content\/uploads\/2025\/10\/meditacao-guiada_1759334793480.jpg 1280w\" sizes=\"auto, (max-width: 1024px) 100vw, 1024px\" \/><figcaption class=\"wp-element-caption\">A pr\u00e1tica oferece um espa\u00e7o simb\u00f3lico de cura e conex\u00e3o &#8211; Cr\u00e9ditos: depositphotos.com \/ microgen<\/figcaption><\/figure><\/div>\n\n\n<h2 class=\"wp-block-heading\">Como se deve preparar para o rito do \u00fatero?<\/h2>\n\n\n\n<p>Preparativos cuidadosos precedem o ritual. \u00c9 importante <strong>criar um altar e preparar uma oferta \u00e0 M\u00e3e Terra<\/strong>. O ambiente deve ser sagrado, aromatizado e harmonizado. Durante a cerim\u00f4nia, os participantes podem se recostar descal\u00e7os para facilitar a conex\u00e3o com a terra.<\/p>\n\n\n\n<p><strong>Eva Segovia<\/strong>, facilitadora do rito, destaca o impacto profundo que esse processo tem em quem participa, promovendo n\u00e3o apenas a cura do pr\u00f3prio \u00fatero, mas tamb\u00e9m de quest\u00f5es emocionais e traumas herdados do linhagem materna. Eventos em datas especiais, como o <strong>8 de mar\u00e7o<\/strong> (Dia Internacional da Mulher), intensificam o sentido de reconex\u00e3o durante a realiza\u00e7\u00e3o da cerim\u00f4nia.<\/p>\n\n\n\n<h2 class=\"wp-block-heading\">Quais pontos s\u00e3o importantes para internalizar ap\u00f3s o ritual?<\/h2>\n\n\n\n<ul class=\"wp-block-list\">\n<li>Aprofundamento na conex\u00e3o com o feminino sagrado.<\/li>\n\n\n\n<li>Libera\u00e7\u00e3o de mem\u00f3rias e ressignifica\u00e7\u00e3o do \u00fatero.<\/li>\n\n\n\n<li>Integra\u00e7\u00e3o pessoal e transforma\u00e7\u00e3o consciente.<\/li>\n<\/ul>\n\n\n\n<p>O ritual do \u00fatero \u00e9 assim um poderoso caminho de <strong>autodescoberta<\/strong> e renova\u00e7\u00e3o, servindo como ponte entre as experi\u00eancias ancestrais e as potencialidades do presente. Facilita n\u00e3o apenas processos de cura individuais, mas fortalece tamb\u00e9m a conex\u00e3o entre mulheres no contexto cultural do Brasil e outros pa\u00edses latino-americanos.<\/p>\n\n\n\n<h2 class=\"wp-block-heading\">Como se inscrever neste caminho de cura e autoconhecimento?<\/h2>\n\n\n\n<ul class=\"wp-block-list\">\n<li>Participar do rito proporciona a restaura\u00e7\u00e3o do equil\u00edbrio f\u00edsico e espiritual.<\/li>\n\n\n\n<li>A cerim\u00f4nia \u00e9 uma celebra\u00e7\u00e3o do poder feminino e sua conex\u00e3o com a Terra.<\/li>\n\n\n\n<li>Um ato simb\u00f3lico que reflete a abertura de novas inten\u00e7\u00f5es e caminhos.<\/li>\n<\/ul>\n","protected":false},"excerpt":{"rendered":"<p>O ritual do \u00fatero \u00e9 uma pr\u00e1tica ancestral que visa a cura e o empoderamento do feminino ao reconectar as mulheres com suas ra\u00edzes e energias ancestrais. Trata-se de um processo simb\u00f3lico que busca honrar e liberar as mem\u00f3rias de dor e despertar um caminho de transforma\u00e7\u00e3o interna. O que \u00e9 o ritual do \u00fatero? [&hellip;]<\/p>\n","protected":false},"author":9,"featured_media":110367,"comment_status":"open","ping_status":"open","sticky":false,"template":"","format":"standard","meta":{"jnews-multi-image_gallery":[],"jnews_single_post":{"format":"standard"},"jnews_primary_category":[],"jnews_social_meta":[],"jnews_override_counter":[],"footnotes":""},"categories":[8691,1],"tags":[5213,6126,16872],"class_list":["post-110351","post","type-post","status-publish","format-standard","has-post-thumbnail","hentry","category-bem-estar","category-noticias","tag-mulher","tag-saude-feminina","tag-utero"],"yoast_head":"<!-- This site is optimized with the Yoast SEO plugin v23.8 - https:\/\/yoast.com\/wordpress\/plugins\/seo\/ -->\n<title>A pr\u00e1tica ancestral que ajuda a liberar medos e ansiedades<\/title>\n<meta name=\"description\" content=\"Mais que uma cerim\u00f4nia, o ritual do \u00fatero \u00e9 um caminho de cura, autoconhecimento e conex\u00e3o com a energia feminina sagrada.\" \/>\n<meta name=\"robots\" content=\"index, follow, max-snippet:-1, max-image-preview:large, max-video-preview:-1\" \/>\n<link rel=\"canonical\" href=\"https:\/\/www.em.com.br\/emfoco\/2025\/10\/02\/a-pratica-ancestral-que-ajuda-a-liberar-medos-e-ansiedades\/\" \/>\n<meta property=\"og:locale\" content=\"pt_BR\" \/>\n<meta property=\"og:type\" content=\"article\" \/>\n<meta property=\"og:title\" content=\"A pr\u00e1tica ancestral que ajuda a liberar medos e ansiedades\" \/>\n<meta property=\"og:description\" content=\"Mais que uma cerim\u00f4nia, o ritual do \u00fatero \u00e9 um caminho de cura, autoconhecimento e conex\u00e3o com a energia feminina sagrada.\" \/>\n<meta property=\"og:url\" content=\"https:\/\/www.em.com.br\/emfoco\/2025\/10\/02\/a-pratica-ancestral-que-ajuda-a-liberar-medos-e-ansiedades\/\" \/>\n<meta property=\"og:site_name\" content=\"Estado de Minas - Em foco\" \/>\n<meta property=\"article:published_time\" content=\"2025-10-03T01:48:22+00:00\" \/>\n<meta property=\"article:modified_time\" content=\"2025-10-01T16:07:42+00:00\" \/>\n<meta property=\"og:image\" content=\"https:\/\/www.em.com.br\/emfoco\/wp-content\/uploads\/2025\/10\/meditacao-guiada_1759334699237.jpg\" \/>\n\t<meta property=\"og:image:width\" content=\"1280\" \/>\n\t<meta property=\"og:image:height\" content=\"720\" \/>\n\t<meta property=\"og:image:type\" content=\"image\/jpeg\" \/>\n<meta name=\"author\" content=\"Daniely Cardoso\" \/>\n<meta name=\"twitter:card\" content=\"summary_large_image\" \/>\n<meta name=\"twitter:label1\" content=\"Escrito por\" \/>\n\t<meta name=\"twitter:data1\" content=\"Daniely Cardoso\" \/>\n\t<meta name=\"twitter:label2\" content=\"Est. tempo de leitura\" \/>\n\t<meta name=\"twitter:data2\" content=\"3 minutos\" \/>\n<!-- \/ Yoast SEO plugin. -->","yoast_head_json":{"title":"A pr\u00e1tica ancestral que ajuda a liberar medos e ansiedades","description":"Mais que uma cerim\u00f4nia, o ritual do \u00fatero \u00e9 um caminho de cura, autoconhecimento e conex\u00e3o com a energia feminina sagrada.","robots":{"index":"index","follow":"follow","max-snippet":"max-snippet:-1","max-image-preview":"max-image-preview:large","max-video-preview":"max-video-preview:-1"},"canonical":"https:\/\/www.em.com.br\/emfoco\/2025\/10\/02\/a-pratica-ancestral-que-ajuda-a-liberar-medos-e-ansiedades\/","og_locale":"pt_BR","og_type":"article","og_title":"A pr\u00e1tica ancestral que ajuda a liberar medos e ansiedades","og_description":"Mais que uma cerim\u00f4nia, o ritual do \u00fatero \u00e9 um caminho de cura, autoconhecimento e conex\u00e3o com a energia feminina sagrada.","og_url":"https:\/\/www.em.com.br\/emfoco\/2025\/10\/02\/a-pratica-ancestral-que-ajuda-a-liberar-medos-e-ansiedades\/","og_site_name":"Estado de Minas - Em foco","article_published_time":"2025-10-03T01:48:22+00:00","article_modified_time":"2025-10-01T16:07:42+00:00","og_image":[{"width":1280,"height":720,"url":"https:\/\/www.em.com.br\/emfoco\/wp-content\/uploads\/2025\/10\/meditacao-guiada_1759334699237.jpg","type":"image\/jpeg"}],"author":"Daniely Cardoso","twitter_card":"summary_large_image","twitter_misc":{"Escrito por":"Daniely Cardoso","Est. tempo de leitura":"3 minutos"},"schema":{"@context":"https:\/\/schema.org","@graph":[{"@type":"WebPage","@id":"https:\/\/www.em.com.br\/emfoco\/2025\/10\/02\/a-pratica-ancestral-que-ajuda-a-liberar-medos-e-ansiedades\/","url":"https:\/\/www.em.com.br\/emfoco\/2025\/10\/02\/a-pratica-ancestral-que-ajuda-a-liberar-medos-e-ansiedades\/","name":"A pr\u00e1tica ancestral que ajuda a liberar medos e ansiedades","isPartOf":{"@id":"https:\/\/www.em.com.br\/emfoco\/#website"},"primaryImageOfPage":{"@id":"https:\/\/www.em.com.br\/emfoco\/2025\/10\/02\/a-pratica-ancestral-que-ajuda-a-liberar-medos-e-ansiedades\/#primaryimage"},"image":{"@id":"https:\/\/www.em.com.br\/emfoco\/2025\/10\/02\/a-pratica-ancestral-que-ajuda-a-liberar-medos-e-ansiedades\/#primaryimage"},"thumbnailUrl":"https:\/\/www.em.com.br\/emfoco\/wp-content\/uploads\/2025\/10\/meditacao-guiada_1759334699237.jpg","datePublished":"2025-10-03T01:48:22+00:00","dateModified":"2025-10-01T16:07:42+00:00","author":{"@id":"https:\/\/www.em.com.br\/emfoco\/#\/schema\/person\/0a8186d72f2c3a5c6276d90b41f271a0"},"description":"Mais que uma cerim\u00f4nia, o ritual do \u00fatero \u00e9 um caminho de cura, autoconhecimento e conex\u00e3o com a energia feminina sagrada.","breadcrumb":{"@id":"https:\/\/www.em.com.br\/emfoco\/2025\/10\/02\/a-pratica-ancestral-que-ajuda-a-liberar-medos-e-ansiedades\/#breadcrumb"},"inLanguage":"pt-BR","potentialAction":[{"@type":"ReadAction","target":["https:\/\/www.em.com.br\/emfoco\/2025\/10\/02\/a-pratica-ancestral-que-ajuda-a-liberar-medos-e-ansiedades\/"]}]},{"@type":"ImageObject","inLanguage":"pt-BR","@id":"https:\/\/www.em.com.br\/emfoco\/2025\/10\/02\/a-pratica-ancestral-que-ajuda-a-liberar-medos-e-ansiedades\/#primaryimage","url":"https:\/\/www.em.com.br\/emfoco\/wp-content\/uploads\/2025\/10\/meditacao-guiada_1759334699237.jpg","contentUrl":"https:\/\/www.em.com.br\/emfoco\/wp-content\/uploads\/2025\/10\/meditacao-guiada_1759334699237.jpg","width":1280,"height":720,"caption":"revisitar suas ancestralidades atrav\u00e9s de uma medita\u00e7\u00e3o guiada - Cr\u00e9ditos: depositphotos.com \/ microgen"},{"@type":"BreadcrumbList","@id":"https:\/\/www.em.com.br\/emfoco\/2025\/10\/02\/a-pratica-ancestral-que-ajuda-a-liberar-medos-e-ansiedades\/#breadcrumb","itemListElement":[{"@type":"ListItem","position":1,"name":"In\u00edcio","item":"https:\/\/www.em.com.br\/emfoco\/"},{"@type":"ListItem","position":2,"name":"A pr\u00e1tica ancestral que ajuda a liberar medos e ansiedades"}]},{"@type":"WebSite","@id":"https:\/\/www.em.com.br\/emfoco\/#website","url":"https:\/\/www.em.com.br\/emfoco\/","name":"Estado de Minas - Em foco","description":"Acompanhe as \u00faltimas not\u00edcias e fique bem informado sobre tudo o que acontece em Minas Gerais, Brasil e no mundo.","potentialAction":[{"@type":"SearchAction","target":{"@type":"EntryPoint","urlTemplate":"https:\/\/www.em.com.br\/emfoco\/?s={search_term_string}"},"query-input":{"@type":"PropertyValueSpecification","valueRequired":true,"valueName":"search_term_string"}}],"inLanguage":"pt-BR"},{"@type":"Person","@id":"https:\/\/www.em.com.br\/emfoco\/#\/schema\/person\/0a8186d72f2c3a5c6276d90b41f271a0","name":"Daniely Cardoso","image":{"@type":"ImageObject","inLanguage":"pt-BR","@id":"https:\/\/www.em.com.br\/emfoco\/#\/schema\/person\/image\/","url":"https:\/\/secure.gravatar.com\/avatar\/4b80ddbd124d1f071b626d52d62e5dff?s=96&d=mm&r=g","contentUrl":"https:\/\/secure.gravatar.com\/avatar\/4b80ddbd124d1f071b626d52d62e5dff?s=96&d=mm&r=g","caption":"Daniely Cardoso"},"url":"https:\/\/www.em.com.br\/emfoco\/author\/danielymyth\/"}]}},"_links":{"self":[{"href":"https:\/\/www.em.com.br\/emfoco\/wp-json\/wp\/v2\/posts\/110351","targetHints":{"allow":["GET"]}}],"collection":[{"href":"https:\/\/www.em.com.br\/emfoco\/wp-json\/wp\/v2\/posts"}],"about":[{"href":"https:\/\/www.em.com.br\/emfoco\/wp-json\/wp\/v2\/types\/post"}],"author":[{"embeddable":true,"href":"https:\/\/www.em.com.br\/emfoco\/wp-json\/wp\/v2\/users\/9"}],"replies":[{"embeddable":true,"href":"https:\/\/www.em.com.br\/emfoco\/wp-json\/wp\/v2\/comments?post=110351"}],"version-history":[{"count":2,"href":"https:\/\/www.em.com.br\/emfoco\/wp-json\/wp\/v2\/posts\/110351\/revisions"}],"predecessor-version":[{"id":110370,"href":"https:\/\/www.em.com.br\/emfoco\/wp-json\/wp\/v2\/posts\/110351\/revisions\/110370"}],"wp:featuredmedia":[{"embeddable":true,"href":"https:\/\/www.em.com.br\/emfoco\/wp-json\/wp\/v2\/media\/110367"}],"wp:attachment":[{"href":"https:\/\/www.em.com.br\/emfoco\/wp-json\/wp\/v2\/media?parent=110351"}],"wp:term":[{"taxonomy":"category","embeddable":true,"href":"https:\/\/www.em.com.br\/emfoco\/wp-json\/wp\/v2\/categories?post=110351"},{"taxonomy":"post_tag","embeddable":true,"href":"https:\/\/www.em.com.br\/emfoco\/wp-json\/wp\/v2\/tags?post=110351"}],"curies":[{"name":"wp","href":"https:\/\/api.w.org\/{rel}","templated":true}]}}