{"id":110304,"date":"2025-10-02T15:58:27","date_gmt":"2025-10-02T18:58:27","guid":{"rendered":"https:\/\/www.em.com.br\/emfoco\/?p=110304"},"modified":"2025-10-01T11:53:09","modified_gmt":"2025-10-01T14:53:09","slug":"como-organizar-e-limpar-cada-comodo-para-comecar-a-primavera-bem","status":"publish","type":"post","link":"https:\/\/www.em.com.br\/emfoco\/2025\/10\/02\/como-organizar-e-limpar-cada-comodo-para-comecar-a-primavera-bem\/","title":{"rendered":"Como organizar e limpar cada c\u00f4modo para come\u00e7ar a primavera bem"},"content":{"rendered":"\n<p>Com a chegada da <strong>primavera<\/strong>, \u00e9 ideal aproveitar para renovar a energia do lar. Essa mudan\u00e7a de esta\u00e7\u00e3o \u00e9 perfeita para realizar uma limpeza profunda que transforma os ambientes. N\u00e3o \u00e9 apenas uma tarefa dom\u00e9stica, mas tamb\u00e9m um ritual que traz bem-estar.<\/p>\n\n\n\n<ul class=\"wp-block-list\">\n<li>Planejamento detalhado antes de come\u00e7ar.<\/li>\n\n\n\n<li>Elimine objetos desnecess\u00e1rios e organize de forma eficiente.<\/li>\n\n\n\n<li>Atenda \u00e0s necessidades espec\u00edficas de cada \u00e1rea da sua casa.<\/li>\n<\/ul>\n\n\n\n<h2 class=\"wp-block-heading\">Por que a limpeza de primavera \u00e9 t\u00e3o importante?<\/h2>\n\n\n\n<p>A limpeza de primavera n\u00e3o \u00e9 apenas retirar o p\u00f3; \u00e9 uma oportunidade para gerar um impacto positivo no <strong>bem-estar<\/strong> f\u00edsico e emocional. <a href=\"https:\/\/br.pinterest.com\/search\/pins\/?q=limpeza%20de%20casa&amp;rs=typed\" target=\"_blank\" rel=\"noreferrer noopener\">Organizar e limpar <\/a>permite criar um ambiente mais harmonioso e contribuir para uma mente mais leve.<\/p>\n\n\n\n<p>Com planejamento adequado e um pouco de const\u00e2ncia, voc\u00ea poder\u00e1 manter sua casa fresca e cheia de energia positiva durante toda a esta\u00e7\u00e3o.<\/p>\n\n\n\n<h2 class=\"wp-block-heading\">Como fazer a limpeza profunda de primavera passo a passo?<\/h2>\n\n\n\n<p>O primeiro passo \u00e9 planejar. Defina as \u00e1reas que voc\u00ea deseja <a href=\"https:\/\/www.em.com.br\/emfoco\/2025\/10\/01\/aprenda-a-limpar-3-manchas-impossiveis-com-um-truque-caseiro-bem-rapido\/\" target=\"_blank\" rel=\"noopener\">limpar<\/a> e crie um cronograma <strong>realista<\/strong> que se adeque \u00e0s suas necessidades e ao seu tempo dispon\u00edvel.<\/p>\n\n\n\n<p>Prepare suas ferramentas de limpeza:<strong> sacos de lixo, luvas, panos<\/strong> e um bom limpador multiuso. Considere dividir a limpeza por blocos de tempo para manter a motiva\u00e7\u00e3o em alta.<\/p>\n\n\n<div class=\"wp-block-image\">\n<figure class=\"aligncenter size-large\"><img loading=\"lazy\" decoding=\"async\" width=\"1024\" height=\"576\" src=\"https:\/\/www.em.com.br\/emfoco\/wp-content\/uploads\/2025\/10\/limpeza_1759325908417-1024x576.jpg\" alt=\"\" class=\"wp-image-110252\" srcset=\"https:\/\/www.em.com.br\/emfoco\/wp-content\/uploads\/2025\/10\/limpeza_1759325908417-1024x576.jpg 1024w, https:\/\/www.em.com.br\/emfoco\/wp-content\/uploads\/2025\/10\/limpeza_1759325908417-300x169.jpg 300w, https:\/\/www.em.com.br\/emfoco\/wp-content\/uploads\/2025\/10\/limpeza_1759325908417-768x432.jpg 768w, https:\/\/www.em.com.br\/emfoco\/wp-content\/uploads\/2025\/10\/limpeza_1759325908417-750x422.jpg 750w, https:\/\/www.em.com.br\/emfoco\/wp-content\/uploads\/2025\/10\/limpeza_1759325908417-1140x641.jpg 1140w, https:\/\/www.em.com.br\/emfoco\/wp-content\/uploads\/2025\/10\/limpeza_1759325908417.jpg 1280w\" sizes=\"auto, (max-width: 1024px) 100vw, 1024px\" \/><figcaption class=\"wp-element-caption\"> Isso o torna um excelente recurso para eliminar bact\u00e9rias &#8211; Cr\u00e9ditos: depositphotos.com \/ serezniy<\/figcaption><\/figure><\/div>\n\n\n<h2 class=\"wp-block-heading\">Qual a melhor forma de eliminar a bagun\u00e7a de forma eficiente?<\/h2>\n\n\n\n<p>\u00c9 fundamental come\u00e7ar eliminando a bagun\u00e7a de cada c\u00f4modo. Classifique os objetos em categorias claras e aplique a regra do ano: se algo n\u00e3o foi usado nos \u00faltimos 12 meses, provavelmente n\u00e3o \u00e9 mais necess\u00e1rio.<\/p>\n\n\n\n<p>Abrir as janelas e ventilar durante o processo elimina odores e renova a <strong>atmosfera<\/strong> do seu lar.<\/p>\n\n\n\n<h2 class=\"wp-block-heading\">Como deixar a cozinha impec\u00e1vel na limpeza de primavera?<\/h2>\n\n\n\n<p>A <strong>cozinha<\/strong> merece aten\u00e7\u00e3o especial. Esvazie a despensa, limpe prateleiras e verifique a validade dos produtos. Fa\u00e7a a manuten\u00e7\u00e3o de todos os eletrodom\u00e9sticos, como <strong>geladeira<\/strong>, <strong>micro-ondas<\/strong> e <strong>forno<\/strong>, por dentro e por fora. Se poss\u00edvel, dedique um tempo para limpar os filtros do <strong>exaustor<\/strong> tamb\u00e9m.<\/p>\n\n\n\n<p>Prestar aten\u00e7\u00e3o ao forno e \u00e0 geladeira garante uma cozinha mais higi\u00eanica e funcional.<\/p>\n\n\n\n<h2 class=\"wp-block-heading\">Quais cuidados tomar nos quartos para garantir bom descanso?<\/h2>\n\n\n\n<p>Um quarto limpo \u00e9 fundamental para garantir uma boa noite de sono. <strong>Lave cortinas, aspire e gire colch\u00f5es<\/strong>, e organize o arm\u00e1rio por esta\u00e7\u00e3o.<\/p>\n\n\n\n<p>Aproveite para doar roupas que j\u00e1 n\u00e3o usa, liberando espa\u00e7o valioso no guarda-roupa.<\/p>\n\n\n<div class=\"wp-block-image\">\n<figure class=\"aligncenter size-large\"><img loading=\"lazy\" decoding=\"async\" width=\"1024\" height=\"576\" src=\"https:\/\/www.em.com.br\/emfoco\/wp-content\/uploads\/2025\/09\/micro-ondas-limpar_1757340846508-1024x576.jpg\" alt=\"\" class=\"wp-image-101821\" srcset=\"https:\/\/www.em.com.br\/emfoco\/wp-content\/uploads\/2025\/09\/micro-ondas-limpar_1757340846508-1024x576.jpg 1024w, https:\/\/www.em.com.br\/emfoco\/wp-content\/uploads\/2025\/09\/micro-ondas-limpar_1757340846508-300x169.jpg 300w, https:\/\/www.em.com.br\/emfoco\/wp-content\/uploads\/2025\/09\/micro-ondas-limpar_1757340846508-768x432.jpg 768w, https:\/\/www.em.com.br\/emfoco\/wp-content\/uploads\/2025\/09\/micro-ondas-limpar_1757340846508-750x422.jpg 750w, https:\/\/www.em.com.br\/emfoco\/wp-content\/uploads\/2025\/09\/micro-ondas-limpar_1757340846508-1140x641.jpg 1140w, https:\/\/www.em.com.br\/emfoco\/wp-content\/uploads\/2025\/09\/micro-ondas-limpar_1757340846508.jpg 1280w\" sizes=\"auto, (max-width: 1024px) 100vw, 1024px\" \/><figcaption class=\"wp-element-caption\">O jeito mais simples de limpar o micro ondas &#8211; Cr\u00e9ditos: depositphotos.com \/ tab62<\/figcaption><\/figure><\/div>\n\n\n<h2 class=\"wp-block-heading\">Como criar uma sala de estar aconchegante e organizada?<\/h2>\n\n\n\n<p>Uma <strong>sala de estar<\/strong> acolhedora precisa de <strong>m\u00f3veis livres do p\u00f3, sof\u00e1s limpos e tapetes batidos<\/strong>. Organize os fios e revise dispositivos eletr\u00f4nicos, como <strong>televisores<\/strong> e <strong>caixas de som<\/strong>, para evitar desorganiza\u00e7\u00e3o.<\/p>\n\n\n\n<p>Desinfetar e organizar prateleiras mant\u00e9m o ambiente limpo e arrumado.<\/p>\n\n\n\n<h2 class=\"wp-block-heading\">Que t\u00e9cnicas facilitam a organiza\u00e7\u00e3o da casa?<\/h2>\n\n\n\n<p>A limpeza de primavera \u00e9 tamb\u00e9m uma \u00f3tima oportunidade para aprimorar a organiza\u00e7\u00e3o. Uma casa em ordem reduz significativamente o estresse di\u00e1rio e otimiza o <strong>tempo<\/strong>.<\/p>\n\n\n\n<p>Mudar a disposi\u00e7\u00e3o dos m\u00f3veis ou acrescentar plantas de interior pode renovar o ambiente sem grandes gastos.<\/p>\n\n\n\n<h2 class=\"wp-block-heading\">Quais li\u00e7\u00f5es s\u00e3o essenciais para deixar o lar renovado?<\/h2>\n\n\n\n<ul class=\"wp-block-list\">\n<li>Um bom planejamento \u00e9 fundamental para o sucesso da limpeza.<\/li>\n\n\n\n<li>Ventilar e eliminar a bagun\u00e7a s\u00e3o essenciais para renovar o ambiente.<\/li>\n\n\n\n<li>Pequenas mudan\u00e7as na decora\u00e7\u00e3o revitalizam os espa\u00e7os com facilidade.<\/li>\n<\/ul>\n","protected":false},"excerpt":{"rendered":"<p>Com a chegada da primavera, \u00e9 ideal aproveitar para renovar a energia do lar. Essa mudan\u00e7a de esta\u00e7\u00e3o \u00e9 perfeita para realizar uma limpeza profunda que transforma os ambientes. N\u00e3o \u00e9 apenas uma tarefa dom\u00e9stica, mas tamb\u00e9m um ritual que traz bem-estar. Por que a limpeza de primavera \u00e9 t\u00e3o importante? A limpeza de primavera [&hellip;]<\/p>\n","protected":false},"author":9,"featured_media":110254,"comment_status":"open","ping_status":"open","sticky":false,"template":"","format":"standard","meta":{"jnews-multi-image_gallery":[],"jnews_single_post":{"format":"standard"},"jnews_primary_category":[],"jnews_social_meta":[],"jnews_override_counter":[],"footnotes":""},"categories":[8819,1],"tags":[2911,13213,15416],"class_list":["post-110304","post","type-post","status-publish","format-standard","has-post-thumbnail","hentry","category-curiosidades","category-noticias","tag-casa","tag-limpeza-caseira","tag-limpeza-da-casa"],"yoast_head":"<!-- This site is optimized with the Yoast SEO plugin v23.8 - https:\/\/yoast.com\/wordpress\/plugins\/seo\/ -->\n<title>Como organizar e limpar cada c\u00f4modo para come\u00e7ar a primavera bem<\/title>\n<meta name=\"description\" content=\"Renove a energia do seu lar com dicas de limpeza de primavera, organiza\u00e7\u00e3o eficiente e ambientes frescos cheios de bem-estar.\" \/>\n<meta name=\"robots\" content=\"index, follow, max-snippet:-1, max-image-preview:large, max-video-preview:-1\" \/>\n<link rel=\"canonical\" href=\"https:\/\/www.em.com.br\/emfoco\/2025\/10\/02\/como-organizar-e-limpar-cada-comodo-para-comecar-a-primavera-bem\/\" \/>\n<meta property=\"og:locale\" content=\"pt_BR\" \/>\n<meta property=\"og:type\" content=\"article\" \/>\n<meta property=\"og:title\" content=\"Como organizar e limpar cada c\u00f4modo para come\u00e7ar a primavera bem\" \/>\n<meta property=\"og:description\" content=\"Renove a energia do seu lar com dicas de limpeza de primavera, organiza\u00e7\u00e3o eficiente e ambientes frescos cheios de bem-estar.\" \/>\n<meta property=\"og:url\" content=\"https:\/\/www.em.com.br\/emfoco\/2025\/10\/02\/como-organizar-e-limpar-cada-comodo-para-comecar-a-primavera-bem\/\" \/>\n<meta property=\"og:site_name\" content=\"Estado de Minas - Em foco\" \/>\n<meta property=\"article:published_time\" content=\"2025-10-02T18:58:27+00:00\" \/>\n<meta property=\"article:modified_time\" content=\"2025-10-01T14:53:09+00:00\" \/>\n<meta property=\"og:image\" content=\"https:\/\/www.em.com.br\/emfoco\/wp-content\/uploads\/2025\/10\/limpeza_1759325966234.jpg\" \/>\n\t<meta property=\"og:image:width\" content=\"1280\" \/>\n\t<meta property=\"og:image:height\" content=\"720\" \/>\n\t<meta property=\"og:image:type\" content=\"image\/jpeg\" \/>\n<meta name=\"author\" content=\"Daniely Cardoso\" \/>\n<meta name=\"twitter:card\" content=\"summary_large_image\" \/>\n<meta name=\"twitter:label1\" content=\"Escrito por\" \/>\n\t<meta name=\"twitter:data1\" content=\"Daniely Cardoso\" \/>\n\t<meta name=\"twitter:label2\" content=\"Est. tempo de leitura\" \/>\n\t<meta name=\"twitter:data2\" content=\"4 minutos\" \/>\n<!-- \/ Yoast SEO plugin. -->","yoast_head_json":{"title":"Como organizar e limpar cada c\u00f4modo para come\u00e7ar a primavera bem","description":"Renove a energia do seu lar com dicas de limpeza de primavera, organiza\u00e7\u00e3o eficiente e ambientes frescos cheios de bem-estar.","robots":{"index":"index","follow":"follow","max-snippet":"max-snippet:-1","max-image-preview":"max-image-preview:large","max-video-preview":"max-video-preview:-1"},"canonical":"https:\/\/www.em.com.br\/emfoco\/2025\/10\/02\/como-organizar-e-limpar-cada-comodo-para-comecar-a-primavera-bem\/","og_locale":"pt_BR","og_type":"article","og_title":"Como organizar e limpar cada c\u00f4modo para come\u00e7ar a primavera bem","og_description":"Renove a energia do seu lar com dicas de limpeza de primavera, organiza\u00e7\u00e3o eficiente e ambientes frescos cheios de bem-estar.","og_url":"https:\/\/www.em.com.br\/emfoco\/2025\/10\/02\/como-organizar-e-limpar-cada-comodo-para-comecar-a-primavera-bem\/","og_site_name":"Estado de Minas - Em foco","article_published_time":"2025-10-02T18:58:27+00:00","article_modified_time":"2025-10-01T14:53:09+00:00","og_image":[{"width":1280,"height":720,"url":"https:\/\/www.em.com.br\/emfoco\/wp-content\/uploads\/2025\/10\/limpeza_1759325966234.jpg","type":"image\/jpeg"}],"author":"Daniely Cardoso","twitter_card":"summary_large_image","twitter_misc":{"Escrito por":"Daniely Cardoso","Est. tempo de leitura":"4 minutos"},"schema":{"@context":"https:\/\/schema.org","@graph":[{"@type":"WebPage","@id":"https:\/\/www.em.com.br\/emfoco\/2025\/10\/02\/como-organizar-e-limpar-cada-comodo-para-comecar-a-primavera-bem\/","url":"https:\/\/www.em.com.br\/emfoco\/2025\/10\/02\/como-organizar-e-limpar-cada-comodo-para-comecar-a-primavera-bem\/","name":"Como organizar e limpar cada c\u00f4modo para come\u00e7ar a primavera bem","isPartOf":{"@id":"https:\/\/www.em.com.br\/emfoco\/#website"},"primaryImageOfPage":{"@id":"https:\/\/www.em.com.br\/emfoco\/2025\/10\/02\/como-organizar-e-limpar-cada-comodo-para-comecar-a-primavera-bem\/#primaryimage"},"image":{"@id":"https:\/\/www.em.com.br\/emfoco\/2025\/10\/02\/como-organizar-e-limpar-cada-comodo-para-comecar-a-primavera-bem\/#primaryimage"},"thumbnailUrl":"https:\/\/www.em.com.br\/emfoco\/wp-content\/uploads\/2025\/10\/limpeza_1759325966234.jpg","datePublished":"2025-10-02T18:58:27+00:00","dateModified":"2025-10-01T14:53:09+00:00","author":{"@id":"https:\/\/www.em.com.br\/emfoco\/#\/schema\/person\/0a8186d72f2c3a5c6276d90b41f271a0"},"description":"Renove a energia do seu lar com dicas de limpeza de primavera, organiza\u00e7\u00e3o eficiente e ambientes frescos cheios de bem-estar.","breadcrumb":{"@id":"https:\/\/www.em.com.br\/emfoco\/2025\/10\/02\/como-organizar-e-limpar-cada-comodo-para-comecar-a-primavera-bem\/#breadcrumb"},"inLanguage":"pt-BR","potentialAction":[{"@type":"ReadAction","target":["https:\/\/www.em.com.br\/emfoco\/2025\/10\/02\/como-organizar-e-limpar-cada-comodo-para-comecar-a-primavera-bem\/"]}]},{"@type":"ImageObject","inLanguage":"pt-BR","@id":"https:\/\/www.em.com.br\/emfoco\/2025\/10\/02\/como-organizar-e-limpar-cada-comodo-para-comecar-a-primavera-bem\/#primaryimage","url":"https:\/\/www.em.com.br\/emfoco\/wp-content\/uploads\/2025\/10\/limpeza_1759325966234.jpg","contentUrl":"https:\/\/www.em.com.br\/emfoco\/wp-content\/uploads\/2025\/10\/limpeza_1759325966234.jpg","width":1280,"height":720,"caption":"A mistura simples desses ingredientes \u00e9 particularmente eficaz em \u00e1reas como a cozinha - Cr\u00e9ditos: depositphotos.com \/ VitalikRadko"},{"@type":"BreadcrumbList","@id":"https:\/\/www.em.com.br\/emfoco\/2025\/10\/02\/como-organizar-e-limpar-cada-comodo-para-comecar-a-primavera-bem\/#breadcrumb","itemListElement":[{"@type":"ListItem","position":1,"name":"In\u00edcio","item":"https:\/\/www.em.com.br\/emfoco\/"},{"@type":"ListItem","position":2,"name":"Como organizar e limpar cada c\u00f4modo para come\u00e7ar a primavera bem"}]},{"@type":"WebSite","@id":"https:\/\/www.em.com.br\/emfoco\/#website","url":"https:\/\/www.em.com.br\/emfoco\/","name":"Estado de Minas - Em foco","description":"Acompanhe as \u00faltimas not\u00edcias e fique bem informado sobre tudo o que acontece em Minas Gerais, Brasil e no mundo.","potentialAction":[{"@type":"SearchAction","target":{"@type":"EntryPoint","urlTemplate":"https:\/\/www.em.com.br\/emfoco\/?s={search_term_string}"},"query-input":{"@type":"PropertyValueSpecification","valueRequired":true,"valueName":"search_term_string"}}],"inLanguage":"pt-BR"},{"@type":"Person","@id":"https:\/\/www.em.com.br\/emfoco\/#\/schema\/person\/0a8186d72f2c3a5c6276d90b41f271a0","name":"Daniely Cardoso","image":{"@type":"ImageObject","inLanguage":"pt-BR","@id":"https:\/\/www.em.com.br\/emfoco\/#\/schema\/person\/image\/","url":"https:\/\/secure.gravatar.com\/avatar\/4b80ddbd124d1f071b626d52d62e5dff?s=96&d=mm&r=g","contentUrl":"https:\/\/secure.gravatar.com\/avatar\/4b80ddbd124d1f071b626d52d62e5dff?s=96&d=mm&r=g","caption":"Daniely Cardoso"},"url":"https:\/\/www.em.com.br\/emfoco\/author\/danielymyth\/"}]}},"_links":{"self":[{"href":"https:\/\/www.em.com.br\/emfoco\/wp-json\/wp\/v2\/posts\/110304","targetHints":{"allow":["GET"]}}],"collection":[{"href":"https:\/\/www.em.com.br\/emfoco\/wp-json\/wp\/v2\/posts"}],"about":[{"href":"https:\/\/www.em.com.br\/emfoco\/wp-json\/wp\/v2\/types\/post"}],"author":[{"embeddable":true,"href":"https:\/\/www.em.com.br\/emfoco\/wp-json\/wp\/v2\/users\/9"}],"replies":[{"embeddable":true,"href":"https:\/\/www.em.com.br\/emfoco\/wp-json\/wp\/v2\/comments?post=110304"}],"version-history":[{"count":3,"href":"https:\/\/www.em.com.br\/emfoco\/wp-json\/wp\/v2\/posts\/110304\/revisions"}],"predecessor-version":[{"id":110343,"href":"https:\/\/www.em.com.br\/emfoco\/wp-json\/wp\/v2\/posts\/110304\/revisions\/110343"}],"wp:featuredmedia":[{"embeddable":true,"href":"https:\/\/www.em.com.br\/emfoco\/wp-json\/wp\/v2\/media\/110254"}],"wp:attachment":[{"href":"https:\/\/www.em.com.br\/emfoco\/wp-json\/wp\/v2\/media?parent=110304"}],"wp:term":[{"taxonomy":"category","embeddable":true,"href":"https:\/\/www.em.com.br\/emfoco\/wp-json\/wp\/v2\/categories?post=110304"},{"taxonomy":"post_tag","embeddable":true,"href":"https:\/\/www.em.com.br\/emfoco\/wp-json\/wp\/v2\/tags?post=110304"}],"curies":[{"name":"wp","href":"https:\/\/api.w.org\/{rel}","templated":true}]}}