{"id":110280,"date":"2025-10-03T06:48:00","date_gmt":"2025-10-03T09:48:00","guid":{"rendered":"https:\/\/www.em.com.br\/emfoco\/?p=110280"},"modified":"2025-10-02T19:24:35","modified_gmt":"2025-10-02T22:24:35","slug":"itens-que-voce-deve-desconectar-em-dias-de-muito-calor-para-prevenir-superaquecimento-e-acidentes","status":"publish","type":"post","link":"https:\/\/www.em.com.br\/emfoco\/2025\/10\/03\/itens-que-voce-deve-desconectar-em-dias-de-muito-calor-para-prevenir-superaquecimento-e-acidentes\/","title":{"rendered":"Aparelhos que voc\u00ea deve desligar em dias de muito calor para evitar superaquecimento e acidentes"},"content":{"rendered":"\n<p>Em dias muito quentes, alguns aparelhos podem representar risco de superaquecimento e at\u00e9 provocar inc\u00eandios. Desconectar certos itens \u00e9 uma medida simples que protege sua casa e evita gastos inesperados.<\/p>\n\n\n\n<ul class=\"wp-block-list\">\n<li>Equipamentos que consomem energia em excesso<\/li>\n\n\n\n<li>Dispositivos que aquecem mesmo em stand-by<\/li>\n\n\n\n<li>Itens que aumentam risco de curto-circuito<\/li>\n<\/ul>\n\n\n\n<h2 class=\"wp-block-heading\">Por que \u00e9 importante desconectar aparelhos em dias de calor?<\/h2>\n\n\n\n<p><strong>O calor intenso pode potencializar falhas el\u00e9tricas<\/strong>, j\u00e1 que a temperatura ambiente elevada aumenta a chance de superaquecimento. Isso compromete tanto a durabilidade dos dispositivos quanto a seguran\u00e7a da casa.<\/p>\n\n\n\n<p>Al\u00e9m disso, deixar equipamentos ligados sem necessidade eleva o consumo de energia. Esse h\u00e1bito n\u00e3o apenas pesa no bolso, mas tamb\u00e9m pressiona a rede el\u00e9trica, que j\u00e1 costuma estar sobrecarregada em \u00e9pocas de altas temperaturas.<\/p>\n\n\n\n<figure class=\"wp-block-image size-large\"><img loading=\"lazy\" decoding=\"async\" width=\"1024\" height=\"576\" src=\"https:\/\/www.em.com.br\/emfoco\/wp-content\/uploads\/2025\/09\/Tomada-_1758317745100-1024x576.jpg\" alt=\"O sinal el\u00e9trico mais ignorado que pode causar acidentes graves\" class=\"wp-image-106279\" srcset=\"https:\/\/www.em.com.br\/emfoco\/wp-content\/uploads\/2025\/09\/Tomada-_1758317745100-1024x576.jpg 1024w, https:\/\/www.em.com.br\/emfoco\/wp-content\/uploads\/2025\/09\/Tomada-_1758317745100-300x169.jpg 300w, https:\/\/www.em.com.br\/emfoco\/wp-content\/uploads\/2025\/09\/Tomada-_1758317745100-768x432.jpg 768w, https:\/\/www.em.com.br\/emfoco\/wp-content\/uploads\/2025\/09\/Tomada-_1758317745100-750x422.jpg 750w, https:\/\/www.em.com.br\/emfoco\/wp-content\/uploads\/2025\/09\/Tomada-_1758317745100-1140x641.jpg 1140w, https:\/\/www.em.com.br\/emfoco\/wp-content\/uploads\/2025\/09\/Tomada-_1758317745100.jpg 1280w\" sizes=\"auto, (max-width: 1024px) 100vw, 1024px\" \/><figcaption class=\"wp-element-caption\">A\u00e7\u00e3o t\u00e9rmica que acelera o desgaste de componentes eletr\u00f4nicos &#8211; Cr\u00e9ditos: depositphotos.com \/ tab62<\/figcaption><\/figure>\n\n\n\n<h2 class=\"wp-block-heading\">Quais aparelhos exigem mais aten\u00e7\u00e3o durante ondas de calor?<\/h2>\n\n\n\n<p>Alguns itens s\u00e3o mais propensos a aquecer e provocar problemas quando expostos a temperaturas elevadas. \u00c9 importante dar aten\u00e7\u00e3o especial a eles para evitar transtornos e riscos.<\/p>\n\n\n\n<ul class=\"wp-block-list\">\n<li>Carregadores de celular deixados na tomada<\/li>\n\n\n\n<li>Micro-ondas e fornos el\u00e9tricos em stand-by<\/li>\n\n\n\n<li>Computadores e notebooks ligados o dia todo<\/li>\n\n\n\n<li>Ventiladores e ar-condicionado usados sem pausa<\/li>\n<\/ul>\n\n\n\n<h2 class=\"wp-block-heading\">O que pode acontecer se voc\u00ea n\u00e3o desligar esses equipamentos?<\/h2>\n\n\n\n<p><strong>Manter aparelhos ligados sem necessidade pode causar <a href=\"https:\/\/www.eletricista.srv.br\/o-que-fazer-depois-de-um-curto-circuito\/\" target=\"_blank\" rel=\"noreferrer noopener\">curto-circuito<\/a>, inc\u00eandio e at\u00e9 danos irrevers\u00edveis<\/strong>. Pequenos sinais, como aquecimento excessivo de cabos e tomadas, j\u00e1 indicam perigo iminente.<\/p>\n\n\n\n<p>Al\u00e9m dos acidentes, h\u00e1 o risco de redu\u00e7\u00e3o da vida \u00fatil dos dispositivos. Isso ocorre porque os componentes internos, expostos ao calor, sofrem desgaste prematuro e podem parar de funcionar antes do esperado.<\/p>\n\n\n\n<figure class=\"wp-block-image size-large\"><img loading=\"lazy\" decoding=\"async\" width=\"1024\" height=\"576\" src=\"https:\/\/www.em.com.br\/emfoco\/wp-content\/uploads\/2025\/09\/Extensao-de-energia_1759182894473-1024x576.jpg\" alt=\"Os aparelhos el\u00e9tricos que voc\u00ea n\u00e3o deveria conectar a um cabo de extens\u00e3o\" class=\"wp-image-109732\" srcset=\"https:\/\/www.em.com.br\/emfoco\/wp-content\/uploads\/2025\/09\/Extensao-de-energia_1759182894473-1024x576.jpg 1024w, https:\/\/www.em.com.br\/emfoco\/wp-content\/uploads\/2025\/09\/Extensao-de-energia_1759182894473-300x169.jpg 300w, https:\/\/www.em.com.br\/emfoco\/wp-content\/uploads\/2025\/09\/Extensao-de-energia_1759182894473-768x432.jpg 768w, https:\/\/www.em.com.br\/emfoco\/wp-content\/uploads\/2025\/09\/Extensao-de-energia_1759182894473-750x422.jpg 750w, https:\/\/www.em.com.br\/emfoco\/wp-content\/uploads\/2025\/09\/Extensao-de-energia_1759182894473-1140x641.jpg 1140w, https:\/\/www.em.com.br\/emfoco\/wp-content\/uploads\/2025\/09\/Extensao-de-energia_1759182894473.jpg 1280w\" sizes=\"auto, (max-width: 1024px) 100vw, 1024px\" \/><figcaption class=\"wp-element-caption\">Atitude preventiva que reduz riscos de inc\u00eandio em dias quentes &#8211; Cr\u00e9ditos: depositphotos.com \/ Chonthicha<\/figcaption><\/figure>\n\n\n\n<p><em>Leia mais: <a href=\"https:\/\/www.em.com.br\/emfoco\/2025\/09\/28\/o-segredo-para-deixar-sua-casa-mais-iluminada-e-fresca-nesta-primavera\/\" target=\"_blank\" rel=\"noreferrer noopener\">O segredo para deixar sua casa mais iluminada e fresca nesta primavera<\/a><\/em><\/p>\n\n\n\n<h2 class=\"wp-block-heading\">Quais cuidados extras ajudam a prevenir superaquecimento?<\/h2>\n\n\n\n<p>Al\u00e9m de desligar os aparelhos, \u00e9 essencial adotar algumas pr\u00e1ticas simples no dia a dia. Manter a ventila\u00e7\u00e3o dos ambientes e evitar o uso simult\u00e2neo de v\u00e1rios eletr\u00f4nicos j\u00e1 reduz bastante os riscos.<\/p>\n\n\n\n<p><strong>Usar extens\u00f5es e benjamins com modera\u00e7\u00e3o tamb\u00e9m \u00e9 fundamental<\/strong>, pois o ac\u00famulo de equipamentos conectados em um \u00fanico ponto aumenta a chance de falhas el\u00e9tricas, principalmente em per\u00edodos de calor extremo.<\/p>\n\n\n\n<h2 class=\"wp-block-heading\">Quais h\u00e1bitos pr\u00e1ticos voc\u00ea pode adotar para mais seguran\u00e7a?<\/h2>\n\n\n\n<p>Desconectar equipamentos em dias de muito calor \u00e9 s\u00f3 o primeiro passo. Pequenos ajustes na rotina ajudam a manter a casa protegida e evitam desperd\u00edcio de energia.<\/p>\n\n\n\n<ul class=\"wp-block-list\">\n<li>Prefira ligar apenas os aparelhos em uso<\/li>\n\n\n\n<li>Evite carregar celular durante a noite em altas temperaturas<\/li>\n\n\n\n<li>Fa\u00e7a revis\u00f5es peri\u00f3dicas na rede el\u00e9trica<\/li>\n<\/ul>\n","protected":false},"excerpt":{"rendered":"<p>Em dias muito quentes, alguns aparelhos podem representar risco de superaquecimento e at\u00e9 provocar inc\u00eandios. Desconectar certos itens \u00e9 uma medida simples que protege sua casa e evita gastos inesperados. Por que \u00e9 importante desconectar aparelhos em dias de calor? O calor intenso pode potencializar falhas el\u00e9tricas, j\u00e1 que a temperatura ambiente elevada aumenta a [&hellip;]<\/p>\n","protected":false},"author":13,"featured_media":106280,"comment_status":"open","ping_status":"open","sticky":false,"template":"","format":"standard","meta":{"jnews-multi-image_gallery":[],"jnews_single_post":{"format":"standard"},"jnews_primary_category":[],"jnews_social_meta":[],"jnews_override_counter":[],"footnotes":""},"categories":[8819],"tags":[16857,705,5675,1166],"class_list":["post-110280","post","type-post","status-publish","format-standard","has-post-thumbnail","hentry","category-curiosidades","tag-acidentes","tag-calor","tag-eletrodomesticos","tag-incendio"],"yoast_head":"<!-- This site is optimized with the Yoast SEO plugin v23.8 - https:\/\/yoast.com\/wordpress\/plugins\/seo\/ -->\n<title>Aparelhos que voc\u00ea deve desligar em dias de muito calor para evitar superaquecimento e acidentes - Estado de Minas - Em foco<\/title>\n<meta name=\"description\" content=\"Calor extremo aumenta riscos el\u00e9tricos e pode danificar seus aparelhos. Veja quais equipamentos desligar para proteger sua casa.\" \/>\n<meta name=\"robots\" content=\"index, follow, max-snippet:-1, max-image-preview:large, max-video-preview:-1\" \/>\n<link rel=\"canonical\" href=\"https:\/\/www.em.com.br\/emfoco\/2025\/10\/03\/itens-que-voce-deve-desconectar-em-dias-de-muito-calor-para-prevenir-superaquecimento-e-acidentes\/\" \/>\n<meta property=\"og:locale\" content=\"pt_BR\" \/>\n<meta property=\"og:type\" content=\"article\" \/>\n<meta property=\"og:title\" content=\"Aparelhos que voc\u00ea deve desligar em dias de muito calor para evitar superaquecimento e acidentes - Estado de Minas - Em foco\" \/>\n<meta property=\"og:description\" content=\"Calor extremo aumenta riscos el\u00e9tricos e pode danificar seus aparelhos. Veja quais equipamentos desligar para proteger sua casa.\" \/>\n<meta property=\"og:url\" content=\"https:\/\/www.em.com.br\/emfoco\/2025\/10\/03\/itens-que-voce-deve-desconectar-em-dias-de-muito-calor-para-prevenir-superaquecimento-e-acidentes\/\" \/>\n<meta property=\"og:site_name\" content=\"Estado de Minas - Em foco\" \/>\n<meta property=\"article:published_time\" content=\"2025-10-03T09:48:00+00:00\" \/>\n<meta property=\"article:modified_time\" content=\"2025-10-02T22:24:35+00:00\" \/>\n<meta property=\"og:image\" content=\"https:\/\/www.em.com.br\/emfoco\/wp-content\/uploads\/2025\/09\/Superaquecimento-tomada_1758317819600.jpg\" \/>\n\t<meta property=\"og:image:width\" content=\"1280\" \/>\n\t<meta property=\"og:image:height\" content=\"720\" \/>\n\t<meta property=\"og:image:type\" content=\"image\/jpeg\" \/>\n<meta name=\"author\" content=\"Gabriel Martins\" \/>\n<meta name=\"twitter:card\" content=\"summary_large_image\" \/>\n<meta name=\"twitter:label1\" content=\"Escrito por\" \/>\n\t<meta name=\"twitter:data1\" content=\"Gabriel Martins\" \/>\n\t<meta name=\"twitter:label2\" content=\"Est. tempo de leitura\" \/>\n\t<meta name=\"twitter:data2\" content=\"3 minutos\" \/>\n<!-- \/ Yoast SEO plugin. -->","yoast_head_json":{"title":"Aparelhos que voc\u00ea deve desligar em dias de muito calor para evitar superaquecimento e acidentes - Estado de Minas - Em foco","description":"Calor extremo aumenta riscos el\u00e9tricos e pode danificar seus aparelhos. Veja quais equipamentos desligar para proteger sua casa.","robots":{"index":"index","follow":"follow","max-snippet":"max-snippet:-1","max-image-preview":"max-image-preview:large","max-video-preview":"max-video-preview:-1"},"canonical":"https:\/\/www.em.com.br\/emfoco\/2025\/10\/03\/itens-que-voce-deve-desconectar-em-dias-de-muito-calor-para-prevenir-superaquecimento-e-acidentes\/","og_locale":"pt_BR","og_type":"article","og_title":"Aparelhos que voc\u00ea deve desligar em dias de muito calor para evitar superaquecimento e acidentes - Estado de Minas - Em foco","og_description":"Calor extremo aumenta riscos el\u00e9tricos e pode danificar seus aparelhos. Veja quais equipamentos desligar para proteger sua casa.","og_url":"https:\/\/www.em.com.br\/emfoco\/2025\/10\/03\/itens-que-voce-deve-desconectar-em-dias-de-muito-calor-para-prevenir-superaquecimento-e-acidentes\/","og_site_name":"Estado de Minas - Em foco","article_published_time":"2025-10-03T09:48:00+00:00","article_modified_time":"2025-10-02T22:24:35+00:00","og_image":[{"width":1280,"height":720,"url":"https:\/\/www.em.com.br\/emfoco\/wp-content\/uploads\/2025\/09\/Superaquecimento-tomada_1758317819600.jpg","type":"image\/jpeg"}],"author":"Gabriel Martins","twitter_card":"summary_large_image","twitter_misc":{"Escrito por":"Gabriel Martins","Est. tempo de leitura":"3 minutos"},"schema":{"@context":"https:\/\/schema.org","@graph":[{"@type":"WebPage","@id":"https:\/\/www.em.com.br\/emfoco\/2025\/10\/03\/itens-que-voce-deve-desconectar-em-dias-de-muito-calor-para-prevenir-superaquecimento-e-acidentes\/","url":"https:\/\/www.em.com.br\/emfoco\/2025\/10\/03\/itens-que-voce-deve-desconectar-em-dias-de-muito-calor-para-prevenir-superaquecimento-e-acidentes\/","name":"Aparelhos que voc\u00ea deve desligar em dias de muito calor para evitar superaquecimento e acidentes - Estado de Minas - Em foco","isPartOf":{"@id":"https:\/\/www.em.com.br\/emfoco\/#website"},"primaryImageOfPage":{"@id":"https:\/\/www.em.com.br\/emfoco\/2025\/10\/03\/itens-que-voce-deve-desconectar-em-dias-de-muito-calor-para-prevenir-superaquecimento-e-acidentes\/#primaryimage"},"image":{"@id":"https:\/\/www.em.com.br\/emfoco\/2025\/10\/03\/itens-que-voce-deve-desconectar-em-dias-de-muito-calor-para-prevenir-superaquecimento-e-acidentes\/#primaryimage"},"thumbnailUrl":"https:\/\/www.em.com.br\/emfoco\/wp-content\/uploads\/2025\/09\/Superaquecimento-tomada_1758317819600.jpg","datePublished":"2025-10-03T09:48:00+00:00","dateModified":"2025-10-02T22:24:35+00:00","author":{"@id":"https:\/\/www.em.com.br\/emfoco\/#\/schema\/person\/1c9ddeab18b98abeffef834667bcf08a"},"description":"Calor extremo aumenta riscos el\u00e9tricos e pode danificar seus aparelhos. Veja quais equipamentos desligar para proteger sua casa.","breadcrumb":{"@id":"https:\/\/www.em.com.br\/emfoco\/2025\/10\/03\/itens-que-voce-deve-desconectar-em-dias-de-muito-calor-para-prevenir-superaquecimento-e-acidentes\/#breadcrumb"},"inLanguage":"pt-BR","potentialAction":[{"@type":"ReadAction","target":["https:\/\/www.em.com.br\/emfoco\/2025\/10\/03\/itens-que-voce-deve-desconectar-em-dias-de-muito-calor-para-prevenir-superaquecimento-e-acidentes\/"]}]},{"@type":"ImageObject","inLanguage":"pt-BR","@id":"https:\/\/www.em.com.br\/emfoco\/2025\/10\/03\/itens-que-voce-deve-desconectar-em-dias-de-muito-calor-para-prevenir-superaquecimento-e-acidentes\/#primaryimage","url":"https:\/\/www.em.com.br\/emfoco\/wp-content\/uploads\/2025\/09\/Superaquecimento-tomada_1758317819600.jpg","contentUrl":"https:\/\/www.em.com.br\/emfoco\/wp-content\/uploads\/2025\/09\/Superaquecimento-tomada_1758317819600.jpg","width":1280,"height":720,"caption":"Equipamento dom\u00e9stico que consome energia mesmo desligado - Cr\u00e9ditos: depositphotos.com \/ Margarita_Young"},{"@type":"BreadcrumbList","@id":"https:\/\/www.em.com.br\/emfoco\/2025\/10\/03\/itens-que-voce-deve-desconectar-em-dias-de-muito-calor-para-prevenir-superaquecimento-e-acidentes\/#breadcrumb","itemListElement":[{"@type":"ListItem","position":1,"name":"In\u00edcio","item":"https:\/\/www.em.com.br\/emfoco\/"},{"@type":"ListItem","position":2,"name":"Aparelhos que voc\u00ea deve desligar em dias de muito calor para evitar superaquecimento e acidentes"}]},{"@type":"WebSite","@id":"https:\/\/www.em.com.br\/emfoco\/#website","url":"https:\/\/www.em.com.br\/emfoco\/","name":"Estado de Minas - Em foco","description":"Acompanhe as \u00faltimas not\u00edcias e fique bem informado sobre tudo o que acontece em Minas Gerais, Brasil e no mundo.","potentialAction":[{"@type":"SearchAction","target":{"@type":"EntryPoint","urlTemplate":"https:\/\/www.em.com.br\/emfoco\/?s={search_term_string}"},"query-input":{"@type":"PropertyValueSpecification","valueRequired":true,"valueName":"search_term_string"}}],"inLanguage":"pt-BR"},{"@type":"Person","@id":"https:\/\/www.em.com.br\/emfoco\/#\/schema\/person\/1c9ddeab18b98abeffef834667bcf08a","name":"Gabriel Martins","image":{"@type":"ImageObject","inLanguage":"pt-BR","@id":"https:\/\/www.em.com.br\/emfoco\/#\/schema\/person\/image\/","url":"https:\/\/secure.gravatar.com\/avatar\/f0f1e2efdfd88f1ad2cb08c5c2731e50?s=96&d=mm&r=g","contentUrl":"https:\/\/secure.gravatar.com\/avatar\/f0f1e2efdfd88f1ad2cb08c5c2731e50?s=96&d=mm&r=g","caption":"Gabriel Martins"},"sameAs":["https:\/\/www.em.com.br\/emfoco\/"],"url":"https:\/\/www.em.com.br\/emfoco\/author\/gabrielmartinsmyth\/"}]}},"_links":{"self":[{"href":"https:\/\/www.em.com.br\/emfoco\/wp-json\/wp\/v2\/posts\/110280","targetHints":{"allow":["GET"]}}],"collection":[{"href":"https:\/\/www.em.com.br\/emfoco\/wp-json\/wp\/v2\/posts"}],"about":[{"href":"https:\/\/www.em.com.br\/emfoco\/wp-json\/wp\/v2\/types\/post"}],"author":[{"embeddable":true,"href":"https:\/\/www.em.com.br\/emfoco\/wp-json\/wp\/v2\/users\/13"}],"replies":[{"embeddable":true,"href":"https:\/\/www.em.com.br\/emfoco\/wp-json\/wp\/v2\/comments?post=110280"}],"version-history":[{"count":2,"href":"https:\/\/www.em.com.br\/emfoco\/wp-json\/wp\/v2\/posts\/110280\/revisions"}],"predecessor-version":[{"id":110942,"href":"https:\/\/www.em.com.br\/emfoco\/wp-json\/wp\/v2\/posts\/110280\/revisions\/110942"}],"wp:featuredmedia":[{"embeddable":true,"href":"https:\/\/www.em.com.br\/emfoco\/wp-json\/wp\/v2\/media\/106280"}],"wp:attachment":[{"href":"https:\/\/www.em.com.br\/emfoco\/wp-json\/wp\/v2\/media?parent=110280"}],"wp:term":[{"taxonomy":"category","embeddable":true,"href":"https:\/\/www.em.com.br\/emfoco\/wp-json\/wp\/v2\/categories?post=110280"},{"taxonomy":"post_tag","embeddable":true,"href":"https:\/\/www.em.com.br\/emfoco\/wp-json\/wp\/v2\/tags?post=110280"}],"curies":[{"name":"wp","href":"https:\/\/api.w.org\/{rel}","templated":true}]}}