{"id":11027,"date":"2025-01-16T17:00:00","date_gmt":"2025-01-16T20:00:00","guid":{"rendered":"https:\/\/www.em.com.br\/emfoco\/?p=11027"},"modified":"2025-01-16T01:35:43","modified_gmt":"2025-01-16T04:35:43","slug":"bpc-um-beneficio-que-atende-a-todos-que-precisam","status":"publish","type":"post","link":"https:\/\/www.em.com.br\/emfoco\/2025\/01\/16\/bpc-um-beneficio-que-atende-a-todos-que-precisam\/","title":{"rendered":"BPC: Um benef\u00edcio que atende a todos que precisam?"},"content":{"rendered":"\n<p>O Benef\u00edcio de Presta\u00e7\u00e3o Continuada (<a href=\"https:\/\/www.gov.br\/mds\/pt-br\/noticias-e-conteudos\/desenvolvimento-social\/noticias-desenvolvimento-social\/mudancas-no-bpc-o-que-e-verdade-e-o-que-e-boato\" target=\"_blank\" rel=\"noreferrer noopener\">BPC<\/a>) \u00e9 um aux\u00edlio crucial oferecido pelo governo <a href=\"https:\/\/www.em.com.br\/emfoco\/2025\/01\/13\/o-que-esperar-do-mercado-automotivo-brasileiro-em-2025\/\" target=\"_blank\" rel=\"noreferrer noopener\">brasileiro <\/a>a idosos e pessoas com defici\u00eancia que vivem em situa\u00e7\u00e3o de vulnerabilidade econ\u00f4mica. Apesar do seu prop\u00f3sito nobre, o programa tem enfrentado desafios significativos na forma de concess\u00f5es indevidas, comprometendo sua sustentabilidade financeira. Este artigo examina como o BPC tem sido administrado e discute as poss\u00edveis solu\u00e7\u00f5es para seus problemas estruturais.<\/p>\n\n\n\n<p>A concess\u00e3o do BPC abrange um p\u00fablico-alvo espec\u00edfico: indiv\u00edduos de baixa renda que n\u00e3o conseguem uma renda m\u00ednima por meios pr\u00f3prios. No entanto, a aplica\u00e7\u00e3o laxista de seus crit\u00e9rios de elegibilidade fez com que muitas pessoas que n\u00e3o se enquadram nos requisitos definidos inicialmente fossem inclu\u00eddas nos pagamentos. Essa situa\u00e7\u00e3o cria um crescente desafio financeiro para os cofres p\u00fablicos e desvia recursos dos indiv\u00edduos que mais necessitam.<\/p>\n\n\n\n<h2 class=\"wp-block-heading\">Por que o n\u00famero de benefici\u00e1rios do BPC est\u00e1 aumentando?<\/h2>\n\n\n\n<p>Um dos principais fatores para o aumento dos benefici\u00e1rios do BPC entre 2021 e 2024 \u00e9 a interven\u00e7\u00e3o do Poder Judici\u00e1rio. Muitos atendimentos que deveriam ser regulados por crit\u00e9rios estritos s\u00e3o, frequentemente, objeto de decis\u00f5es judiciais que acabam ampliando o escopo original do programa. A consequ\u00eancia disso \u00e9 um aumento n\u00e3o esperado no n\u00famero de benefici\u00e1rios, sem que haja um crescimento proporcional da popula\u00e7\u00e3o de idosos e deficientes de baixa renda.<\/p>\n\n\n<div class=\"wp-block-image\">\n<figure class=\"aligncenter size-large\"><img loading=\"lazy\" decoding=\"async\" width=\"1024\" height=\"576\" src=\"https:\/\/www.em.com.br\/emfoco\/wp-content\/uploads\/2024\/12\/INSS_1733328979004-1024x576.jpg\" alt=\"\" class=\"wp-image-3210\" srcset=\"https:\/\/www.em.com.br\/emfoco\/wp-content\/uploads\/2024\/12\/INSS_1733328979004-1024x576.jpg 1024w, https:\/\/www.em.com.br\/emfoco\/wp-content\/uploads\/2024\/12\/INSS_1733328979004-300x169.jpg 300w, https:\/\/www.em.com.br\/emfoco\/wp-content\/uploads\/2024\/12\/INSS_1733328979004-768x432.jpg 768w, https:\/\/www.em.com.br\/emfoco\/wp-content\/uploads\/2024\/12\/INSS_1733328979004-750x422.jpg 750w, https:\/\/www.em.com.br\/emfoco\/wp-content\/uploads\/2024\/12\/INSS_1733328979004-1140x641.jpg 1140w, https:\/\/www.em.com.br\/emfoco\/wp-content\/uploads\/2024\/12\/INSS_1733328979004.jpg 1280w\" sizes=\"auto, (max-width: 1024px) 100vw, 1024px\" \/><figcaption class=\"wp-element-caption\">Beneficio para Idosos &#8211; Cr\u00e9ditos: depositphotos.com \/ emissu<\/figcaption><\/figure><\/div>\n\n\n<p>De acordo com dados, houve um salto no n\u00famero de benef\u00edcios pagos, de 4,71 milh\u00f5es em junho de 2021 para 6,3 milh\u00f5es em outubro de 2024. Esse aumento de 33% levanta preocupa\u00e7\u00f5es sobre a adequa\u00e7\u00e3o dos processos de concess\u00e3o e a potencial press\u00e3o sobre o or\u00e7amento p\u00fablico.<\/p>\n\n\n\n<h2 class=\"wp-block-heading\">Quais s\u00e3o os impactos fiscais e jur\u00eddicos das concess\u00f5es indevidas?<\/h2>\n\n\n\n<p>Os gastos com concess\u00f5es indevidas de BPC s\u00e3o alarmantes, alcan\u00e7ando cifras significativas que poderiam ser destinadas a pol\u00edticas mais efetivas de assist\u00eancia social. Estima-se que cerca de R$ 14,5 bilh\u00f5es por ano sejam direcionados a pagamentos injustificados, representando uma parte substancial do or\u00e7amento alocado ao programa.<\/p>\n\n\n\n<p>A aus\u00eancia de uma legisla\u00e7\u00e3o clara sobre a diferencia\u00e7\u00e3o entre defici\u00eancia &#8220;moderada&#8221; e &#8220;grave&#8221; tem contribu\u00eddo para a concess\u00e3o excessiva de benef\u00edcios. Uma proposta para remediar essa situa\u00e7\u00e3o era incluir essa distin\u00e7\u00e3o na legisla\u00e7\u00e3o vigente. Contudo, tal proposta foi rejeitada, preservando um cen\u00e1rio que facilita a judicializa\u00e7\u00e3o dos pedidos de benef\u00edcio e aumenta os gastos com o BPC.<\/p>\n\n\n\n<h2 class=\"wp-block-heading\">Quais mudan\u00e7as podem ser realizadas para melhorar o BPC?<\/h2>\n\n\n\n<ul class=\"wp-block-list\">\n<li><strong>Defini\u00e7\u00e3o de Crit\u00e9rios<\/strong>: Estabelecer crit\u00e9rios mais rigorosos e claros para elegibilidade, incluindo defini\u00e7\u00f5es precisas de tipos de defici\u00eancia.<\/li>\n\n\n\n<li><strong>Monitoramento e Revis\u00e3o<\/strong>: Implementar mecanismos eficientes para monitorar e revisar continuamente os benefici\u00e1rios existentes, garantindo que o aux\u00edlio chegue a quem realmente precisa.<\/li>\n\n\n\n<li><strong>Infraestrutura Social<\/strong>: Investir em infraestrutura social para potencializar a inclus\u00e3o de pessoas vulner\u00e1veis no mercado de trabalho, reduzindo a depend\u00eancia direta de aux\u00edlios governamentais.<\/li>\n<\/ul>\n\n\n\n<p>O futuro do BPC depende da capacidade do governo em recuperar o controle sobre a elabora\u00e7\u00e3o de pol\u00edticas p\u00fablicas que respeitem os objetivos originais do programa. As discuss\u00f5es sobre a sua efici\u00eancia e viabilidade s\u00e3o vitais para garantir que ele continue a servir as popula\u00e7\u00f5es mais vulner\u00e1veis do pa\u00eds de forma justa e sustent\u00e1vel.<\/p>\n","protected":false},"excerpt":{"rendered":"<p>O Benef\u00edcio de Presta\u00e7\u00e3o Continuada (BPC) \u00e9 um aux\u00edlio crucial oferecido pelo governo brasileiro a idosos e pessoas com defici\u00eancia que vivem em situa\u00e7\u00e3o de vulnerabilidade econ\u00f4mica. Apesar do seu prop\u00f3sito nobre, o programa tem enfrentado desafios significativos na forma de concess\u00f5es indevidas, comprometendo sua sustentabilidade financeira. Este artigo examina como o BPC tem sido [&hellip;]<\/p>\n","protected":false},"author":7,"featured_media":2606,"comment_status":"open","ping_status":"open","sticky":false,"template":"","format":"standard","meta":{"jnews-multi-image_gallery":[],"jnews_single_post":{"format":"standard"},"jnews_primary_category":[],"jnews_social_meta":[],"jnews_override_counter":[],"footnotes":""},"categories":[28],"tags":[2351,257,763,260,501],"class_list":["post-11027","post","type-post","status-publish","format-standard","has-post-thumbnail","hentry","category-economia","tag-auxilio-governamental","tag-bpc","tag-deficiencia","tag-idosos","tag-politica-publica"],"yoast_head":"<!-- This site is optimized with the Yoast SEO plugin v23.8 - https:\/\/yoast.com\/wordpress\/plugins\/seo\/ -->\n<title>BPC: Um benef\u00edcio que atende a todos que precisam? - Estado de Minas - Em foco<\/title>\n<meta name=\"description\" content=\"Analisando o programa brasileiro de benef\u00edcios sociais BPC e seus desafios, incluindo o aumento de benefici\u00e1rios e impactos fiscais.\" \/>\n<meta name=\"robots\" content=\"index, follow, max-snippet:-1, max-image-preview:large, max-video-preview:-1\" \/>\n<link rel=\"canonical\" href=\"https:\/\/www.em.com.br\/emfoco\/2025\/01\/16\/bpc-um-beneficio-que-atende-a-todos-que-precisam\/\" \/>\n<meta property=\"og:locale\" content=\"pt_BR\" \/>\n<meta property=\"og:type\" content=\"article\" \/>\n<meta property=\"og:title\" content=\"BPC: Um benef\u00edcio que atende a todos que precisam? - Estado de Minas - Em foco\" \/>\n<meta property=\"og:description\" content=\"Analisando o programa brasileiro de benef\u00edcios sociais BPC e seus desafios, incluindo o aumento de benefici\u00e1rios e impactos fiscais.\" \/>\n<meta property=\"og:url\" content=\"https:\/\/www.em.com.br\/emfoco\/2025\/01\/16\/bpc-um-beneficio-que-atende-a-todos-que-precisam\/\" \/>\n<meta property=\"og:site_name\" content=\"Estado de Minas - Em foco\" \/>\n<meta property=\"article:published_time\" content=\"2025-01-16T20:00:00+00:00\" \/>\n<meta property=\"article:modified_time\" content=\"2025-01-16T04:35:43+00:00\" \/>\n<meta property=\"og:image\" content=\"https:\/\/www.em.com.br\/emfoco\/wp-content\/uploads\/2024\/12\/Idosos-familia_1733068883769.jpg\" \/>\n\t<meta property=\"og:image:width\" content=\"1280\" \/>\n\t<meta property=\"og:image:height\" content=\"720\" \/>\n\t<meta property=\"og:image:type\" content=\"image\/jpeg\" \/>\n<meta name=\"author\" content=\"Kelvin\" \/>\n<meta name=\"twitter:card\" content=\"summary_large_image\" \/>\n<meta name=\"twitter:label1\" content=\"Escrito por\" \/>\n\t<meta name=\"twitter:data1\" content=\"Kelvin\" \/>\n\t<meta name=\"twitter:label2\" content=\"Est. tempo de leitura\" \/>\n\t<meta name=\"twitter:data2\" content=\"4 minutos\" \/>\n<!-- \/ Yoast SEO plugin. -->","yoast_head_json":{"title":"BPC: Um benef\u00edcio que atende a todos que precisam? - Estado de Minas - Em foco","description":"Analisando o programa brasileiro de benef\u00edcios sociais BPC e seus desafios, incluindo o aumento de benefici\u00e1rios e impactos fiscais.","robots":{"index":"index","follow":"follow","max-snippet":"max-snippet:-1","max-image-preview":"max-image-preview:large","max-video-preview":"max-video-preview:-1"},"canonical":"https:\/\/www.em.com.br\/emfoco\/2025\/01\/16\/bpc-um-beneficio-que-atende-a-todos-que-precisam\/","og_locale":"pt_BR","og_type":"article","og_title":"BPC: Um benef\u00edcio que atende a todos que precisam? - Estado de Minas - Em foco","og_description":"Analisando o programa brasileiro de benef\u00edcios sociais BPC e seus desafios, incluindo o aumento de benefici\u00e1rios e impactos fiscais.","og_url":"https:\/\/www.em.com.br\/emfoco\/2025\/01\/16\/bpc-um-beneficio-que-atende-a-todos-que-precisam\/","og_site_name":"Estado de Minas - Em foco","article_published_time":"2025-01-16T20:00:00+00:00","article_modified_time":"2025-01-16T04:35:43+00:00","og_image":[{"width":1280,"height":720,"url":"https:\/\/www.em.com.br\/emfoco\/wp-content\/uploads\/2024\/12\/Idosos-familia_1733068883769.jpg","type":"image\/jpeg"}],"author":"Kelvin","twitter_card":"summary_large_image","twitter_misc":{"Escrito por":"Kelvin","Est. tempo de leitura":"4 minutos"},"schema":{"@context":"https:\/\/schema.org","@graph":[{"@type":"WebPage","@id":"https:\/\/www.em.com.br\/emfoco\/2025\/01\/16\/bpc-um-beneficio-que-atende-a-todos-que-precisam\/","url":"https:\/\/www.em.com.br\/emfoco\/2025\/01\/16\/bpc-um-beneficio-que-atende-a-todos-que-precisam\/","name":"BPC: Um benef\u00edcio que atende a todos que precisam? - Estado de Minas - Em foco","isPartOf":{"@id":"https:\/\/www.em.com.br\/emfoco\/#website"},"primaryImageOfPage":{"@id":"https:\/\/www.em.com.br\/emfoco\/2025\/01\/16\/bpc-um-beneficio-que-atende-a-todos-que-precisam\/#primaryimage"},"image":{"@id":"https:\/\/www.em.com.br\/emfoco\/2025\/01\/16\/bpc-um-beneficio-que-atende-a-todos-que-precisam\/#primaryimage"},"thumbnailUrl":"https:\/\/www.em.com.br\/emfoco\/wp-content\/uploads\/2024\/12\/Idosos-familia_1733068883769.jpg","datePublished":"2025-01-16T20:00:00+00:00","dateModified":"2025-01-16T04:35:43+00:00","author":{"@id":"https:\/\/www.em.com.br\/emfoco\/#\/schema\/person\/fb0a7f48c6fbb94b83f413a80f61917d"},"description":"Analisando o programa brasileiro de benef\u00edcios sociais BPC e seus desafios, incluindo o aumento de benefici\u00e1rios e impactos fiscais.","breadcrumb":{"@id":"https:\/\/www.em.com.br\/emfoco\/2025\/01\/16\/bpc-um-beneficio-que-atende-a-todos-que-precisam\/#breadcrumb"},"inLanguage":"pt-BR","potentialAction":[{"@type":"ReadAction","target":["https:\/\/www.em.com.br\/emfoco\/2025\/01\/16\/bpc-um-beneficio-que-atende-a-todos-que-precisam\/"]}]},{"@type":"ImageObject","inLanguage":"pt-BR","@id":"https:\/\/www.em.com.br\/emfoco\/2025\/01\/16\/bpc-um-beneficio-que-atende-a-todos-que-precisam\/#primaryimage","url":"https:\/\/www.em.com.br\/emfoco\/wp-content\/uploads\/2024\/12\/Idosos-familia_1733068883769.jpg","contentUrl":"https:\/\/www.em.com.br\/emfoco\/wp-content\/uploads\/2024\/12\/Idosos-familia_1733068883769.jpg","width":1280,"height":720,"caption":"Casal de Idosos - Cr\u00e9ditos: depositphotos.com \/ simonapilolla"},{"@type":"BreadcrumbList","@id":"https:\/\/www.em.com.br\/emfoco\/2025\/01\/16\/bpc-um-beneficio-que-atende-a-todos-que-precisam\/#breadcrumb","itemListElement":[{"@type":"ListItem","position":1,"name":"In\u00edcio","item":"https:\/\/www.em.com.br\/emfoco\/"},{"@type":"ListItem","position":2,"name":"BPC: Um benef\u00edcio que atende a todos que precisam?"}]},{"@type":"WebSite","@id":"https:\/\/www.em.com.br\/emfoco\/#website","url":"https:\/\/www.em.com.br\/emfoco\/","name":"Estado de Minas - Em foco","description":"Acompanhe as \u00faltimas not\u00edcias e fique bem informado sobre tudo o que acontece em Minas Gerais, Brasil e no mundo.","potentialAction":[{"@type":"SearchAction","target":{"@type":"EntryPoint","urlTemplate":"https:\/\/www.em.com.br\/emfoco\/?s={search_term_string}"},"query-input":{"@type":"PropertyValueSpecification","valueRequired":true,"valueName":"search_term_string"}}],"inLanguage":"pt-BR"},{"@type":"Person","@id":"https:\/\/www.em.com.br\/emfoco\/#\/schema\/person\/fb0a7f48c6fbb94b83f413a80f61917d","name":"Kelvin","image":{"@type":"ImageObject","inLanguage":"pt-BR","@id":"https:\/\/www.em.com.br\/emfoco\/#\/schema\/person\/image\/","url":"https:\/\/secure.gravatar.com\/avatar\/e74f84337e6bf6c4c5e88fbdffa05270?s=96&d=mm&r=g","contentUrl":"https:\/\/secure.gravatar.com\/avatar\/e74f84337e6bf6c4c5e88fbdffa05270?s=96&d=mm&r=g","caption":"Kelvin"},"sameAs":["https:\/\/www.em.com.br\/emfoco"],"url":"https:\/\/www.em.com.br\/emfoco\/author\/kelvinmyth\/"}]}},"_links":{"self":[{"href":"https:\/\/www.em.com.br\/emfoco\/wp-json\/wp\/v2\/posts\/11027","targetHints":{"allow":["GET"]}}],"collection":[{"href":"https:\/\/www.em.com.br\/emfoco\/wp-json\/wp\/v2\/posts"}],"about":[{"href":"https:\/\/www.em.com.br\/emfoco\/wp-json\/wp\/v2\/types\/post"}],"author":[{"embeddable":true,"href":"https:\/\/www.em.com.br\/emfoco\/wp-json\/wp\/v2\/users\/7"}],"replies":[{"embeddable":true,"href":"https:\/\/www.em.com.br\/emfoco\/wp-json\/wp\/v2\/comments?post=11027"}],"version-history":[{"count":2,"href":"https:\/\/www.em.com.br\/emfoco\/wp-json\/wp\/v2\/posts\/11027\/revisions"}],"predecessor-version":[{"id":11031,"href":"https:\/\/www.em.com.br\/emfoco\/wp-json\/wp\/v2\/posts\/11027\/revisions\/11031"}],"wp:featuredmedia":[{"embeddable":true,"href":"https:\/\/www.em.com.br\/emfoco\/wp-json\/wp\/v2\/media\/2606"}],"wp:attachment":[{"href":"https:\/\/www.em.com.br\/emfoco\/wp-json\/wp\/v2\/media?parent=11027"}],"wp:term":[{"taxonomy":"category","embeddable":true,"href":"https:\/\/www.em.com.br\/emfoco\/wp-json\/wp\/v2\/categories?post=11027"},{"taxonomy":"post_tag","embeddable":true,"href":"https:\/\/www.em.com.br\/emfoco\/wp-json\/wp\/v2\/tags?post=11027"}],"curies":[{"name":"wp","href":"https:\/\/api.w.org\/{rel}","templated":true}]}}