{"id":110239,"date":"2025-10-01T16:58:00","date_gmt":"2025-10-01T19:58:00","guid":{"rendered":"https:\/\/www.em.com.br\/emfoco\/?p=110239"},"modified":"2025-10-01T11:17:43","modified_gmt":"2025-10-01T14:17:43","slug":"dor-no-ombro-a-noite-pode-piorar-com-essa-posicao-comum-ao-dormir","status":"publish","type":"post","link":"https:\/\/www.em.com.br\/emfoco\/2025\/10\/01\/dor-no-ombro-a-noite-pode-piorar-com-essa-posicao-comum-ao-dormir\/","title":{"rendered":"Dor no ombro \u00e0 noite pode piorar com essa posi\u00e7\u00e3o comum ao dormir"},"content":{"rendered":"\n<p>O desconforto no ombro que ocorre durante a noite \u00e9 uma experi\u00eancia frequente para muitas pessoas e pode afetar seriamente o descanso necess\u00e1rio para a recupera\u00e7\u00e3o di\u00e1ria. Essa situa\u00e7\u00e3o \u00e9 comum entre aqueles que j\u00e1 t\u00eam alguma predisposi\u00e7\u00e3o ou les\u00e3o nessa \u00e1rea, como problemas no manguito rotador ou inflama\u00e7\u00e3o dos tend\u00f5es. Descobrir como lidar com essa situa\u00e7\u00e3o pode fazer uma enorme diferen\u00e7a na qualidade do sono, segundo a <a href=\"https:\/\/clinicaavanttos.com.br\/melhores-posicoes-para-dormir-com-dor-no-ombro\/\" target=\"_blank\" rel=\"noreferrer noopener\">Cl\u00ednica Avanttos.<\/a><\/p>\n\n\n\n<p>Os motivos pelos quais essa dor se intensifica \u00e0 noite s\u00e3o variados. \u00c0s vezes, a posi\u00e7\u00e3o em que algu\u00e9m dorme pode agravar a press\u00e3o no ombro e, consequentemente, piorar a dor. A compress\u00e3o ou o posicionamento inadequado durante o sono pode aumentar o desconforto, o que torna crucial encontrar uma estrat\u00e9gia eficaz para melhorar a situa\u00e7\u00e3o.<\/p>\n\n\n\n<h2 class=\"wp-block-heading\">Como aliviar a dor no ombro durante o sono?<\/h2>\n\n\n\n<p>Uma abordagem pr\u00e1tica para minimizar a dor consiste em ajustar o modo como se dorme. Evitar deitar diretamente sobre o ombro afetado \u00e9 crucial. Em vez disso, deitar-se de costas pode ser ben\u00e9fico, com os bra\u00e7os repousando ao longo do corpo para evitar sobrecarga. Alternativamente, se dormir de lado for mais confort\u00e1vel, optar pelo lado n\u00e3o afetado e usar um travesseiro para apoiar o bra\u00e7o pode ser \u00fatil.<\/p>\n\n\n\n<p>Al\u00e9m disso, a escolha do travesseiro \u00e9 importante. Um travesseiro que apoia adequadamente o pesco\u00e7o e os ombros pode prevenir tens\u00f5es adicionais. Essa considera\u00e7\u00e3o pode ajudar a criar um ambiente mais prop\u00edcio ao al\u00edvio da dor e ao descanso reparador.<\/p>\n\n\n\n<h2 class=\"wp-block-heading\">Quais medidas adicionais podem ajudar?<\/h2>\n\n\n\n<p><a href=\"https:\/\/www.em.com.br\/emfoco\/2025\/09\/30\/essa-dor-no-ombro-que-atrapalha-seus-movimentos-tem-solucao-com-rotina-leve\/\" target=\"_blank\" rel=\"noreferrer noopener\">Para complementar as mudan\u00e7as de postura<\/a>, \u00e9 \u00fatil implementar algumas pr\u00e1ticas antes de dormir. Realizar exerc\u00edcios de alongamento suaves pode diminuir a rigidez e preparar os m\u00fasculos para o descanso. Garantir que o ambiente de sono tenha uma temperatura agrad\u00e1vel \u00e9 igualmente importante, pois extremidades de temperatura podem contribuir para o aumento da rigidez e desconforto muscular.<\/p>\n\n\n<div class=\"wp-block-image\">\n<figure class=\"aligncenter size-large\"><img loading=\"lazy\" decoding=\"async\" width=\"1024\" height=\"576\" src=\"https:\/\/www.em.com.br\/emfoco\/wp-content\/uploads\/2025\/06\/dor-ombro_1750883935616-1024x576.jpg\" alt=\"Dor no ombro \u00e0 noite pode piorar com essa posi\u00e7\u00e3o comum ao dormir\" class=\"wp-image-67022\" srcset=\"https:\/\/www.em.com.br\/emfoco\/wp-content\/uploads\/2025\/06\/dor-ombro_1750883935616-1024x576.jpg 1024w, https:\/\/www.em.com.br\/emfoco\/wp-content\/uploads\/2025\/06\/dor-ombro_1750883935616-300x169.jpg 300w, https:\/\/www.em.com.br\/emfoco\/wp-content\/uploads\/2025\/06\/dor-ombro_1750883935616-768x432.jpg 768w, https:\/\/www.em.com.br\/emfoco\/wp-content\/uploads\/2025\/06\/dor-ombro_1750883935616-750x422.jpg 750w, https:\/\/www.em.com.br\/emfoco\/wp-content\/uploads\/2025\/06\/dor-ombro_1750883935616-1140x641.jpg 1140w, https:\/\/www.em.com.br\/emfoco\/wp-content\/uploads\/2025\/06\/dor-ombro_1750883935616.jpg 1280w\" sizes=\"auto, (max-width: 1024px) 100vw, 1024px\" \/><figcaption class=\"wp-element-caption\">Dor no ombro (Cr\u00e9ditos: depositphotos.com \/ busraispirr1001@gmail.com)<\/figcaption><\/figure><\/div>\n\n\n<ul class=\"wp-block-list\">\n<li>Ajustar a posi\u00e7\u00e3o de dormir para reduzir press\u00e3o no ombro<\/li>\n\n\n\n<li>Escolher travesseiros que ofere\u00e7am apoio adequado<\/li>\n\n\n\n<li>Executar alongamentos antes de deitar<\/li>\n\n\n\n<li>Regular a temperatura do quarto para conforto ideal<\/li>\n<\/ul>\n\n\n\n<h2 class=\"wp-block-heading\">Quando buscar aux\u00edlio profissional?<\/h2>\n\n\n\n<p>Embora ajustes no ambiente e na postura possam proporcionar al\u00edvio significativo, se a dor no ombro persistir, restringir os movimentos ou for acompanhada de incha\u00e7o, \u00e9 aconselh\u00e1vel procurar ajuda m\u00e9dica. Profissionais de sa\u00fade podem oferecer um diagn\u00f3stico preciso e recomendar poss\u00edveis tratamentos, como fisioterapia ou medicamentos, para tratar a causa subjacente do problema.<\/p>\n\n\n\n<p>Em suma, a adapta\u00e7\u00e3o do ambiente de sono e, quando necess\u00e1rio, a interven\u00e7\u00e3o m\u00e9dica s\u00e3o essenciais para superar o problema da dor no ombro durante a noite. Essas medidas n\u00e3o apenas aliviam o desconforto imediato, mas tamb\u00e9m contribuem para um sono mais reparador e uma melhor qualidade de vida.<\/p>\n","protected":false},"excerpt":{"rendered":"<p>O desconforto no ombro que ocorre durante a noite \u00e9 uma experi\u00eancia frequente para muitas pessoas e pode afetar seriamente o descanso necess\u00e1rio para a recupera\u00e7\u00e3o di\u00e1ria. Essa situa\u00e7\u00e3o \u00e9 comum entre aqueles que j\u00e1 t\u00eam alguma predisposi\u00e7\u00e3o ou les\u00e3o nessa \u00e1rea, como problemas no manguito rotador ou inflama\u00e7\u00e3o dos tend\u00f5es. Descobrir como lidar com [&hellip;]<\/p>\n","protected":false},"author":10,"featured_media":110295,"comment_status":"open","ping_status":"open","sticky":false,"template":"","format":"standard","meta":{"jnews-multi-image_gallery":[],"jnews_single_post":{"format":"standard"},"jnews_primary_category":[],"jnews_social_meta":[],"jnews_override_counter":[],"footnotes":""},"categories":[9053],"tags":[11111,5950,12756],"class_list":["post-110239","post","type-post","status-publish","format-standard","has-post-thumbnail","hentry","category-saude","tag-dor-no-ombro","tag-dormir","tag-saude-2"],"yoast_head":"<!-- This site is optimized with the Yoast SEO plugin v23.8 - https:\/\/yoast.com\/wordpress\/plugins\/seo\/ -->\n<title>Dor no ombro \u00e0 noite pode piorar com essa posi\u00e7\u00e3o comum ao dormir - Estado de Minas - Em foco<\/title>\n<meta name=\"description\" content=\"Dormir sobre o ombro dolorido piora o desconforto. Veja truques com travesseiros e alongamentos que ajudam a dormir melhor \u00e0 noite.\" \/>\n<meta name=\"robots\" content=\"index, follow, max-snippet:-1, max-image-preview:large, max-video-preview:-1\" \/>\n<link rel=\"canonical\" href=\"https:\/\/www.em.com.br\/emfoco\/2025\/10\/01\/dor-no-ombro-a-noite-pode-piorar-com-essa-posicao-comum-ao-dormir\/\" \/>\n<meta property=\"og:locale\" content=\"pt_BR\" \/>\n<meta property=\"og:type\" content=\"article\" \/>\n<meta property=\"og:title\" content=\"Dor no ombro \u00e0 noite pode piorar com essa posi\u00e7\u00e3o comum ao dormir - Estado de Minas - Em foco\" \/>\n<meta property=\"og:description\" content=\"Dormir sobre o ombro dolorido piora o desconforto. Veja truques com travesseiros e alongamentos que ajudam a dormir melhor \u00e0 noite.\" \/>\n<meta property=\"og:url\" content=\"https:\/\/www.em.com.br\/emfoco\/2025\/10\/01\/dor-no-ombro-a-noite-pode-piorar-com-essa-posicao-comum-ao-dormir\/\" \/>\n<meta property=\"og:site_name\" content=\"Estado de Minas - Em foco\" \/>\n<meta property=\"article:published_time\" content=\"2025-10-01T19:58:00+00:00\" \/>\n<meta property=\"article:modified_time\" content=\"2025-10-01T14:17:43+00:00\" \/>\n<meta property=\"og:image\" content=\"https:\/\/www.em.com.br\/emfoco\/wp-content\/uploads\/2025\/10\/dor-ombro_1759327682020.jpg\" \/>\n\t<meta property=\"og:image:width\" content=\"1280\" \/>\n\t<meta property=\"og:image:height\" content=\"720\" \/>\n\t<meta property=\"og:image:type\" content=\"image\/jpeg\" \/>\n<meta name=\"author\" content=\"Patryck Reinehr\" \/>\n<meta name=\"twitter:card\" content=\"summary_large_image\" \/>\n<meta name=\"twitter:label1\" content=\"Escrito por\" \/>\n\t<meta name=\"twitter:data1\" content=\"Patryck Reinehr\" \/>\n\t<meta name=\"twitter:label2\" content=\"Est. tempo de leitura\" \/>\n\t<meta name=\"twitter:data2\" content=\"3 minutos\" \/>\n<!-- \/ Yoast SEO plugin. -->","yoast_head_json":{"title":"Dor no ombro \u00e0 noite pode piorar com essa posi\u00e7\u00e3o comum ao dormir - Estado de Minas - Em foco","description":"Dormir sobre o ombro dolorido piora o desconforto. Veja truques com travesseiros e alongamentos que ajudam a dormir melhor \u00e0 noite.","robots":{"index":"index","follow":"follow","max-snippet":"max-snippet:-1","max-image-preview":"max-image-preview:large","max-video-preview":"max-video-preview:-1"},"canonical":"https:\/\/www.em.com.br\/emfoco\/2025\/10\/01\/dor-no-ombro-a-noite-pode-piorar-com-essa-posicao-comum-ao-dormir\/","og_locale":"pt_BR","og_type":"article","og_title":"Dor no ombro \u00e0 noite pode piorar com essa posi\u00e7\u00e3o comum ao dormir - Estado de Minas - Em foco","og_description":"Dormir sobre o ombro dolorido piora o desconforto. Veja truques com travesseiros e alongamentos que ajudam a dormir melhor \u00e0 noite.","og_url":"https:\/\/www.em.com.br\/emfoco\/2025\/10\/01\/dor-no-ombro-a-noite-pode-piorar-com-essa-posicao-comum-ao-dormir\/","og_site_name":"Estado de Minas - Em foco","article_published_time":"2025-10-01T19:58:00+00:00","article_modified_time":"2025-10-01T14:17:43+00:00","og_image":[{"width":1280,"height":720,"url":"https:\/\/www.em.com.br\/emfoco\/wp-content\/uploads\/2025\/10\/dor-ombro_1759327682020.jpg","type":"image\/jpeg"}],"author":"Patryck Reinehr","twitter_card":"summary_large_image","twitter_misc":{"Escrito por":"Patryck Reinehr","Est. tempo de leitura":"3 minutos"},"schema":{"@context":"https:\/\/schema.org","@graph":[{"@type":"WebPage","@id":"https:\/\/www.em.com.br\/emfoco\/2025\/10\/01\/dor-no-ombro-a-noite-pode-piorar-com-essa-posicao-comum-ao-dormir\/","url":"https:\/\/www.em.com.br\/emfoco\/2025\/10\/01\/dor-no-ombro-a-noite-pode-piorar-com-essa-posicao-comum-ao-dormir\/","name":"Dor no ombro \u00e0 noite pode piorar com essa posi\u00e7\u00e3o comum ao dormir - Estado de Minas - Em foco","isPartOf":{"@id":"https:\/\/www.em.com.br\/emfoco\/#website"},"primaryImageOfPage":{"@id":"https:\/\/www.em.com.br\/emfoco\/2025\/10\/01\/dor-no-ombro-a-noite-pode-piorar-com-essa-posicao-comum-ao-dormir\/#primaryimage"},"image":{"@id":"https:\/\/www.em.com.br\/emfoco\/2025\/10\/01\/dor-no-ombro-a-noite-pode-piorar-com-essa-posicao-comum-ao-dormir\/#primaryimage"},"thumbnailUrl":"https:\/\/www.em.com.br\/emfoco\/wp-content\/uploads\/2025\/10\/dor-ombro_1759327682020.jpg","datePublished":"2025-10-01T19:58:00+00:00","dateModified":"2025-10-01T14:17:43+00:00","author":{"@id":"https:\/\/www.em.com.br\/emfoco\/#\/schema\/person\/43407752bebcbbb4d0ec79deedc0d7ce"},"description":"Dormir sobre o ombro dolorido piora o desconforto. Veja truques com travesseiros e alongamentos que ajudam a dormir melhor \u00e0 noite.","breadcrumb":{"@id":"https:\/\/www.em.com.br\/emfoco\/2025\/10\/01\/dor-no-ombro-a-noite-pode-piorar-com-essa-posicao-comum-ao-dormir\/#breadcrumb"},"inLanguage":"pt-BR","potentialAction":[{"@type":"ReadAction","target":["https:\/\/www.em.com.br\/emfoco\/2025\/10\/01\/dor-no-ombro-a-noite-pode-piorar-com-essa-posicao-comum-ao-dormir\/"]}]},{"@type":"ImageObject","inLanguage":"pt-BR","@id":"https:\/\/www.em.com.br\/emfoco\/2025\/10\/01\/dor-no-ombro-a-noite-pode-piorar-com-essa-posicao-comum-ao-dormir\/#primaryimage","url":"https:\/\/www.em.com.br\/emfoco\/wp-content\/uploads\/2025\/10\/dor-ombro_1759327682020.jpg","contentUrl":"https:\/\/www.em.com.br\/emfoco\/wp-content\/uploads\/2025\/10\/dor-ombro_1759327682020.jpg","width":1280,"height":720,"caption":"Travesseiro e postura errada podem piorar dores no ombro enquanto voc\u00ea dorme (Cr\u00e9ditos: depositphotos.com \/ AntonLozovoy)"},{"@type":"BreadcrumbList","@id":"https:\/\/www.em.com.br\/emfoco\/2025\/10\/01\/dor-no-ombro-a-noite-pode-piorar-com-essa-posicao-comum-ao-dormir\/#breadcrumb","itemListElement":[{"@type":"ListItem","position":1,"name":"In\u00edcio","item":"https:\/\/www.em.com.br\/emfoco\/"},{"@type":"ListItem","position":2,"name":"Dor no ombro \u00e0 noite pode piorar com essa posi\u00e7\u00e3o comum ao dormir"}]},{"@type":"WebSite","@id":"https:\/\/www.em.com.br\/emfoco\/#website","url":"https:\/\/www.em.com.br\/emfoco\/","name":"Estado de Minas - Em foco","description":"Acompanhe as \u00faltimas not\u00edcias e fique bem informado sobre tudo o que acontece em Minas Gerais, Brasil e no mundo.","potentialAction":[{"@type":"SearchAction","target":{"@type":"EntryPoint","urlTemplate":"https:\/\/www.em.com.br\/emfoco\/?s={search_term_string}"},"query-input":{"@type":"PropertyValueSpecification","valueRequired":true,"valueName":"search_term_string"}}],"inLanguage":"pt-BR"},{"@type":"Person","@id":"https:\/\/www.em.com.br\/emfoco\/#\/schema\/person\/43407752bebcbbb4d0ec79deedc0d7ce","name":"Patryck Reinehr","image":{"@type":"ImageObject","inLanguage":"pt-BR","@id":"https:\/\/www.em.com.br\/emfoco\/#\/schema\/person\/image\/","url":"https:\/\/secure.gravatar.com\/avatar\/570c7fb2898c0e2df0823196891bea88?s=96&d=mm&r=g","contentUrl":"https:\/\/secure.gravatar.com\/avatar\/570c7fb2898c0e2df0823196891bea88?s=96&d=mm&r=g","caption":"Patryck Reinehr"},"url":"https:\/\/www.em.com.br\/emfoco\/author\/patryckmyth\/"}]}},"_links":{"self":[{"href":"https:\/\/www.em.com.br\/emfoco\/wp-json\/wp\/v2\/posts\/110239","targetHints":{"allow":["GET"]}}],"collection":[{"href":"https:\/\/www.em.com.br\/emfoco\/wp-json\/wp\/v2\/posts"}],"about":[{"href":"https:\/\/www.em.com.br\/emfoco\/wp-json\/wp\/v2\/types\/post"}],"author":[{"embeddable":true,"href":"https:\/\/www.em.com.br\/emfoco\/wp-json\/wp\/v2\/users\/10"}],"replies":[{"embeddable":true,"href":"https:\/\/www.em.com.br\/emfoco\/wp-json\/wp\/v2\/comments?post=110239"}],"version-history":[{"count":1,"href":"https:\/\/www.em.com.br\/emfoco\/wp-json\/wp\/v2\/posts\/110239\/revisions"}],"predecessor-version":[{"id":110299,"href":"https:\/\/www.em.com.br\/emfoco\/wp-json\/wp\/v2\/posts\/110239\/revisions\/110299"}],"wp:featuredmedia":[{"embeddable":true,"href":"https:\/\/www.em.com.br\/emfoco\/wp-json\/wp\/v2\/media\/110295"}],"wp:attachment":[{"href":"https:\/\/www.em.com.br\/emfoco\/wp-json\/wp\/v2\/media?parent=110239"}],"wp:term":[{"taxonomy":"category","embeddable":true,"href":"https:\/\/www.em.com.br\/emfoco\/wp-json\/wp\/v2\/categories?post=110239"},{"taxonomy":"post_tag","embeddable":true,"href":"https:\/\/www.em.com.br\/emfoco\/wp-json\/wp\/v2\/tags?post=110239"}],"curies":[{"name":"wp","href":"https:\/\/api.w.org\/{rel}","templated":true}]}}