{"id":110008,"date":"2025-10-02T06:48:00","date_gmt":"2025-10-02T09:48:00","guid":{"rendered":"https:\/\/www.em.com.br\/emfoco\/?p=110008"},"modified":"2025-09-30T16:34:38","modified_gmt":"2025-09-30T19:34:38","slug":"eletrodomesticos-que-mais-consomem-energia-em-modo-stand-by-e-que-valem-a-pena-desligar","status":"publish","type":"post","link":"https:\/\/www.em.com.br\/emfoco\/2025\/10\/02\/eletrodomesticos-que-mais-consomem-energia-em-modo-stand-by-e-que-valem-a-pena-desligar\/","title":{"rendered":"Eletrodom\u00e9sticos que mais consomem energia em modo stand-by e que valem a pena desligar"},"content":{"rendered":"\n<p>Manter aparelhos ligados em stand-by pode aumentar sua conta de luz sem voc\u00ea perceber. Descubra quais eletrodom\u00e9sticos mais consomem energia e aprenda a economizar de forma simples.<\/p>\n\n\n\n<ul class=\"wp-block-list\">\n<li>Alguns aparelhos continuam puxando energia mesmo desligados<\/li>\n\n\n\n<li>Stand-by pode representar at\u00e9 12% da conta de luz<\/li>\n\n\n\n<li>Desligar na tomada garante economia imediata<\/li>\n<\/ul>\n\n\n\n<h2 class=\"wp-block-heading\">O que significa deixar um eletrodom\u00e9stico em stand-by?<\/h2>\n\n\n\n<p>O modo stand-by \u00e9 quando o aparelho est\u00e1 aparentemente desligado, mas continua consumindo energia para manter fun\u00e7\u00f5es b\u00e1sicas. <strong>Mesmo sem uso, esse gasto pode pesar no or\u00e7amento<\/strong> se v\u00e1rios dispositivos ficarem conectados ao mesmo tempo.<\/p>\n\n\n\n<p>Esse <a href=\"https:\/\/tsshara.com.br\/blog\/energia-eletrica\/modo-stand-by-saiba-sobre-consumo-invisivel\/\" target=\"_blank\" rel=\"noreferrer noopener\">consumo \u00e9 invis\u00edvel<\/a> para o usu\u00e1rio, j\u00e1 que o aparelho parece desligado. Por\u00e9m, somado em meses, pode representar uma fatia significativa da conta, principalmente em casas com muitos equipamentos eletr\u00f4nicos.<\/p>\n\n\n\n<figure class=\"wp-block-image size-large\"><img loading=\"lazy\" decoding=\"async\" width=\"1024\" height=\"576\" src=\"https:\/\/www.em.com.br\/emfoco\/wp-content\/uploads\/2025\/09\/Micro-ondas_1759260592820-1024x576.jpg\" alt=\"Eletrodom\u00e9sticos que mais consomem energia em modo stand-by e que valem a pena desligar\" class=\"wp-image-110015\" srcset=\"https:\/\/www.em.com.br\/emfoco\/wp-content\/uploads\/2025\/09\/Micro-ondas_1759260592820-1024x576.jpg 1024w, https:\/\/www.em.com.br\/emfoco\/wp-content\/uploads\/2025\/09\/Micro-ondas_1759260592820-300x169.jpg 300w, https:\/\/www.em.com.br\/emfoco\/wp-content\/uploads\/2025\/09\/Micro-ondas_1759260592820-768x432.jpg 768w, https:\/\/www.em.com.br\/emfoco\/wp-content\/uploads\/2025\/09\/Micro-ondas_1759260592820-750x422.jpg 750w, https:\/\/www.em.com.br\/emfoco\/wp-content\/uploads\/2025\/09\/Micro-ondas_1759260592820-1140x641.jpg 1140w, https:\/\/www.em.com.br\/emfoco\/wp-content\/uploads\/2025\/09\/Micro-ondas_1759260592820.jpg 1280w\" sizes=\"auto, (max-width: 1024px) 100vw, 1024px\" \/><figcaption class=\"wp-element-caption\">Consumo invis\u00edvel que pode elevar sua conta de luz sem aviso &#8211; Cr\u00e9ditos: depositphotos.com \/ gonzalocallefotografia.gmail.com<\/figcaption><\/figure>\n\n\n\n<h2 class=\"wp-block-heading\">Quais s\u00e3o os eletrodom\u00e9sticos que mais consomem energia nesse modo?<\/h2>\n\n\n\n<p>Alguns dispositivos puxam mais energia em stand-by e merecem aten\u00e7\u00e3o especial. Veja os principais:<\/p>\n\n\n\n<ul class=\"wp-block-list\">\n<li>Televisores modernos com recursos inteligentes<\/li>\n\n\n\n<li>Micro-ondas com visor digital<\/li>\n\n\n\n<li>Computadores e notebooks conectados \u00e0 tomada<\/li>\n\n\n\n<li>Decodificadores de TV a cabo<\/li>\n\n\n\n<li>Carregadores de celular esquecidos na tomada<\/li>\n\n\n\n<li>Aparelhos de som e videogames<\/li>\n\n\n\n<li>Impressoras ligadas em rede<\/li>\n<\/ul>\n\n\n\n<h2 class=\"wp-block-heading\">Quanto esse consumo pode impactar na conta de luz?<\/h2>\n\n\n\n<p><strong>O consumo em stand-by pode chegar a 12% do valor total da conta de energia<\/strong>, segundo estimativas do setor. Embora cada aparelho consuma pouco individualmente, juntos eles geram desperd\u00edcio consider\u00e1vel ao longo do m\u00eas.<\/p>\n\n\n\n<p>Esse impacto se torna ainda maior em resid\u00eancias com muitos eletr\u00f4nicos conectados. O h\u00e1bito de desligar na tomada pode gerar uma economia vis\u00edvel j\u00e1 na fatura seguinte.<\/p>\n\n\n\n<figure class=\"wp-block-image size-large\"><img loading=\"lazy\" decoding=\"async\" width=\"1024\" height=\"576\" src=\"https:\/\/www.em.com.br\/emfoco\/wp-content\/uploads\/2025\/09\/Conta-de-energia_1759260639683-1024x576.jpg\" alt=\"Eletrodom\u00e9sticos que mais consomem energia em modo stand-by e que valem a pena desligar\" class=\"wp-image-110016\" srcset=\"https:\/\/www.em.com.br\/emfoco\/wp-content\/uploads\/2025\/09\/Conta-de-energia_1759260639683-1024x576.jpg 1024w, https:\/\/www.em.com.br\/emfoco\/wp-content\/uploads\/2025\/09\/Conta-de-energia_1759260639683-300x169.jpg 300w, https:\/\/www.em.com.br\/emfoco\/wp-content\/uploads\/2025\/09\/Conta-de-energia_1759260639683-768x432.jpg 768w, https:\/\/www.em.com.br\/emfoco\/wp-content\/uploads\/2025\/09\/Conta-de-energia_1759260639683-750x422.jpg 750w, https:\/\/www.em.com.br\/emfoco\/wp-content\/uploads\/2025\/09\/Conta-de-energia_1759260639683-1140x641.jpg 1140w, https:\/\/www.em.com.br\/emfoco\/wp-content\/uploads\/2025\/09\/Conta-de-energia_1759260639683.jpg 1280w\" sizes=\"auto, (max-width: 1024px) 100vw, 1024px\" \/><figcaption class=\"wp-element-caption\">Economia dom\u00e9stica come\u00e7a com h\u00e1bitos simples e eficazes &#8211; Cr\u00e9ditos: depositphotos.com \/ volgariver<\/figcaption><\/figure>\n\n\n\n<p><em>Leia mais: <a href=\"https:\/\/www.em.com.br\/emfoco\/2025\/09\/29\/as-plantas-que-estao-fazendo-brasileiros-abandonarem-o-ar-condicionado\/\" target=\"_blank\" rel=\"noreferrer noopener\">As plantas que est\u00e3o fazendo brasileiros abandonarem o ar-condicionado<\/a><\/em><\/p>\n\n\n\n<h2 class=\"wp-block-heading\">Vale a pena investir em filtros de linha ou tomadas inteligentes?<\/h2>\n\n\n\n<p>Esses dispositivos permitem desligar v\u00e1rios aparelhos de uma vez s\u00f3, sem precisar retirar cada um da tomada. <strong>S\u00e3o solu\u00e7\u00f5es pr\u00e1ticas para reduzir o consumo escondido<\/strong> de energia e manter o controle mais eficiente do uso dom\u00e9stico.<\/p>\n\n\n\n<p>Al\u00e9m disso, as tomadas inteligentes podem ser programadas para desligar automaticamente aparelhos em hor\u00e1rios definidos, ajudando na rotina de economia sem esfor\u00e7o adicional do usu\u00e1rio.<\/p>\n\n\n\n<h2 class=\"wp-block-heading\">Quais dicas extras ajudam a evitar o desperd\u00edcio de energia?<\/h2>\n\n\n\n<p>Adotar pequenos h\u00e1bitos pode gerar grande impacto na conta de luz. Confira algumas pr\u00e1ticas recomendadas:<\/p>\n\n\n\n<ul class=\"wp-block-list\">\n<li>Retire carregadores da tomada ap\u00f3s o uso<\/li>\n\n\n\n<li>Use extens\u00f5es com bot\u00e3o liga\/desliga em \u00e1reas com muitos eletr\u00f4nicos<\/li>\n\n\n\n<li>Programe equipamentos para desligar sozinhos quando n\u00e3o estiverem em uso<\/li>\n<\/ul>\n","protected":false},"excerpt":{"rendered":"<p>Manter aparelhos ligados em stand-by pode aumentar sua conta de luz sem voc\u00ea perceber. Descubra quais eletrodom\u00e9sticos mais consomem energia e aprenda a economizar de forma simples. O que significa deixar um eletrodom\u00e9stico em stand-by? O modo stand-by \u00e9 quando o aparelho est\u00e1 aparentemente desligado, mas continua consumindo energia para manter fun\u00e7\u00f5es b\u00e1sicas. Mesmo sem [&hellip;]<\/p>\n","protected":false},"author":13,"featured_media":110014,"comment_status":"open","ping_status":"open","sticky":false,"template":"","format":"standard","meta":{"jnews-multi-image_gallery":[],"jnews_single_post":{"format":"standard"},"jnews_primary_category":[],"jnews_social_meta":[],"jnews_override_counter":[],"footnotes":""},"categories":[8819],"tags":[11955,5675,16343],"class_list":["post-110008","post","type-post","status-publish","format-standard","has-post-thumbnail","hentry","category-curiosidades","tag-consumo-de-energia","tag-eletrodomesticos","tag-stand-by"],"yoast_head":"<!-- This site is optimized with the Yoast SEO plugin v23.8 - https:\/\/yoast.com\/wordpress\/plugins\/seo\/ -->\n<title>Eletrodom\u00e9sticos que mais consomem energia em modo stand-by e que valem a pena desligar - Estado de Minas - Em foco<\/title>\n<meta name=\"description\" content=\"A energia em stand-by pode representar 12% da sua conta de luz. Veja quais aparelhos mais consomem e como economizar sem esfor\u00e7o.\" \/>\n<meta name=\"robots\" content=\"index, follow, max-snippet:-1, max-image-preview:large, max-video-preview:-1\" \/>\n<link rel=\"canonical\" href=\"https:\/\/www.em.com.br\/emfoco\/2025\/10\/02\/eletrodomesticos-que-mais-consomem-energia-em-modo-stand-by-e-que-valem-a-pena-desligar\/\" \/>\n<meta property=\"og:locale\" content=\"pt_BR\" \/>\n<meta property=\"og:type\" content=\"article\" \/>\n<meta property=\"og:title\" content=\"Eletrodom\u00e9sticos que mais consomem energia em modo stand-by e que valem a pena desligar - Estado de Minas - Em foco\" \/>\n<meta property=\"og:description\" content=\"A energia em stand-by pode representar 12% da sua conta de luz. Veja quais aparelhos mais consomem e como economizar sem esfor\u00e7o.\" \/>\n<meta property=\"og:url\" content=\"https:\/\/www.em.com.br\/emfoco\/2025\/10\/02\/eletrodomesticos-que-mais-consomem-energia-em-modo-stand-by-e-que-valem-a-pena-desligar\/\" \/>\n<meta property=\"og:site_name\" content=\"Estado de Minas - Em foco\" \/>\n<meta property=\"article:published_time\" content=\"2025-10-02T09:48:00+00:00\" \/>\n<meta property=\"article:modified_time\" content=\"2025-09-30T19:34:38+00:00\" \/>\n<meta property=\"og:image\" content=\"https:\/\/www.em.com.br\/emfoco\/wp-content\/uploads\/2025\/09\/Televisao_1759260558709.jpg\" \/>\n\t<meta property=\"og:image:width\" content=\"1280\" \/>\n\t<meta property=\"og:image:height\" content=\"720\" \/>\n\t<meta property=\"og:image:type\" content=\"image\/jpeg\" \/>\n<meta name=\"author\" content=\"Gabriel Martins\" \/>\n<meta name=\"twitter:card\" content=\"summary_large_image\" \/>\n<meta name=\"twitter:label1\" content=\"Escrito por\" \/>\n\t<meta name=\"twitter:data1\" content=\"Gabriel Martins\" \/>\n\t<meta name=\"twitter:label2\" content=\"Est. tempo de leitura\" \/>\n\t<meta name=\"twitter:data2\" content=\"3 minutos\" \/>\n<!-- \/ Yoast SEO plugin. -->","yoast_head_json":{"title":"Eletrodom\u00e9sticos que mais consomem energia em modo stand-by e que valem a pena desligar - Estado de Minas - Em foco","description":"A energia em stand-by pode representar 12% da sua conta de luz. Veja quais aparelhos mais consomem e como economizar sem esfor\u00e7o.","robots":{"index":"index","follow":"follow","max-snippet":"max-snippet:-1","max-image-preview":"max-image-preview:large","max-video-preview":"max-video-preview:-1"},"canonical":"https:\/\/www.em.com.br\/emfoco\/2025\/10\/02\/eletrodomesticos-que-mais-consomem-energia-em-modo-stand-by-e-que-valem-a-pena-desligar\/","og_locale":"pt_BR","og_type":"article","og_title":"Eletrodom\u00e9sticos que mais consomem energia em modo stand-by e que valem a pena desligar - Estado de Minas - Em foco","og_description":"A energia em stand-by pode representar 12% da sua conta de luz. Veja quais aparelhos mais consomem e como economizar sem esfor\u00e7o.","og_url":"https:\/\/www.em.com.br\/emfoco\/2025\/10\/02\/eletrodomesticos-que-mais-consomem-energia-em-modo-stand-by-e-que-valem-a-pena-desligar\/","og_site_name":"Estado de Minas - Em foco","article_published_time":"2025-10-02T09:48:00+00:00","article_modified_time":"2025-09-30T19:34:38+00:00","og_image":[{"width":1280,"height":720,"url":"https:\/\/www.em.com.br\/emfoco\/wp-content\/uploads\/2025\/09\/Televisao_1759260558709.jpg","type":"image\/jpeg"}],"author":"Gabriel Martins","twitter_card":"summary_large_image","twitter_misc":{"Escrito por":"Gabriel Martins","Est. tempo de leitura":"3 minutos"},"schema":{"@context":"https:\/\/schema.org","@graph":[{"@type":"WebPage","@id":"https:\/\/www.em.com.br\/emfoco\/2025\/10\/02\/eletrodomesticos-que-mais-consomem-energia-em-modo-stand-by-e-que-valem-a-pena-desligar\/","url":"https:\/\/www.em.com.br\/emfoco\/2025\/10\/02\/eletrodomesticos-que-mais-consomem-energia-em-modo-stand-by-e-que-valem-a-pena-desligar\/","name":"Eletrodom\u00e9sticos que mais consomem energia em modo stand-by e que valem a pena desligar - Estado de Minas - Em foco","isPartOf":{"@id":"https:\/\/www.em.com.br\/emfoco\/#website"},"primaryImageOfPage":{"@id":"https:\/\/www.em.com.br\/emfoco\/2025\/10\/02\/eletrodomesticos-que-mais-consomem-energia-em-modo-stand-by-e-que-valem-a-pena-desligar\/#primaryimage"},"image":{"@id":"https:\/\/www.em.com.br\/emfoco\/2025\/10\/02\/eletrodomesticos-que-mais-consomem-energia-em-modo-stand-by-e-que-valem-a-pena-desligar\/#primaryimage"},"thumbnailUrl":"https:\/\/www.em.com.br\/emfoco\/wp-content\/uploads\/2025\/09\/Televisao_1759260558709.jpg","datePublished":"2025-10-02T09:48:00+00:00","dateModified":"2025-09-30T19:34:38+00:00","author":{"@id":"https:\/\/www.em.com.br\/emfoco\/#\/schema\/person\/1c9ddeab18b98abeffef834667bcf08a"},"description":"A energia em stand-by pode representar 12% da sua conta de luz. Veja quais aparelhos mais consomem e como economizar sem esfor\u00e7o.","breadcrumb":{"@id":"https:\/\/www.em.com.br\/emfoco\/2025\/10\/02\/eletrodomesticos-que-mais-consomem-energia-em-modo-stand-by-e-que-valem-a-pena-desligar\/#breadcrumb"},"inLanguage":"pt-BR","potentialAction":[{"@type":"ReadAction","target":["https:\/\/www.em.com.br\/emfoco\/2025\/10\/02\/eletrodomesticos-que-mais-consomem-energia-em-modo-stand-by-e-que-valem-a-pena-desligar\/"]}]},{"@type":"ImageObject","inLanguage":"pt-BR","@id":"https:\/\/www.em.com.br\/emfoco\/2025\/10\/02\/eletrodomesticos-que-mais-consomem-energia-em-modo-stand-by-e-que-valem-a-pena-desligar\/#primaryimage","url":"https:\/\/www.em.com.br\/emfoco\/wp-content\/uploads\/2025\/09\/Televisao_1759260558709.jpg","contentUrl":"https:\/\/www.em.com.br\/emfoco\/wp-content\/uploads\/2025\/09\/Televisao_1759260558709.jpg","width":1280,"height":720,"caption":"Tomadas inteligentes ajudam no controle do consumo escondido - Cr\u00e9ditos: depositphotos.com \/ jordache"},{"@type":"BreadcrumbList","@id":"https:\/\/www.em.com.br\/emfoco\/2025\/10\/02\/eletrodomesticos-que-mais-consomem-energia-em-modo-stand-by-e-que-valem-a-pena-desligar\/#breadcrumb","itemListElement":[{"@type":"ListItem","position":1,"name":"In\u00edcio","item":"https:\/\/www.em.com.br\/emfoco\/"},{"@type":"ListItem","position":2,"name":"Eletrodom\u00e9sticos que mais consomem energia em modo stand-by e que valem a pena desligar"}]},{"@type":"WebSite","@id":"https:\/\/www.em.com.br\/emfoco\/#website","url":"https:\/\/www.em.com.br\/emfoco\/","name":"Estado de Minas - Em foco","description":"Acompanhe as \u00faltimas not\u00edcias e fique bem informado sobre tudo o que acontece em Minas Gerais, Brasil e no mundo.","potentialAction":[{"@type":"SearchAction","target":{"@type":"EntryPoint","urlTemplate":"https:\/\/www.em.com.br\/emfoco\/?s={search_term_string}"},"query-input":{"@type":"PropertyValueSpecification","valueRequired":true,"valueName":"search_term_string"}}],"inLanguage":"pt-BR"},{"@type":"Person","@id":"https:\/\/www.em.com.br\/emfoco\/#\/schema\/person\/1c9ddeab18b98abeffef834667bcf08a","name":"Gabriel Martins","image":{"@type":"ImageObject","inLanguage":"pt-BR","@id":"https:\/\/www.em.com.br\/emfoco\/#\/schema\/person\/image\/","url":"https:\/\/secure.gravatar.com\/avatar\/f0f1e2efdfd88f1ad2cb08c5c2731e50?s=96&d=mm&r=g","contentUrl":"https:\/\/secure.gravatar.com\/avatar\/f0f1e2efdfd88f1ad2cb08c5c2731e50?s=96&d=mm&r=g","caption":"Gabriel Martins"},"sameAs":["https:\/\/www.em.com.br\/emfoco\/"],"url":"https:\/\/www.em.com.br\/emfoco\/author\/gabrielmartinsmyth\/"}]}},"_links":{"self":[{"href":"https:\/\/www.em.com.br\/emfoco\/wp-json\/wp\/v2\/posts\/110008","targetHints":{"allow":["GET"]}}],"collection":[{"href":"https:\/\/www.em.com.br\/emfoco\/wp-json\/wp\/v2\/posts"}],"about":[{"href":"https:\/\/www.em.com.br\/emfoco\/wp-json\/wp\/v2\/types\/post"}],"author":[{"embeddable":true,"href":"https:\/\/www.em.com.br\/emfoco\/wp-json\/wp\/v2\/users\/13"}],"replies":[{"embeddable":true,"href":"https:\/\/www.em.com.br\/emfoco\/wp-json\/wp\/v2\/comments?post=110008"}],"version-history":[{"count":1,"href":"https:\/\/www.em.com.br\/emfoco\/wp-json\/wp\/v2\/posts\/110008\/revisions"}],"predecessor-version":[{"id":110017,"href":"https:\/\/www.em.com.br\/emfoco\/wp-json\/wp\/v2\/posts\/110008\/revisions\/110017"}],"wp:featuredmedia":[{"embeddable":true,"href":"https:\/\/www.em.com.br\/emfoco\/wp-json\/wp\/v2\/media\/110014"}],"wp:attachment":[{"href":"https:\/\/www.em.com.br\/emfoco\/wp-json\/wp\/v2\/media?parent=110008"}],"wp:term":[{"taxonomy":"category","embeddable":true,"href":"https:\/\/www.em.com.br\/emfoco\/wp-json\/wp\/v2\/categories?post=110008"},{"taxonomy":"post_tag","embeddable":true,"href":"https:\/\/www.em.com.br\/emfoco\/wp-json\/wp\/v2\/tags?post=110008"}],"curies":[{"name":"wp","href":"https:\/\/api.w.org\/{rel}","templated":true}]}}