{"id":10999,"date":"2025-01-16T09:20:00","date_gmt":"2025-01-16T12:20:00","guid":{"rendered":"https:\/\/www.em.com.br\/emfoco\/?p=10999"},"modified":"2025-01-16T01:03:54","modified_gmt":"2025-01-16T04:03:54","slug":"seu-seguro-desemprego-aumentou-em-2025","status":"publish","type":"post","link":"https:\/\/www.em.com.br\/emfoco\/2025\/01\/16\/seu-seguro-desemprego-aumentou-em-2025\/","title":{"rendered":"Seu seguro-desemprego aumentou em 2025?"},"content":{"rendered":"\n<p>Com a chegada de 2025, surgiu uma mudan\u00e7a significativa no c\u00e1lculo do <a href=\"https:\/\/www.gov.br\/pt-br\/servicos\/solicitar-o-seguro-desemprego\" target=\"_blank\" rel=\"noreferrer noopener\">seguro-desemprego<\/a> para trabalhadores que atuaram de carteira assinada. Este <a href=\"https:\/\/www.em.com.br\/emfoco\/2025\/01\/14\/seu-beneficio-do-inss-vai-aumentar-em-2025\/\" target=\"_blank\" rel=\"noreferrer noopener\">benef\u00edcio <\/a>social, essencial para muitas fam\u00edlias no pa\u00eds, agora possui uma nova tabela que define valores m\u00ednimos e m\u00e1ximos ajustados para melhor adequar-se \u00e0 realidade econ\u00f4mica atual.<\/p>\n\n\n\n<p>No contexto desse reajuste, destacam-se duas altera\u00e7\u00f5es principais: o aumento do teto do seguro-desemprego para R$ 2.424,11 e a atualiza\u00e7\u00e3o do valor m\u00ednimo para o sal\u00e1rio m\u00ednimo vigente, atualmente fixado em R$ 1.518,00. Estas mudan\u00e7as visam proporcionar um suporte financeiro mais robusto e est\u00e1vel para aqueles que perderam seu emprego.<\/p>\n\n\n\n<h2 class=\"wp-block-heading\">O Que Mudou no Seguro-Desemprego para os Trabalhadores?<\/h2>\n\n\n\n<p>Para trabalhadores que tinham sal\u00e1rios elevados antes da demiss\u00e3o, o aumento do valor m\u00e1ximo do benef\u00edcio representa uma assist\u00eancia mais adequada. Al\u00e9m disso, a introdu\u00e7\u00e3o de uma nova tabela de c\u00e1lculo promete um benef\u00edcio ajustado e proporcional \u00e0 renda anterior do trabalhador. Veja as principais mudan\u00e7as:<\/p>\n\n\n\n<ul class=\"wp-block-list\">\n<li><strong>Aumento do valor m\u00e1ximo:<\/strong> O teto foi elevado para R$ 2.424,11.<\/li>\n\n\n\n<li><strong>Valor m\u00ednimo atualizado:<\/strong> Nenhum trabalhador receber\u00e1 menos do que o sal\u00e1rio m\u00ednimo vigente, de R$ 1.518,00.<\/li>\n\n\n\n<li><strong>Nova tabela de c\u00e1lculo:<\/strong> Ela utiliza faixas salariais para determinar um valor proporcional ao sal\u00e1rio anterior.<\/li>\n<\/ul>\n\n\n<div class=\"wp-block-image\">\n<figure class=\"aligncenter size-large\"><img loading=\"lazy\" decoding=\"async\" width=\"1024\" height=\"576\" src=\"https:\/\/www.em.com.br\/emfoco\/wp-content\/uploads\/2024\/12\/Brazil-Money_1735506339454-1024x576.jpg\" alt=\"\" class=\"wp-image-7526\" srcset=\"https:\/\/www.em.com.br\/emfoco\/wp-content\/uploads\/2024\/12\/Brazil-Money_1735506339454-1024x576.jpg 1024w, https:\/\/www.em.com.br\/emfoco\/wp-content\/uploads\/2024\/12\/Brazil-Money_1735506339454-300x169.jpg 300w, https:\/\/www.em.com.br\/emfoco\/wp-content\/uploads\/2024\/12\/Brazil-Money_1735506339454-768x432.jpg 768w, https:\/\/www.em.com.br\/emfoco\/wp-content\/uploads\/2024\/12\/Brazil-Money_1735506339454-750x422.jpg 750w, https:\/\/www.em.com.br\/emfoco\/wp-content\/uploads\/2024\/12\/Brazil-Money_1735506339454-1140x641.jpg 1140w, https:\/\/www.em.com.br\/emfoco\/wp-content\/uploads\/2024\/12\/Brazil-Money_1735506339454.jpg 1280w\" sizes=\"auto, (max-width: 1024px) 100vw, 1024px\" \/><figcaption class=\"wp-element-caption\">Dinheiro &#8211; Cr\u00e9ditos: depositphotos.com \/ rmcarvalhobsb<\/figcaption><\/figure><\/div>\n\n\n<h2 class=\"wp-block-heading\">Quem Pode Receber o Seguro-Desemprego em 2025?<\/h2>\n\n\n\n<p>Para ser eleg\u00edvel ao seguro-desemprego, o trabalhador precisa atender a certas condi\u00e7\u00f5es. Primeiramente, \u00e9 necess\u00e1rio que a demiss\u00e3o tenha ocorrido sem justa causa. Al\u00e9m disso, ele deve estar desempregado no momento da solicita\u00e7\u00e3o e ter trabalhado de carteira assinada por pelo menos 12 meses nos \u00faltimos 18 meses.<\/p>\n\n\n\n<p>Outros fatores que influem na elegibilidade s\u00e3o a inexist\u00eancia de renda pr\u00f3pria suficiente para sustento pessoal e familiar, bem como n\u00e3o estar recebendo outros benef\u00edcios previdenci\u00e1rios, como pens\u00e3o por morte ou aux\u00edlio-acidente. Desta forma, o seguro-desemprego continua sendo um alicerce para muitos em per\u00edodos de crise e transi\u00e7\u00e3o laboral.<\/p>\n\n\n\n<h2 class=\"wp-block-heading\">Como Solicitar o Seguro-Desemprego?<\/h2>\n\n\n\n<p>A solicita\u00e7\u00e3o desse benef\u00edcio pode ser realizada de forma pr\u00e1tica e flex\u00edvel. O trabalhador pode escolher entre o atendimento presencial nas Superintend\u00eancias Regionais do Trabalho e Emprego (SRTEs) ou no Sistema Nacional de Emprego (SINE). Outra op\u00e7\u00e3o dispon\u00edvel \u00e9 realizar o processo online, utilizando o Portal Gov.br ou o aplicativo Carteira de Trabalho Digital.<\/p>\n\n\n\n<p>Essa moderniza\u00e7\u00e3o nos m\u00e9todos de solicita\u00e7\u00e3o visa tornar o acesso ao benef\u00edcio mais eficiente e adaptado \u00e0s necessidades contempor\u00e2neas dos trabalhadores, reduzindo filas e burocracias desnecess\u00e1rias.<\/p>\n\n\n\n<h2 class=\"wp-block-heading\">Por que o Seguro-Desemprego foi Reajustado?<\/h2>\n\n\n\n<p>O objetivo principal do reajuste do seguro-desemprego est\u00e1 em garantir que os benefici\u00e1rios mantenham um padr\u00e3o m\u00ednimo de vida enquanto buscam novas oportunidades de emprego. Ao mesmo tempo, o aumento no valor do benef\u00edcio tem um papel estrat\u00e9gico na economia nacional, ao aumentar o poder de compra dos desempregados e, consequentemente, estimular setores econ\u00f4micos diversos.<\/p>\n\n\n\n<p>Especialistas afirmam que a medida n\u00e3o apenas ajuda a equilibrar as finan\u00e7as dos mais vulner\u00e1veis, mas tamb\u00e9m pode contribuir para uma recupera\u00e7\u00e3o econ\u00f4mica mais robusta, uma vez que aumenta a circula\u00e7\u00e3o de dinheiro e incentiva o consumo.<\/p>\n","protected":false},"excerpt":{"rendered":"<p>Com a chegada de 2025, surgiu uma mudan\u00e7a significativa no c\u00e1lculo do seguro-desemprego para trabalhadores que atuaram de carteira assinada. Este benef\u00edcio social, essencial para muitas fam\u00edlias no pa\u00eds, agora possui uma nova tabela que define valores m\u00ednimos e m\u00e1ximos ajustados para melhor adequar-se \u00e0 realidade econ\u00f4mica atual. No contexto desse reajuste, destacam-se duas altera\u00e7\u00f5es [&hellip;]<\/p>\n","protected":false},"author":7,"featured_media":6804,"comment_status":"open","ping_status":"open","sticky":false,"template":"","format":"standard","meta":{"jnews-multi-image_gallery":[],"jnews_single_post":{"format":"standard"},"jnews_primary_category":[],"jnews_social_meta":[],"jnews_override_counter":[],"footnotes":""},"categories":[28],"tags":[782,160,1779,1832,806,264,3544],"class_list":["post-10999","post","type-post","status-publish","format-standard","has-post-thumbnail","hentry","category-economia","tag-782","tag-economia","tag-reajuste","tag-seguro-desemprego","tag-teto","tag-trabalhadores","tag-valor-minimo"],"yoast_head":"<!-- This site is optimized with the Yoast SEO plugin v23.8 - https:\/\/yoast.com\/wordpress\/plugins\/seo\/ -->\n<title>Seu seguro-desemprego aumentou em 2025? - Estado de Minas - Em foco<\/title>\n<meta name=\"description\" content=\"O reajuste do seguro-desemprego em 2025 trouxe novos valores m\u00ednimos e m\u00e1ximos para o benef\u00edcio.\" \/>\n<meta name=\"robots\" content=\"index, follow, max-snippet:-1, max-image-preview:large, max-video-preview:-1\" \/>\n<link rel=\"canonical\" href=\"https:\/\/www.em.com.br\/emfoco\/2025\/01\/16\/seu-seguro-desemprego-aumentou-em-2025\/\" \/>\n<meta property=\"og:locale\" content=\"pt_BR\" \/>\n<meta property=\"og:type\" content=\"article\" \/>\n<meta property=\"og:title\" content=\"Seu seguro-desemprego aumentou em 2025? - Estado de Minas - Em foco\" \/>\n<meta property=\"og:description\" content=\"O reajuste do seguro-desemprego em 2025 trouxe novos valores m\u00ednimos e m\u00e1ximos para o benef\u00edcio.\" \/>\n<meta property=\"og:url\" content=\"https:\/\/www.em.com.br\/emfoco\/2025\/01\/16\/seu-seguro-desemprego-aumentou-em-2025\/\" \/>\n<meta property=\"og:site_name\" content=\"Estado de Minas - Em foco\" \/>\n<meta property=\"article:published_time\" content=\"2025-01-16T12:20:00+00:00\" \/>\n<meta property=\"article:modified_time\" content=\"2025-01-16T04:03:54+00:00\" \/>\n<meta property=\"og:image\" content=\"https:\/\/www.em.com.br\/emfoco\/wp-content\/uploads\/2024\/12\/CLT_1735245281759.jpg\" \/>\n\t<meta property=\"og:image:width\" content=\"1280\" \/>\n\t<meta property=\"og:image:height\" content=\"720\" \/>\n\t<meta property=\"og:image:type\" content=\"image\/jpeg\" \/>\n<meta name=\"author\" content=\"Kelvin\" \/>\n<meta name=\"twitter:card\" content=\"summary_large_image\" \/>\n<meta name=\"twitter:label1\" content=\"Escrito por\" \/>\n\t<meta name=\"twitter:data1\" content=\"Kelvin\" \/>\n\t<meta name=\"twitter:label2\" content=\"Est. tempo de leitura\" \/>\n\t<meta name=\"twitter:data2\" content=\"4 minutos\" \/>\n<!-- \/ Yoast SEO plugin. -->","yoast_head_json":{"title":"Seu seguro-desemprego aumentou em 2025? - Estado de Minas - Em foco","description":"O reajuste do seguro-desemprego em 2025 trouxe novos valores m\u00ednimos e m\u00e1ximos para o benef\u00edcio.","robots":{"index":"index","follow":"follow","max-snippet":"max-snippet:-1","max-image-preview":"max-image-preview:large","max-video-preview":"max-video-preview:-1"},"canonical":"https:\/\/www.em.com.br\/emfoco\/2025\/01\/16\/seu-seguro-desemprego-aumentou-em-2025\/","og_locale":"pt_BR","og_type":"article","og_title":"Seu seguro-desemprego aumentou em 2025? - Estado de Minas - Em foco","og_description":"O reajuste do seguro-desemprego em 2025 trouxe novos valores m\u00ednimos e m\u00e1ximos para o benef\u00edcio.","og_url":"https:\/\/www.em.com.br\/emfoco\/2025\/01\/16\/seu-seguro-desemprego-aumentou-em-2025\/","og_site_name":"Estado de Minas - Em foco","article_published_time":"2025-01-16T12:20:00+00:00","article_modified_time":"2025-01-16T04:03:54+00:00","og_image":[{"width":1280,"height":720,"url":"https:\/\/www.em.com.br\/emfoco\/wp-content\/uploads\/2024\/12\/CLT_1735245281759.jpg","type":"image\/jpeg"}],"author":"Kelvin","twitter_card":"summary_large_image","twitter_misc":{"Escrito por":"Kelvin","Est. tempo de leitura":"4 minutos"},"schema":{"@context":"https:\/\/schema.org","@graph":[{"@type":"WebPage","@id":"https:\/\/www.em.com.br\/emfoco\/2025\/01\/16\/seu-seguro-desemprego-aumentou-em-2025\/","url":"https:\/\/www.em.com.br\/emfoco\/2025\/01\/16\/seu-seguro-desemprego-aumentou-em-2025\/","name":"Seu seguro-desemprego aumentou em 2025? - Estado de Minas - Em foco","isPartOf":{"@id":"https:\/\/www.em.com.br\/emfoco\/#website"},"primaryImageOfPage":{"@id":"https:\/\/www.em.com.br\/emfoco\/2025\/01\/16\/seu-seguro-desemprego-aumentou-em-2025\/#primaryimage"},"image":{"@id":"https:\/\/www.em.com.br\/emfoco\/2025\/01\/16\/seu-seguro-desemprego-aumentou-em-2025\/#primaryimage"},"thumbnailUrl":"https:\/\/www.em.com.br\/emfoco\/wp-content\/uploads\/2024\/12\/CLT_1735245281759.jpg","datePublished":"2025-01-16T12:20:00+00:00","dateModified":"2025-01-16T04:03:54+00:00","author":{"@id":"https:\/\/www.em.com.br\/emfoco\/#\/schema\/person\/fb0a7f48c6fbb94b83f413a80f61917d"},"description":"O reajuste do seguro-desemprego em 2025 trouxe novos valores m\u00ednimos e m\u00e1ximos para o benef\u00edcio.","breadcrumb":{"@id":"https:\/\/www.em.com.br\/emfoco\/2025\/01\/16\/seu-seguro-desemprego-aumentou-em-2025\/#breadcrumb"},"inLanguage":"pt-BR","potentialAction":[{"@type":"ReadAction","target":["https:\/\/www.em.com.br\/emfoco\/2025\/01\/16\/seu-seguro-desemprego-aumentou-em-2025\/"]}]},{"@type":"ImageObject","inLanguage":"pt-BR","@id":"https:\/\/www.em.com.br\/emfoco\/2025\/01\/16\/seu-seguro-desemprego-aumentou-em-2025\/#primaryimage","url":"https:\/\/www.em.com.br\/emfoco\/wp-content\/uploads\/2024\/12\/CLT_1735245281759.jpg","contentUrl":"https:\/\/www.em.com.br\/emfoco\/wp-content\/uploads\/2024\/12\/CLT_1735245281759.jpg","width":1280,"height":720,"caption":"CLT - Cr\u00e9ditos: depositphotos.com \/ Etalbr"},{"@type":"BreadcrumbList","@id":"https:\/\/www.em.com.br\/emfoco\/2025\/01\/16\/seu-seguro-desemprego-aumentou-em-2025\/#breadcrumb","itemListElement":[{"@type":"ListItem","position":1,"name":"In\u00edcio","item":"https:\/\/www.em.com.br\/emfoco\/"},{"@type":"ListItem","position":2,"name":"Seu seguro-desemprego aumentou em 2025?"}]},{"@type":"WebSite","@id":"https:\/\/www.em.com.br\/emfoco\/#website","url":"https:\/\/www.em.com.br\/emfoco\/","name":"Estado de Minas - Em foco","description":"Acompanhe as \u00faltimas not\u00edcias e fique bem informado sobre tudo o que acontece em Minas Gerais, Brasil e no mundo.","potentialAction":[{"@type":"SearchAction","target":{"@type":"EntryPoint","urlTemplate":"https:\/\/www.em.com.br\/emfoco\/?s={search_term_string}"},"query-input":{"@type":"PropertyValueSpecification","valueRequired":true,"valueName":"search_term_string"}}],"inLanguage":"pt-BR"},{"@type":"Person","@id":"https:\/\/www.em.com.br\/emfoco\/#\/schema\/person\/fb0a7f48c6fbb94b83f413a80f61917d","name":"Kelvin","image":{"@type":"ImageObject","inLanguage":"pt-BR","@id":"https:\/\/www.em.com.br\/emfoco\/#\/schema\/person\/image\/","url":"https:\/\/secure.gravatar.com\/avatar\/e74f84337e6bf6c4c5e88fbdffa05270?s=96&d=mm&r=g","contentUrl":"https:\/\/secure.gravatar.com\/avatar\/e74f84337e6bf6c4c5e88fbdffa05270?s=96&d=mm&r=g","caption":"Kelvin"},"sameAs":["https:\/\/www.em.com.br\/emfoco"],"url":"https:\/\/www.em.com.br\/emfoco\/author\/kelvinmyth\/"}]}},"_links":{"self":[{"href":"https:\/\/www.em.com.br\/emfoco\/wp-json\/wp\/v2\/posts\/10999","targetHints":{"allow":["GET"]}}],"collection":[{"href":"https:\/\/www.em.com.br\/emfoco\/wp-json\/wp\/v2\/posts"}],"about":[{"href":"https:\/\/www.em.com.br\/emfoco\/wp-json\/wp\/v2\/types\/post"}],"author":[{"embeddable":true,"href":"https:\/\/www.em.com.br\/emfoco\/wp-json\/wp\/v2\/users\/7"}],"replies":[{"embeddable":true,"href":"https:\/\/www.em.com.br\/emfoco\/wp-json\/wp\/v2\/comments?post=10999"}],"version-history":[{"count":2,"href":"https:\/\/www.em.com.br\/emfoco\/wp-json\/wp\/v2\/posts\/10999\/revisions"}],"predecessor-version":[{"id":11002,"href":"https:\/\/www.em.com.br\/emfoco\/wp-json\/wp\/v2\/posts\/10999\/revisions\/11002"}],"wp:featuredmedia":[{"embeddable":true,"href":"https:\/\/www.em.com.br\/emfoco\/wp-json\/wp\/v2\/media\/6804"}],"wp:attachment":[{"href":"https:\/\/www.em.com.br\/emfoco\/wp-json\/wp\/v2\/media?parent=10999"}],"wp:term":[{"taxonomy":"category","embeddable":true,"href":"https:\/\/www.em.com.br\/emfoco\/wp-json\/wp\/v2\/categories?post=10999"},{"taxonomy":"post_tag","embeddable":true,"href":"https:\/\/www.em.com.br\/emfoco\/wp-json\/wp\/v2\/tags?post=10999"}],"curies":[{"name":"wp","href":"https:\/\/api.w.org\/{rel}","templated":true}]}}