{"id":109983,"date":"2025-10-01T21:58:00","date_gmt":"2025-10-02T00:58:00","guid":{"rendered":"https:\/\/www.em.com.br\/emfoco\/?p=109983"},"modified":"2025-09-30T14:50:09","modified_gmt":"2025-09-30T17:50:09","slug":"mais-de-28-mil-familias-terao-reducao-na-conta-de-agua-com-a-tarifa-social","status":"publish","type":"post","link":"https:\/\/www.em.com.br\/emfoco\/2025\/10\/01\/mais-de-28-mil-familias-terao-reducao-na-conta-de-agua-com-a-tarifa-social\/","title":{"rendered":"Mais de 2,8 mil fam\u00edlias ter\u00e3o redu\u00e7\u00e3o na conta de \u00e1gua com a Tarifa Social"},"content":{"rendered":"\n<p>No cen\u00e1rio recente do abastecimento de \u00e1gua e esgoto em <strong>Po\u00e7os de Caldas<\/strong>, destaca-se a amplia\u00e7\u00e3o do cadastro de indiv\u00edduos beneficiados pela <strong>Tarifa Social<\/strong> promovida pelo <strong>Departamento Municipal de \u00c1gua e Esgoto<\/strong> (DMAE). Essa iniciativa tem como objetivo principal facilitar e ampliar o acesso \u00e0 \u00e1gua e saneamento para fam\u00edlias de baixa renda, garantindo mais equidade e inclus\u00e3o social. Implementada segundo a <strong>Lei n\u00ba 14.898 de 2024<\/strong>, a medida j\u00e1 entrou em vigor e dever\u00e1 atender cerca de 2.848 fam\u00edlias a partir de setembro de 2025.<\/p>\n\n\n\n<p>O programa utiliza como crit\u00e9rio o registro das fam\u00edlias no <strong>Cadastro \u00danico<\/strong> (Cad\u00danico), essencial para direcionar o benef\u00edcio a quem mais necessita. O desconto de 50% na tarifa \u00e9 aplicado automaticamente, tornando o processo eficiente e seguro. A supervis\u00e3o da <strong>Ag\u00eancia Reguladora Intermunicipal de Saneamento B\u00e1sico de Minas Gerais<\/strong> (Arisb-MG) fortalece o controle e a transpar\u00eancia desta pol\u00edtica social.<\/p>\n\n\n\n<h2 class=\"wp-block-heading\">Crit\u00e9rios e procedimento para obten\u00e7\u00e3o da Tarifa Social<\/h2>\n\n\n<div class=\"wp-block-image\">\n<figure class=\"aligncenter size-large\"><img loading=\"lazy\" decoding=\"async\" width=\"1024\" height=\"576\" src=\"https:\/\/www.em.com.br\/emfoco\/wp-content\/uploads\/2025\/06\/calculadora_1750113808138-1024x576.jpg\" alt=\"Nova regra de c\u00e1lculo surpreende quem paga comiss\u00f5es e honor\u00e1rios\" class=\"wp-image-61848\" srcset=\"https:\/\/www.em.com.br\/emfoco\/wp-content\/uploads\/2025\/06\/calculadora_1750113808138-1024x576.jpg 1024w, https:\/\/www.em.com.br\/emfoco\/wp-content\/uploads\/2025\/06\/calculadora_1750113808138-300x169.jpg 300w, https:\/\/www.em.com.br\/emfoco\/wp-content\/uploads\/2025\/06\/calculadora_1750113808138-768x432.jpg 768w, https:\/\/www.em.com.br\/emfoco\/wp-content\/uploads\/2025\/06\/calculadora_1750113808138-750x422.jpg 750w, https:\/\/www.em.com.br\/emfoco\/wp-content\/uploads\/2025\/06\/calculadora_1750113808138-1140x641.jpg 1140w, https:\/\/www.em.com.br\/emfoco\/wp-content\/uploads\/2025\/06\/calculadora_1750113808138.jpg 1280w\" sizes=\"auto, (max-width: 1024px) 100vw, 1024px\" \/><figcaption class=\"wp-element-caption\">Executivos fazendo contas &#8211; Cr\u00e9ditos: depositphotos.com \/ AndrewLozovyi<\/figcaption><\/figure><\/div>\n\n\n<p>Para se qualificar \u00e0 <strong>Tarifa Social<\/strong>, as fam\u00edlias devem estar ativas e devidamente cadastradas no <strong>Cad\u00danico<\/strong>, banco de dados nacional que re\u00fane informa\u00e7\u00f5es da popula\u00e7\u00e3o de baixa renda. A atualiza\u00e7\u00e3o regular dessas informa\u00e7\u00f5es \u00e9 fundamental para manuten\u00e7\u00e3o do benef\u00edcio. O processo de concess\u00e3o \u00e9 realizado de forma totalmente automatizada, sem a necessidade de solicita\u00e7\u00f5es presenciais, o que agiliza e facilita a ades\u00e3o.<\/p>\n\n\n\n<p>A gest\u00e3o \u00e9 feita pela <strong>DMAE<\/strong> em parceria com a <strong>Arisb-MG<\/strong>, assegurando que apenas os realmente eleg\u00edveis recebam o desconto. A automatiza\u00e7\u00e3o do sistema evita fraudes e amplia a efici\u00eancia no atendimento, refor\u00e7ando o compromisso do munic\u00edpio com a justi\u00e7a social e a correta destina\u00e7\u00e3o dos recursos p\u00fablicos.<\/p>\n\n\n\n<h2 class=\"wp-block-heading\">Vantagens e descontos oferecidos pelo programa<\/h2>\n\n\n\n<p>Entre os principais benef\u00edcios, o desconto de 50% na conta de \u00e1gua representa um importante al\u00edvio financeiro para benefici\u00e1rios. Mesmo ap\u00f3s o reajuste tarif\u00e1rio de 4,04%, a tarifa m\u00ednima para consumo residencial caiu de R$ 66,40 para R$ 33,20 para as fam\u00edlias contempladas. Isso permite que recursos economizados sejam usados para outras necessidades essenciais.<\/p>\n\n\n\n<p>Al\u00e9m do desconto na tarifa mensal, os im\u00f3veis classificados como <strong>Residencial e Residencial Social<\/strong> contam tamb\u00e9m com a isen\u00e7\u00e3o da taxa de primeira liga\u00e7\u00e3o de \u00e1gua e esgoto, conforme previsto na <strong>resolu\u00e7\u00e3o n\u00ba 339 da Arisb-MG<\/strong>. Essa condi\u00e7\u00e3o amplia o acesso \u00e0 infraestrutura b\u00e1sica de saneamento, promovendo sa\u00fade p\u00fablica e qualidade de vida.<\/p>\n\n\n\n<h2 class=\"wp-block-heading\">Impacto social e econ\u00f4mico nas fam\u00edlias beneficiadas<\/h2>\n\n\n\n<p>O impacto da <strong>Tarifa Social<\/strong> vai al\u00e9m da redu\u00e7\u00e3o de despesas, pois contribui diretamente para o bem-estar das fam\u00edlias de baixa renda, facilitando o acesso cont\u00ednuo \u00e0 \u00e1gua pot\u00e1vel e ao esgotamento sanit\u00e1rio. Isso reduz riscos \u00e0 sa\u00fade e melhora indicadores sociais na regi\u00e3o.<\/p>\n\n\n\n<p>Com menos gastos em contas b\u00e1sicas, as fam\u00edlias beneficiadas podem investir o dinheiro economizado em alimenta\u00e7\u00e3o, educa\u00e7\u00e3o e outras necessidades priorit\u00e1rias. A pol\u00edtica refor\u00e7a o papel do saneamento como direito humano fundamental e instrumento efetivo de inclus\u00e3o social e promo\u00e7\u00e3o da dignidade.<\/p>\n\n\n\n<p>Leia mais: <a href=\"https:\/\/www.em.com.br\/emfoco\/2025\/09\/25\/tarifa-social-de-energia-eletrica-em-2025-garante-alivio-na-conta-de-luz\/\" target=\"_blank\" rel=\"noreferrer noopener\">Tarifa social de energia el\u00e9trica em 2025 garante al\u00edvio na conta de luz<\/a><\/p>\n\n\n\n<h2 class=\"wp-block-heading\">Desafios e perspectivas para o futuro do programa<\/h2>\n\n\n\n<p>Apesar dos avan\u00e7os, o programa enfrenta desafios como a necessidade de manter o <strong>Cad\u00danico <\/strong>constantemente atualizado e fiscalizar a correta destina\u00e7\u00e3o dos benef\u00edcios. A participa\u00e7\u00e3o ativa da popula\u00e7\u00e3o e a efic\u00e1cia dos \u00f3rg\u00e3os gestores s\u00e3o fundamentais para o sucesso e continuidade da <strong><a href=\"https:\/\/www.gov.br\/mme\/pt-br\/assuntos\/noticias\/tarifa-social-saiba-como-funciona-e-quem-pode-pedir-desconto\" target=\"_blank\" rel=\"noreferrer noopener\">Tarifa Social<\/a><\/strong>.<\/p>\n\n\n\n<p>Para o futuro, espera-se ampliar o alcance do programa, incorporar novas tecnologias de gest\u00e3o e fortalecer a\u00e7\u00f5es de educa\u00e7\u00e3o socioambiental. Dessa forma, a <strong>Tarifa Social de \u00c1gua e Esgoto<\/strong> pode consolidar-se como refer\u00eancia em prote\u00e7\u00e3o social e sustentabilidade urbana em <strong>Po\u00e7os de Caldas<\/strong> e al\u00e9m.<\/p>\n","protected":false},"excerpt":{"rendered":"<p>No cen\u00e1rio recente do abastecimento de \u00e1gua e esgoto em Po\u00e7os de Caldas, destaca-se a amplia\u00e7\u00e3o do cadastro de indiv\u00edduos beneficiados pela Tarifa Social promovida pelo Departamento Municipal de \u00c1gua e Esgoto (DMAE). Essa iniciativa tem como objetivo principal facilitar e ampliar o acesso \u00e0 \u00e1gua e saneamento para fam\u00edlias de baixa renda, garantindo mais [&hellip;]<\/p>\n","protected":false},"author":20,"featured_media":108768,"comment_status":"open","ping_status":"open","sticky":false,"template":"","format":"standard","meta":{"jnews-multi-image_gallery":[],"jnews_single_post":{"format":"standard"},"jnews_primary_category":[],"jnews_social_meta":[],"jnews_override_counter":[],"footnotes":""},"categories":[28,1],"tags":[16814,16813,1016],"class_list":["post-109983","post","type-post","status-publish","format-standard","has-post-thumbnail","hentry","category-economia","category-noticias","tag-dmae","tag-pocos-de-calda","tag-tarifa-social"],"yoast_head":"<!-- This site is optimized with the Yoast SEO plugin v23.8 - https:\/\/yoast.com\/wordpress\/plugins\/seo\/ -->\n<title>Mais de 2,8 mil fam\u00edlias ter\u00e3o redu\u00e7\u00e3o na conta de \u00e1gua com a Tarifa Social - Estado de Minas - Em foco<\/title>\n<meta name=\"description\" content=\"A Tarifa Social j\u00e1 beneficia 2.848 fam\u00edlias em Po\u00e7os de Caldas com redu\u00e7\u00e3o de 50% na conta de \u00e1gua e isen\u00e7\u00e3o de taxa de liga\u00e7\u00e3o.\" \/>\n<meta name=\"robots\" content=\"index, follow, max-snippet:-1, max-image-preview:large, max-video-preview:-1\" \/>\n<link rel=\"canonical\" href=\"https:\/\/www.em.com.br\/emfoco\/2025\/10\/01\/mais-de-28-mil-familias-terao-reducao-na-conta-de-agua-com-a-tarifa-social\/\" \/>\n<meta property=\"og:locale\" content=\"pt_BR\" \/>\n<meta property=\"og:type\" content=\"article\" \/>\n<meta property=\"og:title\" content=\"Mais de 2,8 mil fam\u00edlias ter\u00e3o redu\u00e7\u00e3o na conta de \u00e1gua com a Tarifa Social - Estado de Minas - Em foco\" \/>\n<meta property=\"og:description\" content=\"A Tarifa Social j\u00e1 beneficia 2.848 fam\u00edlias em Po\u00e7os de Caldas com redu\u00e7\u00e3o de 50% na conta de \u00e1gua e isen\u00e7\u00e3o de taxa de liga\u00e7\u00e3o.\" \/>\n<meta property=\"og:url\" content=\"https:\/\/www.em.com.br\/emfoco\/2025\/10\/01\/mais-de-28-mil-familias-terao-reducao-na-conta-de-agua-com-a-tarifa-social\/\" \/>\n<meta property=\"og:site_name\" content=\"Estado de Minas - Em foco\" \/>\n<meta property=\"article:published_time\" content=\"2025-10-02T00:58:00+00:00\" \/>\n<meta property=\"article:modified_time\" content=\"2025-09-30T17:50:09+00:00\" \/>\n<meta property=\"og:image\" content=\"https:\/\/www.em.com.br\/emfoco\/wp-content\/uploads\/2025\/09\/estudando_1756919554839.jpg\" \/>\n\t<meta property=\"og:image:width\" content=\"1280\" \/>\n\t<meta property=\"og:image:height\" content=\"720\" \/>\n\t<meta property=\"og:image:type\" content=\"image\/jpeg\" \/>\n<meta name=\"author\" content=\"Ingrid Diniz\" \/>\n<meta name=\"twitter:card\" content=\"summary_large_image\" \/>\n<meta name=\"twitter:label1\" content=\"Escrito por\" \/>\n\t<meta name=\"twitter:data1\" content=\"Ingrid Diniz\" \/>\n\t<meta name=\"twitter:label2\" content=\"Est. tempo de leitura\" \/>\n\t<meta name=\"twitter:data2\" content=\"4 minutos\" \/>\n<!-- \/ Yoast SEO plugin. -->","yoast_head_json":{"title":"Mais de 2,8 mil fam\u00edlias ter\u00e3o redu\u00e7\u00e3o na conta de \u00e1gua com a Tarifa Social - Estado de Minas - Em foco","description":"A Tarifa Social j\u00e1 beneficia 2.848 fam\u00edlias em Po\u00e7os de Caldas com redu\u00e7\u00e3o de 50% na conta de \u00e1gua e isen\u00e7\u00e3o de taxa de liga\u00e7\u00e3o.","robots":{"index":"index","follow":"follow","max-snippet":"max-snippet:-1","max-image-preview":"max-image-preview:large","max-video-preview":"max-video-preview:-1"},"canonical":"https:\/\/www.em.com.br\/emfoco\/2025\/10\/01\/mais-de-28-mil-familias-terao-reducao-na-conta-de-agua-com-a-tarifa-social\/","og_locale":"pt_BR","og_type":"article","og_title":"Mais de 2,8 mil fam\u00edlias ter\u00e3o redu\u00e7\u00e3o na conta de \u00e1gua com a Tarifa Social - Estado de Minas - Em foco","og_description":"A Tarifa Social j\u00e1 beneficia 2.848 fam\u00edlias em Po\u00e7os de Caldas com redu\u00e7\u00e3o de 50% na conta de \u00e1gua e isen\u00e7\u00e3o de taxa de liga\u00e7\u00e3o.","og_url":"https:\/\/www.em.com.br\/emfoco\/2025\/10\/01\/mais-de-28-mil-familias-terao-reducao-na-conta-de-agua-com-a-tarifa-social\/","og_site_name":"Estado de Minas - Em foco","article_published_time":"2025-10-02T00:58:00+00:00","article_modified_time":"2025-09-30T17:50:09+00:00","og_image":[{"width":1280,"height":720,"url":"https:\/\/www.em.com.br\/emfoco\/wp-content\/uploads\/2025\/09\/estudando_1756919554839.jpg","type":"image\/jpeg"}],"author":"Ingrid Diniz","twitter_card":"summary_large_image","twitter_misc":{"Escrito por":"Ingrid Diniz","Est. tempo de leitura":"4 minutos"},"schema":{"@context":"https:\/\/schema.org","@graph":[{"@type":"WebPage","@id":"https:\/\/www.em.com.br\/emfoco\/2025\/10\/01\/mais-de-28-mil-familias-terao-reducao-na-conta-de-agua-com-a-tarifa-social\/","url":"https:\/\/www.em.com.br\/emfoco\/2025\/10\/01\/mais-de-28-mil-familias-terao-reducao-na-conta-de-agua-com-a-tarifa-social\/","name":"Mais de 2,8 mil fam\u00edlias ter\u00e3o redu\u00e7\u00e3o na conta de \u00e1gua com a Tarifa Social - Estado de Minas - Em foco","isPartOf":{"@id":"https:\/\/www.em.com.br\/emfoco\/#website"},"primaryImageOfPage":{"@id":"https:\/\/www.em.com.br\/emfoco\/2025\/10\/01\/mais-de-28-mil-familias-terao-reducao-na-conta-de-agua-com-a-tarifa-social\/#primaryimage"},"image":{"@id":"https:\/\/www.em.com.br\/emfoco\/2025\/10\/01\/mais-de-28-mil-familias-terao-reducao-na-conta-de-agua-com-a-tarifa-social\/#primaryimage"},"thumbnailUrl":"https:\/\/www.em.com.br\/emfoco\/wp-content\/uploads\/2025\/09\/estudando_1756919554839.jpg","datePublished":"2025-10-02T00:58:00+00:00","dateModified":"2025-09-30T17:50:09+00:00","author":{"@id":"https:\/\/www.em.com.br\/emfoco\/#\/schema\/person\/649e610b4eb8fff87ff394e54fe17b2b"},"description":"A Tarifa Social j\u00e1 beneficia 2.848 fam\u00edlias em Po\u00e7os de Caldas com redu\u00e7\u00e3o de 50% na conta de \u00e1gua e isen\u00e7\u00e3o de taxa de liga\u00e7\u00e3o.","breadcrumb":{"@id":"https:\/\/www.em.com.br\/emfoco\/2025\/10\/01\/mais-de-28-mil-familias-terao-reducao-na-conta-de-agua-com-a-tarifa-social\/#breadcrumb"},"inLanguage":"pt-BR","potentialAction":[{"@type":"ReadAction","target":["https:\/\/www.em.com.br\/emfoco\/2025\/10\/01\/mais-de-28-mil-familias-terao-reducao-na-conta-de-agua-com-a-tarifa-social\/"]}]},{"@type":"ImageObject","inLanguage":"pt-BR","@id":"https:\/\/www.em.com.br\/emfoco\/2025\/10\/01\/mais-de-28-mil-familias-terao-reducao-na-conta-de-agua-com-a-tarifa-social\/#primaryimage","url":"https:\/\/www.em.com.br\/emfoco\/wp-content\/uploads\/2025\/09\/estudando_1756919554839.jpg","contentUrl":"https:\/\/www.em.com.br\/emfoco\/wp-content\/uploads\/2025\/09\/estudando_1756919554839.jpg","width":1280,"height":720,"caption":"Como h\u00e1bitos pequenos podem salvar a rotina de qualquer estudante - Cr\u00e9ditos: depositphotos.com \/ AndrewLozovyi"},{"@type":"BreadcrumbList","@id":"https:\/\/www.em.com.br\/emfoco\/2025\/10\/01\/mais-de-28-mil-familias-terao-reducao-na-conta-de-agua-com-a-tarifa-social\/#breadcrumb","itemListElement":[{"@type":"ListItem","position":1,"name":"In\u00edcio","item":"https:\/\/www.em.com.br\/emfoco\/"},{"@type":"ListItem","position":2,"name":"Mais de 2,8 mil fam\u00edlias ter\u00e3o redu\u00e7\u00e3o na conta de \u00e1gua com a Tarifa Social"}]},{"@type":"WebSite","@id":"https:\/\/www.em.com.br\/emfoco\/#website","url":"https:\/\/www.em.com.br\/emfoco\/","name":"Estado de Minas - Em foco","description":"Acompanhe as \u00faltimas not\u00edcias e fique bem informado sobre tudo o que acontece em Minas Gerais, Brasil e no mundo.","potentialAction":[{"@type":"SearchAction","target":{"@type":"EntryPoint","urlTemplate":"https:\/\/www.em.com.br\/emfoco\/?s={search_term_string}"},"query-input":{"@type":"PropertyValueSpecification","valueRequired":true,"valueName":"search_term_string"}}],"inLanguage":"pt-BR"},{"@type":"Person","@id":"https:\/\/www.em.com.br\/emfoco\/#\/schema\/person\/649e610b4eb8fff87ff394e54fe17b2b","name":"Ingrid Diniz","image":{"@type":"ImageObject","inLanguage":"pt-BR","@id":"https:\/\/www.em.com.br\/emfoco\/#\/schema\/person\/image\/","url":"https:\/\/secure.gravatar.com\/avatar\/a3baa1449ec5c39b4c42babc9d4f3951?s=96&d=mm&r=g","contentUrl":"https:\/\/secure.gravatar.com\/avatar\/a3baa1449ec5c39b4c42babc9d4f3951?s=96&d=mm&r=g","caption":"Ingrid Diniz"},"sameAs":["https:\/\/www.em.com.br\/"],"url":"https:\/\/www.em.com.br\/emfoco\/author\/ingridmyth\/"}]}},"_links":{"self":[{"href":"https:\/\/www.em.com.br\/emfoco\/wp-json\/wp\/v2\/posts\/109983","targetHints":{"allow":["GET"]}}],"collection":[{"href":"https:\/\/www.em.com.br\/emfoco\/wp-json\/wp\/v2\/posts"}],"about":[{"href":"https:\/\/www.em.com.br\/emfoco\/wp-json\/wp\/v2\/types\/post"}],"author":[{"embeddable":true,"href":"https:\/\/www.em.com.br\/emfoco\/wp-json\/wp\/v2\/users\/20"}],"replies":[{"embeddable":true,"href":"https:\/\/www.em.com.br\/emfoco\/wp-json\/wp\/v2\/comments?post=109983"}],"version-history":[{"count":2,"href":"https:\/\/www.em.com.br\/emfoco\/wp-json\/wp\/v2\/posts\/109983\/revisions"}],"predecessor-version":[{"id":109994,"href":"https:\/\/www.em.com.br\/emfoco\/wp-json\/wp\/v2\/posts\/109983\/revisions\/109994"}],"wp:featuredmedia":[{"embeddable":true,"href":"https:\/\/www.em.com.br\/emfoco\/wp-json\/wp\/v2\/media\/108768"}],"wp:attachment":[{"href":"https:\/\/www.em.com.br\/emfoco\/wp-json\/wp\/v2\/media?parent=109983"}],"wp:term":[{"taxonomy":"category","embeddable":true,"href":"https:\/\/www.em.com.br\/emfoco\/wp-json\/wp\/v2\/categories?post=109983"},{"taxonomy":"post_tag","embeddable":true,"href":"https:\/\/www.em.com.br\/emfoco\/wp-json\/wp\/v2\/tags?post=109983"}],"curies":[{"name":"wp","href":"https:\/\/api.w.org\/{rel}","templated":true}]}}