{"id":109957,"date":"2025-10-01T09:08:00","date_gmt":"2025-10-01T12:08:00","guid":{"rendered":"https:\/\/www.em.com.br\/emfoco\/?p=109957"},"modified":"2025-09-30T13:24:31","modified_gmt":"2025-09-30T16:24:31","slug":"a-bebida-simples-que-pode-aliviar-inflamacoes-e-fortalecer-o-corpo","status":"publish","type":"post","link":"https:\/\/www.em.com.br\/emfoco\/2025\/10\/01\/a-bebida-simples-que-pode-aliviar-inflamacoes-e-fortalecer-o-corpo\/","title":{"rendered":"A bebida simples que pode aliviar inflama\u00e7\u00f5es e fortalecer o corpo"},"content":{"rendered":"\n<p>O <strong>ch\u00e1 de malva \u00e9 uma bebida que tem sido utilizada h\u00e1 s\u00e9culos por suas propriedades medicinais<\/strong>. A planta malva, conhecida cientificamente como <em>Malva sylvestris<\/em>, \u00e9 apreciada por suas v\u00e1rias aplica\u00e7\u00f5es terap\u00eauticas devido a suas caracter\u00edsticas naturais. Origin\u00e1ria das regi\u00f5es da <strong>Europa<\/strong> e <strong>\u00c1sia<\/strong>, <strong>suas folhas e flores <\/strong>s\u00e3o as partes mais comumente empregadas na prepara\u00e7\u00e3o de ch\u00e1s e infus\u00f5es. Com uma presen\u00e7a marcante em jardas e terrenos baldios, a malva mostra-se como uma planta acess\u00edvel e de f\u00e1cil cultivo em solo temperado.<\/p>\n\n\n\n<p>Em muitas culturas,<strong> o ch\u00e1 feito da planta malva \u00e9 amplamente reconhecido como um rem\u00e9dio eficaz para diversos problemas de sa\u00fade.<\/strong> Sua fama principal deriva de suas propriedades cicatrizantes e anti-inflamat\u00f3rias, que s\u00e3o bastante ben\u00e9ficas para uma variedade de condi\u00e7\u00f5es. Com suas flores de colora\u00e7\u00e3o roxa vibrante, a malva n\u00e3o s\u00f3 embeleza os jardins, mas tamb\u00e9m serve como uma solu\u00e7\u00e3o natural para diferentes males, sendo, por isso, muito valorizada na medicina popular.<\/p>\n\n\n\n<h2 class=\"wp-block-heading\">Quais os benef\u00edcios do ch\u00e1 de malva para a sa\u00fade?<\/h2>\n\n\n\n<p>Os usos medicinais do ch\u00e1 de malva s\u00e3o amplos e significativamente comprovados por evid\u00eancias tradicionais. Uma de suas propriedades mais celebradas <strong>\u00e9 sua capacidade de auxiliar na cicatriza\u00e7\u00e3o de feridas e irrita\u00e7\u00f5es na pele<\/strong>. A malva cont\u00e9m mucilagem, uma subst\u00e2ncia gelatinosa que age como um emoliente natural, proporcionando um al\u00edvio calmante para mucosas inflamadas ou \u00e1reas sens\u00edveis na superf\u00edcie da pele.<\/p>\n\n\n\n<p>Al\u00e9m disso, devido \u00e0s suas<strong> propriedades anti-inflamat\u00f3rias<\/strong>, a malva \u00e9 eficaz no al\u00edvio de sintomas de gripes e resfriados, como dor de garganta e tosse persistente. Consumir o <strong>ch\u00e1 <\/strong>pode facilitar a expuls\u00e3o do muco e aliviar a irrita\u00e7\u00e3o nas vias respirat\u00f3rias, oferecendo uma sensa\u00e7\u00e3o de bem-estar. Este efeito calmante estende-se tamb\u00e9m ao<a href=\"https:\/\/www.oncoguia.org.br\/conteudo\/o-trato-gastrointestinal\/743\/171\/\" target=\"_blank\" rel=\"noreferrer noopener\"> trato gastrointestinal<\/a>, onde a malva pode ajudar a diminuir a inflama\u00e7\u00e3o e atuar no al\u00edvio de desconfortos estomacais.<\/p>\n\n\n<div class=\"wp-block-image\">\n<figure class=\"aligncenter size-large\"><img loading=\"lazy\" decoding=\"async\" width=\"1024\" height=\"576\" src=\"https:\/\/www.em.com.br\/emfoco\/wp-content\/uploads\/2025\/09\/Malva_1757632185604-1024x576.jpg\" alt=\"\" class=\"wp-image-103431\" srcset=\"https:\/\/www.em.com.br\/emfoco\/wp-content\/uploads\/2025\/09\/Malva_1757632185604-1024x576.jpg 1024w, https:\/\/www.em.com.br\/emfoco\/wp-content\/uploads\/2025\/09\/Malva_1757632185604-300x169.jpg 300w, https:\/\/www.em.com.br\/emfoco\/wp-content\/uploads\/2025\/09\/Malva_1757632185604-768x432.jpg 768w, https:\/\/www.em.com.br\/emfoco\/wp-content\/uploads\/2025\/09\/Malva_1757632185604-750x422.jpg 750w, https:\/\/www.em.com.br\/emfoco\/wp-content\/uploads\/2025\/09\/Malva_1757632185604-1140x641.jpg 1140w, https:\/\/www.em.com.br\/emfoco\/wp-content\/uploads\/2025\/09\/Malva_1757632185604.jpg 1280w\" sizes=\"auto, (max-width: 1024px) 100vw, 1024px\" \/><figcaption class=\"wp-element-caption\">Malva &#8211; Cr\u00e9ditos: depositphotos.com \/ nicolariccimn<\/figcaption><\/figure><\/div>\n\n\n<h2 class=\"wp-block-heading\">Como preparar o ch\u00e1 de malva?<\/h2>\n\n\n\n<p>Preparar o ch\u00e1 de malva \u00e9 um processo simples que preserva suas propriedades ben\u00e9ficas. Para fazer a infus\u00e3o, se recomenda utilizar \u00e1gua fervente e partes frescas ou secas da malva. Veja como preparar:<\/p>\n\n\n\n<ol class=\"wp-block-list\">\n<li>Colher ou adquirir folhas e flores de malva, certificando-se de sua qualidade.<\/li>\n\n\n\n<li>Utilizar uma colher de sopa de malva para cada x\u00edcara de \u00e1gua em temperatura fervente.<\/li>\n\n\n\n<li>Deixar em infus\u00e3o por cerca de 10 minutos, garantindo a m\u00e1xima extra\u00e7\u00e3o dos componentes ativos.<\/li>\n\n\n\n<li>Coar as partes s\u00f3lidas e consumir o ch\u00e1 preferencialmente sem ado\u00e7ar, para manter suas propriedades naturais.<\/li>\n<\/ol>\n\n\n\n<p>\u00c9 importante que a malva seja colhida de \u00e1reas sem contamina\u00e7\u00e3o e que seja corretamente identificada, pois o uso de plantas similares pode n\u00e3o trazer os mesmos benef\u00edcios e representar riscos \u00e0 sa\u00fade.&nbsp;<\/p>\n\n\n\n<p>Leia tamb\u00e9m: <a href=\"https:\/\/www.em.com.br\/emfoco\/2025\/08\/23\/os-chas-para-reduzir-a-retencao-de-liquidos-e-prevenir-calculos-renais\/\" target=\"_blank\" rel=\"noreferrer noopener\">Os ch\u00e1s para reduzir a reten\u00e7\u00e3o de l\u00edquidos e prevenir c\u00e1lculos renais<\/a><\/p>\n\n\n\n<h2 class=\"wp-block-heading\">Quais cuidados devem ser tomados ao consumir o ch\u00e1 de malva?<\/h2>\n\n\n\n<p>Embora o <strong>ch\u00e1 de malva<\/strong> seja considerado seguro para a maioria das pessoas, alguns cuidados s\u00e3o recomend\u00e1veis. \u00c9 importante n\u00e3o exceder o consumo di\u00e1rio recomendado e estar atento a <strong>poss\u00edveis rea\u00e7\u00f5es al\u00e9rgicas<\/strong>, especialmente se a pessoa n\u00e3o tiver consumido a planta previamente. Mulheres gr\u00e1vidas ou em per\u00edodo de amamenta\u00e7\u00e3o devem consultar um profissional de sa\u00fade antes de adicionar o ch\u00e1 de malva \u00e0 sua dieta, assegurando que o consumo n\u00e3o causar\u00e1 efeitos adversos.<\/p>\n\n\n\n<p>A malva, como parte integral da fitoterapia, exemplifica o poder das plantas na manuten\u00e7\u00e3o e recupera\u00e7\u00e3o da sa\u00fade, comprovando-se como um recurso valioso na preven\u00e7\u00e3o e tratamento de v\u00e1rias doen\u00e7as. Integr\u00e1-la na rotina di\u00e1ria, seja como ch\u00e1 ou outro preparado, pode ser uma forma simples e natural de promover o bem-estar geral.<\/p>\n","protected":false},"excerpt":{"rendered":"<p>O ch\u00e1 de malva \u00e9 uma bebida que tem sido utilizada h\u00e1 s\u00e9culos por suas propriedades medicinais. A planta malva, conhecida cientificamente como Malva sylvestris, \u00e9 apreciada por suas v\u00e1rias aplica\u00e7\u00f5es terap\u00eauticas devido a suas caracter\u00edsticas naturais. Origin\u00e1ria das regi\u00f5es da Europa e \u00c1sia, suas folhas e flores s\u00e3o as partes mais comumente empregadas na [&hellip;]<\/p>\n","protected":false},"author":9,"featured_media":103429,"comment_status":"open","ping_status":"open","sticky":false,"template":"","format":"standard","meta":{"jnews-multi-image_gallery":[],"jnews_single_post":{"format":"standard"},"jnews_primary_category":[],"jnews_social_meta":[],"jnews_override_counter":[],"footnotes":""},"categories":[1,9053],"tags":[13775,6096,15892,6632],"class_list":["post-109957","post","type-post","status-publish","format-standard","has-post-thumbnail","hentry","category-noticias","category-saude","tag-chas-medicinais","tag-fitoterapia","tag-malva","tag-saude-natural"],"yoast_head":"<!-- This site is optimized with the Yoast SEO plugin v23.8 - https:\/\/yoast.com\/wordpress\/plugins\/seo\/ -->\n<title>A bebida simples que pode aliviar inflama\u00e7\u00f5es e fortalecer o corpo<\/title>\n<meta name=\"description\" content=\"Uma infus\u00e3o natural capaz de acalmar inflama\u00e7\u00f5es, aliviar tosse, cuidar da pele e trazer equil\u00edbrio ao corpo de forma simples e segura.\" \/>\n<meta name=\"robots\" content=\"index, follow, max-snippet:-1, max-image-preview:large, max-video-preview:-1\" \/>\n<link rel=\"canonical\" href=\"https:\/\/www.em.com.br\/emfoco\/2025\/10\/01\/a-bebida-simples-que-pode-aliviar-inflamacoes-e-fortalecer-o-corpo\/\" \/>\n<meta property=\"og:locale\" content=\"pt_BR\" \/>\n<meta property=\"og:type\" content=\"article\" \/>\n<meta property=\"og:title\" content=\"A bebida simples que pode aliviar inflama\u00e7\u00f5es e fortalecer o corpo\" \/>\n<meta property=\"og:description\" content=\"Uma infus\u00e3o natural capaz de acalmar inflama\u00e7\u00f5es, aliviar tosse, cuidar da pele e trazer equil\u00edbrio ao corpo de forma simples e segura.\" \/>\n<meta property=\"og:url\" content=\"https:\/\/www.em.com.br\/emfoco\/2025\/10\/01\/a-bebida-simples-que-pode-aliviar-inflamacoes-e-fortalecer-o-corpo\/\" \/>\n<meta property=\"og:site_name\" content=\"Estado de Minas - Em foco\" \/>\n<meta property=\"article:published_time\" content=\"2025-10-01T12:08:00+00:00\" \/>\n<meta property=\"article:modified_time\" content=\"2025-09-30T16:24:31+00:00\" \/>\n<meta property=\"og:image\" content=\"https:\/\/www.em.com.br\/emfoco\/wp-content\/uploads\/2025\/09\/Malva_1757632076566.jpg\" \/>\n\t<meta property=\"og:image:width\" content=\"1280\" \/>\n\t<meta property=\"og:image:height\" content=\"720\" \/>\n\t<meta property=\"og:image:type\" content=\"image\/jpeg\" \/>\n<meta name=\"author\" content=\"Daniely Cardoso\" \/>\n<meta name=\"twitter:card\" content=\"summary_large_image\" \/>\n<meta name=\"twitter:label1\" content=\"Escrito por\" \/>\n\t<meta name=\"twitter:data1\" content=\"Daniely Cardoso\" \/>\n\t<meta name=\"twitter:label2\" content=\"Est. tempo de leitura\" \/>\n\t<meta name=\"twitter:data2\" content=\"4 minutos\" \/>\n<!-- \/ Yoast SEO plugin. -->","yoast_head_json":{"title":"A bebida simples que pode aliviar inflama\u00e7\u00f5es e fortalecer o corpo","description":"Uma infus\u00e3o natural capaz de acalmar inflama\u00e7\u00f5es, aliviar tosse, cuidar da pele e trazer equil\u00edbrio ao corpo de forma simples e segura.","robots":{"index":"index","follow":"follow","max-snippet":"max-snippet:-1","max-image-preview":"max-image-preview:large","max-video-preview":"max-video-preview:-1"},"canonical":"https:\/\/www.em.com.br\/emfoco\/2025\/10\/01\/a-bebida-simples-que-pode-aliviar-inflamacoes-e-fortalecer-o-corpo\/","og_locale":"pt_BR","og_type":"article","og_title":"A bebida simples que pode aliviar inflama\u00e7\u00f5es e fortalecer o corpo","og_description":"Uma infus\u00e3o natural capaz de acalmar inflama\u00e7\u00f5es, aliviar tosse, cuidar da pele e trazer equil\u00edbrio ao corpo de forma simples e segura.","og_url":"https:\/\/www.em.com.br\/emfoco\/2025\/10\/01\/a-bebida-simples-que-pode-aliviar-inflamacoes-e-fortalecer-o-corpo\/","og_site_name":"Estado de Minas - Em foco","article_published_time":"2025-10-01T12:08:00+00:00","article_modified_time":"2025-09-30T16:24:31+00:00","og_image":[{"width":1280,"height":720,"url":"https:\/\/www.em.com.br\/emfoco\/wp-content\/uploads\/2025\/09\/Malva_1757632076566.jpg","type":"image\/jpeg"}],"author":"Daniely Cardoso","twitter_card":"summary_large_image","twitter_misc":{"Escrito por":"Daniely Cardoso","Est. tempo de leitura":"4 minutos"},"schema":{"@context":"https:\/\/schema.org","@graph":[{"@type":"WebPage","@id":"https:\/\/www.em.com.br\/emfoco\/2025\/10\/01\/a-bebida-simples-que-pode-aliviar-inflamacoes-e-fortalecer-o-corpo\/","url":"https:\/\/www.em.com.br\/emfoco\/2025\/10\/01\/a-bebida-simples-que-pode-aliviar-inflamacoes-e-fortalecer-o-corpo\/","name":"A bebida simples que pode aliviar inflama\u00e7\u00f5es e fortalecer o corpo","isPartOf":{"@id":"https:\/\/www.em.com.br\/emfoco\/#website"},"primaryImageOfPage":{"@id":"https:\/\/www.em.com.br\/emfoco\/2025\/10\/01\/a-bebida-simples-que-pode-aliviar-inflamacoes-e-fortalecer-o-corpo\/#primaryimage"},"image":{"@id":"https:\/\/www.em.com.br\/emfoco\/2025\/10\/01\/a-bebida-simples-que-pode-aliviar-inflamacoes-e-fortalecer-o-corpo\/#primaryimage"},"thumbnailUrl":"https:\/\/www.em.com.br\/emfoco\/wp-content\/uploads\/2025\/09\/Malva_1757632076566.jpg","datePublished":"2025-10-01T12:08:00+00:00","dateModified":"2025-09-30T16:24:31+00:00","author":{"@id":"https:\/\/www.em.com.br\/emfoco\/#\/schema\/person\/0a8186d72f2c3a5c6276d90b41f271a0"},"description":"Uma infus\u00e3o natural capaz de acalmar inflama\u00e7\u00f5es, aliviar tosse, cuidar da pele e trazer equil\u00edbrio ao corpo de forma simples e segura.","breadcrumb":{"@id":"https:\/\/www.em.com.br\/emfoco\/2025\/10\/01\/a-bebida-simples-que-pode-aliviar-inflamacoes-e-fortalecer-o-corpo\/#breadcrumb"},"inLanguage":"pt-BR","potentialAction":[{"@type":"ReadAction","target":["https:\/\/www.em.com.br\/emfoco\/2025\/10\/01\/a-bebida-simples-que-pode-aliviar-inflamacoes-e-fortalecer-o-corpo\/"]}]},{"@type":"ImageObject","inLanguage":"pt-BR","@id":"https:\/\/www.em.com.br\/emfoco\/2025\/10\/01\/a-bebida-simples-que-pode-aliviar-inflamacoes-e-fortalecer-o-corpo\/#primaryimage","url":"https:\/\/www.em.com.br\/emfoco\/wp-content\/uploads\/2025\/09\/Malva_1757632076566.jpg","contentUrl":"https:\/\/www.em.com.br\/emfoco\/wp-content\/uploads\/2025\/09\/Malva_1757632076566.jpg","width":1280,"height":720,"caption":"Malva - Cr\u00e9ditos: depositphotos.com \/ weha"},{"@type":"BreadcrumbList","@id":"https:\/\/www.em.com.br\/emfoco\/2025\/10\/01\/a-bebida-simples-que-pode-aliviar-inflamacoes-e-fortalecer-o-corpo\/#breadcrumb","itemListElement":[{"@type":"ListItem","position":1,"name":"In\u00edcio","item":"https:\/\/www.em.com.br\/emfoco\/"},{"@type":"ListItem","position":2,"name":"A bebida simples que pode aliviar inflama\u00e7\u00f5es e fortalecer o corpo"}]},{"@type":"WebSite","@id":"https:\/\/www.em.com.br\/emfoco\/#website","url":"https:\/\/www.em.com.br\/emfoco\/","name":"Estado de Minas - Em foco","description":"Acompanhe as \u00faltimas not\u00edcias e fique bem informado sobre tudo o que acontece em Minas Gerais, Brasil e no mundo.","potentialAction":[{"@type":"SearchAction","target":{"@type":"EntryPoint","urlTemplate":"https:\/\/www.em.com.br\/emfoco\/?s={search_term_string}"},"query-input":{"@type":"PropertyValueSpecification","valueRequired":true,"valueName":"search_term_string"}}],"inLanguage":"pt-BR"},{"@type":"Person","@id":"https:\/\/www.em.com.br\/emfoco\/#\/schema\/person\/0a8186d72f2c3a5c6276d90b41f271a0","name":"Daniely Cardoso","image":{"@type":"ImageObject","inLanguage":"pt-BR","@id":"https:\/\/www.em.com.br\/emfoco\/#\/schema\/person\/image\/","url":"https:\/\/secure.gravatar.com\/avatar\/4b80ddbd124d1f071b626d52d62e5dff?s=96&d=mm&r=g","contentUrl":"https:\/\/secure.gravatar.com\/avatar\/4b80ddbd124d1f071b626d52d62e5dff?s=96&d=mm&r=g","caption":"Daniely Cardoso"},"url":"https:\/\/www.em.com.br\/emfoco\/author\/danielymyth\/"}]}},"_links":{"self":[{"href":"https:\/\/www.em.com.br\/emfoco\/wp-json\/wp\/v2\/posts\/109957","targetHints":{"allow":["GET"]}}],"collection":[{"href":"https:\/\/www.em.com.br\/emfoco\/wp-json\/wp\/v2\/posts"}],"about":[{"href":"https:\/\/www.em.com.br\/emfoco\/wp-json\/wp\/v2\/types\/post"}],"author":[{"embeddable":true,"href":"https:\/\/www.em.com.br\/emfoco\/wp-json\/wp\/v2\/users\/9"}],"replies":[{"embeddable":true,"href":"https:\/\/www.em.com.br\/emfoco\/wp-json\/wp\/v2\/comments?post=109957"}],"version-history":[{"count":1,"href":"https:\/\/www.em.com.br\/emfoco\/wp-json\/wp\/v2\/posts\/109957\/revisions"}],"predecessor-version":[{"id":109963,"href":"https:\/\/www.em.com.br\/emfoco\/wp-json\/wp\/v2\/posts\/109957\/revisions\/109963"}],"wp:featuredmedia":[{"embeddable":true,"href":"https:\/\/www.em.com.br\/emfoco\/wp-json\/wp\/v2\/media\/103429"}],"wp:attachment":[{"href":"https:\/\/www.em.com.br\/emfoco\/wp-json\/wp\/v2\/media?parent=109957"}],"wp:term":[{"taxonomy":"category","embeddable":true,"href":"https:\/\/www.em.com.br\/emfoco\/wp-json\/wp\/v2\/categories?post=109957"},{"taxonomy":"post_tag","embeddable":true,"href":"https:\/\/www.em.com.br\/emfoco\/wp-json\/wp\/v2\/tags?post=109957"}],"curies":[{"name":"wp","href":"https:\/\/api.w.org\/{rel}","templated":true}]}}