{"id":109940,"date":"2025-10-01T16:08:00","date_gmt":"2025-10-01T19:08:00","guid":{"rendered":"https:\/\/www.em.com.br\/emfoco\/?p=109940"},"modified":"2025-09-30T13:07:32","modified_gmt":"2025-09-30T16:07:32","slug":"a-erva-mais-refrescante-e-aromatica-que-voce-pode-cultivar-em-casa","status":"publish","type":"post","link":"https:\/\/www.em.com.br\/emfoco\/2025\/10\/01\/a-erva-mais-refrescante-e-aromatica-que-voce-pode-cultivar-em-casa\/","title":{"rendered":"A erva mais refrescante e arom\u00e1tica que voc\u00ea pode cultivar em casa"},"content":{"rendered":"\n<p>O cultivo de <strong>hortel\u00e3 em casa oferece n\u00e3o apenas a conveni\u00eancia de ter esta erva fresca sempre \u00e0 m\u00e3o,<\/strong> mas tamb\u00e9m o prazer de cuidar de uma planta vers\u00e1til e arom\u00e1tica. A hortel\u00e3 \u00e9 uma das op\u00e7\u00f5es mais simples para jardinagem dom\u00e9stica devido \u00e0 sua resist\u00eancia e facilidade de adapta\u00e7\u00e3o em diferentes espa\u00e7os, seja em jardins ou em vasos. Para garantir que a planta cres\u00e7a saud\u00e1vel e vigorosa, \u00e9 necess\u00e1rio seguir alguns cuidados b\u00e1sicos, principalmente em rela\u00e7\u00e3o \u00e0 luminosidade e irriga\u00e7\u00e3o. Por exemplo, quem mora em cidades como <strong>S\u00e3o Paulo<\/strong> pode cultivar hortel\u00e3 em varandas de apartamentos, aproveitando a luz indireta t\u00e3o comum em grandes centros urbanos.<\/p>\n\n\n\n<p>Um dos fatores cruciais para o sucesso no <strong>cultivo de hortel\u00e3 \u00e9 a adequa\u00e7\u00e3o da ilumina\u00e7\u00e3o<\/strong>. A planta precisa de bastante luz, mas o sol direto pode ser prejudicial ao queimar suas folhas. Portanto, um local que ofere\u00e7a boa luminosidade com prote\u00e7\u00e3o contra a luz solar direta \u00e9 o ideal. Al\u00e9m disso, a hortel\u00e3 requer irriga\u00e7\u00e3o frequente, mas \u00e9 importante evitar <a href=\"https:\/\/rehagro.com.br\/blog\/materia-organica-no-solo\/\" target=\"_blank\" rel=\"noopener\">solo<\/a> encharcado. Manter a umidade constante \u00e9 o segredo para uma planta saud\u00e1vel.<\/p>\n\n\n\n<h2 class=\"wp-block-heading\">Quais os benef\u00edcios da hortel\u00e3?<\/h2>\n\n\n\n<p>A hortel\u00e3 n\u00e3o \u00e9 apenas f\u00e1cil de cultivar, mas tamb\u00e9m oferece diversos benef\u00edcios. Seu aroma intenso e sabor refrescante fazem dela uma escolha popular para a adi\u00e7\u00e3o em ch\u00e1s, bebidas e diversas prepara\u00e7\u00f5es culin\u00e1rias. Al\u00e9m disso, <strong>a hortel\u00e3 possui propriedades digestivas e pode ajudar na melhora de dist\u00farbios gastrointestinais leves<\/strong>. Seu uso tamb\u00e9m se estende para fins terap\u00eauticos, como al\u00edvio do estresse e melhora da qualidade do sono. Em alguns pa\u00edses, como <strong>Estados Unidos<\/strong>, a planta \u00e9 inclusive estudada por suas propriedades antioxidantes e seu uso em \u00f3leos essenciais.<\/p>\n\n\n\n<p>O seu cultivo em casa proporciona uma fonte constante de frescor, permitindo que as folhas sejam colhidas conforme a necessidade, garantindo sabores intensos nas prepara\u00e7\u00f5es di\u00e1rias.<\/p>\n\n\n\n<p>Leia tamb\u00e9m: <a href=\"https:\/\/www.em.com.br\/emfoco\/2025\/08\/23\/os-chas-para-reduzir-a-retencao-de-liquidos-e-prevenir-calculos-renais\/\" target=\"_blank\" rel=\"noreferrer noopener\">Os ch\u00e1s para reduzir a reten\u00e7\u00e3o de l\u00edquidos e prevenir c\u00e1lculos renais<\/a><\/p>\n\n\n\n<h2 class=\"wp-block-heading\">Como manter a hortel\u00e3 sempre vigorosa?<\/h2>\n\n\n\n<p>Para que a<strong> hortel\u00e3 se mantenha vigorosa por mais tempo, \u00e9 essencial praticar a poda regular<\/strong>. Remover flores quando aparecem \u00e9 uma estrat\u00e9gia importante, pois as flores podem indicar que a planta est\u00e1 concentrando menos energia na produ\u00e7\u00e3o de novas folhas. Podas leves e constantes tamb\u00e9m ajudam a manter a estrutura da planta organizada e promovem o crescimento robusto.<\/p>\n\n\n\n<p>Outro aspecto a considerar \u00e9 o uso de um substrato adequado que permita <strong>boa drenagem<\/strong>, evitando que a raiz apodre\u00e7a por excesso de umidade. O uso de fertilizantes simples pode auxiliar no fornecimento de nutrientes adicionais, mas com modera\u00e7\u00e3o para n\u00e3o prejudicar a hortel\u00e3.<\/p>\n\n\n<div class=\"wp-block-image\">\n<figure class=\"aligncenter size-large\"><img loading=\"lazy\" decoding=\"async\" width=\"1024\" height=\"576\" src=\"https:\/\/www.em.com.br\/emfoco\/wp-content\/uploads\/2025\/03\/hortela_1742953808540-1024x576.jpg\" alt=\"Aprenda como plantar hortel\u00e3 em casa, cuidar corretamente, evitar pragas e garantir uma colheita fresca o ano todo!\" class=\"wp-image-32362\" srcset=\"https:\/\/www.em.com.br\/emfoco\/wp-content\/uploads\/2025\/03\/hortela_1742953808540-1024x576.jpg 1024w, https:\/\/www.em.com.br\/emfoco\/wp-content\/uploads\/2025\/03\/hortela_1742953808540-300x169.jpg 300w, https:\/\/www.em.com.br\/emfoco\/wp-content\/uploads\/2025\/03\/hortela_1742953808540-768x432.jpg 768w, https:\/\/www.em.com.br\/emfoco\/wp-content\/uploads\/2025\/03\/hortela_1742953808540-750x422.jpg 750w, https:\/\/www.em.com.br\/emfoco\/wp-content\/uploads\/2025\/03\/hortela_1742953808540-1140x641.jpg 1140w, https:\/\/www.em.com.br\/emfoco\/wp-content\/uploads\/2025\/03\/hortela_1742953808540.jpg 1280w\" sizes=\"auto, (max-width: 1024px) 100vw, 1024px\" \/><figcaption class=\"wp-element-caption\">Hortel\u00e3 fresquinha &#8211; Cr\u00e9ditos: depositphotos.com \/ anskuw<\/figcaption><\/figure><\/div>\n\n\n<h2 class=\"wp-block-heading\">Quais cuidados adicionais s\u00e3o necess\u00e1rios?<\/h2>\n\n\n\n<p>Al\u00e9m dos <strong>cuidados b\u00e1sicos com luz e rega<\/strong>, a prote\u00e7\u00e3o contra pragas \u00e9 um ponto relevante. Apesar de resistente, a <strong>hortel\u00e3<\/strong> pode sofrer com algumas pragas comuns em jardins, como <strong>pulg\u00f5es e \u00e1caros<\/strong>. Inspecionar a planta regularmente e, ao notar infesta\u00e7\u00f5es, optar por solu\u00e7\u00f5es naturais para controle de pragas \u00e9 uma maneira eficaz de mant\u00ea-la saud\u00e1vel sem recorrer a produtos qu\u00edmicos agressivos.<\/p>\n\n\n\n<p>O espa\u00e7amento adequado entre plantas, quando cultivadas em <strong>jardins<\/strong>, permite uma circula\u00e7\u00e3o de ar eficiente, reduzindo o risco de doen\u00e7as f\u00fangicas.<\/p>\n\n\n\n<h2 class=\"wp-block-heading\">Como simplificar o cultivo sustent\u00e1vel da hortel\u00e3?<\/h2>\n\n\n\n<p>Cultivar hortel\u00e3 em casa n\u00e3o apenas \u00e9 uma maneira pr\u00e1tica de <strong>enriquecer a culin\u00e1ria<\/strong>, mas tamb\u00e9m uma atividade sustent\u00e1vel que pode reduzir o desperd\u00edcio e melhorar o ambiente dom\u00e9stico. Este cultivo pode ser uma introdu\u00e7\u00e3o perfeita para aqueles que desejam iniciar na jardinagem, oferecendo uma experi\u00eancia recompensadora e de baixo custo. <\/p>\n\n\n\n<p>Com t\u00e1ticas simples e um pouco de aten\u00e7\u00e3o cuidadosa, qualquer pessoa pode desfrutar do frescor da hortel\u00e3 diretamente de sua pr\u00f3pria casa, promovendo ao mesmo tempo uma rela\u00e7\u00e3o mais pr\u00f3xima e saud\u00e1vel com o ambiente natural.<\/p>\n","protected":false},"excerpt":{"rendered":"<p>O cultivo de hortel\u00e3 em casa oferece n\u00e3o apenas a conveni\u00eancia de ter esta erva fresca sempre \u00e0 m\u00e3o, mas tamb\u00e9m o prazer de cuidar de uma planta vers\u00e1til e arom\u00e1tica. A hortel\u00e3 \u00e9 uma das op\u00e7\u00f5es mais simples para jardinagem dom\u00e9stica devido \u00e0 sua resist\u00eancia e facilidade de adapta\u00e7\u00e3o em diferentes espa\u00e7os, seja em [&hellip;]<\/p>\n","protected":false},"author":9,"featured_media":32361,"comment_status":"open","ping_status":"open","sticky":false,"template":"","format":"standard","meta":{"jnews-multi-image_gallery":[],"jnews_single_post":{"format":"standard"},"jnews_primary_category":[],"jnews_social_meta":[],"jnews_override_counter":[],"footnotes":""},"categories":[8691,8819],"tags":[5608,6785,3981,3358],"class_list":["post-109940","post","type-post","status-publish","format-standard","has-post-thumbnail","hentry","category-bem-estar","category-curiosidades","tag-cultivo-caseiro","tag-ervas-aromaticas","tag-hortela","tag-jardinagem"],"yoast_head":"<!-- This site is optimized with the Yoast SEO plugin v23.8 - https:\/\/yoast.com\/wordpress\/plugins\/seo\/ -->\n<title>A erva mais refrescante e arom\u00e1tica que voc\u00ea pode cultivar em casa<\/title>\n<meta name=\"description\" content=\"Hortel\u00e3 \u00e9 a planta ideal para quem busca praticidade e bem-estar. Veja como cultivar e aproveitar seus aromas e propriedades naturais.\" \/>\n<meta name=\"robots\" content=\"index, follow, max-snippet:-1, max-image-preview:large, max-video-preview:-1\" \/>\n<link rel=\"canonical\" href=\"https:\/\/www.em.com.br\/emfoco\/2025\/10\/01\/a-erva-mais-refrescante-e-aromatica-que-voce-pode-cultivar-em-casa\/\" \/>\n<meta property=\"og:locale\" content=\"pt_BR\" \/>\n<meta property=\"og:type\" content=\"article\" \/>\n<meta property=\"og:title\" content=\"A erva mais refrescante e arom\u00e1tica que voc\u00ea pode cultivar em casa\" \/>\n<meta property=\"og:description\" content=\"Hortel\u00e3 \u00e9 a planta ideal para quem busca praticidade e bem-estar. Veja como cultivar e aproveitar seus aromas e propriedades naturais.\" \/>\n<meta property=\"og:url\" content=\"https:\/\/www.em.com.br\/emfoco\/2025\/10\/01\/a-erva-mais-refrescante-e-aromatica-que-voce-pode-cultivar-em-casa\/\" \/>\n<meta property=\"og:site_name\" content=\"Estado de Minas - Em foco\" \/>\n<meta property=\"article:published_time\" content=\"2025-10-01T19:08:00+00:00\" \/>\n<meta property=\"article:modified_time\" content=\"2025-09-30T16:07:32+00:00\" \/>\n<meta property=\"og:image\" content=\"https:\/\/www.em.com.br\/emfoco\/wp-content\/uploads\/2025\/03\/hortela_1742953775020.jpg\" \/>\n\t<meta property=\"og:image:width\" content=\"1280\" \/>\n\t<meta property=\"og:image:height\" content=\"720\" \/>\n\t<meta property=\"og:image:type\" content=\"image\/jpeg\" \/>\n<meta name=\"author\" content=\"Daniely Cardoso\" \/>\n<meta name=\"twitter:card\" content=\"summary_large_image\" \/>\n<meta name=\"twitter:label1\" content=\"Escrito por\" \/>\n\t<meta name=\"twitter:data1\" content=\"Daniely Cardoso\" \/>\n\t<meta name=\"twitter:label2\" content=\"Est. tempo de leitura\" \/>\n\t<meta name=\"twitter:data2\" content=\"4 minutos\" \/>\n<!-- \/ Yoast SEO plugin. -->","yoast_head_json":{"title":"A erva mais refrescante e arom\u00e1tica que voc\u00ea pode cultivar em casa","description":"Hortel\u00e3 \u00e9 a planta ideal para quem busca praticidade e bem-estar. Veja como cultivar e aproveitar seus aromas e propriedades naturais.","robots":{"index":"index","follow":"follow","max-snippet":"max-snippet:-1","max-image-preview":"max-image-preview:large","max-video-preview":"max-video-preview:-1"},"canonical":"https:\/\/www.em.com.br\/emfoco\/2025\/10\/01\/a-erva-mais-refrescante-e-aromatica-que-voce-pode-cultivar-em-casa\/","og_locale":"pt_BR","og_type":"article","og_title":"A erva mais refrescante e arom\u00e1tica que voc\u00ea pode cultivar em casa","og_description":"Hortel\u00e3 \u00e9 a planta ideal para quem busca praticidade e bem-estar. Veja como cultivar e aproveitar seus aromas e propriedades naturais.","og_url":"https:\/\/www.em.com.br\/emfoco\/2025\/10\/01\/a-erva-mais-refrescante-e-aromatica-que-voce-pode-cultivar-em-casa\/","og_site_name":"Estado de Minas - Em foco","article_published_time":"2025-10-01T19:08:00+00:00","article_modified_time":"2025-09-30T16:07:32+00:00","og_image":[{"width":1280,"height":720,"url":"https:\/\/www.em.com.br\/emfoco\/wp-content\/uploads\/2025\/03\/hortela_1742953775020.jpg","type":"image\/jpeg"}],"author":"Daniely Cardoso","twitter_card":"summary_large_image","twitter_misc":{"Escrito por":"Daniely Cardoso","Est. tempo de leitura":"4 minutos"},"schema":{"@context":"https:\/\/schema.org","@graph":[{"@type":"WebPage","@id":"https:\/\/www.em.com.br\/emfoco\/2025\/10\/01\/a-erva-mais-refrescante-e-aromatica-que-voce-pode-cultivar-em-casa\/","url":"https:\/\/www.em.com.br\/emfoco\/2025\/10\/01\/a-erva-mais-refrescante-e-aromatica-que-voce-pode-cultivar-em-casa\/","name":"A erva mais refrescante e arom\u00e1tica que voc\u00ea pode cultivar em casa","isPartOf":{"@id":"https:\/\/www.em.com.br\/emfoco\/#website"},"primaryImageOfPage":{"@id":"https:\/\/www.em.com.br\/emfoco\/2025\/10\/01\/a-erva-mais-refrescante-e-aromatica-que-voce-pode-cultivar-em-casa\/#primaryimage"},"image":{"@id":"https:\/\/www.em.com.br\/emfoco\/2025\/10\/01\/a-erva-mais-refrescante-e-aromatica-que-voce-pode-cultivar-em-casa\/#primaryimage"},"thumbnailUrl":"https:\/\/www.em.com.br\/emfoco\/wp-content\/uploads\/2025\/03\/hortela_1742953775020.jpg","datePublished":"2025-10-01T19:08:00+00:00","dateModified":"2025-09-30T16:07:32+00:00","author":{"@id":"https:\/\/www.em.com.br\/emfoco\/#\/schema\/person\/0a8186d72f2c3a5c6276d90b41f271a0"},"description":"Hortel\u00e3 \u00e9 a planta ideal para quem busca praticidade e bem-estar. Veja como cultivar e aproveitar seus aromas e propriedades naturais.","breadcrumb":{"@id":"https:\/\/www.em.com.br\/emfoco\/2025\/10\/01\/a-erva-mais-refrescante-e-aromatica-que-voce-pode-cultivar-em-casa\/#breadcrumb"},"inLanguage":"pt-BR","potentialAction":[{"@type":"ReadAction","target":["https:\/\/www.em.com.br\/emfoco\/2025\/10\/01\/a-erva-mais-refrescante-e-aromatica-que-voce-pode-cultivar-em-casa\/"]}]},{"@type":"ImageObject","inLanguage":"pt-BR","@id":"https:\/\/www.em.com.br\/emfoco\/2025\/10\/01\/a-erva-mais-refrescante-e-aromatica-que-voce-pode-cultivar-em-casa\/#primaryimage","url":"https:\/\/www.em.com.br\/emfoco\/wp-content\/uploads\/2025\/03\/hortela_1742953775020.jpg","contentUrl":"https:\/\/www.em.com.br\/emfoco\/wp-content\/uploads\/2025\/03\/hortela_1742953775020.jpg","width":1280,"height":720,"caption":"Hortel\u00e3 - Cr\u00e9ditos: depositphotos.com \/ Niko-2"},{"@type":"BreadcrumbList","@id":"https:\/\/www.em.com.br\/emfoco\/2025\/10\/01\/a-erva-mais-refrescante-e-aromatica-que-voce-pode-cultivar-em-casa\/#breadcrumb","itemListElement":[{"@type":"ListItem","position":1,"name":"In\u00edcio","item":"https:\/\/www.em.com.br\/emfoco\/"},{"@type":"ListItem","position":2,"name":"A erva mais refrescante e arom\u00e1tica que voc\u00ea pode cultivar em casa"}]},{"@type":"WebSite","@id":"https:\/\/www.em.com.br\/emfoco\/#website","url":"https:\/\/www.em.com.br\/emfoco\/","name":"Estado de Minas - Em foco","description":"Acompanhe as \u00faltimas not\u00edcias e fique bem informado sobre tudo o que acontece em Minas Gerais, Brasil e no mundo.","potentialAction":[{"@type":"SearchAction","target":{"@type":"EntryPoint","urlTemplate":"https:\/\/www.em.com.br\/emfoco\/?s={search_term_string}"},"query-input":{"@type":"PropertyValueSpecification","valueRequired":true,"valueName":"search_term_string"}}],"inLanguage":"pt-BR"},{"@type":"Person","@id":"https:\/\/www.em.com.br\/emfoco\/#\/schema\/person\/0a8186d72f2c3a5c6276d90b41f271a0","name":"Daniely Cardoso","image":{"@type":"ImageObject","inLanguage":"pt-BR","@id":"https:\/\/www.em.com.br\/emfoco\/#\/schema\/person\/image\/","url":"https:\/\/secure.gravatar.com\/avatar\/4b80ddbd124d1f071b626d52d62e5dff?s=96&d=mm&r=g","contentUrl":"https:\/\/secure.gravatar.com\/avatar\/4b80ddbd124d1f071b626d52d62e5dff?s=96&d=mm&r=g","caption":"Daniely Cardoso"},"url":"https:\/\/www.em.com.br\/emfoco\/author\/danielymyth\/"}]}},"_links":{"self":[{"href":"https:\/\/www.em.com.br\/emfoco\/wp-json\/wp\/v2\/posts\/109940","targetHints":{"allow":["GET"]}}],"collection":[{"href":"https:\/\/www.em.com.br\/emfoco\/wp-json\/wp\/v2\/posts"}],"about":[{"href":"https:\/\/www.em.com.br\/emfoco\/wp-json\/wp\/v2\/types\/post"}],"author":[{"embeddable":true,"href":"https:\/\/www.em.com.br\/emfoco\/wp-json\/wp\/v2\/users\/9"}],"replies":[{"embeddable":true,"href":"https:\/\/www.em.com.br\/emfoco\/wp-json\/wp\/v2\/comments?post=109940"}],"version-history":[{"count":1,"href":"https:\/\/www.em.com.br\/emfoco\/wp-json\/wp\/v2\/posts\/109940\/revisions"}],"predecessor-version":[{"id":109947,"href":"https:\/\/www.em.com.br\/emfoco\/wp-json\/wp\/v2\/posts\/109940\/revisions\/109947"}],"wp:featuredmedia":[{"embeddable":true,"href":"https:\/\/www.em.com.br\/emfoco\/wp-json\/wp\/v2\/media\/32361"}],"wp:attachment":[{"href":"https:\/\/www.em.com.br\/emfoco\/wp-json\/wp\/v2\/media?parent=109940"}],"wp:term":[{"taxonomy":"category","embeddable":true,"href":"https:\/\/www.em.com.br\/emfoco\/wp-json\/wp\/v2\/categories?post=109940"},{"taxonomy":"post_tag","embeddable":true,"href":"https:\/\/www.em.com.br\/emfoco\/wp-json\/wp\/v2\/tags?post=109940"}],"curies":[{"name":"wp","href":"https:\/\/api.w.org\/{rel}","templated":true}]}}