{"id":109907,"date":"2025-10-02T18:08:00","date_gmt":"2025-10-02T21:08:00","guid":{"rendered":"https:\/\/www.em.com.br\/emfoco\/?p=109907"},"modified":"2025-09-30T13:33:11","modified_gmt":"2025-09-30T16:33:11","slug":"o-sinal-mais-perigoso-de-infarto-que-quase-ninguem-percebe","status":"publish","type":"post","link":"https:\/\/www.em.com.br\/emfoco\/2025\/10\/02\/o-sinal-mais-perigoso-de-infarto-que-quase-ninguem-percebe\/","title":{"rendered":"O sinal mais perigoso de infarto que quase ningu\u00e9m percebe"},"content":{"rendered":"\n<p>O ataque card\u00edaco pode ser confundido com azia ou ansiedade, mas reconhecer os sinais de alerta a tempo \u00e9 essencial para salvar vidas e evitar complica\u00e7\u00f5es graves.<\/p>\n\n\n\n<ul class=\"wp-block-list\">\n<li>Dor ou press\u00e3o no peito como sintoma principal<\/li>\n\n\n\n<li>Diferen\u00e7as entre ataque card\u00edaco e outros desconfortos<\/li>\n\n\n\n<li>Tratamentos de emerg\u00eancia e formas de preven\u00e7\u00e3o<\/li>\n<\/ul>\n\n\n\n<h2 class=\"wp-block-heading\">O que realmente acontece durante um ataque card\u00edaco?<\/h2>\n\n\n\n<p><strong>O ataque card\u00edaco ocorre quando o fluxo de sangue ao cora\u00e7\u00e3o \u00e9 interrompido<\/strong>, geralmente pelo ac\u00famulo de placas de gordura nas art\u00e9rias. Essa obstru\u00e7\u00e3o pode causar morte de tecido card\u00edaco e risco imediato de complica\u00e7\u00f5es.<\/p>\n\n\n\n<p>Quando a placa se rompe, forma-se um co\u00e1gulo que bloqueia a circula\u00e7\u00e3o. Esse processo \u00e9 silencioso em alguns casos, mas muitas vezes se manifesta com sinais que podem ser confundidos com problemas digestivos ou respirat\u00f3rios.<\/p>\n\n\n\n<figure class=\"wp-block-image size-large\"><img loading=\"lazy\" decoding=\"async\" width=\"1024\" height=\"576\" src=\"https:\/\/www.em.com.br\/emfoco\/wp-content\/uploads\/2025\/09\/Infarto_1759249719960-1024x576.jpg\" alt=\"O sinal mais perigoso de infarto que quase ningu\u00e9m percebe\" class=\"wp-image-109968\" srcset=\"https:\/\/www.em.com.br\/emfoco\/wp-content\/uploads\/2025\/09\/Infarto_1759249719960-1024x576.jpg 1024w, https:\/\/www.em.com.br\/emfoco\/wp-content\/uploads\/2025\/09\/Infarto_1759249719960-300x169.jpg 300w, https:\/\/www.em.com.br\/emfoco\/wp-content\/uploads\/2025\/09\/Infarto_1759249719960-768x432.jpg 768w, https:\/\/www.em.com.br\/emfoco\/wp-content\/uploads\/2025\/09\/Infarto_1759249719960-750x422.jpg 750w, https:\/\/www.em.com.br\/emfoco\/wp-content\/uploads\/2025\/09\/Infarto_1759249719960-1140x641.jpg 1140w, https:\/\/www.em.com.br\/emfoco\/wp-content\/uploads\/2025\/09\/Infarto_1759249719960.jpg 1280w\" sizes=\"auto, (max-width: 1024px) 100vw, 1024px\" \/><figcaption class=\"wp-element-caption\">Melhora a circula\u00e7\u00e3o e reduz riscos de entupimento nas art\u00e9rias &#8211; Cr\u00e9ditos: depositphotos.com \/ Hriana<\/figcaption><\/figure>\n\n\n\n<h2 class=\"wp-block-heading\">Quais s\u00e3o os sintomas mais comuns de um ataque card\u00edaco?<\/h2>\n\n\n\n<p>A dor no peito \u00e9 o sinal cl\u00e1ssico, mas nem sempre aparece sozinha. <strong>Ela pode irradiar para bra\u00e7os, costas, mand\u00edbula ou abd\u00f4men<\/strong>, acompanhada de suor frio, tontura, falta de ar e n\u00e1usea persistente.<\/p>\n\n\n\n<ul class=\"wp-block-list\">\n<li>Dor ou press\u00e3o forte no centro, ou lado esquerdo do peito<\/li>\n\n\n\n<li>Fadiga intensa, palpita\u00e7\u00f5es ou desmaios inesperados<\/li>\n\n\n\n<li>Sintomas silenciosos em mulheres, idosos e diab\u00e9ticos<\/li>\n<\/ul>\n\n\n\n<h2 class=\"wp-block-heading\">Como diferenciar o ataque card\u00edaco de outras condi\u00e7\u00f5es?<\/h2>\n\n\n\n<p>O desconforto digestivo costuma aliviar com repouso ou uso de anti\u00e1cidos, enquanto <strong>a dor de um ataque card\u00edaco n\u00e3o melhora em repouso<\/strong> e pode durar v\u00e1rios minutos ou reaparecer em ondas.<\/p>\n\n\n\n<p>Especialistas alertam que alguns sinais surgem dias antes do evento, como fadiga incomum ou falta de ar ao esfor\u00e7o leve. Essa diferen\u00e7a \u00e9 crucial para n\u00e3o confundir com azia ou ansiedade.<\/p>\n\n\n\n<figure class=\"wp-block-image size-large\"><img loading=\"lazy\" decoding=\"async\" width=\"1024\" height=\"576\" src=\"https:\/\/www.em.com.br\/emfoco\/wp-content\/uploads\/2025\/09\/Infarto_1759249747338-1024x576.jpg\" alt=\"O sinal mais perigoso de infarto que quase ningu\u00e9m percebe\" class=\"wp-image-109969\" srcset=\"https:\/\/www.em.com.br\/emfoco\/wp-content\/uploads\/2025\/09\/Infarto_1759249747338-1024x576.jpg 1024w, https:\/\/www.em.com.br\/emfoco\/wp-content\/uploads\/2025\/09\/Infarto_1759249747338-300x169.jpg 300w, https:\/\/www.em.com.br\/emfoco\/wp-content\/uploads\/2025\/09\/Infarto_1759249747338-768x432.jpg 768w, https:\/\/www.em.com.br\/emfoco\/wp-content\/uploads\/2025\/09\/Infarto_1759249747338-750x422.jpg 750w, https:\/\/www.em.com.br\/emfoco\/wp-content\/uploads\/2025\/09\/Infarto_1759249747338-1140x641.jpg 1140w, https:\/\/www.em.com.br\/emfoco\/wp-content\/uploads\/2025\/09\/Infarto_1759249747338.jpg 1280w\" sizes=\"auto, (max-width: 1024px) 100vw, 1024px\" \/><figcaption class=\"wp-element-caption\">Favorece o controle da press\u00e3o arterial de forma natural &#8211; Cr\u00e9ditos: depositphotos.com \/ ArturVerkhovetskiy<\/figcaption><\/figure>\n\n\n\n<p><em>Leia mais: <a href=\"https:\/\/www.em.com.br\/emfoco\/2025\/09\/30\/o-alimento-dos-deuses-perfeito-para-fadiga-memoria-fraca-e-estresse\/\" target=\"_blank\" rel=\"noreferrer noopener\">O alimento dos deuses perfeito para fadiga, mem\u00f3ria fraca e estresse<\/a><\/em><\/p>\n\n\n\n<h2 class=\"wp-block-heading\">O que fazer imediatamente ao suspeitar de um infarto?<\/h2>\n\n\n\n<p>O primeiro passo \u00e9 acionar os servi\u00e7os de emerg\u00eancia e evitar dirigir at\u00e9 o hospital. O <a href=\"https:\/\/www.mayoclinic.org\/diseases-conditions\/sudden-cardiac-arrest\/symptoms-causes\/syc-20350634\" target=\"_blank\" rel=\"noreferrer noopener\">risco de parada card\u00edaca s\u00fabita<\/a> \u00e9 maior nas primeiras horas, tornando o atendimento r\u00e1pido decisivo.<\/p>\n\n\n\n<p>Os tratamentos incluem anticoagulantes, angioplastia ou coloca\u00e7\u00e3o de stents. Em alguns casos, realiza-se cirurgia de revasculariza\u00e7\u00e3o. A reabilita\u00e7\u00e3o card\u00edaca auxilia na recupera\u00e7\u00e3o e na preven\u00e7\u00e3o de novos epis\u00f3dios.<\/p>\n\n\n\n<h2 class=\"wp-block-heading\">Quais h\u00e1bitos reduzem o risco de ataque card\u00edaco?<\/h2>\n\n\n\n<p>O controle de fatores de risco \u00e9 essencial para manter a sa\u00fade do cora\u00e7\u00e3o. Adotar mudan\u00e7as no estilo de vida ajuda a evitar complica\u00e7\u00f5es e aumenta a qualidade de vida ap\u00f3s um epis\u00f3dio card\u00edaco.<\/p>\n\n\n\n<ul class=\"wp-block-list\">\n<li>Abandonar o tabagismo e adotar dieta equilibrada<\/li>\n\n\n\n<li>Praticar atividade f\u00edsica regular e controlar o estresse<\/li>\n\n\n\n<li>Manter consultas m\u00e9dicas peri\u00f3dicas e exames de rotina<\/li>\n<\/ul>\n","protected":false},"excerpt":{"rendered":"<p>O ataque card\u00edaco pode ser confundido com azia ou ansiedade, mas reconhecer os sinais de alerta a tempo \u00e9 essencial para salvar vidas e evitar complica\u00e7\u00f5es graves. O que realmente acontece durante um ataque card\u00edaco? O ataque card\u00edaco ocorre quando o fluxo de sangue ao cora\u00e7\u00e3o \u00e9 interrompido, geralmente pelo ac\u00famulo de placas de gordura [&hellip;]<\/p>\n","protected":false},"author":13,"featured_media":109967,"comment_status":"open","ping_status":"open","sticky":false,"template":"","format":"standard","meta":{"jnews-multi-image_gallery":[],"jnews_single_post":{"format":"standard"},"jnews_primary_category":[],"jnews_social_meta":[],"jnews_override_counter":[],"footnotes":""},"categories":[9053],"tags":[204,16101,13119],"class_list":["post-109907","post","type-post","status-publish","format-standard","has-post-thumbnail","hentry","category-saude","tag-alerta","tag-ataque-cardiaco","tag-problemas-cardiacos"],"yoast_head":"<!-- This site is optimized with the Yoast SEO plugin v23.8 - https:\/\/yoast.com\/wordpress\/plugins\/seo\/ -->\n<title>O sinal mais perigoso de infarto que quase ningu\u00e9m percebe - Estado de Minas - Em foco<\/title>\n<meta name=\"description\" content=\"Os sintomas do infarto nem sempre s\u00e3o \u00f3bvios. Confira sinais que podem aparecer dias antes e por que agir r\u00e1pido \u00e9 t\u00e3o importante.\" \/>\n<meta name=\"robots\" content=\"index, follow, max-snippet:-1, max-image-preview:large, max-video-preview:-1\" \/>\n<link rel=\"canonical\" href=\"https:\/\/www.em.com.br\/emfoco\/2025\/10\/02\/o-sinal-mais-perigoso-de-infarto-que-quase-ninguem-percebe\/\" \/>\n<meta property=\"og:locale\" content=\"pt_BR\" \/>\n<meta property=\"og:type\" content=\"article\" \/>\n<meta property=\"og:title\" content=\"O sinal mais perigoso de infarto que quase ningu\u00e9m percebe - Estado de Minas - Em foco\" \/>\n<meta property=\"og:description\" content=\"Os sintomas do infarto nem sempre s\u00e3o \u00f3bvios. Confira sinais que podem aparecer dias antes e por que agir r\u00e1pido \u00e9 t\u00e3o importante.\" \/>\n<meta property=\"og:url\" content=\"https:\/\/www.em.com.br\/emfoco\/2025\/10\/02\/o-sinal-mais-perigoso-de-infarto-que-quase-ninguem-percebe\/\" \/>\n<meta property=\"og:site_name\" content=\"Estado de Minas - Em foco\" \/>\n<meta property=\"article:published_time\" content=\"2025-10-02T21:08:00+00:00\" \/>\n<meta property=\"article:modified_time\" content=\"2025-09-30T16:33:11+00:00\" \/>\n<meta property=\"og:image\" content=\"https:\/\/www.em.com.br\/emfoco\/wp-content\/uploads\/2025\/09\/Infarto_1759249690045.jpg\" \/>\n\t<meta property=\"og:image:width\" content=\"1280\" \/>\n\t<meta property=\"og:image:height\" content=\"720\" \/>\n\t<meta property=\"og:image:type\" content=\"image\/jpeg\" \/>\n<meta name=\"author\" content=\"Gabriel Martins\" \/>\n<meta name=\"twitter:card\" content=\"summary_large_image\" \/>\n<meta name=\"twitter:label1\" content=\"Escrito por\" \/>\n\t<meta name=\"twitter:data1\" content=\"Gabriel Martins\" \/>\n\t<meta name=\"twitter:label2\" content=\"Est. tempo de leitura\" \/>\n\t<meta name=\"twitter:data2\" content=\"4 minutos\" \/>\n<!-- \/ Yoast SEO plugin. -->","yoast_head_json":{"title":"O sinal mais perigoso de infarto que quase ningu\u00e9m percebe - Estado de Minas - Em foco","description":"Os sintomas do infarto nem sempre s\u00e3o \u00f3bvios. Confira sinais que podem aparecer dias antes e por que agir r\u00e1pido \u00e9 t\u00e3o importante.","robots":{"index":"index","follow":"follow","max-snippet":"max-snippet:-1","max-image-preview":"max-image-preview:large","max-video-preview":"max-video-preview:-1"},"canonical":"https:\/\/www.em.com.br\/emfoco\/2025\/10\/02\/o-sinal-mais-perigoso-de-infarto-que-quase-ninguem-percebe\/","og_locale":"pt_BR","og_type":"article","og_title":"O sinal mais perigoso de infarto que quase ningu\u00e9m percebe - Estado de Minas - Em foco","og_description":"Os sintomas do infarto nem sempre s\u00e3o \u00f3bvios. Confira sinais que podem aparecer dias antes e por que agir r\u00e1pido \u00e9 t\u00e3o importante.","og_url":"https:\/\/www.em.com.br\/emfoco\/2025\/10\/02\/o-sinal-mais-perigoso-de-infarto-que-quase-ninguem-percebe\/","og_site_name":"Estado de Minas - Em foco","article_published_time":"2025-10-02T21:08:00+00:00","article_modified_time":"2025-09-30T16:33:11+00:00","og_image":[{"width":1280,"height":720,"url":"https:\/\/www.em.com.br\/emfoco\/wp-content\/uploads\/2025\/09\/Infarto_1759249690045.jpg","type":"image\/jpeg"}],"author":"Gabriel Martins","twitter_card":"summary_large_image","twitter_misc":{"Escrito por":"Gabriel Martins","Est. tempo de leitura":"4 minutos"},"schema":{"@context":"https:\/\/schema.org","@graph":[{"@type":"WebPage","@id":"https:\/\/www.em.com.br\/emfoco\/2025\/10\/02\/o-sinal-mais-perigoso-de-infarto-que-quase-ninguem-percebe\/","url":"https:\/\/www.em.com.br\/emfoco\/2025\/10\/02\/o-sinal-mais-perigoso-de-infarto-que-quase-ninguem-percebe\/","name":"O sinal mais perigoso de infarto que quase ningu\u00e9m percebe - Estado de Minas - Em foco","isPartOf":{"@id":"https:\/\/www.em.com.br\/emfoco\/#website"},"primaryImageOfPage":{"@id":"https:\/\/www.em.com.br\/emfoco\/2025\/10\/02\/o-sinal-mais-perigoso-de-infarto-que-quase-ninguem-percebe\/#primaryimage"},"image":{"@id":"https:\/\/www.em.com.br\/emfoco\/2025\/10\/02\/o-sinal-mais-perigoso-de-infarto-que-quase-ninguem-percebe\/#primaryimage"},"thumbnailUrl":"https:\/\/www.em.com.br\/emfoco\/wp-content\/uploads\/2025\/09\/Infarto_1759249690045.jpg","datePublished":"2025-10-02T21:08:00+00:00","dateModified":"2025-09-30T16:33:11+00:00","author":{"@id":"https:\/\/www.em.com.br\/emfoco\/#\/schema\/person\/1c9ddeab18b98abeffef834667bcf08a"},"description":"Os sintomas do infarto nem sempre s\u00e3o \u00f3bvios. Confira sinais que podem aparecer dias antes e por que agir r\u00e1pido \u00e9 t\u00e3o importante.","breadcrumb":{"@id":"https:\/\/www.em.com.br\/emfoco\/2025\/10\/02\/o-sinal-mais-perigoso-de-infarto-que-quase-ninguem-percebe\/#breadcrumb"},"inLanguage":"pt-BR","potentialAction":[{"@type":"ReadAction","target":["https:\/\/www.em.com.br\/emfoco\/2025\/10\/02\/o-sinal-mais-perigoso-de-infarto-que-quase-ninguem-percebe\/"]}]},{"@type":"ImageObject","inLanguage":"pt-BR","@id":"https:\/\/www.em.com.br\/emfoco\/2025\/10\/02\/o-sinal-mais-perigoso-de-infarto-que-quase-ninguem-percebe\/#primaryimage","url":"https:\/\/www.em.com.br\/emfoco\/wp-content\/uploads\/2025\/09\/Infarto_1759249690045.jpg","contentUrl":"https:\/\/www.em.com.br\/emfoco\/wp-content\/uploads\/2025\/09\/Infarto_1759249690045.jpg","width":1280,"height":720,"caption":"Atua no equil\u00edbrio do colesterol e triglic\u00e9rides no organismo - Cr\u00e9ditos: depositphotos.com \/ VitalikRadko"},{"@type":"BreadcrumbList","@id":"https:\/\/www.em.com.br\/emfoco\/2025\/10\/02\/o-sinal-mais-perigoso-de-infarto-que-quase-ninguem-percebe\/#breadcrumb","itemListElement":[{"@type":"ListItem","position":1,"name":"In\u00edcio","item":"https:\/\/www.em.com.br\/emfoco\/"},{"@type":"ListItem","position":2,"name":"O sinal mais perigoso de infarto que quase ningu\u00e9m percebe"}]},{"@type":"WebSite","@id":"https:\/\/www.em.com.br\/emfoco\/#website","url":"https:\/\/www.em.com.br\/emfoco\/","name":"Estado de Minas - Em foco","description":"Acompanhe as \u00faltimas not\u00edcias e fique bem informado sobre tudo o que acontece em Minas Gerais, Brasil e no mundo.","potentialAction":[{"@type":"SearchAction","target":{"@type":"EntryPoint","urlTemplate":"https:\/\/www.em.com.br\/emfoco\/?s={search_term_string}"},"query-input":{"@type":"PropertyValueSpecification","valueRequired":true,"valueName":"search_term_string"}}],"inLanguage":"pt-BR"},{"@type":"Person","@id":"https:\/\/www.em.com.br\/emfoco\/#\/schema\/person\/1c9ddeab18b98abeffef834667bcf08a","name":"Gabriel Martins","image":{"@type":"ImageObject","inLanguage":"pt-BR","@id":"https:\/\/www.em.com.br\/emfoco\/#\/schema\/person\/image\/","url":"https:\/\/secure.gravatar.com\/avatar\/f0f1e2efdfd88f1ad2cb08c5c2731e50?s=96&d=mm&r=g","contentUrl":"https:\/\/secure.gravatar.com\/avatar\/f0f1e2efdfd88f1ad2cb08c5c2731e50?s=96&d=mm&r=g","caption":"Gabriel Martins"},"sameAs":["https:\/\/www.em.com.br\/emfoco\/"],"url":"https:\/\/www.em.com.br\/emfoco\/author\/gabrielmartinsmyth\/"}]}},"_links":{"self":[{"href":"https:\/\/www.em.com.br\/emfoco\/wp-json\/wp\/v2\/posts\/109907","targetHints":{"allow":["GET"]}}],"collection":[{"href":"https:\/\/www.em.com.br\/emfoco\/wp-json\/wp\/v2\/posts"}],"about":[{"href":"https:\/\/www.em.com.br\/emfoco\/wp-json\/wp\/v2\/types\/post"}],"author":[{"embeddable":true,"href":"https:\/\/www.em.com.br\/emfoco\/wp-json\/wp\/v2\/users\/13"}],"replies":[{"embeddable":true,"href":"https:\/\/www.em.com.br\/emfoco\/wp-json\/wp\/v2\/comments?post=109907"}],"version-history":[{"count":1,"href":"https:\/\/www.em.com.br\/emfoco\/wp-json\/wp\/v2\/posts\/109907\/revisions"}],"predecessor-version":[{"id":109971,"href":"https:\/\/www.em.com.br\/emfoco\/wp-json\/wp\/v2\/posts\/109907\/revisions\/109971"}],"wp:featuredmedia":[{"embeddable":true,"href":"https:\/\/www.em.com.br\/emfoco\/wp-json\/wp\/v2\/media\/109967"}],"wp:attachment":[{"href":"https:\/\/www.em.com.br\/emfoco\/wp-json\/wp\/v2\/media?parent=109907"}],"wp:term":[{"taxonomy":"category","embeddable":true,"href":"https:\/\/www.em.com.br\/emfoco\/wp-json\/wp\/v2\/categories?post=109907"},{"taxonomy":"post_tag","embeddable":true,"href":"https:\/\/www.em.com.br\/emfoco\/wp-json\/wp\/v2\/tags?post=109907"}],"curies":[{"name":"wp","href":"https:\/\/api.w.org\/{rel}","templated":true}]}}