{"id":10989,"date":"2025-01-16T07:20:00","date_gmt":"2025-01-16T10:20:00","guid":{"rendered":"https:\/\/www.em.com.br\/emfoco\/?p=10989"},"modified":"2025-01-16T00:49:40","modified_gmt":"2025-01-16T03:49:40","slug":"o-bolsa-familia-e-so-mais-um-programa-social","status":"publish","type":"post","link":"https:\/\/www.em.com.br\/emfoco\/2025\/01\/16\/o-bolsa-familia-e-so-mais-um-programa-social\/","title":{"rendered":"O Bolsa Fam\u00edlia \u00e9 s\u00f3 mais um programa social?"},"content":{"rendered":"\n<p>O <a href=\"https:\/\/www.gov.br\/mds\/pt-br\/acoes-e-programas\/bolsa-familia\" target=\"_blank\" rel=\"noreferrer noopener\">Bolsa Fam\u00edlia<\/a> \u00e9 um programa de transfer\u00eancia de renda que tem desempenhado um papel crucial na redu\u00e7\u00e3o da pobreza e desigualdade no <a href=\"https:\/\/www.em.com.br\/emfoco\/2025\/01\/15\/qual-a-ligacao-entre-minas-gerais-e-a-historia-do-brasil\/\" target=\"_blank\" rel=\"noreferrer noopener\">Brasil<\/a>. Desde sua cria\u00e7\u00e3o, em 2003, ele tem proporcionado suporte financeiro direto a fam\u00edlias em situa\u00e7\u00e3o de vulnerabilidade, consolidando-se como uma das principais pol\u00edticas sociais do pa\u00eds. Com mais de uma d\u00e9cada de exist\u00eancia, o programa beneficiou milh\u00f5es de brasileiros, contribuindo significativamente para o al\u00edvio imediato das condi\u00e7\u00f5es econ\u00f4micas adversas enfrentadas por muitos.<\/p>\n\n\n\n<p>Al\u00e9m de proporcionar um al\u00edvio financeiro, o Bolsa Fam\u00edlia tamb\u00e9m promove melhorias na qualidade de vida das fam\u00edlias assistidas, por meio de contrapartidas nas \u00e1reas de sa\u00fade e educa\u00e7\u00e3o. Ao exigir que os benefici\u00e1rios cumpram certas condi\u00e7\u00f5es, como a matr\u00edcula escolar e a vacina\u00e7\u00e3o, o programa incentiva um desenvolvimento social sustent\u00e1vel, buscando n\u00e3o apenas atender \u00e0s necessidades b\u00e1sicas, mas tamb\u00e9m promover avan\u00e7os na vida dos cidad\u00e3os.<\/p>\n\n\n<div class=\"wp-block-image\">\n<figure class=\"aligncenter size-large\"><img decoding=\"async\" src=\"https:\/\/www.em.com.br\/emfoco\/wp-content\/uploads\/2024\/12\/bolsa-familia-1024x544.jpg\" alt=\"\" class=\"wp-image-4045\"\/><figcaption class=\"wp-element-caption\">Bolsa Familia &#8211; (Imagem: Prefeitura Jaboat\u00e3o dos Guararapes)<\/figcaption><\/figure><\/div>\n\n\n<h2 class=\"wp-block-heading\">Componentes e Benef\u00edcios do Bolsa Fam\u00edlia<\/h2>\n\n\n\n<p>O programa Bolsa Fam\u00edlia \u00e9 composto por diversos benef\u00edcios que se adaptam \u00e0s necessidades espec\u00edficas das fam\u00edlias inscritas. Esses benef\u00edcios s\u00e3o fundamentais para ajudar as fam\u00edlias a sa\u00edrem do ciclo da pobreza, ao mesmo tempo em que as incentiva a participar ativamente na sociedade por meio de contrapartidas. A seguir, est\u00e3o os principais componentes que definem o funcionamento do programa:<\/p>\n\n\n\n<ul class=\"wp-block-list\">\n<li><strong>Frequ\u00eancia escolar:<\/strong> Crian\u00e7as e adolescentes de 4 a 17 anos devem ter sua presen\u00e7a escolar monitorada, a fim de garantir a continuidade dos estudos.<\/li>\n\n\n\n<li><strong>Acompanhamento pr\u00e9-natal:<\/strong> Gestantes na fam\u00edlia s\u00e3o incentivadas a realizar consultas regulares para a sa\u00fade materna e do beb\u00ea ser devidamente acompanhada.<\/li>\n\n\n\n<li><strong>Avalia\u00e7\u00e3o nutricional:<\/strong> Crian\u00e7as at\u00e9 sete anos passam por avalia\u00e7\u00f5es peri\u00f3dicas para monitorar seu desenvolvimento nutricional.<\/li>\n\n\n\n<li><strong>Vacina\u00e7\u00e3o em dia:<\/strong> A imuniza\u00e7\u00e3o de crian\u00e7as deve estar de acordo com o calend\u00e1rio nacional de vacina\u00e7\u00e3o, prevenindo doen\u00e7as.<\/li>\n<\/ul>\n\n\n\n<h2 class=\"wp-block-heading\">Como garantir a continuidade do Bolsa Fam\u00edlia?<\/h2>\n\n\n\n<p>Para que as fam\u00edlias mantenham seus direitos ao benef\u00edcio, \u00e9 essencial que cumpram as exig\u00eancias do programa. Entre as medidas necess\u00e1rias, destaca-se a import\u00e2ncia da atualiza\u00e7\u00e3o regular de dados junto \u00e0s institui\u00e7\u00f5es respons\u00e1veis, como escolas e postos de sa\u00fade. Estar em conformidade garante que as condi\u00e7\u00f5es do programa sejam devidamente monitoradas e que o suporte financeiro continue sendo oferecido.<\/p>\n\n\n\n<p>Ao matricular crian\u00e7as na escola ou ao levar qualquer membro familiar para receber atendimento de sa\u00fade, \u00e9 importante que as fam\u00edlias informem sua participa\u00e7\u00e3o no Bolsa Fam\u00edlia. Isso n\u00e3o apenas ajuda a manter a regularidade do benef\u00edcio, mas tamb\u00e9m assegura que as fam\u00edlias atendidas melhorem suas condi\u00e7\u00f5es de vida por meio das contrapartidas exigidas.<\/p>\n\n\n\n<h2 class=\"wp-block-heading\">O Impacto Social do Bolsa Fam\u00edlia<\/h2>\n\n\n\n<p>O Bolsa Fam\u00edlia vai al\u00e9m de seu papel econ\u00f4mico ao trazer impactos sociais expressivos. Ao exigir que as fam\u00edlias mantenham os filhos frequentando a escola, o programa contribui para a redu\u00e7\u00e3o da evas\u00e3o escolar e melhora o desempenho educacional nas classes sociais mais baixas. Dessa forma, contribui para forma\u00e7\u00e3o de uma gera\u00e7\u00e3o mais instru\u00edda e com melhores oportunidades de emprego.<\/p>\n\n\n\n<p>Al\u00e9m disso, o monitoramento da sa\u00fade, incluindo a exig\u00eancia de vacina\u00e7\u00e3o e acompanhamento pr\u00e9-natal, tem um efeito positivo na sa\u00fade p\u00fablica. Isso se traduz na redu\u00e7\u00e3o de doen\u00e7as evit\u00e1veis e em melhores condi\u00e7\u00f5es de sa\u00fade materna e infantil. O alcance abrangente do programa mostra seu potencial em criar uma base s\u00f3lida para o futuro dos benefici\u00e1rios, atuando como um alicerce para um Brasil mais justo e igualit\u00e1rio.<\/p>\n","protected":false},"excerpt":{"rendered":"<p>O Bolsa Fam\u00edlia \u00e9 um programa de transfer\u00eancia de renda que tem desempenhado um papel crucial na redu\u00e7\u00e3o da pobreza e desigualdade no Brasil. Desde sua cria\u00e7\u00e3o, em 2003, ele tem proporcionado suporte financeiro direto a fam\u00edlias em situa\u00e7\u00e3o de vulnerabilidade, consolidando-se como uma das principais pol\u00edticas sociais do pa\u00eds. Com mais de uma d\u00e9cada [&hellip;]<\/p>\n","protected":false},"author":7,"featured_media":0,"comment_status":"open","ping_status":"open","sticky":false,"template":"","format":"standard","meta":{"jnews-multi-image_gallery":[],"jnews_single_post":{"format":"standard"},"jnews_primary_category":[],"jnews_social_meta":[],"jnews_override_counter":[],"footnotes":""},"categories":[28],"tags":[3540,3539,3541],"class_list":["post-10989","post","type-post","status-publish","format-standard","hentry","category-economia","tag-income-inequality","tag-poverty-reduction","tag-social-welfare"],"yoast_head":"<!-- This site is optimized with the Yoast SEO plugin v23.8 - https:\/\/yoast.com\/wordpress\/plugins\/seo\/ -->\n<title>O Bolsa Fam\u00edlia \u00e9 s\u00f3 mais um programa social? - Estado de Minas - Em foco<\/title>\n<meta name=\"description\" content=\"Leia sobre o Bolsa Fam\u00edlia um beneficio essencial para o brasil!\" \/>\n<meta name=\"robots\" content=\"index, follow, max-snippet:-1, max-image-preview:large, max-video-preview:-1\" \/>\n<link rel=\"canonical\" href=\"https:\/\/www.em.com.br\/emfoco\/2025\/01\/16\/o-bolsa-familia-e-so-mais-um-programa-social\/\" \/>\n<meta property=\"og:locale\" content=\"pt_BR\" \/>\n<meta property=\"og:type\" content=\"article\" \/>\n<meta property=\"og:title\" content=\"O Bolsa Fam\u00edlia \u00e9 s\u00f3 mais um programa social? - Estado de Minas - Em foco\" \/>\n<meta property=\"og:description\" content=\"Leia sobre o Bolsa Fam\u00edlia um beneficio essencial para o brasil!\" \/>\n<meta property=\"og:url\" content=\"https:\/\/www.em.com.br\/emfoco\/2025\/01\/16\/o-bolsa-familia-e-so-mais-um-programa-social\/\" \/>\n<meta property=\"og:site_name\" content=\"Estado de Minas - Em foco\" \/>\n<meta property=\"article:published_time\" content=\"2025-01-16T10:20:00+00:00\" \/>\n<meta property=\"article:modified_time\" content=\"2025-01-16T03:49:40+00:00\" \/>\n<meta property=\"og:image\" content=\"https:\/\/www.em.com.br\/emfoco\/wp-content\/uploads\/2024\/12\/Bolsa_Familia_16262553222.jpg\" \/>\n\t<meta property=\"og:image:width\" content=\"1199\" \/>\n\t<meta property=\"og:image:height\" content=\"798\" \/>\n\t<meta property=\"og:image:type\" content=\"image\/jpeg\" \/>\n<meta name=\"author\" content=\"Kelvin\" \/>\n<meta name=\"twitter:card\" content=\"summary_large_image\" \/>\n<meta name=\"twitter:label1\" content=\"Escrito por\" \/>\n\t<meta name=\"twitter:data1\" content=\"Kelvin\" \/>\n\t<meta name=\"twitter:label2\" content=\"Est. tempo de leitura\" \/>\n\t<meta name=\"twitter:data2\" content=\"4 minutos\" \/>\n<!-- \/ Yoast SEO plugin. -->","yoast_head_json":{"title":"O Bolsa Fam\u00edlia \u00e9 s\u00f3 mais um programa social? - Estado de Minas - Em foco","description":"Leia sobre o Bolsa Fam\u00edlia um beneficio essencial para o brasil!","robots":{"index":"index","follow":"follow","max-snippet":"max-snippet:-1","max-image-preview":"max-image-preview:large","max-video-preview":"max-video-preview:-1"},"canonical":"https:\/\/www.em.com.br\/emfoco\/2025\/01\/16\/o-bolsa-familia-e-so-mais-um-programa-social\/","og_locale":"pt_BR","og_type":"article","og_title":"O Bolsa Fam\u00edlia \u00e9 s\u00f3 mais um programa social? - Estado de Minas - Em foco","og_description":"Leia sobre o Bolsa Fam\u00edlia um beneficio essencial para o brasil!","og_url":"https:\/\/www.em.com.br\/emfoco\/2025\/01\/16\/o-bolsa-familia-e-so-mais-um-programa-social\/","og_site_name":"Estado de Minas - Em foco","article_published_time":"2025-01-16T10:20:00+00:00","article_modified_time":"2025-01-16T03:49:40+00:00","og_image":[{"width":1199,"height":798,"url":"https:\/\/www.em.com.br\/emfoco\/wp-content\/uploads\/2024\/12\/Bolsa_Familia_16262553222.jpg","type":"image\/jpeg"}],"author":"Kelvin","twitter_card":"summary_large_image","twitter_misc":{"Escrito por":"Kelvin","Est. tempo de leitura":"4 minutos"},"schema":{"@context":"https:\/\/schema.org","@graph":[{"@type":"WebPage","@id":"https:\/\/www.em.com.br\/emfoco\/2025\/01\/16\/o-bolsa-familia-e-so-mais-um-programa-social\/","url":"https:\/\/www.em.com.br\/emfoco\/2025\/01\/16\/o-bolsa-familia-e-so-mais-um-programa-social\/","name":"O Bolsa Fam\u00edlia \u00e9 s\u00f3 mais um programa social? - Estado de Minas - Em foco","isPartOf":{"@id":"https:\/\/www.em.com.br\/emfoco\/#website"},"primaryImageOfPage":{"@id":"https:\/\/www.em.com.br\/emfoco\/2025\/01\/16\/o-bolsa-familia-e-so-mais-um-programa-social\/#primaryimage"},"image":{"@id":"https:\/\/www.em.com.br\/emfoco\/2025\/01\/16\/o-bolsa-familia-e-so-mais-um-programa-social\/#primaryimage"},"thumbnailUrl":"https:\/\/www.em.com.br\/emfoco\/wp-content\/uploads\/2024\/12\/bolsa-familia-1024x544.jpg","datePublished":"2025-01-16T10:20:00+00:00","dateModified":"2025-01-16T03:49:40+00:00","author":{"@id":"https:\/\/www.em.com.br\/emfoco\/#\/schema\/person\/fb0a7f48c6fbb94b83f413a80f61917d"},"description":"Leia sobre o Bolsa Fam\u00edlia um beneficio essencial para o brasil!","breadcrumb":{"@id":"https:\/\/www.em.com.br\/emfoco\/2025\/01\/16\/o-bolsa-familia-e-so-mais-um-programa-social\/#breadcrumb"},"inLanguage":"pt-BR","potentialAction":[{"@type":"ReadAction","target":["https:\/\/www.em.com.br\/emfoco\/2025\/01\/16\/o-bolsa-familia-e-so-mais-um-programa-social\/"]}]},{"@type":"ImageObject","inLanguage":"pt-BR","@id":"https:\/\/www.em.com.br\/emfoco\/2025\/01\/16\/o-bolsa-familia-e-so-mais-um-programa-social\/#primaryimage","url":"","contentUrl":""},{"@type":"BreadcrumbList","@id":"https:\/\/www.em.com.br\/emfoco\/2025\/01\/16\/o-bolsa-familia-e-so-mais-um-programa-social\/#breadcrumb","itemListElement":[{"@type":"ListItem","position":1,"name":"In\u00edcio","item":"https:\/\/www.em.com.br\/emfoco\/"},{"@type":"ListItem","position":2,"name":"O Bolsa Fam\u00edlia \u00e9 s\u00f3 mais um programa social?"}]},{"@type":"WebSite","@id":"https:\/\/www.em.com.br\/emfoco\/#website","url":"https:\/\/www.em.com.br\/emfoco\/","name":"Estado de Minas - Em foco","description":"Acompanhe as \u00faltimas not\u00edcias e fique bem informado sobre tudo o que acontece em Minas Gerais, Brasil e no mundo.","potentialAction":[{"@type":"SearchAction","target":{"@type":"EntryPoint","urlTemplate":"https:\/\/www.em.com.br\/emfoco\/?s={search_term_string}"},"query-input":{"@type":"PropertyValueSpecification","valueRequired":true,"valueName":"search_term_string"}}],"inLanguage":"pt-BR"},{"@type":"Person","@id":"https:\/\/www.em.com.br\/emfoco\/#\/schema\/person\/fb0a7f48c6fbb94b83f413a80f61917d","name":"Kelvin","image":{"@type":"ImageObject","inLanguage":"pt-BR","@id":"https:\/\/www.em.com.br\/emfoco\/#\/schema\/person\/image\/","url":"https:\/\/secure.gravatar.com\/avatar\/e74f84337e6bf6c4c5e88fbdffa05270?s=96&d=mm&r=g","contentUrl":"https:\/\/secure.gravatar.com\/avatar\/e74f84337e6bf6c4c5e88fbdffa05270?s=96&d=mm&r=g","caption":"Kelvin"},"sameAs":["https:\/\/www.em.com.br\/emfoco"],"url":"https:\/\/www.em.com.br\/emfoco\/author\/kelvinmyth\/"}]}},"_links":{"self":[{"href":"https:\/\/www.em.com.br\/emfoco\/wp-json\/wp\/v2\/posts\/10989","targetHints":{"allow":["GET"]}}],"collection":[{"href":"https:\/\/www.em.com.br\/emfoco\/wp-json\/wp\/v2\/posts"}],"about":[{"href":"https:\/\/www.em.com.br\/emfoco\/wp-json\/wp\/v2\/types\/post"}],"author":[{"embeddable":true,"href":"https:\/\/www.em.com.br\/emfoco\/wp-json\/wp\/v2\/users\/7"}],"replies":[{"embeddable":true,"href":"https:\/\/www.em.com.br\/emfoco\/wp-json\/wp\/v2\/comments?post=10989"}],"version-history":[{"count":2,"href":"https:\/\/www.em.com.br\/emfoco\/wp-json\/wp\/v2\/posts\/10989\/revisions"}],"predecessor-version":[{"id":10992,"href":"https:\/\/www.em.com.br\/emfoco\/wp-json\/wp\/v2\/posts\/10989\/revisions\/10992"}],"wp:attachment":[{"href":"https:\/\/www.em.com.br\/emfoco\/wp-json\/wp\/v2\/media?parent=10989"}],"wp:term":[{"taxonomy":"category","embeddable":true,"href":"https:\/\/www.em.com.br\/emfoco\/wp-json\/wp\/v2\/categories?post=10989"},{"taxonomy":"post_tag","embeddable":true,"href":"https:\/\/www.em.com.br\/emfoco\/wp-json\/wp\/v2\/tags?post=10989"}],"curies":[{"name":"wp","href":"https:\/\/api.w.org\/{rel}","templated":true}]}}