{"id":10976,"date":"2025-01-15T22:00:00","date_gmt":"2025-01-16T01:00:00","guid":{"rendered":"https:\/\/www.em.com.br\/emfoco\/?p=10976"},"modified":"2025-01-15T16:18:35","modified_gmt":"2025-01-15T19:18:35","slug":"o-paizao-marcou-uma-geracao","status":"publish","type":"post","link":"https:\/\/www.em.com.br\/emfoco\/2025\/01\/15\/o-paizao-marcou-uma-geracao\/","title":{"rendered":"&#8220;O Paiz\u00e3o&#8221; marcou uma gera\u00e7\u00e3o?"},"content":{"rendered":"\n<p>O filme &#8220;O Paiz\u00e3o&#8221;, lan\u00e7ado no fim da d\u00e9cada de 1990, marcou uma <a href=\"https:\/\/www.em.com.br\/emfoco\/2025\/01\/13\/nova-geracao-do-vw-tiguan-chega-com-inovacoes-e-exclusividade-para-2025\/\" target=\"_blank\" rel=\"noreferrer noopener\">gera\u00e7\u00e3o <\/a>com sua mistura de com\u00e9dia e drama. Estrelado por <a href=\"https:\/\/pt.wikipedia.org\/wiki\/Adam_Sandler\" target=\"_blank\" rel=\"noreferrer noopener\">Adam Sandler<\/a>, conquistou um status especial entre os filmes da \u00e9poca, perdurando na mem\u00f3ria dos f\u00e3s ao redor do mundo. A trama gira em torno de Sonny Koufax, um adulto que adota uma crian\u00e7a para provar sua capacidade de responsabilidade, levando a uma s\u00e9rie de situa\u00e7\u00f5es c\u00f4micas e emocionantes.<\/p>\n\n\n\n<p>Apesar da popularidade do filme, uma continua\u00e7\u00e3o nunca foi produzida, apesar de rumores e desejos dos f\u00e3s ao longo dos anos. Recentemente, um p\u00f4ster fict\u00edcio de \u201cO Paiz\u00e3o 2\u201d circulou na internet, causando alvoro\u00e7o e reacendendo esperan\u00e7as em uma sequ\u00eancia. No entanto, esses rumores foram esclarecidos como uma brincadeira, e n\u00e3o h\u00e1 planos atuais confirmados para uma continua\u00e7\u00e3o.<\/p>\n\n\n\n<figure class=\"wp-block-embed is-provider-youtube wp-block-embed-youtube\"><div class=\"wp-block-embed__wrapper\">\n<div class=\"jeg_video_container jeg_video_content\"><iframe loading=\"lazy\" title=\"Big Daddy (1999) - Filme Trailer\" width=\"500\" height=\"281\" src=\"https:\/\/www.youtube.com\/embed\/uvk8swVtTsg?feature=oembed\" frameborder=\"0\" allow=\"accelerometer; autoplay; clipboard-write; encrypted-media; gyroscope; picture-in-picture; web-share\" referrerpolicy=\"strict-origin-when-cross-origin\" allowfullscreen><\/iframe><\/div>\n<\/div><\/figure>\n\n\n\n<h2 class=\"wp-block-heading\">Por que &#8220;O Paiz\u00e3o&#8221; Ainda Ressoa com o P\u00fablico?<\/h2>\n\n\n\n<p>Um dos motivos pelo qual &#8220;O Paiz\u00e3o&#8221; se mant\u00e9m relevante \u00e9 a sua habilidade de tocar em temas universais, como a maturidade e a responsabilidade, atrav\u00e9s de uma narrativa leve e divertida. O filme captura o dilema de amadurecer e a import\u00e2ncia dos la\u00e7os familiares de uma forma que poucos filmes conseguem. Al\u00e9m disso, a performance de Adam Sandler, conhecida por seu humor caracter\u00edstico, tornou inesquec\u00edvel a jornada de Sonny Koufax.<\/p>\n\n\n\n<p>O elenco de apoio tamb\u00e9m desempenha um papel crucial no sucesso duradouro do filme. A participa\u00e7\u00e3o dos g\u00eameos Cole e Dylan Sprouse, alternando no papel de Julian McGrath, trouxe autenticidade e simpatia ao filme, contribuindo significativamente para o carinho do p\u00fablico pela hist\u00f3ria.<\/p>\n\n\n\n<h2 class=\"wp-block-heading\">Existe Possibilidade Real de &#8220;O Paiz\u00e3o 2&#8221;?<\/h2>\n\n\n\n<p>Especula\u00e7\u00f5es sobre uma continua\u00e7\u00e3o de &#8220;O Paiz\u00e3o&#8221; t\u00eam existido quase desde o seu lan\u00e7amento. Em 2024, o produtor Sid Ganis e o roteirista Steve Franks discutiram brevemente a viabilidade de um segundo filme, mas a ideia n\u00e3o avan\u00e7ou. Ganis, quando questionado sobre a probabilidade de uma sequ\u00eancia, destacou que \u00e0s vezes \u00e9 melhor deixar um cl\u00e1ssico permanecer como est\u00e1, preservando a integridade e a magia do original.<\/p>\n\n\n\n<p>Hollywood \u00e9 bem conhecido por revisitar sucessos passados, e mesmo que n\u00e3o haja planos concretos, o desejo dos f\u00e3s por uma continua\u00e7\u00e3o pode manter a chama acesa. At\u00e9 l\u00e1, &#8220;O Paiz\u00e3o&#8221; continua sendo revisitado por novos espectadores e pela nostalgia dos antigos f\u00e3s.<\/p>\n\n\n\n<h2 class=\"wp-block-heading\">O Legado de Adam Sandler Al\u00e9m de &#8220;O Paiz\u00e3o&#8221;<\/h2>\n\n\n\n<p>Adam Sandler, ap\u00f3s o sucesso de &#8220;O Paiz\u00e3o&#8221;, continuou a construir uma carreira prol\u00edfica tanto em com\u00e9dias quanto em dramas. Filmes como &#8220;Click&#8221; e &#8220;Esposa de Mentirinha&#8221; consolidaram sua posi\u00e7\u00e3o em Hollywood, mas muitos f\u00e3s consideram &#8220;O Paiz\u00e3o&#8221; como um de seus pontos altos. A habilidade de Sandler de balancear humor e emo\u00e7\u00e3o \u00e9 uma caracter\u00edstica recorrente que ele manteve ao longo de sua carreira.<\/p>\n\n\n\n<p>A cont\u00ednua popularidade de Sandler, combinada com os temas atemporais de &#8220;O Paiz\u00e3o&#8221;, garantem que o filme continue a ser um ponto de refer\u00eancia no g\u00eanero de com\u00e9dia familiar. Seu impacto perdura, reafirmado por sua inclus\u00e3o frequente em listas de favoritos e exibi\u00e7\u00f5es ocasionais em diversas plataformas de streaming.<\/p>\n\n\n\n<h2 class=\"wp-block-heading\">A Com\u00e9dia na Era Moderna<\/h2>\n\n\n\n<p>A com\u00e9dia, como g\u00eanero, tem evolu\u00eddo ao longo dos anos, adaptando-se \u00e0s mudan\u00e7as culturais e sociais. Filmes que exploram temas familiares de forma leve, como &#8220;O Paiz\u00e3o&#8221;, continuam a ser relevantes e populares, indicando a necessidade cont\u00ednua de hist\u00f3rias que contemplem as complexidades da vida cotidiana com um toque de humor.<\/p>\n\n\n\n<p>Embora o cinema e a televis\u00e3o tenham sofrido transforma\u00e7\u00f5es significativas, hist\u00f3rias sobre crescimento pessoal e responsabilidade permanecem pertinentes. &#8220;O Paiz\u00e3o&#8221;, por seus m\u00e9ritos, oferece um reflexo destas experi\u00eancias de forma engenhosa e divertida, assegurando-lhe um lugar especial no cora\u00e7\u00e3o dos entusiastas do cinema.<\/p>\n","protected":false},"excerpt":{"rendered":"<p>O filme &#8220;O Paiz\u00e3o&#8221;, lan\u00e7ado no fim da d\u00e9cada de 1990, marcou uma gera\u00e7\u00e3o com sua mistura de com\u00e9dia e drama. Estrelado por Adam Sandler, conquistou um status especial entre os filmes da \u00e9poca, perdurando na mem\u00f3ria dos f\u00e3s ao redor do mundo. A trama gira em torno de Sonny Koufax, um adulto que adota [&hellip;]<\/p>\n","protected":false},"author":7,"featured_media":10979,"comment_status":"open","ping_status":"open","sticky":false,"template":"","format":"standard","meta":{"jnews-multi-image_gallery":[],"jnews_single_post":{"format":"standard"},"jnews_primary_category":[],"jnews_social_meta":[],"jnews_override_counter":[],"footnotes":""},"categories":[29,137],"tags":[1033,3537,145,1149],"class_list":["post-10976","post","type-post","status-publish","format-standard","has-post-thumbnail","hentry","category-entretenimento","category-filmes","tag-adam-sandler","tag-anos-90","tag-comedia","tag-filme"],"yoast_head":"<!-- This site is optimized with the Yoast SEO plugin v23.8 - https:\/\/yoast.com\/wordpress\/plugins\/seo\/ -->\n<title>&quot;O Paiz\u00e3o&quot; marcou uma gera\u00e7\u00e3o? - Estado de Minas - Em foco<\/title>\n<meta name=\"description\" content=\"Um olhar sobre o legado do filme dos anos 90, &#039;O Paiz\u00e3o&#039;, e seu impacto duradouro no g\u00eanero de com\u00e9dia familiar, estrelado por Adam Sandler.\" \/>\n<meta name=\"robots\" content=\"index, follow, max-snippet:-1, max-image-preview:large, max-video-preview:-1\" \/>\n<link rel=\"canonical\" href=\"https:\/\/www.em.com.br\/emfoco\/2025\/01\/15\/o-paizao-marcou-uma-geracao\/\" \/>\n<meta property=\"og:locale\" content=\"pt_BR\" \/>\n<meta property=\"og:type\" content=\"article\" \/>\n<meta property=\"og:title\" content=\"&quot;O Paiz\u00e3o&quot; marcou uma gera\u00e7\u00e3o? - Estado de Minas - Em foco\" \/>\n<meta property=\"og:description\" content=\"Um olhar sobre o legado do filme dos anos 90, &#039;O Paiz\u00e3o&#039;, e seu impacto duradouro no g\u00eanero de com\u00e9dia familiar, estrelado por Adam Sandler.\" \/>\n<meta property=\"og:url\" content=\"https:\/\/www.em.com.br\/emfoco\/2025\/01\/15\/o-paizao-marcou-uma-geracao\/\" \/>\n<meta property=\"og:site_name\" content=\"Estado de Minas - Em foco\" \/>\n<meta property=\"article:published_time\" content=\"2025-01-16T01:00:00+00:00\" \/>\n<meta property=\"article:modified_time\" content=\"2025-01-15T19:18:35+00:00\" \/>\n<meta property=\"og:image\" content=\"https:\/\/www.em.com.br\/emfoco\/wp-content\/uploads\/2025\/01\/Adam-Sandler_1736968544274.jpg\" \/>\n\t<meta property=\"og:image:width\" content=\"1279\" \/>\n\t<meta property=\"og:image:height\" content=\"720\" \/>\n\t<meta property=\"og:image:type\" content=\"image\/jpeg\" \/>\n<meta name=\"author\" content=\"Kelvin\" \/>\n<meta name=\"twitter:card\" content=\"summary_large_image\" \/>\n<meta name=\"twitter:label1\" content=\"Escrito por\" \/>\n\t<meta name=\"twitter:data1\" content=\"Kelvin\" \/>\n\t<meta name=\"twitter:label2\" content=\"Est. tempo de leitura\" \/>\n\t<meta name=\"twitter:data2\" content=\"4 minutos\" \/>\n<!-- \/ Yoast SEO plugin. -->","yoast_head_json":{"title":"\"O Paiz\u00e3o\" marcou uma gera\u00e7\u00e3o? - Estado de Minas - Em foco","description":"Um olhar sobre o legado do filme dos anos 90, 'O Paiz\u00e3o', e seu impacto duradouro no g\u00eanero de com\u00e9dia familiar, estrelado por Adam Sandler.","robots":{"index":"index","follow":"follow","max-snippet":"max-snippet:-1","max-image-preview":"max-image-preview:large","max-video-preview":"max-video-preview:-1"},"canonical":"https:\/\/www.em.com.br\/emfoco\/2025\/01\/15\/o-paizao-marcou-uma-geracao\/","og_locale":"pt_BR","og_type":"article","og_title":"\"O Paiz\u00e3o\" marcou uma gera\u00e7\u00e3o? - Estado de Minas - Em foco","og_description":"Um olhar sobre o legado do filme dos anos 90, 'O Paiz\u00e3o', e seu impacto duradouro no g\u00eanero de com\u00e9dia familiar, estrelado por Adam Sandler.","og_url":"https:\/\/www.em.com.br\/emfoco\/2025\/01\/15\/o-paizao-marcou-uma-geracao\/","og_site_name":"Estado de Minas - Em foco","article_published_time":"2025-01-16T01:00:00+00:00","article_modified_time":"2025-01-15T19:18:35+00:00","og_image":[{"width":1279,"height":720,"url":"https:\/\/www.em.com.br\/emfoco\/wp-content\/uploads\/2025\/01\/Adam-Sandler_1736968544274.jpg","type":"image\/jpeg"}],"author":"Kelvin","twitter_card":"summary_large_image","twitter_misc":{"Escrito por":"Kelvin","Est. tempo de leitura":"4 minutos"},"schema":{"@context":"https:\/\/schema.org","@graph":[{"@type":"WebPage","@id":"https:\/\/www.em.com.br\/emfoco\/2025\/01\/15\/o-paizao-marcou-uma-geracao\/","url":"https:\/\/www.em.com.br\/emfoco\/2025\/01\/15\/o-paizao-marcou-uma-geracao\/","name":"\"O Paiz\u00e3o\" marcou uma gera\u00e7\u00e3o? - Estado de Minas - Em foco","isPartOf":{"@id":"https:\/\/www.em.com.br\/emfoco\/#website"},"primaryImageOfPage":{"@id":"https:\/\/www.em.com.br\/emfoco\/2025\/01\/15\/o-paizao-marcou-uma-geracao\/#primaryimage"},"image":{"@id":"https:\/\/www.em.com.br\/emfoco\/2025\/01\/15\/o-paizao-marcou-uma-geracao\/#primaryimage"},"thumbnailUrl":"https:\/\/www.em.com.br\/emfoco\/wp-content\/uploads\/2025\/01\/Adam-Sandler_1736968544274.jpg","datePublished":"2025-01-16T01:00:00+00:00","dateModified":"2025-01-15T19:18:35+00:00","author":{"@id":"https:\/\/www.em.com.br\/emfoco\/#\/schema\/person\/fb0a7f48c6fbb94b83f413a80f61917d"},"description":"Um olhar sobre o legado do filme dos anos 90, 'O Paiz\u00e3o', e seu impacto duradouro no g\u00eanero de com\u00e9dia familiar, estrelado por Adam Sandler.","breadcrumb":{"@id":"https:\/\/www.em.com.br\/emfoco\/2025\/01\/15\/o-paizao-marcou-uma-geracao\/#breadcrumb"},"inLanguage":"pt-BR","potentialAction":[{"@type":"ReadAction","target":["https:\/\/www.em.com.br\/emfoco\/2025\/01\/15\/o-paizao-marcou-uma-geracao\/"]}]},{"@type":"ImageObject","inLanguage":"pt-BR","@id":"https:\/\/www.em.com.br\/emfoco\/2025\/01\/15\/o-paizao-marcou-uma-geracao\/#primaryimage","url":"https:\/\/www.em.com.br\/emfoco\/wp-content\/uploads\/2025\/01\/Adam-Sandler_1736968544274.jpg","contentUrl":"https:\/\/www.em.com.br\/emfoco\/wp-content\/uploads\/2025\/01\/Adam-Sandler_1736968544274.jpg","width":1279,"height":720,"caption":"Adam Sandler - Cr\u00e9ditos: depositphotos.com \/ PopularImages"},{"@type":"BreadcrumbList","@id":"https:\/\/www.em.com.br\/emfoco\/2025\/01\/15\/o-paizao-marcou-uma-geracao\/#breadcrumb","itemListElement":[{"@type":"ListItem","position":1,"name":"In\u00edcio","item":"https:\/\/www.em.com.br\/emfoco\/"},{"@type":"ListItem","position":2,"name":"&#8220;O Paiz\u00e3o&#8221; marcou uma gera\u00e7\u00e3o?"}]},{"@type":"WebSite","@id":"https:\/\/www.em.com.br\/emfoco\/#website","url":"https:\/\/www.em.com.br\/emfoco\/","name":"Estado de Minas - Em foco","description":"Acompanhe as \u00faltimas not\u00edcias e fique bem informado sobre tudo o que acontece em Minas Gerais, Brasil e no mundo.","potentialAction":[{"@type":"SearchAction","target":{"@type":"EntryPoint","urlTemplate":"https:\/\/www.em.com.br\/emfoco\/?s={search_term_string}"},"query-input":{"@type":"PropertyValueSpecification","valueRequired":true,"valueName":"search_term_string"}}],"inLanguage":"pt-BR"},{"@type":"Person","@id":"https:\/\/www.em.com.br\/emfoco\/#\/schema\/person\/fb0a7f48c6fbb94b83f413a80f61917d","name":"Kelvin","image":{"@type":"ImageObject","inLanguage":"pt-BR","@id":"https:\/\/www.em.com.br\/emfoco\/#\/schema\/person\/image\/","url":"https:\/\/secure.gravatar.com\/avatar\/e74f84337e6bf6c4c5e88fbdffa05270?s=96&d=mm&r=g","contentUrl":"https:\/\/secure.gravatar.com\/avatar\/e74f84337e6bf6c4c5e88fbdffa05270?s=96&d=mm&r=g","caption":"Kelvin"},"sameAs":["https:\/\/www.em.com.br\/emfoco"],"url":"https:\/\/www.em.com.br\/emfoco\/author\/kelvinmyth\/"}]}},"_links":{"self":[{"href":"https:\/\/www.em.com.br\/emfoco\/wp-json\/wp\/v2\/posts\/10976","targetHints":{"allow":["GET"]}}],"collection":[{"href":"https:\/\/www.em.com.br\/emfoco\/wp-json\/wp\/v2\/posts"}],"about":[{"href":"https:\/\/www.em.com.br\/emfoco\/wp-json\/wp\/v2\/types\/post"}],"author":[{"embeddable":true,"href":"https:\/\/www.em.com.br\/emfoco\/wp-json\/wp\/v2\/users\/7"}],"replies":[{"embeddable":true,"href":"https:\/\/www.em.com.br\/emfoco\/wp-json\/wp\/v2\/comments?post=10976"}],"version-history":[{"count":2,"href":"https:\/\/www.em.com.br\/emfoco\/wp-json\/wp\/v2\/posts\/10976\/revisions"}],"predecessor-version":[{"id":10980,"href":"https:\/\/www.em.com.br\/emfoco\/wp-json\/wp\/v2\/posts\/10976\/revisions\/10980"}],"wp:featuredmedia":[{"embeddable":true,"href":"https:\/\/www.em.com.br\/emfoco\/wp-json\/wp\/v2\/media\/10979"}],"wp:attachment":[{"href":"https:\/\/www.em.com.br\/emfoco\/wp-json\/wp\/v2\/media?parent=10976"}],"wp:term":[{"taxonomy":"category","embeddable":true,"href":"https:\/\/www.em.com.br\/emfoco\/wp-json\/wp\/v2\/categories?post=10976"},{"taxonomy":"post_tag","embeddable":true,"href":"https:\/\/www.em.com.br\/emfoco\/wp-json\/wp\/v2\/tags?post=10976"}],"curies":[{"name":"wp","href":"https:\/\/api.w.org\/{rel}","templated":true}]}}