{"id":109713,"date":"2025-10-01T20:58:30","date_gmt":"2025-10-01T23:58:30","guid":{"rendered":"https:\/\/www.em.com.br\/emfoco\/?p=109713"},"modified":"2025-09-30T12:39:30","modified_gmt":"2025-09-30T15:39:30","slug":"o-que-significa-as-manchas-brancas-nas-unhas","status":"publish","type":"post","link":"https:\/\/www.em.com.br\/emfoco\/2025\/10\/01\/o-que-significa-as-manchas-brancas-nas-unhas\/","title":{"rendered":"O que significa as manchas brancas nas unhas?"},"content":{"rendered":"\n<p>As <strong>manchas brancas nas unhas<\/strong> s\u00e3o um fen\u00f4meno comum e geralmente inofensivo. Elas podem surgir por diversos motivos, e compreender suas poss\u00edveis causas ajuda a identificar se h\u00e1 necessidade de aten\u00e7\u00e3o especial. Aqui est\u00e3o os pontos principais que exploraremos neste artigo:<\/p>\n\n\n\n<ul class=\"wp-block-list\">\n<li>Potenciais causas das manchas brancas<\/li>\n\n\n\n<li>Quando procurar assist\u00eancia m\u00e9dica<\/li>\n\n\n\n<li>Preven\u00e7\u00e3o e cuidados com as unhas<\/li>\n<\/ul>\n\n\n\n<h2 class=\"wp-block-heading\">O que causa as manchas brancas nas unhas?<\/h2>\n\n\n\n<p>As manchas brancas, tamb\u00e9m conhecidas como leuconiquia, s\u00e3o frequentemente atribu\u00eddas a pequenas les\u00f5es na matriz da unha. Contudo, outras causas podem incluir<strong> defici\u00eancias nutricionais e infec\u00e7\u00f5es f\u00fangicas<\/strong>. Em algumas situa\u00e7\u00f5es, altera\u00e7\u00f5es no organismo, como as ocorridas devido \u00e0 car\u00eancia de zinco ou <a href=\"https:\/\/www.em.com.br\/emfoco\/2025\/09\/29\/planta-facil-de-cultivar-que-protege-os-ossos-e-melhora-o-bem-estar\/\" target=\"_blank\" rel=\"noopener\">c\u00e1lcio<\/a>, tamb\u00e9m podem estar associadas ao surgimento dessas manchas.<\/p>\n\n\n\n<p>Embora muitas vezes inofensivas, \u00e9 importante observar a recorr\u00eancia e o padr\u00e3o das manchas.<\/p>\n\n\n\n<h2 class=\"wp-block-heading\">As manchas brancas nas unhas indicam problemas de sa\u00fade?<\/h2>\n\n\n\n<p>Na grande maioria dos casos, as <strong>manchas brancas nas unhas<\/strong> n\u00e3o indicam problemas de sa\u00fade significativos. Elas s\u00e3o frequentemente o resultado de traumas leves, como pancadas ou a utiliza\u00e7\u00e3o cont\u00ednua de produtos qu\u00edmicos nas m\u00e3os.<\/p>\n\n\n\n<p>No entanto, se houver outros sintomas associados ou se a condi\u00e7\u00e3o persistir, pode ser necess\u00e1rio consultar um m\u00e9dico, preferencialmente um dermatologista, profissional especializado em sa\u00fade da pele e das unhas.<\/p>\n\n\n\n<iframe loading=\"lazy\" src=\"https:\/\/assets.pinterest.com\/ext\/embed.html?id=682084306108933984\" height=\"445\" width=\"345\" frameborder=\"0\" scrolling=\"no\" ><\/iframe>\n\n\n\n\n\n<h2 class=\"wp-block-heading\">Quando \u00e9 importante consultar um m\u00e9dico?<\/h2>\n\n\n\n<p>Se as manchas persistirem ou se apresentarem junto com outros sinais,<strong> como mudan\u00e7as na cor ou textura das unhas, \u00e9 recomend\u00e1vel procurar orienta\u00e7\u00e3o m\u00e9dic<\/strong>a. Isso pode ajudar a descartar condi\u00e7\u00f5es subjacentes mais s\u00e9rias, inclusive doen\u00e7as sist\u00eamicas ou infec\u00e7\u00f5es. Em <strong>S\u00e3o Paulo<\/strong> e outras grandes cidades, h\u00e1 cl\u00ednicas especializadas em <strong>tricologia<\/strong> e unhas que podem oferecer um diagn\u00f3stico preciso.<\/p>\n\n\n\n<ul class=\"wp-block-list\">\n<li>Dores na regi\u00e3o das unhas<\/li>\n\n\n\n<li>Apar\u00eancia amarelada ou verde<\/li>\n\n\n\n<li>Espessamento ou deformidades<\/li>\n<\/ul>\n\n\n\n<h2 class=\"wp-block-heading\">Como prevenir o surgimento das manchas brancas?<\/h2>\n\n\n\n<p>Para evitar as <strong>manchas brancas<\/strong>, \u00e9 essencial manter h\u00e1bitos saud\u00e1veis e cuidados com as unhas. Evite traumas, hidrate regularmente e mantenha uma dieta equilibrada rica em vitaminas, como <a href=\"https:\/\/altadiagnosticos.com.br\/saude\/vitamina-b12\/\" target=\"_blank\" rel=\"noreferrer noopener\">vitamina B12<\/a> e zinco, nutrientes importantes para a sa\u00fade ungueal.<\/p>\n\n\n\n<p>Al\u00e9m disso, utilize luvas ao manusear produtos qu\u00edmicos e corte as unhas corretamente para prevenir danos. Pr\u00e1ticas recomendadas por entidades como a <strong>Sociedade Brasileira de Dermatologia<\/strong> incluem tamb\u00e9m evitar roer as unhas e realizar a higieniza\u00e7\u00e3o de instrumentos de <strong>manicure<\/strong> e <strong>pedicure.<\/strong><\/p>\n\n\n\n<h2 class=\"wp-block-heading\">Como melhorar a sa\u00fade das suas unhas?<\/h2>\n\n\n\n<p>Ao detectar manchas,<strong> observe sua frequ\u00eancia e aparecimento.<\/strong> Em caso de d\u00favida, procure um dermatologista. A sa\u00fade das unhas reflete cuidados pessoais e pode ser um indicativo de outros aspectos da sa\u00fade.<\/p>\n\n\n\n<ul class=\"wp-block-list\">\n<li>Mantenha uma alimenta\u00e7\u00e3o balanceada<\/li>\n\n\n\n<li>Evite o uso excessivo de produtos agressivos<\/li>\n\n\n\n<li>Consulte especialistas quando necess\u00e1rio<\/li>\n<\/ul>\n","protected":false},"excerpt":{"rendered":"<p>As manchas brancas nas unhas s\u00e3o um fen\u00f4meno comum e geralmente inofensivo. Elas podem surgir por diversos motivos, e compreender suas poss\u00edveis causas ajuda a identificar se h\u00e1 necessidade de aten\u00e7\u00e3o especial. Aqui est\u00e3o os pontos principais que exploraremos neste artigo: O que causa as manchas brancas nas unhas? As manchas brancas, tamb\u00e9m conhecidas como [&hellip;]<\/p>\n","protected":false},"author":9,"featured_media":59950,"comment_status":"open","ping_status":"open","sticky":false,"template":"","format":"standard","meta":{"jnews-multi-image_gallery":[],"jnews_single_post":{"format":"standard"},"jnews_primary_category":[],"jnews_social_meta":[],"jnews_override_counter":[],"footnotes":""},"categories":[1],"tags":[16785,16786,5354],"class_list":["post-109713","post","type-post","status-publish","format-standard","has-post-thumbnail","hentry","category-noticias","tag-brancas","tag-mancha-branca-na-unha","tag-unhas"],"yoast_head":"<!-- This site is optimized with the Yoast SEO plugin v23.8 - https:\/\/yoast.com\/wordpress\/plugins\/seo\/ -->\n<title>O que significa as manchas brancas nas unhas?<\/title>\n<meta name=\"description\" content=\"Saiba o que causa manchas brancas nas unhas, quando se preocupar e como prevenir com cuidados simples e h\u00e1bitos saud\u00e1veis para unhas fortes.\" \/>\n<meta name=\"robots\" content=\"index, follow, max-snippet:-1, max-image-preview:large, max-video-preview:-1\" \/>\n<link rel=\"canonical\" href=\"https:\/\/www.em.com.br\/emfoco\/2025\/10\/01\/o-que-significa-as-manchas-brancas-nas-unhas\/\" \/>\n<meta property=\"og:locale\" content=\"pt_BR\" \/>\n<meta property=\"og:type\" content=\"article\" \/>\n<meta property=\"og:title\" content=\"O que significa as manchas brancas nas unhas?\" \/>\n<meta property=\"og:description\" content=\"Saiba o que causa manchas brancas nas unhas, quando se preocupar e como prevenir com cuidados simples e h\u00e1bitos saud\u00e1veis para unhas fortes.\" \/>\n<meta property=\"og:url\" content=\"https:\/\/www.em.com.br\/emfoco\/2025\/10\/01\/o-que-significa-as-manchas-brancas-nas-unhas\/\" \/>\n<meta property=\"og:site_name\" content=\"Estado de Minas - Em foco\" \/>\n<meta property=\"article:published_time\" content=\"2025-10-01T23:58:30+00:00\" \/>\n<meta property=\"article:modified_time\" content=\"2025-09-30T15:39:30+00:00\" \/>\n<meta property=\"og:image\" content=\"https:\/\/www.em.com.br\/emfoco\/wp-content\/uploads\/2025\/06\/francesinha-unha_1749822921179.jpg\" \/>\n\t<meta property=\"og:image:width\" content=\"1280\" \/>\n\t<meta property=\"og:image:height\" content=\"720\" \/>\n\t<meta property=\"og:image:type\" content=\"image\/jpeg\" \/>\n<meta name=\"author\" content=\"Daniely Cardoso\" \/>\n<meta name=\"twitter:card\" content=\"summary_large_image\" \/>\n<meta name=\"twitter:label1\" content=\"Escrito por\" \/>\n\t<meta name=\"twitter:data1\" content=\"Daniely Cardoso\" \/>\n\t<meta name=\"twitter:label2\" content=\"Est. tempo de leitura\" \/>\n\t<meta name=\"twitter:data2\" content=\"3 minutos\" \/>\n<!-- \/ Yoast SEO plugin. -->","yoast_head_json":{"title":"O que significa as manchas brancas nas unhas?","description":"Saiba o que causa manchas brancas nas unhas, quando se preocupar e como prevenir com cuidados simples e h\u00e1bitos saud\u00e1veis para unhas fortes.","robots":{"index":"index","follow":"follow","max-snippet":"max-snippet:-1","max-image-preview":"max-image-preview:large","max-video-preview":"max-video-preview:-1"},"canonical":"https:\/\/www.em.com.br\/emfoco\/2025\/10\/01\/o-que-significa-as-manchas-brancas-nas-unhas\/","og_locale":"pt_BR","og_type":"article","og_title":"O que significa as manchas brancas nas unhas?","og_description":"Saiba o que causa manchas brancas nas unhas, quando se preocupar e como prevenir com cuidados simples e h\u00e1bitos saud\u00e1veis para unhas fortes.","og_url":"https:\/\/www.em.com.br\/emfoco\/2025\/10\/01\/o-que-significa-as-manchas-brancas-nas-unhas\/","og_site_name":"Estado de Minas - Em foco","article_published_time":"2025-10-01T23:58:30+00:00","article_modified_time":"2025-09-30T15:39:30+00:00","og_image":[{"width":1280,"height":720,"url":"https:\/\/www.em.com.br\/emfoco\/wp-content\/uploads\/2025\/06\/francesinha-unha_1749822921179.jpg","type":"image\/jpeg"}],"author":"Daniely Cardoso","twitter_card":"summary_large_image","twitter_misc":{"Escrito por":"Daniely Cardoso","Est. tempo de leitura":"3 minutos"},"schema":{"@context":"https:\/\/schema.org","@graph":[{"@type":"WebPage","@id":"https:\/\/www.em.com.br\/emfoco\/2025\/10\/01\/o-que-significa-as-manchas-brancas-nas-unhas\/","url":"https:\/\/www.em.com.br\/emfoco\/2025\/10\/01\/o-que-significa-as-manchas-brancas-nas-unhas\/","name":"O que significa as manchas brancas nas unhas?","isPartOf":{"@id":"https:\/\/www.em.com.br\/emfoco\/#website"},"primaryImageOfPage":{"@id":"https:\/\/www.em.com.br\/emfoco\/2025\/10\/01\/o-que-significa-as-manchas-brancas-nas-unhas\/#primaryimage"},"image":{"@id":"https:\/\/www.em.com.br\/emfoco\/2025\/10\/01\/o-que-significa-as-manchas-brancas-nas-unhas\/#primaryimage"},"thumbnailUrl":"https:\/\/www.em.com.br\/emfoco\/wp-content\/uploads\/2025\/06\/francesinha-unha_1749822921179.jpg","datePublished":"2025-10-01T23:58:30+00:00","dateModified":"2025-09-30T15:39:30+00:00","author":{"@id":"https:\/\/www.em.com.br\/emfoco\/#\/schema\/person\/0a8186d72f2c3a5c6276d90b41f271a0"},"description":"Saiba o que causa manchas brancas nas unhas, quando se preocupar e como prevenir com cuidados simples e h\u00e1bitos saud\u00e1veis para unhas fortes.","breadcrumb":{"@id":"https:\/\/www.em.com.br\/emfoco\/2025\/10\/01\/o-que-significa-as-manchas-brancas-nas-unhas\/#breadcrumb"},"inLanguage":"pt-BR","potentialAction":[{"@type":"ReadAction","target":["https:\/\/www.em.com.br\/emfoco\/2025\/10\/01\/o-que-significa-as-manchas-brancas-nas-unhas\/"]}]},{"@type":"ImageObject","inLanguage":"pt-BR","@id":"https:\/\/www.em.com.br\/emfoco\/2025\/10\/01\/o-que-significa-as-manchas-brancas-nas-unhas\/#primaryimage","url":"https:\/\/www.em.com.br\/emfoco\/wp-content\/uploads\/2025\/06\/francesinha-unha_1749822921179.jpg","contentUrl":"https:\/\/www.em.com.br\/emfoco\/wp-content\/uploads\/2025\/06\/francesinha-unha_1749822921179.jpg","width":1280,"height":720,"caption":"Unhas - Cr\u00e9ditos: depositphotos.com \/ AllaSerebrina"},{"@type":"BreadcrumbList","@id":"https:\/\/www.em.com.br\/emfoco\/2025\/10\/01\/o-que-significa-as-manchas-brancas-nas-unhas\/#breadcrumb","itemListElement":[{"@type":"ListItem","position":1,"name":"In\u00edcio","item":"https:\/\/www.em.com.br\/emfoco\/"},{"@type":"ListItem","position":2,"name":"O que significa as manchas brancas nas unhas?"}]},{"@type":"WebSite","@id":"https:\/\/www.em.com.br\/emfoco\/#website","url":"https:\/\/www.em.com.br\/emfoco\/","name":"Estado de Minas - Em foco","description":"Acompanhe as \u00faltimas not\u00edcias e fique bem informado sobre tudo o que acontece em Minas Gerais, Brasil e no mundo.","potentialAction":[{"@type":"SearchAction","target":{"@type":"EntryPoint","urlTemplate":"https:\/\/www.em.com.br\/emfoco\/?s={search_term_string}"},"query-input":{"@type":"PropertyValueSpecification","valueRequired":true,"valueName":"search_term_string"}}],"inLanguage":"pt-BR"},{"@type":"Person","@id":"https:\/\/www.em.com.br\/emfoco\/#\/schema\/person\/0a8186d72f2c3a5c6276d90b41f271a0","name":"Daniely Cardoso","image":{"@type":"ImageObject","inLanguage":"pt-BR","@id":"https:\/\/www.em.com.br\/emfoco\/#\/schema\/person\/image\/","url":"https:\/\/secure.gravatar.com\/avatar\/4b80ddbd124d1f071b626d52d62e5dff?s=96&d=mm&r=g","contentUrl":"https:\/\/secure.gravatar.com\/avatar\/4b80ddbd124d1f071b626d52d62e5dff?s=96&d=mm&r=g","caption":"Daniely Cardoso"},"url":"https:\/\/www.em.com.br\/emfoco\/author\/danielymyth\/"}]}},"_links":{"self":[{"href":"https:\/\/www.em.com.br\/emfoco\/wp-json\/wp\/v2\/posts\/109713","targetHints":{"allow":["GET"]}}],"collection":[{"href":"https:\/\/www.em.com.br\/emfoco\/wp-json\/wp\/v2\/posts"}],"about":[{"href":"https:\/\/www.em.com.br\/emfoco\/wp-json\/wp\/v2\/types\/post"}],"author":[{"embeddable":true,"href":"https:\/\/www.em.com.br\/emfoco\/wp-json\/wp\/v2\/users\/9"}],"replies":[{"embeddable":true,"href":"https:\/\/www.em.com.br\/emfoco\/wp-json\/wp\/v2\/comments?post=109713"}],"version-history":[{"count":2,"href":"https:\/\/www.em.com.br\/emfoco\/wp-json\/wp\/v2\/posts\/109713\/revisions"}],"predecessor-version":[{"id":109926,"href":"https:\/\/www.em.com.br\/emfoco\/wp-json\/wp\/v2\/posts\/109713\/revisions\/109926"}],"wp:featuredmedia":[{"embeddable":true,"href":"https:\/\/www.em.com.br\/emfoco\/wp-json\/wp\/v2\/media\/59950"}],"wp:attachment":[{"href":"https:\/\/www.em.com.br\/emfoco\/wp-json\/wp\/v2\/media?parent=109713"}],"wp:term":[{"taxonomy":"category","embeddable":true,"href":"https:\/\/www.em.com.br\/emfoco\/wp-json\/wp\/v2\/categories?post=109713"},{"taxonomy":"post_tag","embeddable":true,"href":"https:\/\/www.em.com.br\/emfoco\/wp-json\/wp\/v2\/tags?post=109713"}],"curies":[{"name":"wp","href":"https:\/\/api.w.org\/{rel}","templated":true}]}}