{"id":109583,"date":"2025-10-01T19:18:00","date_gmt":"2025-10-01T22:18:00","guid":{"rendered":"https:\/\/www.em.com.br\/emfoco\/?p=109583"},"modified":"2025-09-30T12:06:13","modified_gmt":"2025-09-30T15:06:13","slug":"quais-sao-os-beneficios-de-adicionar-saches-de-lavanda-a-sua-maquina-de-lavar","status":"publish","type":"post","link":"https:\/\/www.em.com.br\/emfoco\/2025\/10\/01\/quais-sao-os-beneficios-de-adicionar-saches-de-lavanda-a-sua-maquina-de-lavar\/","title":{"rendered":"Quais s\u00e3o os benef\u00edcios de adicionar sach\u00eas de lavanda \u00e0 sua m\u00e1quina de lavar"},"content":{"rendered":"\n<p>A&nbsp;<strong>lavanda<\/strong>&nbsp;\u00e9 uma das melhores plantas para complementar o detergente tradicional. Al\u00e9m do aroma, ela oferece uma s\u00e9rie de vantagens. Descubra como integrar a lavanda no seu processo de lavagem e aproveite seus benef\u00edcios.<\/p>\n\n\n\n<ul class=\"wp-block-list\">\n<li><strong>Aroma duradouro<\/strong>&nbsp;&#8211; a lavanda proporciona um cheiro fresco.<\/li>\n\n\n\n<li><strong>Repelente natural<\/strong>&nbsp;&#8211; afasta insetos como tra\u00e7as.<\/li>\n\n\n\n<li><strong>Versatilidade<\/strong>&nbsp;&#8211; pode ser usada tamb\u00e9m em arm\u00e1rios.<\/li>\n<\/ul>\n\n\n\n<h2 class=\"wp-block-heading\">Como usar lavanda na m\u00e1quina de lavar para um aroma fresco e duradouro?<\/h2>\n\n\n\n<p>Colocar\u00a0<strong>sach\u00eas com lavanda<\/strong>\u00a0na m\u00e1quina de lavar libera um aroma duradouro. Al\u00e9m do cheirinho agrad\u00e1vel, esse m\u00e9todo ajuda a prevenir maus odores e at\u00e9 repele insetos. Em pa\u00edses como a\u00a0<strong>Fran\u00e7a<\/strong>\u00a0e o\u00a0<strong>Brasil<\/strong>, a pr\u00e1tica de usar lavanda nas lavagens \u00e9 tradicional em algumas regi\u00f5es, destacando os benef\u00edcios j\u00e1 comprovados desse ingrediente natural.<\/p>\n\n\n\n<p>\u00c9 importante evitar que a lavanda entre em&nbsp;<strong>contato direto com a roupa<\/strong>&nbsp;para n\u00e3o manch\u00e1-la.<\/p>\n\n\n\n<h2 class=\"wp-block-heading\">Por que a lavanda \u00e9 eficaz em repelir insetos?<\/h2>\n\n\n\n<p>O aroma da lavanda age como um\u00a0<a href=\"https:\/\/www2.recife.pe.gov.br\/noticias\/26\/05\/2020\/secretaria-de-meio-ambiente-ensina-fazer-repelente-natural-e-em-investir-em\" target=\"_blank\" rel=\"noreferrer noopener\"><strong>repelente natural<\/strong>\u00a0de insetos<\/a>. A pr\u00e1tica de usar lavanda na m\u00e1quina de lavar tamb\u00e9m pode ser aplicada em arm\u00e1rios para manter longe as tra\u00e7as e outros insetos indesej\u00e1veis. De acordo com estudos publicados no site\u00a0<strong>PubMed<\/strong>, \u00f3leos essenciais de lavanda podem reduzir significativamente a incid\u00eancia de insetos como as tra\u00e7as em ambientes dom\u00e9sticos.<\/p>\n\n\n\n<figure class=\"wp-block-image\"><img decoding=\"async\" src=\"https:\/\/www.em.com.br\/emfoco\/wp-content\/uploads\/2025\/05\/roupas-limpas_1746667853170-1024x576.jpg\" alt=\"\"\/><figcaption class=\"wp-element-caption\">T\u00e9cnica para deixar sua roupa perfumada &#8211; Cr\u00e9ditos: depositphotos.com \/ EdZbarzhyvetsky<\/figcaption><\/figure>\n\n\n\n<h2 class=\"wp-block-heading\">Quais alternativas \u00e0 lavanda existem, como usar sal no processo de lavagem?<\/h2>\n\n\n\n<p>Al\u00e9m da lavanda, outro&nbsp;<strong>ingrediente caseiro<\/strong>&nbsp;eficaz \u00e9 o sal. Ele&nbsp;<strong>potencializa o detergente<\/strong>, prevenindo descolora\u00e7\u00f5es e ajudando a manter a forma original das pe\u00e7as.<\/p>\n\n\n\n<p>Al\u00e9m disso, o sal tamb\u00e9m&nbsp;<strong>fixa cores<\/strong>&nbsp;e remove manchas. Essa t\u00e9cnica \u00e9 bastante comum em regi\u00f5es como o&nbsp;<strong>Nordeste<\/strong>&nbsp;do Brasil e j\u00e1 foi recomendada em mat\u00e9rias de grandes portais como o&nbsp;<strong>G1<\/strong>.<\/p>\n\n\n\n<h2 class=\"wp-block-heading\">Resumo e dicas adicionais para potencializar a lavagem<\/h2>\n\n\n\n<ul class=\"wp-block-list\">\n<li>Use&nbsp;<strong>lavanda<\/strong>&nbsp;para um aroma fresco e repelente de insetos.<\/li>\n\n\n\n<li>Experimente sal para proteger as cores e potencializar o detergente.<\/li>\n\n\n\n<li>Evite contato direto da lavanda com roupas para prevenir manchas.<\/li>\n<\/ul>\n\n\n\n<p>Leia tamb\u00e9m:\u00a0<em><a href=\"https:\/\/www.em.com.br\/emfoco\/2025\/09\/17\/como-fazer-saches-perfumados-que-deixam-seu-armario-sempre-cheiroso\/\" target=\"_blank\" rel=\"noreferrer noopener\">Como fazer sach\u00eas perfumados que deixam seu arm\u00e1rio sempre cheiroso<\/a><\/em><\/p>\n\n\n\n<p>Lembre-se, a combina\u00e7\u00e3o desses m\u00e9todos pode oferecer resultados incr\u00edveis na qualidade do seu lavado. Testar em pequenas quantidades e prestar aten\u00e7\u00e3o \u00e0s recomenda\u00e7\u00f5es de fabricantes como a&nbsp;<strong>Consul<\/strong>&nbsp;ou a&nbsp;<strong>Brastemp<\/strong>&nbsp;pode ajudar a evitar danos \u00e0 m\u00e1quina de lavar.<\/p>\n\n\n\n<p><\/p>\n","protected":false},"excerpt":{"rendered":"<p>A&nbsp;lavanda&nbsp;\u00e9 uma das melhores plantas para complementar o detergente tradicional. Al\u00e9m do aroma, ela oferece uma s\u00e9rie de vantagens. Descubra como integrar a lavanda no seu processo de lavagem e aproveite seus benef\u00edcios. Como usar lavanda na m\u00e1quina de lavar para um aroma fresco e duradouro? Colocar\u00a0sach\u00eas com lavanda\u00a0na m\u00e1quina de lavar libera um aroma [&hellip;]<\/p>\n","protected":false},"author":11,"featured_media":109887,"comment_status":"open","ping_status":"open","sticky":false,"template":"","format":"standard","meta":{"jnews-multi-image_gallery":[],"jnews_single_post":{"format":"standard"},"jnews_primary_category":[],"jnews_social_meta":[],"jnews_override_counter":[],"footnotes":""},"categories":[8819,1],"tags":[13274,2502,9446,16799],"class_list":["post-109583","post","type-post","status-publish","format-standard","has-post-thumbnail","hentry","category-curiosidades","category-noticias","tag-lavagem","tag-lavanda","tag-roupa","tag-roupas-perfumadas"],"yoast_head":"<!-- This site is optimized with the Yoast SEO plugin v23.8 - https:\/\/yoast.com\/wordpress\/plugins\/seo\/ -->\n<title>Quais s\u00e3o os benef\u00edcios de adicionar sach\u00eas de lavanda \u00e0 sua m\u00e1quina de lavar - Estado de Minas - Em foco<\/title>\n<meta name=\"description\" content=\"Essa dica com lavanda e sal tem sido usada at\u00e9 por lavanderias profissionais. Veja por que funciona t\u00e3o bem.\" \/>\n<meta name=\"robots\" content=\"index, follow, max-snippet:-1, max-image-preview:large, max-video-preview:-1\" \/>\n<link rel=\"canonical\" href=\"https:\/\/www.em.com.br\/emfoco\/2025\/10\/01\/quais-sao-os-beneficios-de-adicionar-saches-de-lavanda-a-sua-maquina-de-lavar\/\" \/>\n<meta property=\"og:locale\" content=\"pt_BR\" \/>\n<meta property=\"og:type\" content=\"article\" \/>\n<meta property=\"og:title\" content=\"Quais s\u00e3o os benef\u00edcios de adicionar sach\u00eas de lavanda \u00e0 sua m\u00e1quina de lavar - Estado de Minas - Em foco\" \/>\n<meta property=\"og:description\" content=\"Essa dica com lavanda e sal tem sido usada at\u00e9 por lavanderias profissionais. Veja por que funciona t\u00e3o bem.\" \/>\n<meta property=\"og:url\" content=\"https:\/\/www.em.com.br\/emfoco\/2025\/10\/01\/quais-sao-os-beneficios-de-adicionar-saches-de-lavanda-a-sua-maquina-de-lavar\/\" \/>\n<meta property=\"og:site_name\" content=\"Estado de Minas - Em foco\" \/>\n<meta property=\"article:published_time\" content=\"2025-10-01T22:18:00+00:00\" \/>\n<meta property=\"article:modified_time\" content=\"2025-09-30T15:06:13+00:00\" \/>\n<meta property=\"og:image\" content=\"https:\/\/www.em.com.br\/emfoco\/wp-content\/uploads\/2025\/09\/unnamed-4-8.png\" \/>\n\t<meta property=\"og:image:width\" content=\"1280\" \/>\n\t<meta property=\"og:image:height\" content=\"720\" \/>\n\t<meta property=\"og:image:type\" content=\"image\/png\" \/>\n<meta name=\"author\" content=\"Andre\u0301 Rangel\u00a0\" \/>\n<meta name=\"twitter:card\" content=\"summary_large_image\" \/>\n<meta name=\"twitter:label1\" content=\"Escrito por\" \/>\n\t<meta name=\"twitter:data1\" content=\"Andre\u0301 Rangel\u00a0\" \/>\n\t<meta name=\"twitter:label2\" content=\"Est. tempo de leitura\" \/>\n\t<meta name=\"twitter:data2\" content=\"3 minutos\" \/>\n<!-- \/ Yoast SEO plugin. -->","yoast_head_json":{"title":"Quais s\u00e3o os benef\u00edcios de adicionar sach\u00eas de lavanda \u00e0 sua m\u00e1quina de lavar - Estado de Minas - Em foco","description":"Essa dica com lavanda e sal tem sido usada at\u00e9 por lavanderias profissionais. Veja por que funciona t\u00e3o bem.","robots":{"index":"index","follow":"follow","max-snippet":"max-snippet:-1","max-image-preview":"max-image-preview:large","max-video-preview":"max-video-preview:-1"},"canonical":"https:\/\/www.em.com.br\/emfoco\/2025\/10\/01\/quais-sao-os-beneficios-de-adicionar-saches-de-lavanda-a-sua-maquina-de-lavar\/","og_locale":"pt_BR","og_type":"article","og_title":"Quais s\u00e3o os benef\u00edcios de adicionar sach\u00eas de lavanda \u00e0 sua m\u00e1quina de lavar - Estado de Minas - Em foco","og_description":"Essa dica com lavanda e sal tem sido usada at\u00e9 por lavanderias profissionais. Veja por que funciona t\u00e3o bem.","og_url":"https:\/\/www.em.com.br\/emfoco\/2025\/10\/01\/quais-sao-os-beneficios-de-adicionar-saches-de-lavanda-a-sua-maquina-de-lavar\/","og_site_name":"Estado de Minas - Em foco","article_published_time":"2025-10-01T22:18:00+00:00","article_modified_time":"2025-09-30T15:06:13+00:00","og_image":[{"width":1280,"height":720,"url":"https:\/\/www.em.com.br\/emfoco\/wp-content\/uploads\/2025\/09\/unnamed-4-8.png","type":"image\/png"}],"author":"Andre\u0301 Rangel\u00a0","twitter_card":"summary_large_image","twitter_misc":{"Escrito por":"Andre\u0301 Rangel\u00a0","Est. tempo de leitura":"3 minutos"},"schema":{"@context":"https:\/\/schema.org","@graph":[{"@type":"WebPage","@id":"https:\/\/www.em.com.br\/emfoco\/2025\/10\/01\/quais-sao-os-beneficios-de-adicionar-saches-de-lavanda-a-sua-maquina-de-lavar\/","url":"https:\/\/www.em.com.br\/emfoco\/2025\/10\/01\/quais-sao-os-beneficios-de-adicionar-saches-de-lavanda-a-sua-maquina-de-lavar\/","name":"Quais s\u00e3o os benef\u00edcios de adicionar sach\u00eas de lavanda \u00e0 sua m\u00e1quina de lavar - Estado de Minas - Em foco","isPartOf":{"@id":"https:\/\/www.em.com.br\/emfoco\/#website"},"primaryImageOfPage":{"@id":"https:\/\/www.em.com.br\/emfoco\/2025\/10\/01\/quais-sao-os-beneficios-de-adicionar-saches-de-lavanda-a-sua-maquina-de-lavar\/#primaryimage"},"image":{"@id":"https:\/\/www.em.com.br\/emfoco\/2025\/10\/01\/quais-sao-os-beneficios-de-adicionar-saches-de-lavanda-a-sua-maquina-de-lavar\/#primaryimage"},"thumbnailUrl":"https:\/\/www.em.com.br\/emfoco\/wp-content\/uploads\/2025\/09\/unnamed-4-8.png","datePublished":"2025-10-01T22:18:00+00:00","dateModified":"2025-09-30T15:06:13+00:00","author":{"@id":"https:\/\/www.em.com.br\/emfoco\/#\/schema\/person\/60eda09c1fedf0d6891f4cef4b60b8b8"},"description":"Essa dica com lavanda e sal tem sido usada at\u00e9 por lavanderias profissionais. Veja por que funciona t\u00e3o bem.","breadcrumb":{"@id":"https:\/\/www.em.com.br\/emfoco\/2025\/10\/01\/quais-sao-os-beneficios-de-adicionar-saches-de-lavanda-a-sua-maquina-de-lavar\/#breadcrumb"},"inLanguage":"pt-BR","potentialAction":[{"@type":"ReadAction","target":["https:\/\/www.em.com.br\/emfoco\/2025\/10\/01\/quais-sao-os-beneficios-de-adicionar-saches-de-lavanda-a-sua-maquina-de-lavar\/"]}]},{"@type":"ImageObject","inLanguage":"pt-BR","@id":"https:\/\/www.em.com.br\/emfoco\/2025\/10\/01\/quais-sao-os-beneficios-de-adicionar-saches-de-lavanda-a-sua-maquina-de-lavar\/#primaryimage","url":"https:\/\/www.em.com.br\/emfoco\/wp-content\/uploads\/2025\/09\/unnamed-4-8.png","contentUrl":"https:\/\/www.em.com.br\/emfoco\/wp-content\/uploads\/2025\/09\/unnamed-4-8.png","width":1280,"height":720,"caption":"Deixando sua roupa perfumada com lavanda"},{"@type":"BreadcrumbList","@id":"https:\/\/www.em.com.br\/emfoco\/2025\/10\/01\/quais-sao-os-beneficios-de-adicionar-saches-de-lavanda-a-sua-maquina-de-lavar\/#breadcrumb","itemListElement":[{"@type":"ListItem","position":1,"name":"In\u00edcio","item":"https:\/\/www.em.com.br\/emfoco\/"},{"@type":"ListItem","position":2,"name":"Quais s\u00e3o os benef\u00edcios de adicionar sach\u00eas de lavanda \u00e0 sua m\u00e1quina de lavar"}]},{"@type":"WebSite","@id":"https:\/\/www.em.com.br\/emfoco\/#website","url":"https:\/\/www.em.com.br\/emfoco\/","name":"Estado de Minas - Em foco","description":"Acompanhe as \u00faltimas not\u00edcias e fique bem informado sobre tudo o que acontece em Minas Gerais, Brasil e no mundo.","potentialAction":[{"@type":"SearchAction","target":{"@type":"EntryPoint","urlTemplate":"https:\/\/www.em.com.br\/emfoco\/?s={search_term_string}"},"query-input":{"@type":"PropertyValueSpecification","valueRequired":true,"valueName":"search_term_string"}}],"inLanguage":"pt-BR"},{"@type":"Person","@id":"https:\/\/www.em.com.br\/emfoco\/#\/schema\/person\/60eda09c1fedf0d6891f4cef4b60b8b8","name":"Andre\u0301 Rangel\u00a0","image":{"@type":"ImageObject","inLanguage":"pt-BR","@id":"https:\/\/www.em.com.br\/emfoco\/#\/schema\/person\/image\/","url":"https:\/\/secure.gravatar.com\/avatar\/6234dc814c77c8ef6d8bba622c787efc?s=96&d=mm&r=g","contentUrl":"https:\/\/secure.gravatar.com\/avatar\/6234dc814c77c8ef6d8bba622c787efc?s=96&d=mm&r=g","caption":"Andre\u0301 Rangel\u00a0"},"url":"https:\/\/www.em.com.br\/emfoco\/author\/luizmyth\/"}]}},"_links":{"self":[{"href":"https:\/\/www.em.com.br\/emfoco\/wp-json\/wp\/v2\/posts\/109583","targetHints":{"allow":["GET"]}}],"collection":[{"href":"https:\/\/www.em.com.br\/emfoco\/wp-json\/wp\/v2\/posts"}],"about":[{"href":"https:\/\/www.em.com.br\/emfoco\/wp-json\/wp\/v2\/types\/post"}],"author":[{"embeddable":true,"href":"https:\/\/www.em.com.br\/emfoco\/wp-json\/wp\/v2\/users\/11"}],"replies":[{"embeddable":true,"href":"https:\/\/www.em.com.br\/emfoco\/wp-json\/wp\/v2\/comments?post=109583"}],"version-history":[{"count":4,"href":"https:\/\/www.em.com.br\/emfoco\/wp-json\/wp\/v2\/posts\/109583\/revisions"}],"predecessor-version":[{"id":109896,"href":"https:\/\/www.em.com.br\/emfoco\/wp-json\/wp\/v2\/posts\/109583\/revisions\/109896"}],"wp:featuredmedia":[{"embeddable":true,"href":"https:\/\/www.em.com.br\/emfoco\/wp-json\/wp\/v2\/media\/109887"}],"wp:attachment":[{"href":"https:\/\/www.em.com.br\/emfoco\/wp-json\/wp\/v2\/media?parent=109583"}],"wp:term":[{"taxonomy":"category","embeddable":true,"href":"https:\/\/www.em.com.br\/emfoco\/wp-json\/wp\/v2\/categories?post=109583"},{"taxonomy":"post_tag","embeddable":true,"href":"https:\/\/www.em.com.br\/emfoco\/wp-json\/wp\/v2\/tags?post=109583"}],"curies":[{"name":"wp","href":"https:\/\/api.w.org\/{rel}","templated":true}]}}